{"id":65170,"date":"2021-08-03T10:49:18","date_gmt":"2021-08-03T13:49:18","guid":{"rendered":"https:\/\/www.gaveanews.com\/?p=65170"},"modified":"2021-08-03T10:49:21","modified_gmt":"2021-08-03T13:49:21","slug":"braz-encaminha-saida-de-dupla-do-flamengo-e-nao-desiste-de-thiago-mendes-e-kenedy","status":"publish","type":"post","link":"https:\/\/www.gaveanews.com\/index.php\/2021\/08\/03\/braz-encaminha-saida-de-dupla-do-flamengo-e-nao-desiste-de-thiago-mendes-e-kenedy\/","title":{"rendered":"Braz encaminha sa\u00edda de dupla do Flamengo e n\u00e3o desiste de Thiago Mendes e Kenedy"},"content":{"rendered":"\n<p>O\u00a0Flamengo\u00a0segue em busca de refor\u00e7os para a reta final da temporada. Nas \u00faltimas semanas, o vice de futebol do clube, Marcos Braz, viajou para a Europa para resolver negocia\u00e7\u00f5es pendentes do clube.<\/p>\n\n\n\n<p>E o dirigente n\u00e3o desistiu das contrata\u00e7\u00f5es de Thiago Mendes e Kenedy. Em entrevista ao canal\u00a0<em>Paparazzo Rubro-Negro<\/em>, Braz falou que segue na busca pela possibilidade de acertar com a dupla.<\/p>\n\n\n\n<p><strong><em>\u2014 S\u00e3o contrata\u00e7\u00f5es dific\u00edlimas. O Thiago foi comprado h\u00e1 dois anos por 22 milh\u00f5es de euros, ent\u00e3o a gente trazer um jogador, com discurso de levar para o Brasil, \u00e9 dif\u00edcil. A gente n\u00e3o desistiu do Kenedy, n\u00e3o tem vergonha de estar tentando grandes contrata\u00e7\u00f5es<\/em><\/strong>, disse.<\/p>\n\n\n\n<p><strong><em>\u2014  Nem precisava estar nesse desgaste, mas a gente entende que s\u00e3o duas contrata\u00e7\u00f5es importantes. Independente disso, tocamos os outros assuntos. Qualquer coisa que possa botar para dentro do caixa do clube \u00e9 important\u00edssimo<\/em><\/strong>, completou.<\/p>\n\n\n\n<p>Marcos Braz ainda atualizou o status de duas sa\u00eddas de jogadores que podem acontecer nas pr\u00f3ximas semanas: o empr\u00e9stimo de Hugo Moura ao Lugano, da Su\u00ed\u00e7a, e a venda de Rodrigo Muniz ao Fulham, da Inglaterra.<\/p>\n\n\n\n<p><strong><em>\u2014 A gente acabou de resolver o Hugo Moura com um time su\u00ed\u00e7o, que pode acontecer a venda depois, do Muniz, em que a gente ainda faz as tratativas, e tamb\u00e9m tenta as contrata\u00e7\u00f5es para refor\u00e7ar o elenco do Flamengo<\/em><\/strong>, afirmou.<\/p>\n\n\n\n<p>O clube ainda deve receber parte da venda de Jean Lucas, atualmente no Lyon, para o Monaco.<\/p>\n\n\n\n<p>Retirado de: ESPN<\/p>\n","protected":false},"excerpt":{"rendered":"<p>O\u00a0Flamengo\u00a0segue em busca de refor\u00e7os para a reta final da temporada. Nas \u00faltimas semanas, o vice de futebol do clube, Marcos Braz, viajou para a Europa para resolver negocia\u00e7\u00f5es pendentes do clube. E o dirigente n\u00e3o desistiu das contrata\u00e7\u00f5es de Thiago Mendes e Kenedy. Em entrevista ao canal\u00a0Paparazzo Rubro-Negro, Braz falou que segue na busca [&hellip;]<\/p>\n","protected":false},"author":1,"featured_media":64346,"comment_status":"open","ping_status":"closed","sticky":false,"template":"","format":"standard","meta":{"footnotes":""},"categories":[1],"tags":[],"class_list":["post-65170","post","type-post","status-publish","format-standard","has-post-thumbnail","hentry","category-flamengo"],"yoast_head":"<!-- This site is optimized with the Yoast SEO Premium plugin v24.2 (Yoast SEO v26.9) - https:\/\/yoast.com\/product\/yoast-seo-premium-wordpress\/ -->\n<title>Braz encaminha sa\u00edda de dupla do Flamengo e n\u00e3o desiste de Thiago Mendes e Kenedy<\/title>\n<meta name=\"robots\" content=\"index, follow, max-snippet:-1, max-image-preview:large, max-video-preview:-1\" \/>\n<link rel=\"canonical\" href=\"https:\/\/www.gaveanews.com\/index.php\/2021\/08\/03\/braz-encaminha-saida-de-dupla-do-flamengo-e-nao-desiste-de-thiago-mendes-e-kenedy\/\" \/>\n<meta property=\"og:locale\" content=\"pt_BR\" \/>\n<meta property=\"og:type\" content=\"article\" \/>\n<meta property=\"og:title\" content=\"Braz encaminha sa\u00edda de dupla do Flamengo e n\u00e3o desiste de Thiago Mendes e Kenedy\" \/>\n<meta property=\"og:description\" content=\"O\u00a0Flamengo\u00a0segue em busca de refor\u00e7os para a reta final da temporada. Nas \u00faltimas semanas, o vice de futebol do clube, Marcos Braz, viajou para a Europa para resolver negocia\u00e7\u00f5es pendentes do clube. E o dirigente n\u00e3o desistiu das contrata\u00e7\u00f5es de Thiago Mendes e Kenedy. Em entrevista ao canal\u00a0Paparazzo Rubro-Negro, Braz falou que segue na busca [&hellip;]\" \/>\n<meta property=\"og:url\" content=\"https:\/\/www.gaveanews.com\/index.php\/2021\/08\/03\/braz-encaminha-saida-de-dupla-do-flamengo-e-nao-desiste-de-thiago-mendes-e-kenedy\/\" \/>\n<meta property=\"og:site_name\" content=\"G\u00e1vea News\" \/>\n<meta property=\"article:publisher\" content=\"https:\/\/facebook.com\/gaveaNews\/\" \/>\n<meta property=\"article:published_time\" content=\"2021-08-03T13:49:18+00:00\" \/>\n<meta property=\"article:modified_time\" content=\"2021-08-03T13:49:21+00:00\" \/>\n<meta property=\"og:image\" content=\"https:\/\/www.gaveanews.com\/wp-content\/uploads\/Marcos-Braz-em-entrevista-coletiva-no-Ninho-do-Urubu.webp\" \/>\n\t<meta property=\"og:image:width\" content=\"799\" \/>\n\t<meta property=\"og:image:height\" content=\"532\" \/>\n\t<meta property=\"og:image:type\" content=\"image\/jpeg\" \/>\n<meta name=\"author\" content=\"Equipe G\u00e1vea News\" \/>\n<meta name=\"twitter:card\" content=\"summary_large_image\" \/>\n<meta name=\"twitter:label1\" content=\"Escrito por\" \/>\n\t<meta name=\"twitter:data1\" content=\"Equipe G\u00e1vea News\" \/>\n\t<meta name=\"twitter:label2\" content=\"Est. tempo de leitura\" \/>\n\t<meta name=\"twitter:data2\" content=\"2 minutos\" \/>\n<script type=\"application\/ld+json\" class=\"yoast-schema-graph\">{\"@context\":\"https:\/\/schema.org\",\"@graph\":[{\"@type\":\"NewsArticle\",\"@id\":\"https:\/\/www.gaveanews.com\/index.php\/2021\/08\/03\/braz-encaminha-saida-de-dupla-do-flamengo-e-nao-desiste-de-thiago-mendes-e-kenedy\/#article\",\"isPartOf\":{\"@id\":\"https:\/\/www.gaveanews.com\/index.php\/2021\/08\/03\/braz-encaminha-saida-de-dupla-do-flamengo-e-nao-desiste-de-thiago-mendes-e-kenedy\/\"},\"author\":{\"name\":\"Equipe G\u00e1vea News\",\"@id\":\"https:\/\/www.gaveanews.com\/#\/schema\/person\/2ec14f73fb96be2caf28f91afb14749d\"},\"headline\":\"Braz encaminha sa\u00edda de dupla do Flamengo e n\u00e3o desiste de Thiago Mendes e Kenedy\",\"datePublished\":\"2021-08-03T13:49:18+00:00\",\"dateModified\":\"2021-08-03T13:49:21+00:00\",\"mainEntityOfPage\":{\"@id\":\"https:\/\/www.gaveanews.com\/index.php\/2021\/08\/03\/braz-encaminha-saida-de-dupla-do-flamengo-e-nao-desiste-de-thiago-mendes-e-kenedy\/\"},\"wordCount\":278,\"commentCount\":23,\"image\":{\"@id\":\"https:\/\/www.gaveanews.com\/index.php\/2021\/08\/03\/braz-encaminha-saida-de-dupla-do-flamengo-e-nao-desiste-de-thiago-mendes-e-kenedy\/#primaryimage\"},\"thumbnailUrl\":\"https:\/\/www.gaveanews.com\/wp-content\/uploads\/Marcos-Braz-em-entrevista-coletiva-no-Ninho-do-Urubu.webp\",\"articleSection\":[\"Flamengo\"],\"inLanguage\":\"pt-BR\",\"potentialAction\":[{\"@type\":\"CommentAction\",\"name\":\"Comment\",\"target\":[\"https:\/\/www.gaveanews.com\/index.php\/2021\/08\/03\/braz-encaminha-saida-de-dupla-do-flamengo-e-nao-desiste-de-thiago-mendes-e-kenedy\/#respond\"]}],\"copyrightYear\":\"2021\",\"copyrightHolder\":{\"@id\":\"https:\/\/www.gaveanews.com\/#organization\"}},{\"@type\":\"WebPage\",\"@id\":\"https:\/\/www.gaveanews.com\/index.php\/2021\/08\/03\/braz-encaminha-saida-de-dupla-do-flamengo-e-nao-desiste-de-thiago-mendes-e-kenedy\/\",\"url\":\"https:\/\/www.gaveanews.com\/index.php\/2021\/08\/03\/braz-encaminha-saida-de-dupla-do-flamengo-e-nao-desiste-de-thiago-mendes-e-kenedy\/\",\"name\":\"Braz encaminha sa\u00edda de dupla do Flamengo e n\u00e3o desiste de Thiago Mendes e Kenedy\",\"isPartOf\":{\"@id\":\"https:\/\/www.gaveanews.com\/#website\"},\"primaryImageOfPage\":{\"@id\":\"https:\/\/www.gaveanews.com\/index.php\/2021\/08\/03\/braz-encaminha-saida-de-dupla-do-flamengo-e-nao-desiste-de-thiago-mendes-e-kenedy\/#primaryimage\"},\"image\":{\"@id\":\"https:\/\/www.gaveanews.com\/index.php\/2021\/08\/03\/braz-encaminha-saida-de-dupla-do-flamengo-e-nao-desiste-de-thiago-mendes-e-kenedy\/#primaryimage\"},\"thumbnailUrl\":\"https:\/\/www.gaveanews.com\/wp-content\/uploads\/Marcos-Braz-em-entrevista-coletiva-no-Ninho-do-Urubu.webp\",\"datePublished\":\"2021-08-03T13:49:18+00:00\",\"dateModified\":\"2021-08-03T13:49:21+00:00\",\"author\":{\"@id\":\"https:\/\/www.gaveanews.com\/#\/schema\/person\/2ec14f73fb96be2caf28f91afb14749d\"},\"breadcrumb\":{\"@id\":\"https:\/\/www.gaveanews.com\/index.php\/2021\/08\/03\/braz-encaminha-saida-de-dupla-do-flamengo-e-nao-desiste-de-thiago-mendes-e-kenedy\/#breadcrumb\"},\"inLanguage\":\"pt-BR\",\"potentialAction\":[{\"@type\":\"ReadAction\",\"target\":[\"https:\/\/www.gaveanews.com\/index.php\/2021\/08\/03\/braz-encaminha-saida-de-dupla-do-flamengo-e-nao-desiste-de-thiago-mendes-e-kenedy\/\"]}]},{\"@type\":\"ImageObject\",\"inLanguage\":\"pt-BR\",\"@id\":\"https:\/\/www.gaveanews.com\/index.php\/2021\/08\/03\/braz-encaminha-saida-de-dupla-do-flamengo-e-nao-desiste-de-thiago-mendes-e-kenedy\/#primaryimage\",\"url\":\"https:\/\/www.gaveanews.com\/wp-content\/uploads\/Marcos-Braz-em-entrevista-coletiva-no-Ninho-do-Urubu.webp\",\"contentUrl\":\"https:\/\/www.gaveanews.com\/wp-content\/uploads\/Marcos-Braz-em-entrevista-coletiva-no-Ninho-do-Urubu.webp\",\"width\":799,\"height\":532,\"caption\":\"Marcos Braz em entrevista coletiva no Ninho do Urubu (Foto: Alexandre Vidal\/Flamengo)\"},{\"@type\":\"BreadcrumbList\",\"@id\":\"https:\/\/www.gaveanews.com\/index.php\/2021\/08\/03\/braz-encaminha-saida-de-dupla-do-flamengo-e-nao-desiste-de-thiago-mendes-e-kenedy\/#breadcrumb\",\"itemListElement\":[{\"@type\":\"ListItem\",\"position\":1,\"name\":\"Home\",\"item\":\"https:\/\/www.gaveanews.com\/\"},{\"@type\":\"ListItem\",\"position\":2,\"name\":\"Braz encaminha sa\u00edda de dupla do Flamengo e n\u00e3o desiste de Thiago Mendes e Kenedy\"}]},{\"@type\":\"WebSite\",\"@id\":\"https:\/\/www.gaveanews.com\/#website\",\"url\":\"https:\/\/www.gaveanews.com\/\",\"name\":\"G\u00e1vea News\",\"description\":\"Veja todas as not\u00edcias sobre o Flamengo: Contrata\u00e7\u00f5es, categorias de base, resultados das partidas, tabela de classifica\u00e7\u00e3o, pr\u00f3ximos jogos!\",\"potentialAction\":[{\"@type\":\"SearchAction\",\"target\":{\"@type\":\"EntryPoint\",\"urlTemplate\":\"https:\/\/www.gaveanews.com\/?s={search_term_string}\"},\"query-input\":{\"@type\":\"PropertyValueSpecification\",\"valueRequired\":true,\"valueName\":\"search_term_string\"}}],\"inLanguage\":\"pt-BR\"},{\"@type\":\"Person\",\"@id\":\"https:\/\/www.gaveanews.com\/#\/schema\/person\/2ec14f73fb96be2caf28f91afb14749d\",\"name\":\"Equipe G\u00e1vea News\",\"image\":{\"@type\":\"ImageObject\",\"inLanguage\":\"pt-BR\",\"@id\":\"https:\/\/www.gaveanews.com\/#\/schema\/person\/image\/\",\"url\":\"https:\/\/secure.gravatar.com\/avatar\/1e1956f1facbffd3f8fa53a326721950116b3b9dc9bd44939c01180fd4a745a9?s=96&d=mm&r=g\",\"contentUrl\":\"https:\/\/secure.gravatar.com\/avatar\/1e1956f1facbffd3f8fa53a326721950116b3b9dc9bd44939c01180fd4a745a9?s=96&d=mm&r=g\",\"caption\":\"Equipe G\u00e1vea News\"}}]}<\/script>\n<!-- \/ Yoast SEO Premium plugin. -->","yoast_head_json":{"title":"Braz encaminha sa\u00edda de dupla do Flamengo e n\u00e3o desiste de Thiago Mendes e Kenedy","robots":{"index":"index","follow":"follow","max-snippet":"max-snippet:-1","max-image-preview":"max-image-preview:large","max-video-preview":"max-video-preview:-1"},"canonical":"https:\/\/www.gaveanews.com\/index.php\/2021\/08\/03\/braz-encaminha-saida-de-dupla-do-flamengo-e-nao-desiste-de-thiago-mendes-e-kenedy\/","og_locale":"pt_BR","og_type":"article","og_title":"Braz encaminha sa\u00edda de dupla do Flamengo e n\u00e3o desiste de Thiago Mendes e Kenedy","og_description":"O\u00a0Flamengo\u00a0segue em busca de refor\u00e7os para a reta final da temporada. Nas \u00faltimas semanas, o vice de futebol do clube, Marcos Braz, viajou para a Europa para resolver negocia\u00e7\u00f5es pendentes do clube. E o dirigente n\u00e3o desistiu das contrata\u00e7\u00f5es de Thiago Mendes e Kenedy. Em entrevista ao canal\u00a0Paparazzo Rubro-Negro, Braz falou que segue na busca [&hellip;]","og_url":"https:\/\/www.gaveanews.com\/index.php\/2021\/08\/03\/braz-encaminha-saida-de-dupla-do-flamengo-e-nao-desiste-de-thiago-mendes-e-kenedy\/","og_site_name":"G\u00e1vea News","article_publisher":"https:\/\/facebook.com\/gaveaNews\/","article_published_time":"2021-08-03T13:49:18+00:00","article_modified_time":"2021-08-03T13:49:21+00:00","og_image":[{"width":799,"height":532,"url":"https:\/\/www.gaveanews.com\/wp-content\/uploads\/Marcos-Braz-em-entrevista-coletiva-no-Ninho-do-Urubu.webp","type":"image\/jpeg"}],"author":"Equipe G\u00e1vea News","twitter_card":"summary_large_image","twitter_misc":{"Escrito por":"Equipe G\u00e1vea News","Est. tempo de leitura":"2 minutos"},"schema":{"@context":"https:\/\/schema.org","@graph":[{"@type":"NewsArticle","@id":"https:\/\/www.gaveanews.com\/index.php\/2021\/08\/03\/braz-encaminha-saida-de-dupla-do-flamengo-e-nao-desiste-de-thiago-mendes-e-kenedy\/#article","isPartOf":{"@id":"https:\/\/www.gaveanews.com\/index.php\/2021\/08\/03\/braz-encaminha-saida-de-dupla-do-flamengo-e-nao-desiste-de-thiago-mendes-e-kenedy\/"},"author":{"name":"Equipe G\u00e1vea News","@id":"https:\/\/www.gaveanews.com\/#\/schema\/person\/2ec14f73fb96be2caf28f91afb14749d"},"headline":"Braz encaminha sa\u00edda de dupla do Flamengo e n\u00e3o desiste de Thiago Mendes e Kenedy","datePublished":"2021-08-03T13:49:18+00:00","dateModified":"2021-08-03T13:49:21+00:00","mainEntityOfPage":{"@id":"https:\/\/www.gaveanews.com\/index.php\/2021\/08\/03\/braz-encaminha-saida-de-dupla-do-flamengo-e-nao-desiste-de-thiago-mendes-e-kenedy\/"},"wordCount":278,"commentCount":23,"image":{"@id":"https:\/\/www.gaveanews.com\/index.php\/2021\/08\/03\/braz-encaminha-saida-de-dupla-do-flamengo-e-nao-desiste-de-thiago-mendes-e-kenedy\/#primaryimage"},"thumbnailUrl":"https:\/\/www.gaveanews.com\/wp-content\/uploads\/Marcos-Braz-em-entrevista-coletiva-no-Ninho-do-Urubu.webp","articleSection":["Flamengo"],"inLanguage":"pt-BR","potentialAction":[{"@type":"CommentAction","name":"Comment","target":["https:\/\/www.gaveanews.com\/index.php\/2021\/08\/03\/braz-encaminha-saida-de-dupla-do-flamengo-e-nao-desiste-de-thiago-mendes-e-kenedy\/#respond"]}],"copyrightYear":"2021","copyrightHolder":{"@id":"https:\/\/www.gaveanews.com\/#organization"}},{"@type":"WebPage","@id":"https:\/\/www.gaveanews.com\/index.php\/2021\/08\/03\/braz-encaminha-saida-de-dupla-do-flamengo-e-nao-desiste-de-thiago-mendes-e-kenedy\/","url":"https:\/\/www.gaveanews.com\/index.php\/2021\/08\/03\/braz-encaminha-saida-de-dupla-do-flamengo-e-nao-desiste-de-thiago-mendes-e-kenedy\/","name":"Braz encaminha sa\u00edda de dupla do Flamengo e n\u00e3o desiste de Thiago Mendes e Kenedy","isPartOf":{"@id":"https:\/\/www.gaveanews.com\/#website"},"primaryImageOfPage":{"@id":"https:\/\/www.gaveanews.com\/index.php\/2021\/08\/03\/braz-encaminha-saida-de-dupla-do-flamengo-e-nao-desiste-de-thiago-mendes-e-kenedy\/#primaryimage"},"image":{"@id":"https:\/\/www.gaveanews.com\/index.php\/2021\/08\/03\/braz-encaminha-saida-de-dupla-do-flamengo-e-nao-desiste-de-thiago-mendes-e-kenedy\/#primaryimage"},"thumbnailUrl":"https:\/\/www.gaveanews.com\/wp-content\/uploads\/Marcos-Braz-em-entrevista-coletiva-no-Ninho-do-Urubu.webp","datePublished":"2021-08-03T13:49:18+00:00","dateModified":"2021-08-03T13:49:21+00:00","author":{"@id":"https:\/\/www.gaveanews.com\/#\/schema\/person\/2ec14f73fb96be2caf28f91afb14749d"},"breadcrumb":{"@id":"https:\/\/www.gaveanews.com\/index.php\/2021\/08\/03\/braz-encaminha-saida-de-dupla-do-flamengo-e-nao-desiste-de-thiago-mendes-e-kenedy\/#breadcrumb"},"inLanguage":"pt-BR","potentialAction":[{"@type":"ReadAction","target":["https:\/\/www.gaveanews.com\/index.php\/2021\/08\/03\/braz-encaminha-saida-de-dupla-do-flamengo-e-nao-desiste-de-thiago-mendes-e-kenedy\/"]}]},{"@type":"ImageObject","inLanguage":"pt-BR","@id":"https:\/\/www.gaveanews.com\/index.php\/2021\/08\/03\/braz-encaminha-saida-de-dupla-do-flamengo-e-nao-desiste-de-thiago-mendes-e-kenedy\/#primaryimage","url":"https:\/\/www.gaveanews.com\/wp-content\/uploads\/Marcos-Braz-em-entrevista-coletiva-no-Ninho-do-Urubu.webp","contentUrl":"https:\/\/www.gaveanews.com\/wp-content\/uploads\/Marcos-Braz-em-entrevista-coletiva-no-Ninho-do-Urubu.webp","width":799,"height":532,"caption":"Marcos Braz em entrevista coletiva no Ninho do Urubu (Foto: Alexandre Vidal\/Flamengo)"},{"@type":"BreadcrumbList","@id":"https:\/\/www.gaveanews.com\/index.php\/2021\/08\/03\/braz-encaminha-saida-de-dupla-do-flamengo-e-nao-desiste-de-thiago-mendes-e-kenedy\/#breadcrumb","itemListElement":[{"@type":"ListItem","position":1,"name":"Home","item":"https:\/\/www.gaveanews.com\/"},{"@type":"ListItem","position":2,"name":"Braz encaminha sa\u00edda de dupla do Flamengo e n\u00e3o desiste de Thiago Mendes e Kenedy"}]},{"@type":"WebSite","@id":"https:\/\/www.gaveanews.com\/#website","url":"https:\/\/www.gaveanews.com\/","name":"G\u00e1vea News","description":"Veja todas as not\u00edcias sobre o Flamengo: Contrata\u00e7\u00f5es, categorias de base, resultados das partidas, tabela de classifica\u00e7\u00e3o, pr\u00f3ximos jogos!","potentialAction":[{"@type":"SearchAction","target":{"@type":"EntryPoint","urlTemplate":"https:\/\/www.gaveanews.com\/?s={search_term_string}"},"query-input":{"@type":"PropertyValueSpecification","valueRequired":true,"valueName":"search_term_string"}}],"inLanguage":"pt-BR"},{"@type":"Person","@id":"https:\/\/www.gaveanews.com\/#\/schema\/person\/2ec14f73fb96be2caf28f91afb14749d","name":"Equipe G\u00e1vea News","image":{"@type":"ImageObject","inLanguage":"pt-BR","@id":"https:\/\/www.gaveanews.com\/#\/schema\/person\/image\/","url":"https:\/\/secure.gravatar.com\/avatar\/1e1956f1facbffd3f8fa53a326721950116b3b9dc9bd44939c01180fd4a745a9?s=96&d=mm&r=g","contentUrl":"https:\/\/secure.gravatar.com\/avatar\/1e1956f1facbffd3f8fa53a326721950116b3b9dc9bd44939c01180fd4a745a9?s=96&d=mm&r=g","caption":"Equipe G\u00e1vea News"}}]}},"_links":{"self":[{"href":"https:\/\/www.gaveanews.com\/index.php\/wp-json\/wp\/v2\/posts\/65170","targetHints":{"allow":["GET"]}}],"collection":[{"href":"https:\/\/www.gaveanews.com\/index.php\/wp-json\/wp\/v2\/posts"}],"about":[{"href":"https:\/\/www.gaveanews.com\/index.php\/wp-json\/wp\/v2\/types\/post"}],"author":[{"embeddable":true,"href":"https:\/\/www.gaveanews.com\/index.php\/wp-json\/wp\/v2\/users\/1"}],"replies":[{"embeddable":true,"href":"https:\/\/www.gaveanews.com\/index.php\/wp-json\/wp\/v2\/comments?post=65170"}],"version-history":[{"count":0,"href":"https:\/\/www.gaveanews.com\/index.php\/wp-json\/wp\/v2\/posts\/65170\/revisions"}],"wp:featuredmedia":[{"embeddable":true,"href":"https:\/\/www.gaveanews.com\/index.php\/wp-json\/wp\/v2\/media\/64346"}],"wp:attachment":[{"href":"https:\/\/www.gaveanews.com\/index.php\/wp-json\/wp\/v2\/media?parent=65170"}],"wp:term":[{"taxonomy":"category","embeddable":true,"href":"https:\/\/www.gaveanews.com\/index.php\/wp-json\/wp\/v2\/categories?post=65170"},{"taxonomy":"post_tag","embeddable":true,"href":"https:\/\/www.gaveanews.com\/index.php\/wp-json\/wp\/v2\/tags?post=65170"}],"curies":[{"name":"wp","href":"https:\/\/api.w.org\/{rel}","templated":true}]}}