{"id":65250,"date":"2021-08-04T17:28:30","date_gmt":"2021-08-04T20:28:30","guid":{"rendered":"https:\/\/www.gaveanews.com\/?p=65250"},"modified":"2021-08-12T00:46:16","modified_gmt":"2021-08-12T03:46:16","slug":"abc-muda-rotina-e-faz-atividade-incomum-antes-de-jogo-contra-o-flamengo","status":"publish","type":"post","link":"https:\/\/www.gaveanews.com\/index.php\/2021\/08\/04\/abc-muda-rotina-e-faz-atividade-incomum-antes-de-jogo-contra-o-flamengo\/","title":{"rendered":"ABC muda rotina e faz atividade incomum antes de jogo contra o Flamengo"},"content":{"rendered":"\n<p>Depois de ser dominado pelo rubro-negro na partida de ida das oitavas de final e <a href=\"https:\/\/www.gaveanews.com\/index.php\/2021\/07\/29\/assista-os-gols-da-goleada-do-flamengo\/\">perder por 6 a 0<\/a>, o ABC aposta em treino diferente de seu usual.<\/p>\n\n\n\n<p>Normalmente, o alvinegro realiza todas as suas atividades de prepara\u00e7\u00e3o no CTFIS-ABC, CT do clube. Por\u00e9m, planejando uma nova estrat\u00e9gia, o t\u00e9cnico Moacir J\u00fanior optou por treinar sua equipe na Arena das Dunas nesta quarta-feira (04).<\/p>\n\n\n\n<p>O exerc\u00edcio servir\u00e1 com uma esp\u00e9cie de reconhecimento de campo, onde os jogadores poder\u00e3o se familiarizar com os detalhes do gramado do est\u00e1dio. Vale salientar que o time costuma mandar seus confrontos no Est\u00e1dio Frasqueir\u00e3o.<\/p>\n\n\n\n<p>A expectativa do treinador \u00e9 de que sua equipe tenha um desempenho melhor neste pr\u00f3ximo compromisso contra o Flamengo, j\u00e1 que o elenco n\u00e3o conseguiu pressionar o rubro-negro no embate anterior. <\/p>\n\n\n\n<figure class=\"wp-block-embed is-type-rich is-provider-twitter wp-block-embed-twitter\"><div class=\"wp-block-embed__wrapper\">\n<blockquote class=\"twitter-tweet\" data-width=\"550\" data-dnt=\"true\"><p lang=\"pt\" dir=\"ltr\">\u26ab\u26aa Iniciado o trabalho na Arena das Dunas. <a href=\"https:\/\/twitter.com\/hashtag\/ABCFC?src=hash&amp;ref_src=twsrc%5Etfw\">#ABCFC<\/a><a href=\"https:\/\/twitter.com\/hashtag\/OMaisQueridoDoRN?src=hash&amp;ref_src=twsrc%5Etfw\">#OMaisQueridoDoRN<\/a> <a href=\"https:\/\/t.co\/VGblfGk46r\">pic.twitter.com\/VGblfGk46r<\/a><\/p>&mdash; ABC Futebol Clube (@ABCFC) <a href=\"https:\/\/twitter.com\/ABCFC\/status\/1422918589770829835?ref_src=twsrc%5Etfw\">August 4, 2021<\/a><\/blockquote><script async src=\"https:\/\/platform.twitter.com\/widgets.js\" charset=\"utf-8\"><\/script>\n<\/div><\/figure>\n\n\n\n<p>Em contrapartida, o Mais Querido desacelera e n\u00e3o levar\u00e1 nenhum de seus titulares a campo. Ap\u00f3s garantir um excelente resultado no jogo de ida, Renato Ga\u00facho aproveitar\u00e1 os pr\u00f3ximos dias para treinar o elenco principal no Ninho do Urubu e deixar\u00e1 o este duelo por conta dos reservas, juntamente com os jovens do sub-20.<\/p>\n\n\n\n<p>A partida em quest\u00e3o est\u00e1 marcada para as 21h30 (hor\u00e1rio de Bras\u00edlia), desta quinta-feira (05). O evento ser\u00e1 transmitido pelo SporTV e pelo Premiere.<\/p>\n","protected":false},"excerpt":{"rendered":"<p>Depois de ser dominado pelo rubro-negro na partida de ida das oitavas de final e perder por 6 a 0, o ABC aposta em treino diferente de seu usual. Normalmente, o alvinegro realiza todas as suas atividades de prepara\u00e7\u00e3o no CTFIS-ABC, CT do clube. Por\u00e9m, planejando uma nova estrat\u00e9gia, o t\u00e9cnico Moacir J\u00fanior optou por [&hellip;]<\/p>\n","protected":false},"author":4,"featured_media":65013,"comment_status":"open","ping_status":"closed","sticky":false,"template":"","format":"standard","meta":{"footnotes":""},"categories":[1],"tags":[],"class_list":["post-65250","post","type-post","status-publish","format-standard","has-post-thumbnail","hentry","category-flamengo"],"yoast_head":"<!-- This site is optimized with the Yoast SEO Premium plugin v24.2 (Yoast SEO v26.9) - https:\/\/yoast.com\/product\/yoast-seo-premium-wordpress\/ -->\n<title>ABC muda rotina e faz atividade incomum antes de jogo contra o Flamengo<\/title>\n<meta name=\"robots\" content=\"index, follow, max-snippet:-1, max-image-preview:large, max-video-preview:-1\" \/>\n<link rel=\"canonical\" href=\"https:\/\/www.gaveanews.com\/index.php\/2021\/08\/04\/abc-muda-rotina-e-faz-atividade-incomum-antes-de-jogo-contra-o-flamengo\/\" \/>\n<meta property=\"og:locale\" content=\"pt_BR\" \/>\n<meta property=\"og:type\" content=\"article\" \/>\n<meta property=\"og:title\" content=\"ABC muda rotina e faz atividade incomum antes de jogo contra o Flamengo\" \/>\n<meta property=\"og:description\" content=\"Depois de ser dominado pelo rubro-negro na partida de ida das oitavas de final e perder por 6 a 0, o ABC aposta em treino diferente de seu usual. Normalmente, o alvinegro realiza todas as suas atividades de prepara\u00e7\u00e3o no CTFIS-ABC, CT do clube. Por\u00e9m, planejando uma nova estrat\u00e9gia, o t\u00e9cnico Moacir J\u00fanior optou por [&hellip;]\" \/>\n<meta property=\"og:url\" content=\"https:\/\/www.gaveanews.com\/index.php\/2021\/08\/04\/abc-muda-rotina-e-faz-atividade-incomum-antes-de-jogo-contra-o-flamengo\/\" \/>\n<meta property=\"og:site_name\" content=\"G\u00e1vea News\" \/>\n<meta property=\"article:publisher\" content=\"https:\/\/facebook.com\/gaveaNews\/\" \/>\n<meta property=\"article:published_time\" content=\"2021-08-04T20:28:30+00:00\" \/>\n<meta property=\"article:modified_time\" content=\"2021-08-12T03:46:16+00:00\" \/>\n<meta property=\"og:image\" content=\"https:\/\/www.gaveanews.com\/wp-content\/uploads\/Diego-Ribas-em-acao-pelo-Flamengo-durante-a-partida-contra-o-ABC-pela-Copa-do-Brasil-da-temporada-de-2021.webp\" \/>\n\t<meta property=\"og:image:width\" content=\"799\" \/>\n\t<meta property=\"og:image:height\" content=\"533\" \/>\n\t<meta property=\"og:image:type\" content=\"image\/jpeg\" \/>\n<meta name=\"author\" content=\"Let\u00edcia Gerheim\" \/>\n<meta name=\"twitter:card\" content=\"summary_large_image\" \/>\n<meta name=\"twitter:label1\" content=\"Escrito por\" \/>\n\t<meta name=\"twitter:data1\" content=\"Let\u00edcia Gerheim\" \/>\n\t<meta name=\"twitter:label2\" content=\"Est. tempo de leitura\" \/>\n\t<meta name=\"twitter:data2\" content=\"1 minuto\" \/>\n<script type=\"application\/ld+json\" class=\"yoast-schema-graph\">{\"@context\":\"https:\/\/schema.org\",\"@graph\":[{\"@type\":\"NewsArticle\",\"@id\":\"https:\/\/www.gaveanews.com\/index.php\/2021\/08\/04\/abc-muda-rotina-e-faz-atividade-incomum-antes-de-jogo-contra-o-flamengo\/#article\",\"isPartOf\":{\"@id\":\"https:\/\/www.gaveanews.com\/index.php\/2021\/08\/04\/abc-muda-rotina-e-faz-atividade-incomum-antes-de-jogo-contra-o-flamengo\/\"},\"author\":{\"name\":\"Let\u00edcia Gerheim\",\"@id\":\"https:\/\/www.gaveanews.com\/#\/schema\/person\/714c67050b836198af2450ba1c142a67\"},\"headline\":\"ABC muda rotina e faz atividade incomum antes de jogo contra o Flamengo\",\"datePublished\":\"2021-08-04T20:28:30+00:00\",\"dateModified\":\"2021-08-12T03:46:16+00:00\",\"mainEntityOfPage\":{\"@id\":\"https:\/\/www.gaveanews.com\/index.php\/2021\/08\/04\/abc-muda-rotina-e-faz-atividade-incomum-antes-de-jogo-contra-o-flamengo\/\"},\"wordCount\":243,\"commentCount\":16,\"image\":{\"@id\":\"https:\/\/www.gaveanews.com\/index.php\/2021\/08\/04\/abc-muda-rotina-e-faz-atividade-incomum-antes-de-jogo-contra-o-flamengo\/#primaryimage\"},\"thumbnailUrl\":\"https:\/\/www.gaveanews.com\/wp-content\/uploads\/Diego-Ribas-em-acao-pelo-Flamengo-durante-a-partida-contra-o-ABC-pela-Copa-do-Brasil-da-temporada-de-2021.webp\",\"articleSection\":[\"Flamengo\"],\"inLanguage\":\"pt-BR\",\"potentialAction\":[{\"@type\":\"CommentAction\",\"name\":\"Comment\",\"target\":[\"https:\/\/www.gaveanews.com\/index.php\/2021\/08\/04\/abc-muda-rotina-e-faz-atividade-incomum-antes-de-jogo-contra-o-flamengo\/#respond\"]}],\"copyrightYear\":\"2021\",\"copyrightHolder\":{\"@id\":\"https:\/\/www.gaveanews.com\/#organization\"}},{\"@type\":\"WebPage\",\"@id\":\"https:\/\/www.gaveanews.com\/index.php\/2021\/08\/04\/abc-muda-rotina-e-faz-atividade-incomum-antes-de-jogo-contra-o-flamengo\/\",\"url\":\"https:\/\/www.gaveanews.com\/index.php\/2021\/08\/04\/abc-muda-rotina-e-faz-atividade-incomum-antes-de-jogo-contra-o-flamengo\/\",\"name\":\"ABC muda rotina e faz atividade incomum antes de jogo contra o Flamengo\",\"isPartOf\":{\"@id\":\"https:\/\/www.gaveanews.com\/#website\"},\"primaryImageOfPage\":{\"@id\":\"https:\/\/www.gaveanews.com\/index.php\/2021\/08\/04\/abc-muda-rotina-e-faz-atividade-incomum-antes-de-jogo-contra-o-flamengo\/#primaryimage\"},\"image\":{\"@id\":\"https:\/\/www.gaveanews.com\/index.php\/2021\/08\/04\/abc-muda-rotina-e-faz-atividade-incomum-antes-de-jogo-contra-o-flamengo\/#primaryimage\"},\"thumbnailUrl\":\"https:\/\/www.gaveanews.com\/wp-content\/uploads\/Diego-Ribas-em-acao-pelo-Flamengo-durante-a-partida-contra-o-ABC-pela-Copa-do-Brasil-da-temporada-de-2021.webp\",\"datePublished\":\"2021-08-04T20:28:30+00:00\",\"dateModified\":\"2021-08-12T03:46:16+00:00\",\"author\":{\"@id\":\"https:\/\/www.gaveanews.com\/#\/schema\/person\/714c67050b836198af2450ba1c142a67\"},\"breadcrumb\":{\"@id\":\"https:\/\/www.gaveanews.com\/index.php\/2021\/08\/04\/abc-muda-rotina-e-faz-atividade-incomum-antes-de-jogo-contra-o-flamengo\/#breadcrumb\"},\"inLanguage\":\"pt-BR\",\"potentialAction\":[{\"@type\":\"ReadAction\",\"target\":[\"https:\/\/www.gaveanews.com\/index.php\/2021\/08\/04\/abc-muda-rotina-e-faz-atividade-incomum-antes-de-jogo-contra-o-flamengo\/\"]}]},{\"@type\":\"ImageObject\",\"inLanguage\":\"pt-BR\",\"@id\":\"https:\/\/www.gaveanews.com\/index.php\/2021\/08\/04\/abc-muda-rotina-e-faz-atividade-incomum-antes-de-jogo-contra-o-flamengo\/#primaryimage\",\"url\":\"https:\/\/www.gaveanews.com\/wp-content\/uploads\/Diego-Ribas-em-acao-pelo-Flamengo-durante-a-partida-contra-o-ABC-pela-Copa-do-Brasil-da-temporada-de-2021.webp\",\"contentUrl\":\"https:\/\/www.gaveanews.com\/wp-content\/uploads\/Diego-Ribas-em-acao-pelo-Flamengo-durante-a-partida-contra-o-ABC-pela-Copa-do-Brasil-da-temporada-de-2021.webp\",\"width\":799,\"height\":533,\"caption\":\"Diego Ribas em a\u00e7\u00e3o pelo Flamengo durante a partida contra o ABC pela Copa do Brasil da temporada de 2021 (Foto: Alexandre Vidal\/Flamengo)\"},{\"@type\":\"BreadcrumbList\",\"@id\":\"https:\/\/www.gaveanews.com\/index.php\/2021\/08\/04\/abc-muda-rotina-e-faz-atividade-incomum-antes-de-jogo-contra-o-flamengo\/#breadcrumb\",\"itemListElement\":[{\"@type\":\"ListItem\",\"position\":1,\"name\":\"Home\",\"item\":\"https:\/\/www.gaveanews.com\/\"},{\"@type\":\"ListItem\",\"position\":2,\"name\":\"ABC muda rotina e faz atividade incomum antes de jogo contra o Flamengo\"}]},{\"@type\":\"WebSite\",\"@id\":\"https:\/\/www.gaveanews.com\/#website\",\"url\":\"https:\/\/www.gaveanews.com\/\",\"name\":\"G\u00e1vea News\",\"description\":\"Veja todas as not\u00edcias sobre o Flamengo: Contrata\u00e7\u00f5es, categorias de base, resultados das partidas, tabela de classifica\u00e7\u00e3o, pr\u00f3ximos jogos!\",\"potentialAction\":[{\"@type\":\"SearchAction\",\"target\":{\"@type\":\"EntryPoint\",\"urlTemplate\":\"https:\/\/www.gaveanews.com\/?s={search_term_string}\"},\"query-input\":{\"@type\":\"PropertyValueSpecification\",\"valueRequired\":true,\"valueName\":\"search_term_string\"}}],\"inLanguage\":\"pt-BR\"},{\"@type\":\"Person\",\"@id\":\"https:\/\/www.gaveanews.com\/#\/schema\/person\/714c67050b836198af2450ba1c142a67\",\"name\":\"Let\u00edcia Gerheim\",\"image\":{\"@type\":\"ImageObject\",\"inLanguage\":\"pt-BR\",\"@id\":\"https:\/\/www.gaveanews.com\/#\/schema\/person\/image\/\",\"url\":\"https:\/\/secure.gravatar.com\/avatar\/60734739c50fcebfbac509e2a826ccd0ff405c019bc73aab9354f19ecad1dcb4?s=96&d=mm&r=g\",\"contentUrl\":\"https:\/\/secure.gravatar.com\/avatar\/60734739c50fcebfbac509e2a826ccd0ff405c019bc73aab9354f19ecad1dcb4?s=96&d=mm&r=g\",\"caption\":\"Let\u00edcia Gerheim\"}}]}<\/script>\n<!-- \/ Yoast SEO Premium plugin. -->","yoast_head_json":{"title":"ABC muda rotina e faz atividade incomum antes de jogo contra o Flamengo","robots":{"index":"index","follow":"follow","max-snippet":"max-snippet:-1","max-image-preview":"max-image-preview:large","max-video-preview":"max-video-preview:-1"},"canonical":"https:\/\/www.gaveanews.com\/index.php\/2021\/08\/04\/abc-muda-rotina-e-faz-atividade-incomum-antes-de-jogo-contra-o-flamengo\/","og_locale":"pt_BR","og_type":"article","og_title":"ABC muda rotina e faz atividade incomum antes de jogo contra o Flamengo","og_description":"Depois de ser dominado pelo rubro-negro na partida de ida das oitavas de final e perder por 6 a 0, o ABC aposta em treino diferente de seu usual. Normalmente, o alvinegro realiza todas as suas atividades de prepara\u00e7\u00e3o no CTFIS-ABC, CT do clube. Por\u00e9m, planejando uma nova estrat\u00e9gia, o t\u00e9cnico Moacir J\u00fanior optou por [&hellip;]","og_url":"https:\/\/www.gaveanews.com\/index.php\/2021\/08\/04\/abc-muda-rotina-e-faz-atividade-incomum-antes-de-jogo-contra-o-flamengo\/","og_site_name":"G\u00e1vea News","article_publisher":"https:\/\/facebook.com\/gaveaNews\/","article_published_time":"2021-08-04T20:28:30+00:00","article_modified_time":"2021-08-12T03:46:16+00:00","og_image":[{"width":799,"height":533,"url":"https:\/\/www.gaveanews.com\/wp-content\/uploads\/Diego-Ribas-em-acao-pelo-Flamengo-durante-a-partida-contra-o-ABC-pela-Copa-do-Brasil-da-temporada-de-2021.webp","type":"image\/jpeg"}],"author":"Let\u00edcia Gerheim","twitter_card":"summary_large_image","twitter_misc":{"Escrito por":"Let\u00edcia Gerheim","Est. tempo de leitura":"1 minuto"},"schema":{"@context":"https:\/\/schema.org","@graph":[{"@type":"NewsArticle","@id":"https:\/\/www.gaveanews.com\/index.php\/2021\/08\/04\/abc-muda-rotina-e-faz-atividade-incomum-antes-de-jogo-contra-o-flamengo\/#article","isPartOf":{"@id":"https:\/\/www.gaveanews.com\/index.php\/2021\/08\/04\/abc-muda-rotina-e-faz-atividade-incomum-antes-de-jogo-contra-o-flamengo\/"},"author":{"name":"Let\u00edcia Gerheim","@id":"https:\/\/www.gaveanews.com\/#\/schema\/person\/714c67050b836198af2450ba1c142a67"},"headline":"ABC muda rotina e faz atividade incomum antes de jogo contra o Flamengo","datePublished":"2021-08-04T20:28:30+00:00","dateModified":"2021-08-12T03:46:16+00:00","mainEntityOfPage":{"@id":"https:\/\/www.gaveanews.com\/index.php\/2021\/08\/04\/abc-muda-rotina-e-faz-atividade-incomum-antes-de-jogo-contra-o-flamengo\/"},"wordCount":243,"commentCount":16,"image":{"@id":"https:\/\/www.gaveanews.com\/index.php\/2021\/08\/04\/abc-muda-rotina-e-faz-atividade-incomum-antes-de-jogo-contra-o-flamengo\/#primaryimage"},"thumbnailUrl":"https:\/\/www.gaveanews.com\/wp-content\/uploads\/Diego-Ribas-em-acao-pelo-Flamengo-durante-a-partida-contra-o-ABC-pela-Copa-do-Brasil-da-temporada-de-2021.webp","articleSection":["Flamengo"],"inLanguage":"pt-BR","potentialAction":[{"@type":"CommentAction","name":"Comment","target":["https:\/\/www.gaveanews.com\/index.php\/2021\/08\/04\/abc-muda-rotina-e-faz-atividade-incomum-antes-de-jogo-contra-o-flamengo\/#respond"]}],"copyrightYear":"2021","copyrightHolder":{"@id":"https:\/\/www.gaveanews.com\/#organization"}},{"@type":"WebPage","@id":"https:\/\/www.gaveanews.com\/index.php\/2021\/08\/04\/abc-muda-rotina-e-faz-atividade-incomum-antes-de-jogo-contra-o-flamengo\/","url":"https:\/\/www.gaveanews.com\/index.php\/2021\/08\/04\/abc-muda-rotina-e-faz-atividade-incomum-antes-de-jogo-contra-o-flamengo\/","name":"ABC muda rotina e faz atividade incomum antes de jogo contra o Flamengo","isPartOf":{"@id":"https:\/\/www.gaveanews.com\/#website"},"primaryImageOfPage":{"@id":"https:\/\/www.gaveanews.com\/index.php\/2021\/08\/04\/abc-muda-rotina-e-faz-atividade-incomum-antes-de-jogo-contra-o-flamengo\/#primaryimage"},"image":{"@id":"https:\/\/www.gaveanews.com\/index.php\/2021\/08\/04\/abc-muda-rotina-e-faz-atividade-incomum-antes-de-jogo-contra-o-flamengo\/#primaryimage"},"thumbnailUrl":"https:\/\/www.gaveanews.com\/wp-content\/uploads\/Diego-Ribas-em-acao-pelo-Flamengo-durante-a-partida-contra-o-ABC-pela-Copa-do-Brasil-da-temporada-de-2021.webp","datePublished":"2021-08-04T20:28:30+00:00","dateModified":"2021-08-12T03:46:16+00:00","author":{"@id":"https:\/\/www.gaveanews.com\/#\/schema\/person\/714c67050b836198af2450ba1c142a67"},"breadcrumb":{"@id":"https:\/\/www.gaveanews.com\/index.php\/2021\/08\/04\/abc-muda-rotina-e-faz-atividade-incomum-antes-de-jogo-contra-o-flamengo\/#breadcrumb"},"inLanguage":"pt-BR","potentialAction":[{"@type":"ReadAction","target":["https:\/\/www.gaveanews.com\/index.php\/2021\/08\/04\/abc-muda-rotina-e-faz-atividade-incomum-antes-de-jogo-contra-o-flamengo\/"]}]},{"@type":"ImageObject","inLanguage":"pt-BR","@id":"https:\/\/www.gaveanews.com\/index.php\/2021\/08\/04\/abc-muda-rotina-e-faz-atividade-incomum-antes-de-jogo-contra-o-flamengo\/#primaryimage","url":"https:\/\/www.gaveanews.com\/wp-content\/uploads\/Diego-Ribas-em-acao-pelo-Flamengo-durante-a-partida-contra-o-ABC-pela-Copa-do-Brasil-da-temporada-de-2021.webp","contentUrl":"https:\/\/www.gaveanews.com\/wp-content\/uploads\/Diego-Ribas-em-acao-pelo-Flamengo-durante-a-partida-contra-o-ABC-pela-Copa-do-Brasil-da-temporada-de-2021.webp","width":799,"height":533,"caption":"Diego Ribas em a\u00e7\u00e3o pelo Flamengo durante a partida contra o ABC pela Copa do Brasil da temporada de 2021 (Foto: Alexandre Vidal\/Flamengo)"},{"@type":"BreadcrumbList","@id":"https:\/\/www.gaveanews.com\/index.php\/2021\/08\/04\/abc-muda-rotina-e-faz-atividade-incomum-antes-de-jogo-contra-o-flamengo\/#breadcrumb","itemListElement":[{"@type":"ListItem","position":1,"name":"Home","item":"https:\/\/www.gaveanews.com\/"},{"@type":"ListItem","position":2,"name":"ABC muda rotina e faz atividade incomum antes de jogo contra o Flamengo"}]},{"@type":"WebSite","@id":"https:\/\/www.gaveanews.com\/#website","url":"https:\/\/www.gaveanews.com\/","name":"G\u00e1vea News","description":"Veja todas as not\u00edcias sobre o Flamengo: Contrata\u00e7\u00f5es, categorias de base, resultados das partidas, tabela de classifica\u00e7\u00e3o, pr\u00f3ximos jogos!","potentialAction":[{"@type":"SearchAction","target":{"@type":"EntryPoint","urlTemplate":"https:\/\/www.gaveanews.com\/?s={search_term_string}"},"query-input":{"@type":"PropertyValueSpecification","valueRequired":true,"valueName":"search_term_string"}}],"inLanguage":"pt-BR"},{"@type":"Person","@id":"https:\/\/www.gaveanews.com\/#\/schema\/person\/714c67050b836198af2450ba1c142a67","name":"Let\u00edcia Gerheim","image":{"@type":"ImageObject","inLanguage":"pt-BR","@id":"https:\/\/www.gaveanews.com\/#\/schema\/person\/image\/","url":"https:\/\/secure.gravatar.com\/avatar\/60734739c50fcebfbac509e2a826ccd0ff405c019bc73aab9354f19ecad1dcb4?s=96&d=mm&r=g","contentUrl":"https:\/\/secure.gravatar.com\/avatar\/60734739c50fcebfbac509e2a826ccd0ff405c019bc73aab9354f19ecad1dcb4?s=96&d=mm&r=g","caption":"Let\u00edcia Gerheim"}}]}},"_links":{"self":[{"href":"https:\/\/www.gaveanews.com\/index.php\/wp-json\/wp\/v2\/posts\/65250","targetHints":{"allow":["GET"]}}],"collection":[{"href":"https:\/\/www.gaveanews.com\/index.php\/wp-json\/wp\/v2\/posts"}],"about":[{"href":"https:\/\/www.gaveanews.com\/index.php\/wp-json\/wp\/v2\/types\/post"}],"author":[{"embeddable":true,"href":"https:\/\/www.gaveanews.com\/index.php\/wp-json\/wp\/v2\/users\/4"}],"replies":[{"embeddable":true,"href":"https:\/\/www.gaveanews.com\/index.php\/wp-json\/wp\/v2\/comments?post=65250"}],"version-history":[{"count":0,"href":"https:\/\/www.gaveanews.com\/index.php\/wp-json\/wp\/v2\/posts\/65250\/revisions"}],"wp:featuredmedia":[{"embeddable":true,"href":"https:\/\/www.gaveanews.com\/index.php\/wp-json\/wp\/v2\/media\/65013"}],"wp:attachment":[{"href":"https:\/\/www.gaveanews.com\/index.php\/wp-json\/wp\/v2\/media?parent=65250"}],"wp:term":[{"taxonomy":"category","embeddable":true,"href":"https:\/\/www.gaveanews.com\/index.php\/wp-json\/wp\/v2\/categories?post=65250"},{"taxonomy":"post_tag","embeddable":true,"href":"https:\/\/www.gaveanews.com\/index.php\/wp-json\/wp\/v2\/tags?post=65250"}],"curies":[{"name":"wp","href":"https:\/\/api.w.org\/{rel}","templated":true}]}}