{"id":65254,"date":"2021-08-04T16:29:01","date_gmt":"2021-08-04T19:29:01","guid":{"rendered":"https:\/\/www.gaveanews.com\/?p=65254"},"modified":"2021-08-04T16:29:03","modified_gmt":"2021-08-04T19:29:03","slug":"stjd-aceita-pedido-realizado-pela-diretoria-flamengo","status":"publish","type":"post","link":"https:\/\/www.gaveanews.com\/index.php\/2021\/08\/04\/stjd-aceita-pedido-realizado-pela-diretoria-flamengo\/","title":{"rendered":"STJD aceita pedido realizado pela diretoria Flamengo"},"content":{"rendered":"\n<p>O STJD aceitou o pedido do Flamengo e liberou a volta do p\u00fablico aos est\u00e1dios quando o clube for o mandante nas competi\u00e7\u00f5es organizadas pela CBF, o Brasileiro e a Copa do Brasil. Em seu despacho, o presidente Ot\u00e1vio Noronha ressaltou que a libera\u00e7\u00e3o \u00e9 apenas para a carga m\u00e1xima estabelecida pelos munic\u00edpios e se forem cumpridas todas as exig\u00eancias das autoridades locais.<\/p>\n\n\n\n<p><strong>Confira a \u00edntegra do despacho do presidente do STJD:<\/strong><\/p>\n\n\n\n<p><em>\u201cA Confedera\u00e7\u00e3o Brasileira de Futebol, no uso de suas atribui\u00e7\u00f5es, editou sua \u201cDiretriz T\u00e9cnica Operacional de Retorno das Competi\u00e7\u00f5es\u201d, estabelecendo, logo em seu item 1, que a retomada do futebol dar-se-ia sem p\u00fablico, e que qualquer altera\u00e7\u00e3o nesse quando seria devidamente comunicado.<\/em><\/p>\n\n\n\n<p><em>Naquela quadra, vigorava nos mais diversos estados e munic\u00edpios, determina\u00e7\u00f5es sanit\u00e1rias emanadas pelas autoridades competentes, restringindo a circula\u00e7\u00e3o de pessoas e impedindo a realiza\u00e7\u00e3o de toda sorte de eventos, dentre os quais, os desportivos.<\/em><\/p>\n\n\n\n<p><em>Neste meio tempo, muito se discutiu no Pa\u00eds, ali\u00e1s, a respeito da compet\u00eancia dos pr\u00f3prios entes p\u00fablicos, para editar normas relacionadas ao combate \u00e0 Pandemia, tendo o Eg. STF, por ocasi\u00e3o do julgamento da ADI 6.341, sob relatoria do I. Min. Marco Aur\u00e9lio, pontificado que estados e munic\u00edpio t\u00eam autonomia para fixar as medidas que entendam adequadas para a prote\u00e7\u00e3o de sua popula\u00e7\u00e3o; sendo que, diante da evolu\u00e7\u00e3o observada no quadro vivenciado, diversas edilidades v\u00eam, paulatinamente, permitindo a retomada e a realiza\u00e7\u00e3o de eventos, observadas limita\u00e7\u00f5es e cautelas necess\u00e1rias.<\/em><\/p>\n\n\n\n<p><em>Como se colhe da documenta\u00e7\u00e3o que instrui a presente Medida Inominada, esse \u00e9 o caso do Munic\u00edpio da Cidade do Rio de Janeiro, al\u00e9m de como se sabe, Bras\u00edlia e Belo Horizonte, localidades onde j\u00e1 se encontra autorizado, atrav\u00e9s de atos expedidos pelas autoridades competentes, a libera\u00e7\u00e3o gradativa e o retorno do p\u00fablico aos est\u00e1dios de futebol, observados determinados limites de ocupa\u00e7\u00e3o m\u00e1xima em percentual calculado sobre a capacidade instalada da pra\u00e7a desportiva, e desde que observadas as regras estabelecidas nos planos de retorno elaborados pelas respectivas Secretarias de Sa\u00fade e Autoridades Sanit\u00e1rias.<\/em><\/p>\n\n\n\n<p><em>Sucede que mesmo diante desta nova moldura, a CBF, at\u00e9 o presente momento, nada alterou em suas diretrizes, mantendo a proibi\u00e7\u00e3o de p\u00fablico nas partidas relacionadas aos Torneios sob sua organiza\u00e7\u00e3o.<\/em><\/p>\n\n\n\n<p><em>Com efeito, a atua\u00e7\u00e3o da entidade de administra\u00e7\u00e3o do desporto em suas delibera\u00e7\u00f5es acerca de medidas relacionadas ao combate \u00e0 Pandemia COVID-19, deve ser pautada e limitada \u00e0 luz das regras basilares do Estado Democr\u00e1tico de Direito e de fundamentos Republicanos do nosso sistema jur\u00eddico-constitucional.<\/em><\/p>\n\n\n\n<p><em>N\u00e3o cabe em princ\u00edpio, \u00e0 Entidade de Administra\u00e7\u00e3o do Desporto, se imiscuir e negar vig\u00eancia \u00e0 execu\u00e7\u00e3o do conjunto de medidas adotadas pelo Estado, para a retomada gradual das atividades \u2013 inclusive com reflexos na economia \u2013 por lhe faltar, al\u00e9m de compet\u00eancia, o adequado respaldo t\u00e9cnico e a legitimidade atribu\u00edda aos governantes democraticamente eleitos.<\/em><\/p>\n\n\n\n<p><em>No caso, \u00e9 de se presumir que as decis\u00f5es adotadas pelas Edilidades, contam, estas sim, com o respaldo t\u00e9cnico necess\u00e1rio para a decis\u00e3o tomada em rela\u00e7\u00e3o \u00e0 autoriza\u00e7\u00e3o da retomada do ingresso de Torcedores aos est\u00e1dios, observados crit\u00e9rios e dados t\u00e9cnicos e cient\u00edficos.<\/em><\/p>\n\n\n\n<p><em>Lado outro, \u00e9 fato not\u00f3rio, que hoje no Brasil, j\u00e1 v\u00eam ocorrendo diversas competi\u00e7\u00f5es de Futebol \u2013 como Copa Am\u00e9rica e Ta\u00e7a Libertadores da Am\u00e9rica \u2013 onde, contando com a autoriza\u00e7\u00e3o das autoridades sanit\u00e1rias locais, houve a presen\u00e7a de p\u00fablico, em nada se justificando a negativa de vig\u00eancia pela CBF das orienta\u00e7\u00f5es advindas das autoridades competentes, em detrimento do interesse da Agremia\u00e7\u00e3o requerente.<\/em><\/p>\n\n\n\n<p><em>Pelo exposto \u00e9 que na forma que autoriza o art. 119 do CBJD, e considerando a presen\u00e7a de verossimilhan\u00e7a nas alega\u00e7\u00f5es trazidas pelo Clube Requerente, bem como a exist\u00eancia do perigo de demora, em vista que os preju\u00edzos experimentados s\u00e3o ineg\u00e1veis e imediatos, tenho por bem RECEBER a presente Medida Inominada e DEFERIR a liminar vindicada no sentido de liberar o retorno do p\u00fablico aos Est\u00e1dios nos jogos sob o mando do C. R. do Flamengo, realizados em pra\u00e7as desportivas localizadas dentro de Munic\u00edpios que assim o permita, e desde que observada a presen\u00e7a m\u00e1xima estabelecida pela Edilidade e cumpridas todas exig\u00eancias da Secretaria de Sa\u00fade e Autoridades Sanit\u00e1rias locais, enquanto perdurar libera\u00e7\u00e3o das Autoridades competentes neste sentido.<\/em><\/p>\n\n\n\n<p><em>Cite-se a CBF, ora requerida, para em querendo apresentar sua resposta, no prazo legal\u201d, justificou Ot\u00e1vio Noronha.<\/em><\/p>\n\n\n\n<p>Retirado de: Globo Esporte<\/p>\n","protected":false},"excerpt":{"rendered":"<p>O STJD aceitou o pedido do Flamengo e liberou a volta do p\u00fablico aos est\u00e1dios quando o clube for o mandante nas competi\u00e7\u00f5es organizadas pela CBF, o Brasileiro e a Copa do Brasil. Em seu despacho, o presidente Ot\u00e1vio Noronha ressaltou que a libera\u00e7\u00e3o \u00e9 apenas para a carga m\u00e1xima estabelecida pelos munic\u00edpios e se [&hellip;]<\/p>\n","protected":false},"author":1,"featured_media":36980,"comment_status":"open","ping_status":"closed","sticky":false,"template":"","format":"standard","meta":{"footnotes":""},"categories":[1],"tags":[],"class_list":["post-65254","post","type-post","status-publish","format-standard","has-post-thumbnail","hentry","category-flamengo"],"yoast_head":"<!-- This site is optimized with the Yoast SEO Premium plugin v24.2 (Yoast SEO v26.9) - https:\/\/yoast.com\/product\/yoast-seo-premium-wordpress\/ -->\n<title>STJD aceita pedido realizado pela diretoria Flamengo<\/title>\n<meta name=\"robots\" content=\"index, follow, max-snippet:-1, max-image-preview:large, max-video-preview:-1\" \/>\n<link rel=\"canonical\" href=\"https:\/\/www.gaveanews.com\/index.php\/2021\/08\/04\/stjd-aceita-pedido-realizado-pela-diretoria-flamengo\/\" \/>\n<meta property=\"og:locale\" content=\"pt_BR\" \/>\n<meta property=\"og:type\" content=\"article\" \/>\n<meta property=\"og:title\" content=\"STJD aceita pedido realizado pela diretoria Flamengo\" \/>\n<meta property=\"og:description\" content=\"O STJD aceitou o pedido do Flamengo e liberou a volta do p\u00fablico aos est\u00e1dios quando o clube for o mandante nas competi\u00e7\u00f5es organizadas pela CBF, o Brasileiro e a Copa do Brasil. Em seu despacho, o presidente Ot\u00e1vio Noronha ressaltou que a libera\u00e7\u00e3o \u00e9 apenas para a carga m\u00e1xima estabelecida pelos munic\u00edpios e se [&hellip;]\" \/>\n<meta property=\"og:url\" content=\"https:\/\/www.gaveanews.com\/index.php\/2021\/08\/04\/stjd-aceita-pedido-realizado-pela-diretoria-flamengo\/\" \/>\n<meta property=\"og:site_name\" content=\"G\u00e1vea News\" \/>\n<meta property=\"article:publisher\" content=\"https:\/\/facebook.com\/gaveaNews\/\" \/>\n<meta property=\"article:published_time\" content=\"2021-08-04T19:29:01+00:00\" \/>\n<meta property=\"article:modified_time\" content=\"2021-08-04T19:29:03+00:00\" \/>\n<meta property=\"og:image\" content=\"https:\/\/www.gaveanews.com\/wp-content\/uploads\/stjd.webp\" \/>\n\t<meta property=\"og:image:width\" content=\"1200\" \/>\n\t<meta property=\"og:image:height\" content=\"675\" \/>\n\t<meta property=\"og:image:type\" content=\"image\/jpeg\" \/>\n<meta name=\"author\" content=\"Equipe G\u00e1vea News\" \/>\n<meta name=\"twitter:card\" content=\"summary_large_image\" \/>\n<meta name=\"twitter:label1\" content=\"Escrito por\" \/>\n\t<meta name=\"twitter:data1\" content=\"Equipe G\u00e1vea News\" \/>\n\t<meta name=\"twitter:label2\" content=\"Est. tempo de leitura\" \/>\n\t<meta name=\"twitter:data2\" content=\"4 minutos\" \/>\n<script type=\"application\/ld+json\" class=\"yoast-schema-graph\">{\"@context\":\"https:\/\/schema.org\",\"@graph\":[{\"@type\":\"NewsArticle\",\"@id\":\"https:\/\/www.gaveanews.com\/index.php\/2021\/08\/04\/stjd-aceita-pedido-realizado-pela-diretoria-flamengo\/#article\",\"isPartOf\":{\"@id\":\"https:\/\/www.gaveanews.com\/index.php\/2021\/08\/04\/stjd-aceita-pedido-realizado-pela-diretoria-flamengo\/\"},\"author\":{\"name\":\"Equipe G\u00e1vea News\",\"@id\":\"https:\/\/www.gaveanews.com\/#\/schema\/person\/2ec14f73fb96be2caf28f91afb14749d\"},\"headline\":\"STJD aceita pedido realizado pela diretoria Flamengo\",\"datePublished\":\"2021-08-04T19:29:01+00:00\",\"dateModified\":\"2021-08-04T19:29:03+00:00\",\"mainEntityOfPage\":{\"@id\":\"https:\/\/www.gaveanews.com\/index.php\/2021\/08\/04\/stjd-aceita-pedido-realizado-pela-diretoria-flamengo\/\"},\"wordCount\":801,\"commentCount\":5,\"image\":{\"@id\":\"https:\/\/www.gaveanews.com\/index.php\/2021\/08\/04\/stjd-aceita-pedido-realizado-pela-diretoria-flamengo\/#primaryimage\"},\"thumbnailUrl\":\"https:\/\/www.gaveanews.com\/wp-content\/uploads\/stjd.webp\",\"articleSection\":[\"Flamengo\"],\"inLanguage\":\"pt-BR\",\"potentialAction\":[{\"@type\":\"CommentAction\",\"name\":\"Comment\",\"target\":[\"https:\/\/www.gaveanews.com\/index.php\/2021\/08\/04\/stjd-aceita-pedido-realizado-pela-diretoria-flamengo\/#respond\"]}],\"copyrightYear\":\"2021\",\"copyrightHolder\":{\"@id\":\"https:\/\/www.gaveanews.com\/#organization\"}},{\"@type\":\"WebPage\",\"@id\":\"https:\/\/www.gaveanews.com\/index.php\/2021\/08\/04\/stjd-aceita-pedido-realizado-pela-diretoria-flamengo\/\",\"url\":\"https:\/\/www.gaveanews.com\/index.php\/2021\/08\/04\/stjd-aceita-pedido-realizado-pela-diretoria-flamengo\/\",\"name\":\"STJD aceita pedido realizado pela diretoria Flamengo\",\"isPartOf\":{\"@id\":\"https:\/\/www.gaveanews.com\/#website\"},\"primaryImageOfPage\":{\"@id\":\"https:\/\/www.gaveanews.com\/index.php\/2021\/08\/04\/stjd-aceita-pedido-realizado-pela-diretoria-flamengo\/#primaryimage\"},\"image\":{\"@id\":\"https:\/\/www.gaveanews.com\/index.php\/2021\/08\/04\/stjd-aceita-pedido-realizado-pela-diretoria-flamengo\/#primaryimage\"},\"thumbnailUrl\":\"https:\/\/www.gaveanews.com\/wp-content\/uploads\/stjd.webp\",\"datePublished\":\"2021-08-04T19:29:01+00:00\",\"dateModified\":\"2021-08-04T19:29:03+00:00\",\"author\":{\"@id\":\"https:\/\/www.gaveanews.com\/#\/schema\/person\/2ec14f73fb96be2caf28f91afb14749d\"},\"breadcrumb\":{\"@id\":\"https:\/\/www.gaveanews.com\/index.php\/2021\/08\/04\/stjd-aceita-pedido-realizado-pela-diretoria-flamengo\/#breadcrumb\"},\"inLanguage\":\"pt-BR\",\"potentialAction\":[{\"@type\":\"ReadAction\",\"target\":[\"https:\/\/www.gaveanews.com\/index.php\/2021\/08\/04\/stjd-aceita-pedido-realizado-pela-diretoria-flamengo\/\"]}]},{\"@type\":\"ImageObject\",\"inLanguage\":\"pt-BR\",\"@id\":\"https:\/\/www.gaveanews.com\/index.php\/2021\/08\/04\/stjd-aceita-pedido-realizado-pela-diretoria-flamengo\/#primaryimage\",\"url\":\"https:\/\/www.gaveanews.com\/wp-content\/uploads\/stjd.webp\",\"contentUrl\":\"https:\/\/www.gaveanews.com\/wp-content\/uploads\/stjd.webp\",\"width\":1200,\"height\":675},{\"@type\":\"BreadcrumbList\",\"@id\":\"https:\/\/www.gaveanews.com\/index.php\/2021\/08\/04\/stjd-aceita-pedido-realizado-pela-diretoria-flamengo\/#breadcrumb\",\"itemListElement\":[{\"@type\":\"ListItem\",\"position\":1,\"name\":\"Home\",\"item\":\"https:\/\/www.gaveanews.com\/\"},{\"@type\":\"ListItem\",\"position\":2,\"name\":\"STJD aceita pedido realizado pela diretoria Flamengo\"}]},{\"@type\":\"WebSite\",\"@id\":\"https:\/\/www.gaveanews.com\/#website\",\"url\":\"https:\/\/www.gaveanews.com\/\",\"name\":\"G\u00e1vea News\",\"description\":\"Veja todas as not\u00edcias sobre o Flamengo: Contrata\u00e7\u00f5es, categorias de base, resultados das partidas, tabela de classifica\u00e7\u00e3o, pr\u00f3ximos jogos!\",\"potentialAction\":[{\"@type\":\"SearchAction\",\"target\":{\"@type\":\"EntryPoint\",\"urlTemplate\":\"https:\/\/www.gaveanews.com\/?s={search_term_string}\"},\"query-input\":{\"@type\":\"PropertyValueSpecification\",\"valueRequired\":true,\"valueName\":\"search_term_string\"}}],\"inLanguage\":\"pt-BR\"},{\"@type\":\"Person\",\"@id\":\"https:\/\/www.gaveanews.com\/#\/schema\/person\/2ec14f73fb96be2caf28f91afb14749d\",\"name\":\"Equipe G\u00e1vea News\",\"image\":{\"@type\":\"ImageObject\",\"inLanguage\":\"pt-BR\",\"@id\":\"https:\/\/www.gaveanews.com\/#\/schema\/person\/image\/\",\"url\":\"https:\/\/secure.gravatar.com\/avatar\/1e1956f1facbffd3f8fa53a326721950116b3b9dc9bd44939c01180fd4a745a9?s=96&d=mm&r=g\",\"contentUrl\":\"https:\/\/secure.gravatar.com\/avatar\/1e1956f1facbffd3f8fa53a326721950116b3b9dc9bd44939c01180fd4a745a9?s=96&d=mm&r=g\",\"caption\":\"Equipe G\u00e1vea News\"}}]}<\/script>\n<!-- \/ Yoast SEO Premium plugin. -->","yoast_head_json":{"title":"STJD aceita pedido realizado pela diretoria Flamengo","robots":{"index":"index","follow":"follow","max-snippet":"max-snippet:-1","max-image-preview":"max-image-preview:large","max-video-preview":"max-video-preview:-1"},"canonical":"https:\/\/www.gaveanews.com\/index.php\/2021\/08\/04\/stjd-aceita-pedido-realizado-pela-diretoria-flamengo\/","og_locale":"pt_BR","og_type":"article","og_title":"STJD aceita pedido realizado pela diretoria Flamengo","og_description":"O STJD aceitou o pedido do Flamengo e liberou a volta do p\u00fablico aos est\u00e1dios quando o clube for o mandante nas competi\u00e7\u00f5es organizadas pela CBF, o Brasileiro e a Copa do Brasil. Em seu despacho, o presidente Ot\u00e1vio Noronha ressaltou que a libera\u00e7\u00e3o \u00e9 apenas para a carga m\u00e1xima estabelecida pelos munic\u00edpios e se [&hellip;]","og_url":"https:\/\/www.gaveanews.com\/index.php\/2021\/08\/04\/stjd-aceita-pedido-realizado-pela-diretoria-flamengo\/","og_site_name":"G\u00e1vea News","article_publisher":"https:\/\/facebook.com\/gaveaNews\/","article_published_time":"2021-08-04T19:29:01+00:00","article_modified_time":"2021-08-04T19:29:03+00:00","og_image":[{"width":1200,"height":675,"url":"https:\/\/www.gaveanews.com\/wp-content\/uploads\/stjd.webp","type":"image\/jpeg"}],"author":"Equipe G\u00e1vea News","twitter_card":"summary_large_image","twitter_misc":{"Escrito por":"Equipe G\u00e1vea News","Est. tempo de leitura":"4 minutos"},"schema":{"@context":"https:\/\/schema.org","@graph":[{"@type":"NewsArticle","@id":"https:\/\/www.gaveanews.com\/index.php\/2021\/08\/04\/stjd-aceita-pedido-realizado-pela-diretoria-flamengo\/#article","isPartOf":{"@id":"https:\/\/www.gaveanews.com\/index.php\/2021\/08\/04\/stjd-aceita-pedido-realizado-pela-diretoria-flamengo\/"},"author":{"name":"Equipe G\u00e1vea News","@id":"https:\/\/www.gaveanews.com\/#\/schema\/person\/2ec14f73fb96be2caf28f91afb14749d"},"headline":"STJD aceita pedido realizado pela diretoria Flamengo","datePublished":"2021-08-04T19:29:01+00:00","dateModified":"2021-08-04T19:29:03+00:00","mainEntityOfPage":{"@id":"https:\/\/www.gaveanews.com\/index.php\/2021\/08\/04\/stjd-aceita-pedido-realizado-pela-diretoria-flamengo\/"},"wordCount":801,"commentCount":5,"image":{"@id":"https:\/\/www.gaveanews.com\/index.php\/2021\/08\/04\/stjd-aceita-pedido-realizado-pela-diretoria-flamengo\/#primaryimage"},"thumbnailUrl":"https:\/\/www.gaveanews.com\/wp-content\/uploads\/stjd.webp","articleSection":["Flamengo"],"inLanguage":"pt-BR","potentialAction":[{"@type":"CommentAction","name":"Comment","target":["https:\/\/www.gaveanews.com\/index.php\/2021\/08\/04\/stjd-aceita-pedido-realizado-pela-diretoria-flamengo\/#respond"]}],"copyrightYear":"2021","copyrightHolder":{"@id":"https:\/\/www.gaveanews.com\/#organization"}},{"@type":"WebPage","@id":"https:\/\/www.gaveanews.com\/index.php\/2021\/08\/04\/stjd-aceita-pedido-realizado-pela-diretoria-flamengo\/","url":"https:\/\/www.gaveanews.com\/index.php\/2021\/08\/04\/stjd-aceita-pedido-realizado-pela-diretoria-flamengo\/","name":"STJD aceita pedido realizado pela diretoria Flamengo","isPartOf":{"@id":"https:\/\/www.gaveanews.com\/#website"},"primaryImageOfPage":{"@id":"https:\/\/www.gaveanews.com\/index.php\/2021\/08\/04\/stjd-aceita-pedido-realizado-pela-diretoria-flamengo\/#primaryimage"},"image":{"@id":"https:\/\/www.gaveanews.com\/index.php\/2021\/08\/04\/stjd-aceita-pedido-realizado-pela-diretoria-flamengo\/#primaryimage"},"thumbnailUrl":"https:\/\/www.gaveanews.com\/wp-content\/uploads\/stjd.webp","datePublished":"2021-08-04T19:29:01+00:00","dateModified":"2021-08-04T19:29:03+00:00","author":{"@id":"https:\/\/www.gaveanews.com\/#\/schema\/person\/2ec14f73fb96be2caf28f91afb14749d"},"breadcrumb":{"@id":"https:\/\/www.gaveanews.com\/index.php\/2021\/08\/04\/stjd-aceita-pedido-realizado-pela-diretoria-flamengo\/#breadcrumb"},"inLanguage":"pt-BR","potentialAction":[{"@type":"ReadAction","target":["https:\/\/www.gaveanews.com\/index.php\/2021\/08\/04\/stjd-aceita-pedido-realizado-pela-diretoria-flamengo\/"]}]},{"@type":"ImageObject","inLanguage":"pt-BR","@id":"https:\/\/www.gaveanews.com\/index.php\/2021\/08\/04\/stjd-aceita-pedido-realizado-pela-diretoria-flamengo\/#primaryimage","url":"https:\/\/www.gaveanews.com\/wp-content\/uploads\/stjd.webp","contentUrl":"https:\/\/www.gaveanews.com\/wp-content\/uploads\/stjd.webp","width":1200,"height":675},{"@type":"BreadcrumbList","@id":"https:\/\/www.gaveanews.com\/index.php\/2021\/08\/04\/stjd-aceita-pedido-realizado-pela-diretoria-flamengo\/#breadcrumb","itemListElement":[{"@type":"ListItem","position":1,"name":"Home","item":"https:\/\/www.gaveanews.com\/"},{"@type":"ListItem","position":2,"name":"STJD aceita pedido realizado pela diretoria Flamengo"}]},{"@type":"WebSite","@id":"https:\/\/www.gaveanews.com\/#website","url":"https:\/\/www.gaveanews.com\/","name":"G\u00e1vea News","description":"Veja todas as not\u00edcias sobre o Flamengo: Contrata\u00e7\u00f5es, categorias de base, resultados das partidas, tabela de classifica\u00e7\u00e3o, pr\u00f3ximos jogos!","potentialAction":[{"@type":"SearchAction","target":{"@type":"EntryPoint","urlTemplate":"https:\/\/www.gaveanews.com\/?s={search_term_string}"},"query-input":{"@type":"PropertyValueSpecification","valueRequired":true,"valueName":"search_term_string"}}],"inLanguage":"pt-BR"},{"@type":"Person","@id":"https:\/\/www.gaveanews.com\/#\/schema\/person\/2ec14f73fb96be2caf28f91afb14749d","name":"Equipe G\u00e1vea News","image":{"@type":"ImageObject","inLanguage":"pt-BR","@id":"https:\/\/www.gaveanews.com\/#\/schema\/person\/image\/","url":"https:\/\/secure.gravatar.com\/avatar\/1e1956f1facbffd3f8fa53a326721950116b3b9dc9bd44939c01180fd4a745a9?s=96&d=mm&r=g","contentUrl":"https:\/\/secure.gravatar.com\/avatar\/1e1956f1facbffd3f8fa53a326721950116b3b9dc9bd44939c01180fd4a745a9?s=96&d=mm&r=g","caption":"Equipe G\u00e1vea News"}}]}},"_links":{"self":[{"href":"https:\/\/www.gaveanews.com\/index.php\/wp-json\/wp\/v2\/posts\/65254","targetHints":{"allow":["GET"]}}],"collection":[{"href":"https:\/\/www.gaveanews.com\/index.php\/wp-json\/wp\/v2\/posts"}],"about":[{"href":"https:\/\/www.gaveanews.com\/index.php\/wp-json\/wp\/v2\/types\/post"}],"author":[{"embeddable":true,"href":"https:\/\/www.gaveanews.com\/index.php\/wp-json\/wp\/v2\/users\/1"}],"replies":[{"embeddable":true,"href":"https:\/\/www.gaveanews.com\/index.php\/wp-json\/wp\/v2\/comments?post=65254"}],"version-history":[{"count":0,"href":"https:\/\/www.gaveanews.com\/index.php\/wp-json\/wp\/v2\/posts\/65254\/revisions"}],"wp:featuredmedia":[{"embeddable":true,"href":"https:\/\/www.gaveanews.com\/index.php\/wp-json\/wp\/v2\/media\/36980"}],"wp:attachment":[{"href":"https:\/\/www.gaveanews.com\/index.php\/wp-json\/wp\/v2\/media?parent=65254"}],"wp:term":[{"taxonomy":"category","embeddable":true,"href":"https:\/\/www.gaveanews.com\/index.php\/wp-json\/wp\/v2\/categories?post=65254"},{"taxonomy":"post_tag","embeddable":true,"href":"https:\/\/www.gaveanews.com\/index.php\/wp-json\/wp\/v2\/tags?post=65254"}],"curies":[{"name":"wp","href":"https:\/\/api.w.org\/{rel}","templated":true}]}}