{"id":65279,"date":"2021-08-05T09:56:26","date_gmt":"2021-08-05T12:56:26","guid":{"rendered":"https:\/\/www.gaveanews.com\/?p=65279"},"modified":"2021-08-05T09:56:29","modified_gmt":"2021-08-05T12:56:29","slug":"marcelo-salles-comanda-o-flamengo-com-respaldo-de-renato-e-otimos-numeros","status":"publish","type":"post","link":"https:\/\/www.gaveanews.com\/index.php\/2021\/08\/05\/marcelo-salles-comanda-o-flamengo-com-respaldo-de-renato-e-otimos-numeros\/","title":{"rendered":"Marcelo Salles comanda o Flamengo com respaldo de Renato e \u00f3timos n\u00fameros"},"content":{"rendered":"\n<p>Antes da passagem memor\u00e1vel de Jorge Jesus, coube a Marcelo Salles, conhecido como &#8220;Fera&#8221;, a miss\u00e3o de treinar o Flamengo ap\u00f3s a queda de Abel Braga. Os resultados foram excelentes, e, agora, de volta ao clube assim que Renato Ga\u00facho foi contratado, est\u00e1 incumbido de comandar o time alternativo que enfrentar\u00e1 o ABC nesta quinta-feira, pela partida &#8220;protocolar&#8221; de volta das oitavas da Copa do Brasil, onde o Rubro-Negro chega com um vantagem de 6-0.<\/p>\n\n\n\n<p>Marcelo Salles far\u00e1 a sua reestreia \u00e0 beira do campo. Ele foi desligado pela atual diretoria do clube em meio a cortes feitos durante a pandemia, em maio de 2020. Agora, a pedido de Renato Ga\u00facho, volta ao Flamengo para ser auxiliar permanente da equipe profissional. E a miss\u00e3o \u00e9 manter a toada de onde parou.<\/p>\n\n\n\n<p>Isso porque, na transi\u00e7\u00e3o entre Abel Braga e Jorge Jesus, &#8220;Fera&#8221; ficou \u00e0 frente do Flamengo em quatro jogos. N\u00e3o perdeu e nem sequer sofreu gols. Foram tr\u00eas vit\u00f3rias (2&#215;0 contra o Fortaleza e CSA e 1&#215;0 diante do Corinthians) e um empate (com o Fluminense), todos pelo Brasileiro de 2019, o qual pode ostentar o t\u00edtulo de campe\u00e3o, como j\u00e1 havia ocorrido em 2009, quando era auxiliar de Andrade.<\/p>\n\n\n\n<p>O aproveitamento dele em 2019 foi de 82%. J\u00e1 com Jesus no Flamengo, Marcelo Salles foi escanteado, sem a necessidade de ida ao Ninho, mas n\u00e3o demitido. O clube optou por integr\u00e1-lo numa turma da CBF que qualifica treinadores, e o &#8220;Fera&#8221; intensificou cursos presenciais e online, no Brasil e no exterior.<\/p>\n\n\n\n<p>Antes de findar a \u00faltima passagem, Salles ainda atuou como coordenador da base nos primeiros meses de 2020. Agora, com o respaldo da nova comiss\u00e3o t\u00e9cnica, que o auxiliar\u00e1 por telefone, como Renato j\u00e1 externou, tem a chance de dar um novo passo importante no clube e manter a sua invencibilidade.<\/p>\n\n\n\n<p>O jogo entre Flamengo e ABC ser\u00e1 realizado \u00e0s 21h30 desta quinta-feira, na Arena das Dunas. H\u00e1 11 jogadores do time sub-20 relacionados, e Marcelo Salles tem a faca e o queijo na m\u00e3o para dar rodagem a pe\u00e7as importantes e aumentar o leque de Portaluppi visando ao restante da temporada.<\/p>\n\n\n\n<p>Retirado de: Lance<\/p>\n","protected":false},"excerpt":{"rendered":"<p>Antes da passagem memor\u00e1vel de Jorge Jesus, coube a Marcelo Salles, conhecido como &#8220;Fera&#8221;, a miss\u00e3o de treinar o Flamengo ap\u00f3s a queda de Abel Braga. Os resultados foram excelentes, e, agora, de volta ao clube assim que Renato Ga\u00facho foi contratado, est\u00e1 incumbido de comandar o time alternativo que enfrentar\u00e1 o ABC nesta quinta-feira, [&hellip;]<\/p>\n","protected":false},"author":1,"featured_media":65201,"comment_status":"open","ping_status":"closed","sticky":false,"template":"","format":"standard","meta":{"footnotes":""},"categories":[1],"tags":[],"class_list":["post-65279","post","type-post","status-publish","format-standard","has-post-thumbnail","hentry","category-flamengo"],"yoast_head":"<!-- This site is optimized with the Yoast SEO Premium plugin v24.2 (Yoast SEO v26.9) - https:\/\/yoast.com\/product\/yoast-seo-premium-wordpress\/ -->\n<title>Marcelo Salles comanda o Flamengo com respaldo de Renato e \u00f3timos n\u00fameros<\/title>\n<meta name=\"robots\" content=\"index, follow, max-snippet:-1, max-image-preview:large, max-video-preview:-1\" \/>\n<link rel=\"canonical\" href=\"https:\/\/www.gaveanews.com\/index.php\/2021\/08\/05\/marcelo-salles-comanda-o-flamengo-com-respaldo-de-renato-e-otimos-numeros\/\" \/>\n<meta property=\"og:locale\" content=\"pt_BR\" \/>\n<meta property=\"og:type\" content=\"article\" \/>\n<meta property=\"og:title\" content=\"Marcelo Salles comanda o Flamengo com respaldo de Renato e \u00f3timos n\u00fameros\" \/>\n<meta property=\"og:description\" content=\"Antes da passagem memor\u00e1vel de Jorge Jesus, coube a Marcelo Salles, conhecido como &#8220;Fera&#8221;, a miss\u00e3o de treinar o Flamengo ap\u00f3s a queda de Abel Braga. Os resultados foram excelentes, e, agora, de volta ao clube assim que Renato Ga\u00facho foi contratado, est\u00e1 incumbido de comandar o time alternativo que enfrentar\u00e1 o ABC nesta quinta-feira, [&hellip;]\" \/>\n<meta property=\"og:url\" content=\"https:\/\/www.gaveanews.com\/index.php\/2021\/08\/05\/marcelo-salles-comanda-o-flamengo-com-respaldo-de-renato-e-otimos-numeros\/\" \/>\n<meta property=\"og:site_name\" content=\"G\u00e1vea News\" \/>\n<meta property=\"article:publisher\" content=\"https:\/\/facebook.com\/gaveaNews\/\" \/>\n<meta property=\"article:published_time\" content=\"2021-08-05T12:56:26+00:00\" \/>\n<meta property=\"article:modified_time\" content=\"2021-08-05T12:56:29+00:00\" \/>\n<meta property=\"og:image\" content=\"https:\/\/www.gaveanews.com\/wp-content\/uploads\/Renato-Gaucho-observa-os-jogadores-do-Flamengo-durante-um-treinamento-no-Ninho-do-Urubu.webp\" \/>\n\t<meta property=\"og:image:width\" content=\"800\" \/>\n\t<meta property=\"og:image:height\" content=\"533\" \/>\n\t<meta property=\"og:image:type\" content=\"image\/jpeg\" \/>\n<meta name=\"author\" content=\"Equipe G\u00e1vea News\" \/>\n<meta name=\"twitter:card\" content=\"summary_large_image\" \/>\n<meta name=\"twitter:label1\" content=\"Escrito por\" \/>\n\t<meta name=\"twitter:data1\" content=\"Equipe G\u00e1vea News\" \/>\n\t<meta name=\"twitter:label2\" content=\"Est. tempo de leitura\" \/>\n\t<meta name=\"twitter:data2\" content=\"2 minutos\" \/>\n<script type=\"application\/ld+json\" class=\"yoast-schema-graph\">{\"@context\":\"https:\/\/schema.org\",\"@graph\":[{\"@type\":\"NewsArticle\",\"@id\":\"https:\/\/www.gaveanews.com\/index.php\/2021\/08\/05\/marcelo-salles-comanda-o-flamengo-com-respaldo-de-renato-e-otimos-numeros\/#article\",\"isPartOf\":{\"@id\":\"https:\/\/www.gaveanews.com\/index.php\/2021\/08\/05\/marcelo-salles-comanda-o-flamengo-com-respaldo-de-renato-e-otimos-numeros\/\"},\"author\":{\"name\":\"Equipe G\u00e1vea News\",\"@id\":\"https:\/\/www.gaveanews.com\/#\/schema\/person\/2ec14f73fb96be2caf28f91afb14749d\"},\"headline\":\"Marcelo Salles comanda o Flamengo com respaldo de Renato e \u00f3timos n\u00fameros\",\"datePublished\":\"2021-08-05T12:56:26+00:00\",\"dateModified\":\"2021-08-05T12:56:29+00:00\",\"mainEntityOfPage\":{\"@id\":\"https:\/\/www.gaveanews.com\/index.php\/2021\/08\/05\/marcelo-salles-comanda-o-flamengo-com-respaldo-de-renato-e-otimos-numeros\/\"},\"wordCount\":379,\"commentCount\":0,\"image\":{\"@id\":\"https:\/\/www.gaveanews.com\/index.php\/2021\/08\/05\/marcelo-salles-comanda-o-flamengo-com-respaldo-de-renato-e-otimos-numeros\/#primaryimage\"},\"thumbnailUrl\":\"https:\/\/www.gaveanews.com\/wp-content\/uploads\/Renato-Gaucho-observa-os-jogadores-do-Flamengo-durante-um-treinamento-no-Ninho-do-Urubu.webp\",\"articleSection\":[\"Flamengo\"],\"inLanguage\":\"pt-BR\",\"potentialAction\":[{\"@type\":\"CommentAction\",\"name\":\"Comment\",\"target\":[\"https:\/\/www.gaveanews.com\/index.php\/2021\/08\/05\/marcelo-salles-comanda-o-flamengo-com-respaldo-de-renato-e-otimos-numeros\/#respond\"]}],\"copyrightYear\":\"2021\",\"copyrightHolder\":{\"@id\":\"https:\/\/www.gaveanews.com\/#organization\"}},{\"@type\":\"WebPage\",\"@id\":\"https:\/\/www.gaveanews.com\/index.php\/2021\/08\/05\/marcelo-salles-comanda-o-flamengo-com-respaldo-de-renato-e-otimos-numeros\/\",\"url\":\"https:\/\/www.gaveanews.com\/index.php\/2021\/08\/05\/marcelo-salles-comanda-o-flamengo-com-respaldo-de-renato-e-otimos-numeros\/\",\"name\":\"Marcelo Salles comanda o Flamengo com respaldo de Renato e \u00f3timos n\u00fameros\",\"isPartOf\":{\"@id\":\"https:\/\/www.gaveanews.com\/#website\"},\"primaryImageOfPage\":{\"@id\":\"https:\/\/www.gaveanews.com\/index.php\/2021\/08\/05\/marcelo-salles-comanda-o-flamengo-com-respaldo-de-renato-e-otimos-numeros\/#primaryimage\"},\"image\":{\"@id\":\"https:\/\/www.gaveanews.com\/index.php\/2021\/08\/05\/marcelo-salles-comanda-o-flamengo-com-respaldo-de-renato-e-otimos-numeros\/#primaryimage\"},\"thumbnailUrl\":\"https:\/\/www.gaveanews.com\/wp-content\/uploads\/Renato-Gaucho-observa-os-jogadores-do-Flamengo-durante-um-treinamento-no-Ninho-do-Urubu.webp\",\"datePublished\":\"2021-08-05T12:56:26+00:00\",\"dateModified\":\"2021-08-05T12:56:29+00:00\",\"author\":{\"@id\":\"https:\/\/www.gaveanews.com\/#\/schema\/person\/2ec14f73fb96be2caf28f91afb14749d\"},\"breadcrumb\":{\"@id\":\"https:\/\/www.gaveanews.com\/index.php\/2021\/08\/05\/marcelo-salles-comanda-o-flamengo-com-respaldo-de-renato-e-otimos-numeros\/#breadcrumb\"},\"inLanguage\":\"pt-BR\",\"potentialAction\":[{\"@type\":\"ReadAction\",\"target\":[\"https:\/\/www.gaveanews.com\/index.php\/2021\/08\/05\/marcelo-salles-comanda-o-flamengo-com-respaldo-de-renato-e-otimos-numeros\/\"]}]},{\"@type\":\"ImageObject\",\"inLanguage\":\"pt-BR\",\"@id\":\"https:\/\/www.gaveanews.com\/index.php\/2021\/08\/05\/marcelo-salles-comanda-o-flamengo-com-respaldo-de-renato-e-otimos-numeros\/#primaryimage\",\"url\":\"https:\/\/www.gaveanews.com\/wp-content\/uploads\/Renato-Gaucho-observa-os-jogadores-do-Flamengo-durante-um-treinamento-no-Ninho-do-Urubu.webp\",\"contentUrl\":\"https:\/\/www.gaveanews.com\/wp-content\/uploads\/Renato-Gaucho-observa-os-jogadores-do-Flamengo-durante-um-treinamento-no-Ninho-do-Urubu.webp\",\"width\":800,\"height\":533,\"caption\":\"Renato Ga\u00facho observa os jogadores do Flamengo durante um treinamento no Ninho do Urubu (Foto: Alexandre Vidal\/Flamengo)\"},{\"@type\":\"BreadcrumbList\",\"@id\":\"https:\/\/www.gaveanews.com\/index.php\/2021\/08\/05\/marcelo-salles-comanda-o-flamengo-com-respaldo-de-renato-e-otimos-numeros\/#breadcrumb\",\"itemListElement\":[{\"@type\":\"ListItem\",\"position\":1,\"name\":\"Home\",\"item\":\"https:\/\/www.gaveanews.com\/\"},{\"@type\":\"ListItem\",\"position\":2,\"name\":\"Marcelo Salles comanda o Flamengo com respaldo de Renato e \u00f3timos n\u00fameros\"}]},{\"@type\":\"WebSite\",\"@id\":\"https:\/\/www.gaveanews.com\/#website\",\"url\":\"https:\/\/www.gaveanews.com\/\",\"name\":\"G\u00e1vea News\",\"description\":\"Veja todas as not\u00edcias sobre o Flamengo: Contrata\u00e7\u00f5es, categorias de base, resultados das partidas, tabela de classifica\u00e7\u00e3o, pr\u00f3ximos jogos!\",\"potentialAction\":[{\"@type\":\"SearchAction\",\"target\":{\"@type\":\"EntryPoint\",\"urlTemplate\":\"https:\/\/www.gaveanews.com\/?s={search_term_string}\"},\"query-input\":{\"@type\":\"PropertyValueSpecification\",\"valueRequired\":true,\"valueName\":\"search_term_string\"}}],\"inLanguage\":\"pt-BR\"},{\"@type\":\"Person\",\"@id\":\"https:\/\/www.gaveanews.com\/#\/schema\/person\/2ec14f73fb96be2caf28f91afb14749d\",\"name\":\"Equipe G\u00e1vea News\",\"image\":{\"@type\":\"ImageObject\",\"inLanguage\":\"pt-BR\",\"@id\":\"https:\/\/www.gaveanews.com\/#\/schema\/person\/image\/\",\"url\":\"https:\/\/secure.gravatar.com\/avatar\/1e1956f1facbffd3f8fa53a326721950116b3b9dc9bd44939c01180fd4a745a9?s=96&d=mm&r=g\",\"contentUrl\":\"https:\/\/secure.gravatar.com\/avatar\/1e1956f1facbffd3f8fa53a326721950116b3b9dc9bd44939c01180fd4a745a9?s=96&d=mm&r=g\",\"caption\":\"Equipe G\u00e1vea News\"}}]}<\/script>\n<!-- \/ Yoast SEO Premium plugin. -->","yoast_head_json":{"title":"Marcelo Salles comanda o Flamengo com respaldo de Renato e \u00f3timos n\u00fameros","robots":{"index":"index","follow":"follow","max-snippet":"max-snippet:-1","max-image-preview":"max-image-preview:large","max-video-preview":"max-video-preview:-1"},"canonical":"https:\/\/www.gaveanews.com\/index.php\/2021\/08\/05\/marcelo-salles-comanda-o-flamengo-com-respaldo-de-renato-e-otimos-numeros\/","og_locale":"pt_BR","og_type":"article","og_title":"Marcelo Salles comanda o Flamengo com respaldo de Renato e \u00f3timos n\u00fameros","og_description":"Antes da passagem memor\u00e1vel de Jorge Jesus, coube a Marcelo Salles, conhecido como &#8220;Fera&#8221;, a miss\u00e3o de treinar o Flamengo ap\u00f3s a queda de Abel Braga. Os resultados foram excelentes, e, agora, de volta ao clube assim que Renato Ga\u00facho foi contratado, est\u00e1 incumbido de comandar o time alternativo que enfrentar\u00e1 o ABC nesta quinta-feira, [&hellip;]","og_url":"https:\/\/www.gaveanews.com\/index.php\/2021\/08\/05\/marcelo-salles-comanda-o-flamengo-com-respaldo-de-renato-e-otimos-numeros\/","og_site_name":"G\u00e1vea News","article_publisher":"https:\/\/facebook.com\/gaveaNews\/","article_published_time":"2021-08-05T12:56:26+00:00","article_modified_time":"2021-08-05T12:56:29+00:00","og_image":[{"width":800,"height":533,"url":"https:\/\/www.gaveanews.com\/wp-content\/uploads\/Renato-Gaucho-observa-os-jogadores-do-Flamengo-durante-um-treinamento-no-Ninho-do-Urubu.webp","type":"image\/jpeg"}],"author":"Equipe G\u00e1vea News","twitter_card":"summary_large_image","twitter_misc":{"Escrito por":"Equipe G\u00e1vea News","Est. tempo de leitura":"2 minutos"},"schema":{"@context":"https:\/\/schema.org","@graph":[{"@type":"NewsArticle","@id":"https:\/\/www.gaveanews.com\/index.php\/2021\/08\/05\/marcelo-salles-comanda-o-flamengo-com-respaldo-de-renato-e-otimos-numeros\/#article","isPartOf":{"@id":"https:\/\/www.gaveanews.com\/index.php\/2021\/08\/05\/marcelo-salles-comanda-o-flamengo-com-respaldo-de-renato-e-otimos-numeros\/"},"author":{"name":"Equipe G\u00e1vea News","@id":"https:\/\/www.gaveanews.com\/#\/schema\/person\/2ec14f73fb96be2caf28f91afb14749d"},"headline":"Marcelo Salles comanda o Flamengo com respaldo de Renato e \u00f3timos n\u00fameros","datePublished":"2021-08-05T12:56:26+00:00","dateModified":"2021-08-05T12:56:29+00:00","mainEntityOfPage":{"@id":"https:\/\/www.gaveanews.com\/index.php\/2021\/08\/05\/marcelo-salles-comanda-o-flamengo-com-respaldo-de-renato-e-otimos-numeros\/"},"wordCount":379,"commentCount":0,"image":{"@id":"https:\/\/www.gaveanews.com\/index.php\/2021\/08\/05\/marcelo-salles-comanda-o-flamengo-com-respaldo-de-renato-e-otimos-numeros\/#primaryimage"},"thumbnailUrl":"https:\/\/www.gaveanews.com\/wp-content\/uploads\/Renato-Gaucho-observa-os-jogadores-do-Flamengo-durante-um-treinamento-no-Ninho-do-Urubu.webp","articleSection":["Flamengo"],"inLanguage":"pt-BR","potentialAction":[{"@type":"CommentAction","name":"Comment","target":["https:\/\/www.gaveanews.com\/index.php\/2021\/08\/05\/marcelo-salles-comanda-o-flamengo-com-respaldo-de-renato-e-otimos-numeros\/#respond"]}],"copyrightYear":"2021","copyrightHolder":{"@id":"https:\/\/www.gaveanews.com\/#organization"}},{"@type":"WebPage","@id":"https:\/\/www.gaveanews.com\/index.php\/2021\/08\/05\/marcelo-salles-comanda-o-flamengo-com-respaldo-de-renato-e-otimos-numeros\/","url":"https:\/\/www.gaveanews.com\/index.php\/2021\/08\/05\/marcelo-salles-comanda-o-flamengo-com-respaldo-de-renato-e-otimos-numeros\/","name":"Marcelo Salles comanda o Flamengo com respaldo de Renato e \u00f3timos n\u00fameros","isPartOf":{"@id":"https:\/\/www.gaveanews.com\/#website"},"primaryImageOfPage":{"@id":"https:\/\/www.gaveanews.com\/index.php\/2021\/08\/05\/marcelo-salles-comanda-o-flamengo-com-respaldo-de-renato-e-otimos-numeros\/#primaryimage"},"image":{"@id":"https:\/\/www.gaveanews.com\/index.php\/2021\/08\/05\/marcelo-salles-comanda-o-flamengo-com-respaldo-de-renato-e-otimos-numeros\/#primaryimage"},"thumbnailUrl":"https:\/\/www.gaveanews.com\/wp-content\/uploads\/Renato-Gaucho-observa-os-jogadores-do-Flamengo-durante-um-treinamento-no-Ninho-do-Urubu.webp","datePublished":"2021-08-05T12:56:26+00:00","dateModified":"2021-08-05T12:56:29+00:00","author":{"@id":"https:\/\/www.gaveanews.com\/#\/schema\/person\/2ec14f73fb96be2caf28f91afb14749d"},"breadcrumb":{"@id":"https:\/\/www.gaveanews.com\/index.php\/2021\/08\/05\/marcelo-salles-comanda-o-flamengo-com-respaldo-de-renato-e-otimos-numeros\/#breadcrumb"},"inLanguage":"pt-BR","potentialAction":[{"@type":"ReadAction","target":["https:\/\/www.gaveanews.com\/index.php\/2021\/08\/05\/marcelo-salles-comanda-o-flamengo-com-respaldo-de-renato-e-otimos-numeros\/"]}]},{"@type":"ImageObject","inLanguage":"pt-BR","@id":"https:\/\/www.gaveanews.com\/index.php\/2021\/08\/05\/marcelo-salles-comanda-o-flamengo-com-respaldo-de-renato-e-otimos-numeros\/#primaryimage","url":"https:\/\/www.gaveanews.com\/wp-content\/uploads\/Renato-Gaucho-observa-os-jogadores-do-Flamengo-durante-um-treinamento-no-Ninho-do-Urubu.webp","contentUrl":"https:\/\/www.gaveanews.com\/wp-content\/uploads\/Renato-Gaucho-observa-os-jogadores-do-Flamengo-durante-um-treinamento-no-Ninho-do-Urubu.webp","width":800,"height":533,"caption":"Renato Ga\u00facho observa os jogadores do Flamengo durante um treinamento no Ninho do Urubu (Foto: Alexandre Vidal\/Flamengo)"},{"@type":"BreadcrumbList","@id":"https:\/\/www.gaveanews.com\/index.php\/2021\/08\/05\/marcelo-salles-comanda-o-flamengo-com-respaldo-de-renato-e-otimos-numeros\/#breadcrumb","itemListElement":[{"@type":"ListItem","position":1,"name":"Home","item":"https:\/\/www.gaveanews.com\/"},{"@type":"ListItem","position":2,"name":"Marcelo Salles comanda o Flamengo com respaldo de Renato e \u00f3timos n\u00fameros"}]},{"@type":"WebSite","@id":"https:\/\/www.gaveanews.com\/#website","url":"https:\/\/www.gaveanews.com\/","name":"G\u00e1vea News","description":"Veja todas as not\u00edcias sobre o Flamengo: Contrata\u00e7\u00f5es, categorias de base, resultados das partidas, tabela de classifica\u00e7\u00e3o, pr\u00f3ximos jogos!","potentialAction":[{"@type":"SearchAction","target":{"@type":"EntryPoint","urlTemplate":"https:\/\/www.gaveanews.com\/?s={search_term_string}"},"query-input":{"@type":"PropertyValueSpecification","valueRequired":true,"valueName":"search_term_string"}}],"inLanguage":"pt-BR"},{"@type":"Person","@id":"https:\/\/www.gaveanews.com\/#\/schema\/person\/2ec14f73fb96be2caf28f91afb14749d","name":"Equipe G\u00e1vea News","image":{"@type":"ImageObject","inLanguage":"pt-BR","@id":"https:\/\/www.gaveanews.com\/#\/schema\/person\/image\/","url":"https:\/\/secure.gravatar.com\/avatar\/1e1956f1facbffd3f8fa53a326721950116b3b9dc9bd44939c01180fd4a745a9?s=96&d=mm&r=g","contentUrl":"https:\/\/secure.gravatar.com\/avatar\/1e1956f1facbffd3f8fa53a326721950116b3b9dc9bd44939c01180fd4a745a9?s=96&d=mm&r=g","caption":"Equipe G\u00e1vea News"}}]}},"_links":{"self":[{"href":"https:\/\/www.gaveanews.com\/index.php\/wp-json\/wp\/v2\/posts\/65279","targetHints":{"allow":["GET"]}}],"collection":[{"href":"https:\/\/www.gaveanews.com\/index.php\/wp-json\/wp\/v2\/posts"}],"about":[{"href":"https:\/\/www.gaveanews.com\/index.php\/wp-json\/wp\/v2\/types\/post"}],"author":[{"embeddable":true,"href":"https:\/\/www.gaveanews.com\/index.php\/wp-json\/wp\/v2\/users\/1"}],"replies":[{"embeddable":true,"href":"https:\/\/www.gaveanews.com\/index.php\/wp-json\/wp\/v2\/comments?post=65279"}],"version-history":[{"count":0,"href":"https:\/\/www.gaveanews.com\/index.php\/wp-json\/wp\/v2\/posts\/65279\/revisions"}],"wp:featuredmedia":[{"embeddable":true,"href":"https:\/\/www.gaveanews.com\/index.php\/wp-json\/wp\/v2\/media\/65201"}],"wp:attachment":[{"href":"https:\/\/www.gaveanews.com\/index.php\/wp-json\/wp\/v2\/media?parent=65279"}],"wp:term":[{"taxonomy":"category","embeddable":true,"href":"https:\/\/www.gaveanews.com\/index.php\/wp-json\/wp\/v2\/categories?post=65279"},{"taxonomy":"post_tag","embeddable":true,"href":"https:\/\/www.gaveanews.com\/index.php\/wp-json\/wp\/v2\/tags?post=65279"}],"curies":[{"name":"wp","href":"https:\/\/api.w.org\/{rel}","templated":true}]}}