{"id":65281,"date":"2021-08-05T10:59:20","date_gmt":"2021-08-05T13:59:20","guid":{"rendered":"https:\/\/www.gaveanews.com\/?p=65281"},"modified":"2021-08-05T10:59:22","modified_gmt":"2021-08-05T13:59:22","slug":"sem-escolha-flamengo-ja-cogita-pagar-pelo-emprestimo-de-thiago-mendes","status":"publish","type":"post","link":"https:\/\/www.gaveanews.com\/index.php\/2021\/08\/05\/sem-escolha-flamengo-ja-cogita-pagar-pelo-emprestimo-de-thiago-mendes\/","title":{"rendered":"Sem escolha, Flamengo j\u00e1 cogita pagar pelo empr\u00e9stimo de Thiago Mendes"},"content":{"rendered":"\n<p>Na Fran\u00e7a, Marcos Braz e Bruno Spindel tiveram nesta ter\u00e7a-feira (03), mais uma rodada de reuni\u00f5es para tentar fechar a contrata\u00e7\u00e3o de Thiago Mendes para o Flamengo. Apesar do otimismo da diretoria, a negocia\u00e7\u00e3o pelo empr\u00e9stimo do jogador ainda n\u00e3o teve um desfecho positivo.<\/p>\n\n\n\n<p>Mesmo com a conversa \u201colho no olho\u201d, os dirigentes do Lyon continuam firmes nos valores definidos pelo volante de 29 anos. O Flamengo, junto com o pr\u00f3prio Thiago Mendes, que j\u00e1 pediu, mais de uma vez, para ser negociado, mant\u00e9m a paci\u00eancia e jogam com o \u201ctempo\u201d.<\/p>\n\n\n\n<p>Apesar de algumas sondagens, nenhum outro clube colocou proposta na mesa do Lyon pelo jogador e o Flamengo aparece como \u00fanico candidato. Sem clima no clube por ter deixado claro o desejo de sair, \u00e9 dif\u00edcil que o Lyon consiga segurar Thiago Mendes.<\/p>\n\n\n\n<p>Para tentar \u201cganhar\u201d os franceses, o Flamengo j\u00e1 n\u00e3o descarta pagar pelo empr\u00e9stimo, desde que os valores sejam abatidos em caso de uma eventual compra ao final do acordo. Esta seria uma op\u00e7\u00e3o dos rubro-negros para evitar a cl\u00e1usula de obrigatoriedade de compra.<\/p>\n\n\n\n<p>O Lyon investiu mais de 20 milh\u00f5es de euros (cerca de R$ 86 milh\u00f5es \u00e0 \u00e9poca) para contratar Thiago Mendes em 2019. Na ocasi\u00e3o, o volante se destacou com a camisa do Lille e foi comprado pelo atual clube onde Juninho Pernambucano \u00e9 dirigente. Por conta do alto investimento e a necessidade de levantar receita ap\u00f3s a n\u00e3o classifica\u00e7\u00e3o para a Champions, os franceses seguem fazendo jogo duro e querem o neg\u00f3cio em definitivo.<\/p>\n\n\n\n<p>Retirado de: Goal<\/p>\n","protected":false},"excerpt":{"rendered":"<p>Na Fran\u00e7a, Marcos Braz e Bruno Spindel tiveram nesta ter\u00e7a-feira (03), mais uma rodada de reuni\u00f5es para tentar fechar a contrata\u00e7\u00e3o de Thiago Mendes para o Flamengo. Apesar do otimismo da diretoria, a negocia\u00e7\u00e3o pelo empr\u00e9stimo do jogador ainda n\u00e3o teve um desfecho positivo. Mesmo com a conversa \u201colho no olho\u201d, os dirigentes do Lyon [&hellip;]<\/p>\n","protected":false},"author":1,"featured_media":65205,"comment_status":"open","ping_status":"closed","sticky":false,"template":"","format":"standard","meta":{"footnotes":""},"categories":[48],"tags":[],"class_list":["post-65281","post","type-post","status-publish","format-standard","has-post-thumbnail","hentry","category-negociacoes"],"yoast_head":"<!-- This site is optimized with the Yoast SEO Premium plugin v24.2 (Yoast SEO v26.9) - https:\/\/yoast.com\/product\/yoast-seo-premium-wordpress\/ -->\n<title>Sem escolha, Flamengo j\u00e1 cogita pagar pelo empr\u00e9stimo de Thiago Mendes<\/title>\n<meta name=\"robots\" content=\"index, follow, max-snippet:-1, max-image-preview:large, max-video-preview:-1\" \/>\n<link rel=\"canonical\" href=\"https:\/\/www.gaveanews.com\/index.php\/2021\/08\/05\/sem-escolha-flamengo-ja-cogita-pagar-pelo-emprestimo-de-thiago-mendes\/\" \/>\n<meta property=\"og:locale\" content=\"pt_BR\" \/>\n<meta property=\"og:type\" content=\"article\" \/>\n<meta property=\"og:title\" content=\"Sem escolha, Flamengo j\u00e1 cogita pagar pelo empr\u00e9stimo de Thiago Mendes\" \/>\n<meta property=\"og:description\" content=\"Na Fran\u00e7a, Marcos Braz e Bruno Spindel tiveram nesta ter\u00e7a-feira (03), mais uma rodada de reuni\u00f5es para tentar fechar a contrata\u00e7\u00e3o de Thiago Mendes para o Flamengo. Apesar do otimismo da diretoria, a negocia\u00e7\u00e3o pelo empr\u00e9stimo do jogador ainda n\u00e3o teve um desfecho positivo. Mesmo com a conversa \u201colho no olho\u201d, os dirigentes do Lyon [&hellip;]\" \/>\n<meta property=\"og:url\" content=\"https:\/\/www.gaveanews.com\/index.php\/2021\/08\/05\/sem-escolha-flamengo-ja-cogita-pagar-pelo-emprestimo-de-thiago-mendes\/\" \/>\n<meta property=\"og:site_name\" content=\"G\u00e1vea News\" \/>\n<meta property=\"article:publisher\" content=\"https:\/\/facebook.com\/gaveaNews\/\" \/>\n<meta property=\"article:published_time\" content=\"2021-08-05T13:59:20+00:00\" \/>\n<meta property=\"article:modified_time\" content=\"2021-08-05T13:59:22+00:00\" \/>\n<meta property=\"og:image\" content=\"https:\/\/www.gaveanews.com\/wp-content\/uploads\/Thiago-Mendes-durante-treinamento-do-Lyon.webp\" \/>\n\t<meta property=\"og:image:width\" content=\"1179\" \/>\n\t<meta property=\"og:image:height\" content=\"663\" \/>\n\t<meta property=\"og:image:type\" content=\"image\/jpeg\" \/>\n<meta name=\"author\" content=\"Equipe G\u00e1vea News\" \/>\n<meta name=\"twitter:card\" content=\"summary_large_image\" \/>\n<meta name=\"twitter:label1\" content=\"Escrito por\" \/>\n\t<meta name=\"twitter:data1\" content=\"Equipe G\u00e1vea News\" \/>\n\t<meta name=\"twitter:label2\" content=\"Est. tempo de leitura\" \/>\n\t<meta name=\"twitter:data2\" content=\"2 minutos\" \/>\n<script type=\"application\/ld+json\" class=\"yoast-schema-graph\">{\"@context\":\"https:\/\/schema.org\",\"@graph\":[{\"@type\":\"NewsArticle\",\"@id\":\"https:\/\/www.gaveanews.com\/index.php\/2021\/08\/05\/sem-escolha-flamengo-ja-cogita-pagar-pelo-emprestimo-de-thiago-mendes\/#article\",\"isPartOf\":{\"@id\":\"https:\/\/www.gaveanews.com\/index.php\/2021\/08\/05\/sem-escolha-flamengo-ja-cogita-pagar-pelo-emprestimo-de-thiago-mendes\/\"},\"author\":{\"name\":\"Equipe G\u00e1vea News\",\"@id\":\"https:\/\/www.gaveanews.com\/#\/schema\/person\/2ec14f73fb96be2caf28f91afb14749d\"},\"headline\":\"Sem escolha, Flamengo j\u00e1 cogita pagar pelo empr\u00e9stimo de Thiago Mendes\",\"datePublished\":\"2021-08-05T13:59:20+00:00\",\"dateModified\":\"2021-08-05T13:59:22+00:00\",\"mainEntityOfPage\":{\"@id\":\"https:\/\/www.gaveanews.com\/index.php\/2021\/08\/05\/sem-escolha-flamengo-ja-cogita-pagar-pelo-emprestimo-de-thiago-mendes\/\"},\"wordCount\":280,\"commentCount\":38,\"image\":{\"@id\":\"https:\/\/www.gaveanews.com\/index.php\/2021\/08\/05\/sem-escolha-flamengo-ja-cogita-pagar-pelo-emprestimo-de-thiago-mendes\/#primaryimage\"},\"thumbnailUrl\":\"https:\/\/www.gaveanews.com\/wp-content\/uploads\/Thiago-Mendes-durante-treinamento-do-Lyon.webp\",\"articleSection\":[\"Negocia\u00e7\u00f5es\"],\"inLanguage\":\"pt-BR\",\"potentialAction\":[{\"@type\":\"CommentAction\",\"name\":\"Comment\",\"target\":[\"https:\/\/www.gaveanews.com\/index.php\/2021\/08\/05\/sem-escolha-flamengo-ja-cogita-pagar-pelo-emprestimo-de-thiago-mendes\/#respond\"]}],\"copyrightYear\":\"2021\",\"copyrightHolder\":{\"@id\":\"https:\/\/www.gaveanews.com\/#organization\"}},{\"@type\":\"WebPage\",\"@id\":\"https:\/\/www.gaveanews.com\/index.php\/2021\/08\/05\/sem-escolha-flamengo-ja-cogita-pagar-pelo-emprestimo-de-thiago-mendes\/\",\"url\":\"https:\/\/www.gaveanews.com\/index.php\/2021\/08\/05\/sem-escolha-flamengo-ja-cogita-pagar-pelo-emprestimo-de-thiago-mendes\/\",\"name\":\"Sem escolha, Flamengo j\u00e1 cogita pagar pelo empr\u00e9stimo de Thiago Mendes\",\"isPartOf\":{\"@id\":\"https:\/\/www.gaveanews.com\/#website\"},\"primaryImageOfPage\":{\"@id\":\"https:\/\/www.gaveanews.com\/index.php\/2021\/08\/05\/sem-escolha-flamengo-ja-cogita-pagar-pelo-emprestimo-de-thiago-mendes\/#primaryimage\"},\"image\":{\"@id\":\"https:\/\/www.gaveanews.com\/index.php\/2021\/08\/05\/sem-escolha-flamengo-ja-cogita-pagar-pelo-emprestimo-de-thiago-mendes\/#primaryimage\"},\"thumbnailUrl\":\"https:\/\/www.gaveanews.com\/wp-content\/uploads\/Thiago-Mendes-durante-treinamento-do-Lyon.webp\",\"datePublished\":\"2021-08-05T13:59:20+00:00\",\"dateModified\":\"2021-08-05T13:59:22+00:00\",\"author\":{\"@id\":\"https:\/\/www.gaveanews.com\/#\/schema\/person\/2ec14f73fb96be2caf28f91afb14749d\"},\"breadcrumb\":{\"@id\":\"https:\/\/www.gaveanews.com\/index.php\/2021\/08\/05\/sem-escolha-flamengo-ja-cogita-pagar-pelo-emprestimo-de-thiago-mendes\/#breadcrumb\"},\"inLanguage\":\"pt-BR\",\"potentialAction\":[{\"@type\":\"ReadAction\",\"target\":[\"https:\/\/www.gaveanews.com\/index.php\/2021\/08\/05\/sem-escolha-flamengo-ja-cogita-pagar-pelo-emprestimo-de-thiago-mendes\/\"]}]},{\"@type\":\"ImageObject\",\"inLanguage\":\"pt-BR\",\"@id\":\"https:\/\/www.gaveanews.com\/index.php\/2021\/08\/05\/sem-escolha-flamengo-ja-cogita-pagar-pelo-emprestimo-de-thiago-mendes\/#primaryimage\",\"url\":\"https:\/\/www.gaveanews.com\/wp-content\/uploads\/Thiago-Mendes-durante-treinamento-do-Lyon.webp\",\"contentUrl\":\"https:\/\/www.gaveanews.com\/wp-content\/uploads\/Thiago-Mendes-durante-treinamento-do-Lyon.webp\",\"width\":1179,\"height\":663,\"caption\":\"Thiago Mendes durante treinamento do Lyon (Foto: Divulga\u00e7\u00e3o\/Lyon)\"},{\"@type\":\"BreadcrumbList\",\"@id\":\"https:\/\/www.gaveanews.com\/index.php\/2021\/08\/05\/sem-escolha-flamengo-ja-cogita-pagar-pelo-emprestimo-de-thiago-mendes\/#breadcrumb\",\"itemListElement\":[{\"@type\":\"ListItem\",\"position\":1,\"name\":\"Home\",\"item\":\"https:\/\/www.gaveanews.com\/\"},{\"@type\":\"ListItem\",\"position\":2,\"name\":\"Sem escolha, Flamengo j\u00e1 cogita pagar pelo empr\u00e9stimo de Thiago Mendes\"}]},{\"@type\":\"WebSite\",\"@id\":\"https:\/\/www.gaveanews.com\/#website\",\"url\":\"https:\/\/www.gaveanews.com\/\",\"name\":\"G\u00e1vea News\",\"description\":\"Veja todas as not\u00edcias sobre o Flamengo: Contrata\u00e7\u00f5es, categorias de base, resultados das partidas, tabela de classifica\u00e7\u00e3o, pr\u00f3ximos jogos!\",\"potentialAction\":[{\"@type\":\"SearchAction\",\"target\":{\"@type\":\"EntryPoint\",\"urlTemplate\":\"https:\/\/www.gaveanews.com\/?s={search_term_string}\"},\"query-input\":{\"@type\":\"PropertyValueSpecification\",\"valueRequired\":true,\"valueName\":\"search_term_string\"}}],\"inLanguage\":\"pt-BR\"},{\"@type\":\"Person\",\"@id\":\"https:\/\/www.gaveanews.com\/#\/schema\/person\/2ec14f73fb96be2caf28f91afb14749d\",\"name\":\"Equipe G\u00e1vea News\",\"image\":{\"@type\":\"ImageObject\",\"inLanguage\":\"pt-BR\",\"@id\":\"https:\/\/www.gaveanews.com\/#\/schema\/person\/image\/\",\"url\":\"https:\/\/secure.gravatar.com\/avatar\/1e1956f1facbffd3f8fa53a326721950116b3b9dc9bd44939c01180fd4a745a9?s=96&d=mm&r=g\",\"contentUrl\":\"https:\/\/secure.gravatar.com\/avatar\/1e1956f1facbffd3f8fa53a326721950116b3b9dc9bd44939c01180fd4a745a9?s=96&d=mm&r=g\",\"caption\":\"Equipe G\u00e1vea News\"}}]}<\/script>\n<!-- \/ Yoast SEO Premium plugin. -->","yoast_head_json":{"title":"Sem escolha, Flamengo j\u00e1 cogita pagar pelo empr\u00e9stimo de Thiago Mendes","robots":{"index":"index","follow":"follow","max-snippet":"max-snippet:-1","max-image-preview":"max-image-preview:large","max-video-preview":"max-video-preview:-1"},"canonical":"https:\/\/www.gaveanews.com\/index.php\/2021\/08\/05\/sem-escolha-flamengo-ja-cogita-pagar-pelo-emprestimo-de-thiago-mendes\/","og_locale":"pt_BR","og_type":"article","og_title":"Sem escolha, Flamengo j\u00e1 cogita pagar pelo empr\u00e9stimo de Thiago Mendes","og_description":"Na Fran\u00e7a, Marcos Braz e Bruno Spindel tiveram nesta ter\u00e7a-feira (03), mais uma rodada de reuni\u00f5es para tentar fechar a contrata\u00e7\u00e3o de Thiago Mendes para o Flamengo. Apesar do otimismo da diretoria, a negocia\u00e7\u00e3o pelo empr\u00e9stimo do jogador ainda n\u00e3o teve um desfecho positivo. Mesmo com a conversa \u201colho no olho\u201d, os dirigentes do Lyon [&hellip;]","og_url":"https:\/\/www.gaveanews.com\/index.php\/2021\/08\/05\/sem-escolha-flamengo-ja-cogita-pagar-pelo-emprestimo-de-thiago-mendes\/","og_site_name":"G\u00e1vea News","article_publisher":"https:\/\/facebook.com\/gaveaNews\/","article_published_time":"2021-08-05T13:59:20+00:00","article_modified_time":"2021-08-05T13:59:22+00:00","og_image":[{"width":1179,"height":663,"url":"https:\/\/www.gaveanews.com\/wp-content\/uploads\/Thiago-Mendes-durante-treinamento-do-Lyon.webp","type":"image\/jpeg"}],"author":"Equipe G\u00e1vea News","twitter_card":"summary_large_image","twitter_misc":{"Escrito por":"Equipe G\u00e1vea News","Est. tempo de leitura":"2 minutos"},"schema":{"@context":"https:\/\/schema.org","@graph":[{"@type":"NewsArticle","@id":"https:\/\/www.gaveanews.com\/index.php\/2021\/08\/05\/sem-escolha-flamengo-ja-cogita-pagar-pelo-emprestimo-de-thiago-mendes\/#article","isPartOf":{"@id":"https:\/\/www.gaveanews.com\/index.php\/2021\/08\/05\/sem-escolha-flamengo-ja-cogita-pagar-pelo-emprestimo-de-thiago-mendes\/"},"author":{"name":"Equipe G\u00e1vea News","@id":"https:\/\/www.gaveanews.com\/#\/schema\/person\/2ec14f73fb96be2caf28f91afb14749d"},"headline":"Sem escolha, Flamengo j\u00e1 cogita pagar pelo empr\u00e9stimo de Thiago Mendes","datePublished":"2021-08-05T13:59:20+00:00","dateModified":"2021-08-05T13:59:22+00:00","mainEntityOfPage":{"@id":"https:\/\/www.gaveanews.com\/index.php\/2021\/08\/05\/sem-escolha-flamengo-ja-cogita-pagar-pelo-emprestimo-de-thiago-mendes\/"},"wordCount":280,"commentCount":38,"image":{"@id":"https:\/\/www.gaveanews.com\/index.php\/2021\/08\/05\/sem-escolha-flamengo-ja-cogita-pagar-pelo-emprestimo-de-thiago-mendes\/#primaryimage"},"thumbnailUrl":"https:\/\/www.gaveanews.com\/wp-content\/uploads\/Thiago-Mendes-durante-treinamento-do-Lyon.webp","articleSection":["Negocia\u00e7\u00f5es"],"inLanguage":"pt-BR","potentialAction":[{"@type":"CommentAction","name":"Comment","target":["https:\/\/www.gaveanews.com\/index.php\/2021\/08\/05\/sem-escolha-flamengo-ja-cogita-pagar-pelo-emprestimo-de-thiago-mendes\/#respond"]}],"copyrightYear":"2021","copyrightHolder":{"@id":"https:\/\/www.gaveanews.com\/#organization"}},{"@type":"WebPage","@id":"https:\/\/www.gaveanews.com\/index.php\/2021\/08\/05\/sem-escolha-flamengo-ja-cogita-pagar-pelo-emprestimo-de-thiago-mendes\/","url":"https:\/\/www.gaveanews.com\/index.php\/2021\/08\/05\/sem-escolha-flamengo-ja-cogita-pagar-pelo-emprestimo-de-thiago-mendes\/","name":"Sem escolha, Flamengo j\u00e1 cogita pagar pelo empr\u00e9stimo de Thiago Mendes","isPartOf":{"@id":"https:\/\/www.gaveanews.com\/#website"},"primaryImageOfPage":{"@id":"https:\/\/www.gaveanews.com\/index.php\/2021\/08\/05\/sem-escolha-flamengo-ja-cogita-pagar-pelo-emprestimo-de-thiago-mendes\/#primaryimage"},"image":{"@id":"https:\/\/www.gaveanews.com\/index.php\/2021\/08\/05\/sem-escolha-flamengo-ja-cogita-pagar-pelo-emprestimo-de-thiago-mendes\/#primaryimage"},"thumbnailUrl":"https:\/\/www.gaveanews.com\/wp-content\/uploads\/Thiago-Mendes-durante-treinamento-do-Lyon.webp","datePublished":"2021-08-05T13:59:20+00:00","dateModified":"2021-08-05T13:59:22+00:00","author":{"@id":"https:\/\/www.gaveanews.com\/#\/schema\/person\/2ec14f73fb96be2caf28f91afb14749d"},"breadcrumb":{"@id":"https:\/\/www.gaveanews.com\/index.php\/2021\/08\/05\/sem-escolha-flamengo-ja-cogita-pagar-pelo-emprestimo-de-thiago-mendes\/#breadcrumb"},"inLanguage":"pt-BR","potentialAction":[{"@type":"ReadAction","target":["https:\/\/www.gaveanews.com\/index.php\/2021\/08\/05\/sem-escolha-flamengo-ja-cogita-pagar-pelo-emprestimo-de-thiago-mendes\/"]}]},{"@type":"ImageObject","inLanguage":"pt-BR","@id":"https:\/\/www.gaveanews.com\/index.php\/2021\/08\/05\/sem-escolha-flamengo-ja-cogita-pagar-pelo-emprestimo-de-thiago-mendes\/#primaryimage","url":"https:\/\/www.gaveanews.com\/wp-content\/uploads\/Thiago-Mendes-durante-treinamento-do-Lyon.webp","contentUrl":"https:\/\/www.gaveanews.com\/wp-content\/uploads\/Thiago-Mendes-durante-treinamento-do-Lyon.webp","width":1179,"height":663,"caption":"Thiago Mendes durante treinamento do Lyon (Foto: Divulga\u00e7\u00e3o\/Lyon)"},{"@type":"BreadcrumbList","@id":"https:\/\/www.gaveanews.com\/index.php\/2021\/08\/05\/sem-escolha-flamengo-ja-cogita-pagar-pelo-emprestimo-de-thiago-mendes\/#breadcrumb","itemListElement":[{"@type":"ListItem","position":1,"name":"Home","item":"https:\/\/www.gaveanews.com\/"},{"@type":"ListItem","position":2,"name":"Sem escolha, Flamengo j\u00e1 cogita pagar pelo empr\u00e9stimo de Thiago Mendes"}]},{"@type":"WebSite","@id":"https:\/\/www.gaveanews.com\/#website","url":"https:\/\/www.gaveanews.com\/","name":"G\u00e1vea News","description":"Veja todas as not\u00edcias sobre o Flamengo: Contrata\u00e7\u00f5es, categorias de base, resultados das partidas, tabela de classifica\u00e7\u00e3o, pr\u00f3ximos jogos!","potentialAction":[{"@type":"SearchAction","target":{"@type":"EntryPoint","urlTemplate":"https:\/\/www.gaveanews.com\/?s={search_term_string}"},"query-input":{"@type":"PropertyValueSpecification","valueRequired":true,"valueName":"search_term_string"}}],"inLanguage":"pt-BR"},{"@type":"Person","@id":"https:\/\/www.gaveanews.com\/#\/schema\/person\/2ec14f73fb96be2caf28f91afb14749d","name":"Equipe G\u00e1vea News","image":{"@type":"ImageObject","inLanguage":"pt-BR","@id":"https:\/\/www.gaveanews.com\/#\/schema\/person\/image\/","url":"https:\/\/secure.gravatar.com\/avatar\/1e1956f1facbffd3f8fa53a326721950116b3b9dc9bd44939c01180fd4a745a9?s=96&d=mm&r=g","contentUrl":"https:\/\/secure.gravatar.com\/avatar\/1e1956f1facbffd3f8fa53a326721950116b3b9dc9bd44939c01180fd4a745a9?s=96&d=mm&r=g","caption":"Equipe G\u00e1vea News"}}]}},"_links":{"self":[{"href":"https:\/\/www.gaveanews.com\/index.php\/wp-json\/wp\/v2\/posts\/65281","targetHints":{"allow":["GET"]}}],"collection":[{"href":"https:\/\/www.gaveanews.com\/index.php\/wp-json\/wp\/v2\/posts"}],"about":[{"href":"https:\/\/www.gaveanews.com\/index.php\/wp-json\/wp\/v2\/types\/post"}],"author":[{"embeddable":true,"href":"https:\/\/www.gaveanews.com\/index.php\/wp-json\/wp\/v2\/users\/1"}],"replies":[{"embeddable":true,"href":"https:\/\/www.gaveanews.com\/index.php\/wp-json\/wp\/v2\/comments?post=65281"}],"version-history":[{"count":0,"href":"https:\/\/www.gaveanews.com\/index.php\/wp-json\/wp\/v2\/posts\/65281\/revisions"}],"wp:featuredmedia":[{"embeddable":true,"href":"https:\/\/www.gaveanews.com\/index.php\/wp-json\/wp\/v2\/media\/65205"}],"wp:attachment":[{"href":"https:\/\/www.gaveanews.com\/index.php\/wp-json\/wp\/v2\/media?parent=65281"}],"wp:term":[{"taxonomy":"category","embeddable":true,"href":"https:\/\/www.gaveanews.com\/index.php\/wp-json\/wp\/v2\/categories?post=65281"},{"taxonomy":"post_tag","embeddable":true,"href":"https:\/\/www.gaveanews.com\/index.php\/wp-json\/wp\/v2\/tags?post=65281"}],"curies":[{"name":"wp","href":"https:\/\/api.w.org\/{rel}","templated":true}]}}