{"id":65303,"date":"2021-08-05T18:21:27","date_gmt":"2021-08-05T21:21:27","guid":{"rendered":"https:\/\/www.gaveanews.com\/?p=65303"},"modified":"2021-08-05T18:21:29","modified_gmt":"2021-08-05T21:21:29","slug":"flamengo-pretende-usar-paciencia-ate-o-fim-da-janela-por-thiago-mendes","status":"publish","type":"post","link":"https:\/\/www.gaveanews.com\/index.php\/2021\/08\/05\/flamengo-pretende-usar-paciencia-ate-o-fim-da-janela-por-thiago-mendes\/","title":{"rendered":"Flamengo pretende usar paci\u00eancia at\u00e9 o fim da janela por Thiago Mendes"},"content":{"rendered":"\n<p>Em uma negocia\u00e7\u00e3o longa e dif\u00edcil, o Flamengo n\u00e3o conseguiu chegar a um acordo com o Lyon para a contrata\u00e7\u00e3o de Thiago Mendes. Os franceses fazem jogo duro, mas a diretoria rubro-negra pretende usar a paci\u00eancia at\u00e9 que a janela de transfer\u00eancias termine, no fim deste m\u00eas.<\/p>\n\n\n\n<p>A palavra final est\u00e1 com o presidente Jean-Michel Aulas, que ainda n\u00e3o deu uma resposta oficial. O empres\u00e1rio Paulo Pitombeira ajuda nos contato di\u00e1rios entre as partes. Thiago Mendes j\u00e1 deixou claro que seu desejo \u00e9 ser jogador do Flamengo, mas segue seu trabalho no Lyon e a tend\u00eancia \u00e9 de que enfrente o Brest neste s\u00e1bado.<\/p>\n\n\n\n<p>Na negocia\u00e7\u00e3o por Thiago Mendes, o Lyon deixa claro o desejo de recuperar parte dos 25 milh\u00f5es de euros que investiu h\u00e1 dois anos.&nbsp;Os dirigentes franceses pedem cerca de quatro vezes mais pelo empr\u00e9stimo do que oferece o Flamengo.<\/p>\n\n\n\n<p><strong>O Flamengo concordou com a exig\u00eancia do Lyon de o empr\u00e9stimo ser com obriga\u00e7\u00e3o de compra e tamb\u00e9m com o valor da eventual transa\u00e7\u00e3o futura. Ainda h\u00e1 diverg\u00eancias nas cl\u00e1usulas para esta obriga\u00e7\u00e3o ser exercida (conquista de t\u00edtulos, por exemplo)<\/strong>.<\/p>\n\n\n\n<p>Enquanto a situa\u00e7\u00e3o n\u00e3o tem um ponto final, Thiago Mendes, que ainda tem 20 meses de contrato com o Lyon, vai cumprir suas obriga\u00e7\u00f5es e seguir o planejamento do clube.<\/p>\n\n\n\n<p>A diretoria rubro-negra j\u00e1 deixou a Fran\u00e7a, mas tem ainda outra miss\u00e3o na Europa: tentar o acerto com o Chelsea pelo atacante Kenedy. O vice de futebol Marcos Braz e o diretor Bruno Spindel est\u00e3o na Espanha estudando qual pr\u00f3ximo passo tomar. As conversas tamb\u00e9m s\u00e3o complicadas, j\u00e1 que o Chelsea investiu alto e j\u00e1 emprestou o atacante para Watford, Newcastle, Getafe e Granada.<\/p>\n\n\n\n<p>Em Barcelona, Braz e Spindel tamb\u00e9m tratam dos \u00faltimos detalhes da venda do atacante Muniz para o Fulham, da Inglaterra.<\/p>\n\n\n\n<p>Retirado de: Globo Esporte <\/p>\n","protected":false},"excerpt":{"rendered":"<p>Em uma negocia\u00e7\u00e3o longa e dif\u00edcil, o Flamengo n\u00e3o conseguiu chegar a um acordo com o Lyon para a contrata\u00e7\u00e3o de Thiago Mendes. Os franceses fazem jogo duro, mas a diretoria rubro-negra pretende usar a paci\u00eancia at\u00e9 que a janela de transfer\u00eancias termine, no fim deste m\u00eas. A palavra final est\u00e1 com o presidente Jean-Michel [&hellip;]<\/p>\n","protected":false},"author":1,"featured_media":63968,"comment_status":"open","ping_status":"closed","sticky":false,"template":"","format":"standard","meta":{"footnotes":""},"categories":[47],"tags":[],"class_list":["post-65303","post","type-post","status-publish","format-standard","has-post-thumbnail","hentry","category-destaques"],"yoast_head":"<!-- This site is optimized with the Yoast SEO Premium plugin v24.2 (Yoast SEO v26.9) - https:\/\/yoast.com\/product\/yoast-seo-premium-wordpress\/ -->\n<title>Flamengo pretende usar paci\u00eancia at\u00e9 o fim da janela por Thiago Mendes<\/title>\n<meta name=\"robots\" content=\"index, follow, max-snippet:-1, max-image-preview:large, max-video-preview:-1\" \/>\n<link rel=\"canonical\" href=\"https:\/\/www.gaveanews.com\/index.php\/2021\/08\/05\/flamengo-pretende-usar-paciencia-ate-o-fim-da-janela-por-thiago-mendes\/\" \/>\n<meta property=\"og:locale\" content=\"pt_BR\" \/>\n<meta property=\"og:type\" content=\"article\" \/>\n<meta property=\"og:title\" content=\"Flamengo pretende usar paci\u00eancia at\u00e9 o fim da janela por Thiago Mendes\" \/>\n<meta property=\"og:description\" content=\"Em uma negocia\u00e7\u00e3o longa e dif\u00edcil, o Flamengo n\u00e3o conseguiu chegar a um acordo com o Lyon para a contrata\u00e7\u00e3o de Thiago Mendes. Os franceses fazem jogo duro, mas a diretoria rubro-negra pretende usar a paci\u00eancia at\u00e9 que a janela de transfer\u00eancias termine, no fim deste m\u00eas. A palavra final est\u00e1 com o presidente Jean-Michel [&hellip;]\" \/>\n<meta property=\"og:url\" content=\"https:\/\/www.gaveanews.com\/index.php\/2021\/08\/05\/flamengo-pretende-usar-paciencia-ate-o-fim-da-janela-por-thiago-mendes\/\" \/>\n<meta property=\"og:site_name\" content=\"G\u00e1vea News\" \/>\n<meta property=\"article:publisher\" content=\"https:\/\/facebook.com\/gaveaNews\/\" \/>\n<meta property=\"article:published_time\" content=\"2021-08-05T21:21:27+00:00\" \/>\n<meta property=\"article:modified_time\" content=\"2021-08-05T21:21:29+00:00\" \/>\n<meta property=\"og:image\" content=\"https:\/\/www.gaveanews.com\/wp-content\/uploads\/Thiago-Mendes-em-acao-durante-um-jogo-do-Lyon.webp\" \/>\n\t<meta property=\"og:image:width\" content=\"1080\" \/>\n\t<meta property=\"og:image:height\" content=\"1080\" \/>\n\t<meta property=\"og:image:type\" content=\"image\/jpeg\" \/>\n<meta name=\"author\" content=\"Equipe G\u00e1vea News\" \/>\n<meta name=\"twitter:card\" content=\"summary_large_image\" \/>\n<meta name=\"twitter:label1\" content=\"Escrito por\" \/>\n\t<meta name=\"twitter:data1\" content=\"Equipe G\u00e1vea News\" \/>\n\t<meta name=\"twitter:label2\" content=\"Est. tempo de leitura\" \/>\n\t<meta name=\"twitter:data2\" content=\"2 minutos\" \/>\n<script type=\"application\/ld+json\" class=\"yoast-schema-graph\">{\"@context\":\"https:\/\/schema.org\",\"@graph\":[{\"@type\":\"NewsArticle\",\"@id\":\"https:\/\/www.gaveanews.com\/index.php\/2021\/08\/05\/flamengo-pretende-usar-paciencia-ate-o-fim-da-janela-por-thiago-mendes\/#article\",\"isPartOf\":{\"@id\":\"https:\/\/www.gaveanews.com\/index.php\/2021\/08\/05\/flamengo-pretende-usar-paciencia-ate-o-fim-da-janela-por-thiago-mendes\/\"},\"author\":{\"name\":\"Equipe G\u00e1vea News\",\"@id\":\"https:\/\/www.gaveanews.com\/#\/schema\/person\/2ec14f73fb96be2caf28f91afb14749d\"},\"headline\":\"Flamengo pretende usar paci\u00eancia at\u00e9 o fim da janela por Thiago Mendes\",\"datePublished\":\"2021-08-05T21:21:27+00:00\",\"dateModified\":\"2021-08-05T21:21:29+00:00\",\"mainEntityOfPage\":{\"@id\":\"https:\/\/www.gaveanews.com\/index.php\/2021\/08\/05\/flamengo-pretende-usar-paciencia-ate-o-fim-da-janela-por-thiago-mendes\/\"},\"wordCount\":346,\"commentCount\":7,\"image\":{\"@id\":\"https:\/\/www.gaveanews.com\/index.php\/2021\/08\/05\/flamengo-pretende-usar-paciencia-ate-o-fim-da-janela-por-thiago-mendes\/#primaryimage\"},\"thumbnailUrl\":\"https:\/\/www.gaveanews.com\/wp-content\/uploads\/Thiago-Mendes-em-acao-durante-um-jogo-do-Lyon.webp\",\"articleSection\":[\"Destaques\"],\"inLanguage\":\"pt-BR\",\"potentialAction\":[{\"@type\":\"CommentAction\",\"name\":\"Comment\",\"target\":[\"https:\/\/www.gaveanews.com\/index.php\/2021\/08\/05\/flamengo-pretende-usar-paciencia-ate-o-fim-da-janela-por-thiago-mendes\/#respond\"]}],\"copyrightYear\":\"2021\",\"copyrightHolder\":{\"@id\":\"https:\/\/www.gaveanews.com\/#organization\"}},{\"@type\":\"WebPage\",\"@id\":\"https:\/\/www.gaveanews.com\/index.php\/2021\/08\/05\/flamengo-pretende-usar-paciencia-ate-o-fim-da-janela-por-thiago-mendes\/\",\"url\":\"https:\/\/www.gaveanews.com\/index.php\/2021\/08\/05\/flamengo-pretende-usar-paciencia-ate-o-fim-da-janela-por-thiago-mendes\/\",\"name\":\"Flamengo pretende usar paci\u00eancia at\u00e9 o fim da janela por Thiago Mendes\",\"isPartOf\":{\"@id\":\"https:\/\/www.gaveanews.com\/#website\"},\"primaryImageOfPage\":{\"@id\":\"https:\/\/www.gaveanews.com\/index.php\/2021\/08\/05\/flamengo-pretende-usar-paciencia-ate-o-fim-da-janela-por-thiago-mendes\/#primaryimage\"},\"image\":{\"@id\":\"https:\/\/www.gaveanews.com\/index.php\/2021\/08\/05\/flamengo-pretende-usar-paciencia-ate-o-fim-da-janela-por-thiago-mendes\/#primaryimage\"},\"thumbnailUrl\":\"https:\/\/www.gaveanews.com\/wp-content\/uploads\/Thiago-Mendes-em-acao-durante-um-jogo-do-Lyon.webp\",\"datePublished\":\"2021-08-05T21:21:27+00:00\",\"dateModified\":\"2021-08-05T21:21:29+00:00\",\"author\":{\"@id\":\"https:\/\/www.gaveanews.com\/#\/schema\/person\/2ec14f73fb96be2caf28f91afb14749d\"},\"breadcrumb\":{\"@id\":\"https:\/\/www.gaveanews.com\/index.php\/2021\/08\/05\/flamengo-pretende-usar-paciencia-ate-o-fim-da-janela-por-thiago-mendes\/#breadcrumb\"},\"inLanguage\":\"pt-BR\",\"potentialAction\":[{\"@type\":\"ReadAction\",\"target\":[\"https:\/\/www.gaveanews.com\/index.php\/2021\/08\/05\/flamengo-pretende-usar-paciencia-ate-o-fim-da-janela-por-thiago-mendes\/\"]}]},{\"@type\":\"ImageObject\",\"inLanguage\":\"pt-BR\",\"@id\":\"https:\/\/www.gaveanews.com\/index.php\/2021\/08\/05\/flamengo-pretende-usar-paciencia-ate-o-fim-da-janela-por-thiago-mendes\/#primaryimage\",\"url\":\"https:\/\/www.gaveanews.com\/wp-content\/uploads\/Thiago-Mendes-em-acao-durante-um-jogo-do-Lyon.webp\",\"contentUrl\":\"https:\/\/www.gaveanews.com\/wp-content\/uploads\/Thiago-Mendes-em-acao-durante-um-jogo-do-Lyon.webp\",\"width\":1080,\"height\":1080,\"caption\":\"Thiago Mendes em a\u00e7\u00e3o durante um jogo do Lyon (Foto: Divulga\u00e7\u00e3o)\"},{\"@type\":\"BreadcrumbList\",\"@id\":\"https:\/\/www.gaveanews.com\/index.php\/2021\/08\/05\/flamengo-pretende-usar-paciencia-ate-o-fim-da-janela-por-thiago-mendes\/#breadcrumb\",\"itemListElement\":[{\"@type\":\"ListItem\",\"position\":1,\"name\":\"Home\",\"item\":\"https:\/\/www.gaveanews.com\/\"},{\"@type\":\"ListItem\",\"position\":2,\"name\":\"Flamengo pretende usar paci\u00eancia at\u00e9 o fim da janela por Thiago Mendes\"}]},{\"@type\":\"WebSite\",\"@id\":\"https:\/\/www.gaveanews.com\/#website\",\"url\":\"https:\/\/www.gaveanews.com\/\",\"name\":\"G\u00e1vea News\",\"description\":\"Veja todas as not\u00edcias sobre o Flamengo: Contrata\u00e7\u00f5es, categorias de base, resultados das partidas, tabela de classifica\u00e7\u00e3o, pr\u00f3ximos jogos!\",\"potentialAction\":[{\"@type\":\"SearchAction\",\"target\":{\"@type\":\"EntryPoint\",\"urlTemplate\":\"https:\/\/www.gaveanews.com\/?s={search_term_string}\"},\"query-input\":{\"@type\":\"PropertyValueSpecification\",\"valueRequired\":true,\"valueName\":\"search_term_string\"}}],\"inLanguage\":\"pt-BR\"},{\"@type\":\"Person\",\"@id\":\"https:\/\/www.gaveanews.com\/#\/schema\/person\/2ec14f73fb96be2caf28f91afb14749d\",\"name\":\"Equipe G\u00e1vea News\",\"image\":{\"@type\":\"ImageObject\",\"inLanguage\":\"pt-BR\",\"@id\":\"https:\/\/www.gaveanews.com\/#\/schema\/person\/image\/\",\"url\":\"https:\/\/secure.gravatar.com\/avatar\/1e1956f1facbffd3f8fa53a326721950116b3b9dc9bd44939c01180fd4a745a9?s=96&d=mm&r=g\",\"contentUrl\":\"https:\/\/secure.gravatar.com\/avatar\/1e1956f1facbffd3f8fa53a326721950116b3b9dc9bd44939c01180fd4a745a9?s=96&d=mm&r=g\",\"caption\":\"Equipe G\u00e1vea News\"}}]}<\/script>\n<!-- \/ Yoast SEO Premium plugin. -->","yoast_head_json":{"title":"Flamengo pretende usar paci\u00eancia at\u00e9 o fim da janela por Thiago Mendes","robots":{"index":"index","follow":"follow","max-snippet":"max-snippet:-1","max-image-preview":"max-image-preview:large","max-video-preview":"max-video-preview:-1"},"canonical":"https:\/\/www.gaveanews.com\/index.php\/2021\/08\/05\/flamengo-pretende-usar-paciencia-ate-o-fim-da-janela-por-thiago-mendes\/","og_locale":"pt_BR","og_type":"article","og_title":"Flamengo pretende usar paci\u00eancia at\u00e9 o fim da janela por Thiago Mendes","og_description":"Em uma negocia\u00e7\u00e3o longa e dif\u00edcil, o Flamengo n\u00e3o conseguiu chegar a um acordo com o Lyon para a contrata\u00e7\u00e3o de Thiago Mendes. Os franceses fazem jogo duro, mas a diretoria rubro-negra pretende usar a paci\u00eancia at\u00e9 que a janela de transfer\u00eancias termine, no fim deste m\u00eas. A palavra final est\u00e1 com o presidente Jean-Michel [&hellip;]","og_url":"https:\/\/www.gaveanews.com\/index.php\/2021\/08\/05\/flamengo-pretende-usar-paciencia-ate-o-fim-da-janela-por-thiago-mendes\/","og_site_name":"G\u00e1vea News","article_publisher":"https:\/\/facebook.com\/gaveaNews\/","article_published_time":"2021-08-05T21:21:27+00:00","article_modified_time":"2021-08-05T21:21:29+00:00","og_image":[{"width":1080,"height":1080,"url":"https:\/\/www.gaveanews.com\/wp-content\/uploads\/Thiago-Mendes-em-acao-durante-um-jogo-do-Lyon.webp","type":"image\/jpeg"}],"author":"Equipe G\u00e1vea News","twitter_card":"summary_large_image","twitter_misc":{"Escrito por":"Equipe G\u00e1vea News","Est. tempo de leitura":"2 minutos"},"schema":{"@context":"https:\/\/schema.org","@graph":[{"@type":"NewsArticle","@id":"https:\/\/www.gaveanews.com\/index.php\/2021\/08\/05\/flamengo-pretende-usar-paciencia-ate-o-fim-da-janela-por-thiago-mendes\/#article","isPartOf":{"@id":"https:\/\/www.gaveanews.com\/index.php\/2021\/08\/05\/flamengo-pretende-usar-paciencia-ate-o-fim-da-janela-por-thiago-mendes\/"},"author":{"name":"Equipe G\u00e1vea News","@id":"https:\/\/www.gaveanews.com\/#\/schema\/person\/2ec14f73fb96be2caf28f91afb14749d"},"headline":"Flamengo pretende usar paci\u00eancia at\u00e9 o fim da janela por Thiago Mendes","datePublished":"2021-08-05T21:21:27+00:00","dateModified":"2021-08-05T21:21:29+00:00","mainEntityOfPage":{"@id":"https:\/\/www.gaveanews.com\/index.php\/2021\/08\/05\/flamengo-pretende-usar-paciencia-ate-o-fim-da-janela-por-thiago-mendes\/"},"wordCount":346,"commentCount":7,"image":{"@id":"https:\/\/www.gaveanews.com\/index.php\/2021\/08\/05\/flamengo-pretende-usar-paciencia-ate-o-fim-da-janela-por-thiago-mendes\/#primaryimage"},"thumbnailUrl":"https:\/\/www.gaveanews.com\/wp-content\/uploads\/Thiago-Mendes-em-acao-durante-um-jogo-do-Lyon.webp","articleSection":["Destaques"],"inLanguage":"pt-BR","potentialAction":[{"@type":"CommentAction","name":"Comment","target":["https:\/\/www.gaveanews.com\/index.php\/2021\/08\/05\/flamengo-pretende-usar-paciencia-ate-o-fim-da-janela-por-thiago-mendes\/#respond"]}],"copyrightYear":"2021","copyrightHolder":{"@id":"https:\/\/www.gaveanews.com\/#organization"}},{"@type":"WebPage","@id":"https:\/\/www.gaveanews.com\/index.php\/2021\/08\/05\/flamengo-pretende-usar-paciencia-ate-o-fim-da-janela-por-thiago-mendes\/","url":"https:\/\/www.gaveanews.com\/index.php\/2021\/08\/05\/flamengo-pretende-usar-paciencia-ate-o-fim-da-janela-por-thiago-mendes\/","name":"Flamengo pretende usar paci\u00eancia at\u00e9 o fim da janela por Thiago Mendes","isPartOf":{"@id":"https:\/\/www.gaveanews.com\/#website"},"primaryImageOfPage":{"@id":"https:\/\/www.gaveanews.com\/index.php\/2021\/08\/05\/flamengo-pretende-usar-paciencia-ate-o-fim-da-janela-por-thiago-mendes\/#primaryimage"},"image":{"@id":"https:\/\/www.gaveanews.com\/index.php\/2021\/08\/05\/flamengo-pretende-usar-paciencia-ate-o-fim-da-janela-por-thiago-mendes\/#primaryimage"},"thumbnailUrl":"https:\/\/www.gaveanews.com\/wp-content\/uploads\/Thiago-Mendes-em-acao-durante-um-jogo-do-Lyon.webp","datePublished":"2021-08-05T21:21:27+00:00","dateModified":"2021-08-05T21:21:29+00:00","author":{"@id":"https:\/\/www.gaveanews.com\/#\/schema\/person\/2ec14f73fb96be2caf28f91afb14749d"},"breadcrumb":{"@id":"https:\/\/www.gaveanews.com\/index.php\/2021\/08\/05\/flamengo-pretende-usar-paciencia-ate-o-fim-da-janela-por-thiago-mendes\/#breadcrumb"},"inLanguage":"pt-BR","potentialAction":[{"@type":"ReadAction","target":["https:\/\/www.gaveanews.com\/index.php\/2021\/08\/05\/flamengo-pretende-usar-paciencia-ate-o-fim-da-janela-por-thiago-mendes\/"]}]},{"@type":"ImageObject","inLanguage":"pt-BR","@id":"https:\/\/www.gaveanews.com\/index.php\/2021\/08\/05\/flamengo-pretende-usar-paciencia-ate-o-fim-da-janela-por-thiago-mendes\/#primaryimage","url":"https:\/\/www.gaveanews.com\/wp-content\/uploads\/Thiago-Mendes-em-acao-durante-um-jogo-do-Lyon.webp","contentUrl":"https:\/\/www.gaveanews.com\/wp-content\/uploads\/Thiago-Mendes-em-acao-durante-um-jogo-do-Lyon.webp","width":1080,"height":1080,"caption":"Thiago Mendes em a\u00e7\u00e3o durante um jogo do Lyon (Foto: Divulga\u00e7\u00e3o)"},{"@type":"BreadcrumbList","@id":"https:\/\/www.gaveanews.com\/index.php\/2021\/08\/05\/flamengo-pretende-usar-paciencia-ate-o-fim-da-janela-por-thiago-mendes\/#breadcrumb","itemListElement":[{"@type":"ListItem","position":1,"name":"Home","item":"https:\/\/www.gaveanews.com\/"},{"@type":"ListItem","position":2,"name":"Flamengo pretende usar paci\u00eancia at\u00e9 o fim da janela por Thiago Mendes"}]},{"@type":"WebSite","@id":"https:\/\/www.gaveanews.com\/#website","url":"https:\/\/www.gaveanews.com\/","name":"G\u00e1vea News","description":"Veja todas as not\u00edcias sobre o Flamengo: Contrata\u00e7\u00f5es, categorias de base, resultados das partidas, tabela de classifica\u00e7\u00e3o, pr\u00f3ximos jogos!","potentialAction":[{"@type":"SearchAction","target":{"@type":"EntryPoint","urlTemplate":"https:\/\/www.gaveanews.com\/?s={search_term_string}"},"query-input":{"@type":"PropertyValueSpecification","valueRequired":true,"valueName":"search_term_string"}}],"inLanguage":"pt-BR"},{"@type":"Person","@id":"https:\/\/www.gaveanews.com\/#\/schema\/person\/2ec14f73fb96be2caf28f91afb14749d","name":"Equipe G\u00e1vea News","image":{"@type":"ImageObject","inLanguage":"pt-BR","@id":"https:\/\/www.gaveanews.com\/#\/schema\/person\/image\/","url":"https:\/\/secure.gravatar.com\/avatar\/1e1956f1facbffd3f8fa53a326721950116b3b9dc9bd44939c01180fd4a745a9?s=96&d=mm&r=g","contentUrl":"https:\/\/secure.gravatar.com\/avatar\/1e1956f1facbffd3f8fa53a326721950116b3b9dc9bd44939c01180fd4a745a9?s=96&d=mm&r=g","caption":"Equipe G\u00e1vea News"}}]}},"_links":{"self":[{"href":"https:\/\/www.gaveanews.com\/index.php\/wp-json\/wp\/v2\/posts\/65303","targetHints":{"allow":["GET"]}}],"collection":[{"href":"https:\/\/www.gaveanews.com\/index.php\/wp-json\/wp\/v2\/posts"}],"about":[{"href":"https:\/\/www.gaveanews.com\/index.php\/wp-json\/wp\/v2\/types\/post"}],"author":[{"embeddable":true,"href":"https:\/\/www.gaveanews.com\/index.php\/wp-json\/wp\/v2\/users\/1"}],"replies":[{"embeddable":true,"href":"https:\/\/www.gaveanews.com\/index.php\/wp-json\/wp\/v2\/comments?post=65303"}],"version-history":[{"count":0,"href":"https:\/\/www.gaveanews.com\/index.php\/wp-json\/wp\/v2\/posts\/65303\/revisions"}],"wp:featuredmedia":[{"embeddable":true,"href":"https:\/\/www.gaveanews.com\/index.php\/wp-json\/wp\/v2\/media\/63968"}],"wp:attachment":[{"href":"https:\/\/www.gaveanews.com\/index.php\/wp-json\/wp\/v2\/media?parent=65303"}],"wp:term":[{"taxonomy":"category","embeddable":true,"href":"https:\/\/www.gaveanews.com\/index.php\/wp-json\/wp\/v2\/categories?post=65303"},{"taxonomy":"post_tag","embeddable":true,"href":"https:\/\/www.gaveanews.com\/index.php\/wp-json\/wp\/v2\/tags?post=65303"}],"curies":[{"name":"wp","href":"https:\/\/api.w.org\/{rel}","templated":true}]}}