{"id":65844,"date":"2021-08-12T15:22:22","date_gmt":"2021-08-12T18:22:22","guid":{"rendered":"https:\/\/www.gaveanews.com\/?p=65844"},"modified":"2021-08-12T15:23:14","modified_gmt":"2021-08-12T18:23:14","slug":"apos-sofrer-injuria-racial-vitinho-comemora-gol-imitando-macaco","status":"publish","type":"post","link":"https:\/\/www.gaveanews.com\/index.php\/2021\/08\/12\/apos-sofrer-injuria-racial-vitinho-comemora-gol-imitando-macaco\/","title":{"rendered":"Ap\u00f3s sofrer inj\u00faria racial, Vitinho comemora gol imitando macaco"},"content":{"rendered":"\n<p>Na \u00faltima quarta-feira (11), <a href=\"https:\/\/www.gaveanews.com\/index.php\/2021\/08\/11\/assista-os-gols-do-flamengo-no-jogo-contra-o-olimpia\/\">o Mais Querido goleou o Olimpia<\/a> fora de casa e garantiu ampla vantagem para o jogo de volta das quartas de final da Copa Libertadores. Com o placar final de 4 a 1 a seu favor, o rubro-negro saiu vitorioso de <a href=\"https:\/\/www.gaveanews.com\/index.php\/2021\/08\/11\/marcos-braz-filma-foguetorio-em-frente-ao-hotel-do-flamengo\/\">sua agitada visita ao Paraguai<\/a>.<\/p>\n\n\n\n<p>Contudo, embora os n\u00fameros da partida sugiram uma vit\u00f3ria com folga do clube de Assun\u00e7\u00e3o, o cen\u00e1rio do jogo foi bem conturbado. Al\u00e9m de um dos <a href=\"https:\/\/www.gaveanews.com\/index.php\/2021\/08\/12\/jogador-do-olimpia-que-tomou-golpe-involuntario-de-arrascaeta-sofre-traumatismo-craniano\/\">atletas ter se acidentado e sa\u00eddo de ambul\u00e2ncia ainda no primeiro tempo<\/a>, o elenco do Fla foi alvo de falas preconceituosas por parte da torcida paraguaia.<\/p>\n\n\n\n<p>Durante o duelo, v\u00e1rios torcedores do Olimpia que ocupavam as arquibancadas cometeram inj\u00farua racial contra o elenco rubro-negro. Em meio a isso, Vitinho marcou o \u00faltimo gol do confronto e fez uma comemora\u00e7\u00e3o inesperada.<\/p>\n\n\n\n<p>Ap\u00f3s fechar a conta no Est\u00e1dio Manuel Ferreira, o camisa 11 do Flamengo comemorou seu tento imitando um macaco. O gesto foi copiado e acompanhado por seus colegas de equipe.<\/p>\n\n\n\n<h2 class=\"wp-block-heading\" id=\"h-veja-a-comemora-o\">Veja a comemora\u00e7\u00e3o:<\/h2>\n\n\n\n<figure class=\"wp-block-embed is-type-rich is-provider-twitter wp-block-embed-twitter\"><div class=\"wp-block-embed__wrapper\">\n<blockquote class=\"twitter-tweet\" data-width=\"550\" data-dnt=\"true\"><p lang=\"pt\" dir=\"ltr\">Jogadores do Flamengo sofreram com injuria racial de parte dos torcedores do Olimpia durante todo o jogo.<br><br>No quarto marcado por Vitinho, a comemora\u00e7\u00e3o foi essa ai. <a href=\"https:\/\/t.co\/9P6o2kItc7\">pic.twitter.com\/9P6o2kItc7<\/a><\/p>&mdash; Fla Reporta (@flareporta) <a href=\"https:\/\/twitter.com\/flareporta\/status\/1425633486329757699?ref_src=twsrc%5Etfw\">August 12, 2021<\/a><\/blockquote><script async src=\"https:\/\/platform.twitter.com\/widgets.js\" charset=\"utf-8\"><\/script>\n<\/div><\/figure>\n\n\n\n<p>Ap\u00f3s o fim da partida, o treinador rubro-negro tamb\u00e9m se manifestou sobre o caso. Em entrevista coletiva, Renato Ga\u00facho contou ter cobrado uma atitude ao quarto \u00e1rbitro e refor\u00e7ou a import\u00e2ncia de situa\u00e7\u00f5es como esta serem denunciadas.<\/p>\n\n\n\n<p><strong><em>\u2014 Infelizmente tem acontecido no mundo a inj\u00faria racial. Cobrei muito o delegado do jogo. Eles v\u00e3o tomar as devidas providencias, pois isso choca. \u00c9 muito triste que aconte\u00e7a no mundo todo. \u00c9 importante a gente cobrar isso, que as autoridades tomem as provid\u00eancias. Fiz a minha parte em campo, agora \u00e9 com a diretoria.<\/em><\/strong><\/p>\n\n\n\n<p>Desta forma, o Flamengo aguarda e se prepara para receber o Olimpia na pr\u00f3xima quarta-feira (18), \u00e0s 19h15 (hor\u00e1rio de Bras\u00edlia), em jogo decisivo por uma vaga nas semifinais do torneio. Enquanto isso, o elenco treina para enfrentar o Sport no domingo (15), \u00e0s 16h (hor\u00e1rio de Bras\u00edlia), pela 16\u00aa rodada do Brasileir\u00e3o.<\/p>\n","protected":false},"excerpt":{"rendered":"<p>Na \u00faltima quarta-feira (11), o Mais Querido goleou o Olimpia fora de casa e garantiu ampla vantagem para o jogo de volta das quartas de final da Copa Libertadores. Com o placar final de 4 a 1 a seu favor, o rubro-negro saiu vitorioso de sua agitada visita ao Paraguai. Contudo, embora os n\u00fameros da [&hellip;]<\/p>\n","protected":false},"author":4,"featured_media":65845,"comment_status":"open","ping_status":"closed","sticky":false,"template":"","format":"standard","meta":{"footnotes":""},"categories":[40],"tags":[],"class_list":["post-65844","post","type-post","status-publish","format-standard","has-post-thumbnail","hentry","category-video"],"yoast_head":"<!-- This site is optimized with the Yoast SEO Premium plugin v24.2 (Yoast SEO v26.9) - https:\/\/yoast.com\/product\/yoast-seo-premium-wordpress\/ -->\n<title>Ap\u00f3s sofrer inj\u00faria racial, Vitinho comemora gol imitando macaco<\/title>\n<meta name=\"robots\" content=\"index, follow, max-snippet:-1, max-image-preview:large, max-video-preview:-1\" \/>\n<link rel=\"canonical\" href=\"https:\/\/www.gaveanews.com\/index.php\/2021\/08\/12\/apos-sofrer-injuria-racial-vitinho-comemora-gol-imitando-macaco\/\" \/>\n<meta property=\"og:locale\" content=\"pt_BR\" \/>\n<meta property=\"og:type\" content=\"article\" \/>\n<meta property=\"og:title\" content=\"Ap\u00f3s sofrer inj\u00faria racial, Vitinho comemora gol imitando macaco\" \/>\n<meta property=\"og:description\" content=\"Na \u00faltima quarta-feira (11), o Mais Querido goleou o Olimpia fora de casa e garantiu ampla vantagem para o jogo de volta das quartas de final da Copa Libertadores. Com o placar final de 4 a 1 a seu favor, o rubro-negro saiu vitorioso de sua agitada visita ao Paraguai. Contudo, embora os n\u00fameros da [&hellip;]\" \/>\n<meta property=\"og:url\" content=\"https:\/\/www.gaveanews.com\/index.php\/2021\/08\/12\/apos-sofrer-injuria-racial-vitinho-comemora-gol-imitando-macaco\/\" \/>\n<meta property=\"og:site_name\" content=\"G\u00e1vea News\" \/>\n<meta property=\"article:publisher\" content=\"https:\/\/facebook.com\/gaveaNews\/\" \/>\n<meta property=\"article:published_time\" content=\"2021-08-12T18:22:22+00:00\" \/>\n<meta property=\"article:modified_time\" content=\"2021-08-12T18:23:14+00:00\" \/>\n<meta property=\"og:image\" content=\"https:\/\/www.gaveanews.com\/wp-content\/uploads\/Vitinho-comemorando-gol-marcado-pelo-Flamengo-contra-o-Olimpia-na-Copa-Libertadores-2021.webp\" \/>\n\t<meta property=\"og:image:width\" content=\"800\" \/>\n\t<meta property=\"og:image:height\" content=\"533\" \/>\n\t<meta property=\"og:image:type\" content=\"image\/jpeg\" \/>\n<meta name=\"author\" content=\"Let\u00edcia Gerheim\" \/>\n<meta name=\"twitter:card\" content=\"summary_large_image\" \/>\n<meta name=\"twitter:label1\" content=\"Escrito por\" \/>\n\t<meta name=\"twitter:data1\" content=\"Let\u00edcia Gerheim\" \/>\n\t<meta name=\"twitter:label2\" content=\"Est. tempo de leitura\" \/>\n\t<meta name=\"twitter:data2\" content=\"2 minutos\" \/>\n<script type=\"application\/ld+json\" class=\"yoast-schema-graph\">{\"@context\":\"https:\/\/schema.org\",\"@graph\":[{\"@type\":\"NewsArticle\",\"@id\":\"https:\/\/www.gaveanews.com\/index.php\/2021\/08\/12\/apos-sofrer-injuria-racial-vitinho-comemora-gol-imitando-macaco\/#article\",\"isPartOf\":{\"@id\":\"https:\/\/www.gaveanews.com\/index.php\/2021\/08\/12\/apos-sofrer-injuria-racial-vitinho-comemora-gol-imitando-macaco\/\"},\"author\":{\"name\":\"Let\u00edcia Gerheim\",\"@id\":\"https:\/\/www.gaveanews.com\/#\/schema\/person\/714c67050b836198af2450ba1c142a67\"},\"headline\":\"Ap\u00f3s sofrer inj\u00faria racial, Vitinho comemora gol imitando macaco\",\"datePublished\":\"2021-08-12T18:22:22+00:00\",\"dateModified\":\"2021-08-12T18:23:14+00:00\",\"mainEntityOfPage\":{\"@id\":\"https:\/\/www.gaveanews.com\/index.php\/2021\/08\/12\/apos-sofrer-injuria-racial-vitinho-comemora-gol-imitando-macaco\/\"},\"wordCount\":349,\"commentCount\":15,\"image\":{\"@id\":\"https:\/\/www.gaveanews.com\/index.php\/2021\/08\/12\/apos-sofrer-injuria-racial-vitinho-comemora-gol-imitando-macaco\/#primaryimage\"},\"thumbnailUrl\":\"https:\/\/www.gaveanews.com\/wp-content\/uploads\/Vitinho-comemorando-gol-marcado-pelo-Flamengo-contra-o-Olimpia-na-Copa-Libertadores-2021.webp\",\"articleSection\":[\"V\u00eddeos\"],\"inLanguage\":\"pt-BR\",\"potentialAction\":[{\"@type\":\"CommentAction\",\"name\":\"Comment\",\"target\":[\"https:\/\/www.gaveanews.com\/index.php\/2021\/08\/12\/apos-sofrer-injuria-racial-vitinho-comemora-gol-imitando-macaco\/#respond\"]}],\"copyrightYear\":\"2021\",\"copyrightHolder\":{\"@id\":\"https:\/\/www.gaveanews.com\/#organization\"}},{\"@type\":\"WebPage\",\"@id\":\"https:\/\/www.gaveanews.com\/index.php\/2021\/08\/12\/apos-sofrer-injuria-racial-vitinho-comemora-gol-imitando-macaco\/\",\"url\":\"https:\/\/www.gaveanews.com\/index.php\/2021\/08\/12\/apos-sofrer-injuria-racial-vitinho-comemora-gol-imitando-macaco\/\",\"name\":\"Ap\u00f3s sofrer inj\u00faria racial, Vitinho comemora gol imitando macaco\",\"isPartOf\":{\"@id\":\"https:\/\/www.gaveanews.com\/#website\"},\"primaryImageOfPage\":{\"@id\":\"https:\/\/www.gaveanews.com\/index.php\/2021\/08\/12\/apos-sofrer-injuria-racial-vitinho-comemora-gol-imitando-macaco\/#primaryimage\"},\"image\":{\"@id\":\"https:\/\/www.gaveanews.com\/index.php\/2021\/08\/12\/apos-sofrer-injuria-racial-vitinho-comemora-gol-imitando-macaco\/#primaryimage\"},\"thumbnailUrl\":\"https:\/\/www.gaveanews.com\/wp-content\/uploads\/Vitinho-comemorando-gol-marcado-pelo-Flamengo-contra-o-Olimpia-na-Copa-Libertadores-2021.webp\",\"datePublished\":\"2021-08-12T18:22:22+00:00\",\"dateModified\":\"2021-08-12T18:23:14+00:00\",\"author\":{\"@id\":\"https:\/\/www.gaveanews.com\/#\/schema\/person\/714c67050b836198af2450ba1c142a67\"},\"breadcrumb\":{\"@id\":\"https:\/\/www.gaveanews.com\/index.php\/2021\/08\/12\/apos-sofrer-injuria-racial-vitinho-comemora-gol-imitando-macaco\/#breadcrumb\"},\"inLanguage\":\"pt-BR\",\"potentialAction\":[{\"@type\":\"ReadAction\",\"target\":[\"https:\/\/www.gaveanews.com\/index.php\/2021\/08\/12\/apos-sofrer-injuria-racial-vitinho-comemora-gol-imitando-macaco\/\"]}]},{\"@type\":\"ImageObject\",\"inLanguage\":\"pt-BR\",\"@id\":\"https:\/\/www.gaveanews.com\/index.php\/2021\/08\/12\/apos-sofrer-injuria-racial-vitinho-comemora-gol-imitando-macaco\/#primaryimage\",\"url\":\"https:\/\/www.gaveanews.com\/wp-content\/uploads\/Vitinho-comemorando-gol-marcado-pelo-Flamengo-contra-o-Olimpia-na-Copa-Libertadores-2021.webp\",\"contentUrl\":\"https:\/\/www.gaveanews.com\/wp-content\/uploads\/Vitinho-comemorando-gol-marcado-pelo-Flamengo-contra-o-Olimpia-na-Copa-Libertadores-2021.webp\",\"width\":800,\"height\":533,\"caption\":\"Vitinho comemorando gol marcado pelo Flamengo contra o Olimpia na Copa Libertadores 2021 (Foto: Alexandre Vidal\/Flamengo)\"},{\"@type\":\"BreadcrumbList\",\"@id\":\"https:\/\/www.gaveanews.com\/index.php\/2021\/08\/12\/apos-sofrer-injuria-racial-vitinho-comemora-gol-imitando-macaco\/#breadcrumb\",\"itemListElement\":[{\"@type\":\"ListItem\",\"position\":1,\"name\":\"Home\",\"item\":\"https:\/\/www.gaveanews.com\/\"},{\"@type\":\"ListItem\",\"position\":2,\"name\":\"Ap\u00f3s sofrer inj\u00faria racial, Vitinho comemora gol imitando macaco\"}]},{\"@type\":\"WebSite\",\"@id\":\"https:\/\/www.gaveanews.com\/#website\",\"url\":\"https:\/\/www.gaveanews.com\/\",\"name\":\"G\u00e1vea News\",\"description\":\"Veja todas as not\u00edcias sobre o Flamengo: Contrata\u00e7\u00f5es, categorias de base, resultados das partidas, tabela de classifica\u00e7\u00e3o, pr\u00f3ximos jogos!\",\"potentialAction\":[{\"@type\":\"SearchAction\",\"target\":{\"@type\":\"EntryPoint\",\"urlTemplate\":\"https:\/\/www.gaveanews.com\/?s={search_term_string}\"},\"query-input\":{\"@type\":\"PropertyValueSpecification\",\"valueRequired\":true,\"valueName\":\"search_term_string\"}}],\"inLanguage\":\"pt-BR\"},{\"@type\":\"Person\",\"@id\":\"https:\/\/www.gaveanews.com\/#\/schema\/person\/714c67050b836198af2450ba1c142a67\",\"name\":\"Let\u00edcia Gerheim\",\"image\":{\"@type\":\"ImageObject\",\"inLanguage\":\"pt-BR\",\"@id\":\"https:\/\/www.gaveanews.com\/#\/schema\/person\/image\/\",\"url\":\"https:\/\/secure.gravatar.com\/avatar\/60734739c50fcebfbac509e2a826ccd0ff405c019bc73aab9354f19ecad1dcb4?s=96&d=mm&r=g\",\"contentUrl\":\"https:\/\/secure.gravatar.com\/avatar\/60734739c50fcebfbac509e2a826ccd0ff405c019bc73aab9354f19ecad1dcb4?s=96&d=mm&r=g\",\"caption\":\"Let\u00edcia Gerheim\"}}]}<\/script>\n<!-- \/ Yoast SEO Premium plugin. -->","yoast_head_json":{"title":"Ap\u00f3s sofrer inj\u00faria racial, Vitinho comemora gol imitando macaco","robots":{"index":"index","follow":"follow","max-snippet":"max-snippet:-1","max-image-preview":"max-image-preview:large","max-video-preview":"max-video-preview:-1"},"canonical":"https:\/\/www.gaveanews.com\/index.php\/2021\/08\/12\/apos-sofrer-injuria-racial-vitinho-comemora-gol-imitando-macaco\/","og_locale":"pt_BR","og_type":"article","og_title":"Ap\u00f3s sofrer inj\u00faria racial, Vitinho comemora gol imitando macaco","og_description":"Na \u00faltima quarta-feira (11), o Mais Querido goleou o Olimpia fora de casa e garantiu ampla vantagem para o jogo de volta das quartas de final da Copa Libertadores. Com o placar final de 4 a 1 a seu favor, o rubro-negro saiu vitorioso de sua agitada visita ao Paraguai. Contudo, embora os n\u00fameros da [&hellip;]","og_url":"https:\/\/www.gaveanews.com\/index.php\/2021\/08\/12\/apos-sofrer-injuria-racial-vitinho-comemora-gol-imitando-macaco\/","og_site_name":"G\u00e1vea News","article_publisher":"https:\/\/facebook.com\/gaveaNews\/","article_published_time":"2021-08-12T18:22:22+00:00","article_modified_time":"2021-08-12T18:23:14+00:00","og_image":[{"width":800,"height":533,"url":"https:\/\/www.gaveanews.com\/wp-content\/uploads\/Vitinho-comemorando-gol-marcado-pelo-Flamengo-contra-o-Olimpia-na-Copa-Libertadores-2021.webp","type":"image\/jpeg"}],"author":"Let\u00edcia Gerheim","twitter_card":"summary_large_image","twitter_misc":{"Escrito por":"Let\u00edcia Gerheim","Est. tempo de leitura":"2 minutos"},"schema":{"@context":"https:\/\/schema.org","@graph":[{"@type":"NewsArticle","@id":"https:\/\/www.gaveanews.com\/index.php\/2021\/08\/12\/apos-sofrer-injuria-racial-vitinho-comemora-gol-imitando-macaco\/#article","isPartOf":{"@id":"https:\/\/www.gaveanews.com\/index.php\/2021\/08\/12\/apos-sofrer-injuria-racial-vitinho-comemora-gol-imitando-macaco\/"},"author":{"name":"Let\u00edcia Gerheim","@id":"https:\/\/www.gaveanews.com\/#\/schema\/person\/714c67050b836198af2450ba1c142a67"},"headline":"Ap\u00f3s sofrer inj\u00faria racial, Vitinho comemora gol imitando macaco","datePublished":"2021-08-12T18:22:22+00:00","dateModified":"2021-08-12T18:23:14+00:00","mainEntityOfPage":{"@id":"https:\/\/www.gaveanews.com\/index.php\/2021\/08\/12\/apos-sofrer-injuria-racial-vitinho-comemora-gol-imitando-macaco\/"},"wordCount":349,"commentCount":15,"image":{"@id":"https:\/\/www.gaveanews.com\/index.php\/2021\/08\/12\/apos-sofrer-injuria-racial-vitinho-comemora-gol-imitando-macaco\/#primaryimage"},"thumbnailUrl":"https:\/\/www.gaveanews.com\/wp-content\/uploads\/Vitinho-comemorando-gol-marcado-pelo-Flamengo-contra-o-Olimpia-na-Copa-Libertadores-2021.webp","articleSection":["V\u00eddeos"],"inLanguage":"pt-BR","potentialAction":[{"@type":"CommentAction","name":"Comment","target":["https:\/\/www.gaveanews.com\/index.php\/2021\/08\/12\/apos-sofrer-injuria-racial-vitinho-comemora-gol-imitando-macaco\/#respond"]}],"copyrightYear":"2021","copyrightHolder":{"@id":"https:\/\/www.gaveanews.com\/#organization"}},{"@type":"WebPage","@id":"https:\/\/www.gaveanews.com\/index.php\/2021\/08\/12\/apos-sofrer-injuria-racial-vitinho-comemora-gol-imitando-macaco\/","url":"https:\/\/www.gaveanews.com\/index.php\/2021\/08\/12\/apos-sofrer-injuria-racial-vitinho-comemora-gol-imitando-macaco\/","name":"Ap\u00f3s sofrer inj\u00faria racial, Vitinho comemora gol imitando macaco","isPartOf":{"@id":"https:\/\/www.gaveanews.com\/#website"},"primaryImageOfPage":{"@id":"https:\/\/www.gaveanews.com\/index.php\/2021\/08\/12\/apos-sofrer-injuria-racial-vitinho-comemora-gol-imitando-macaco\/#primaryimage"},"image":{"@id":"https:\/\/www.gaveanews.com\/index.php\/2021\/08\/12\/apos-sofrer-injuria-racial-vitinho-comemora-gol-imitando-macaco\/#primaryimage"},"thumbnailUrl":"https:\/\/www.gaveanews.com\/wp-content\/uploads\/Vitinho-comemorando-gol-marcado-pelo-Flamengo-contra-o-Olimpia-na-Copa-Libertadores-2021.webp","datePublished":"2021-08-12T18:22:22+00:00","dateModified":"2021-08-12T18:23:14+00:00","author":{"@id":"https:\/\/www.gaveanews.com\/#\/schema\/person\/714c67050b836198af2450ba1c142a67"},"breadcrumb":{"@id":"https:\/\/www.gaveanews.com\/index.php\/2021\/08\/12\/apos-sofrer-injuria-racial-vitinho-comemora-gol-imitando-macaco\/#breadcrumb"},"inLanguage":"pt-BR","potentialAction":[{"@type":"ReadAction","target":["https:\/\/www.gaveanews.com\/index.php\/2021\/08\/12\/apos-sofrer-injuria-racial-vitinho-comemora-gol-imitando-macaco\/"]}]},{"@type":"ImageObject","inLanguage":"pt-BR","@id":"https:\/\/www.gaveanews.com\/index.php\/2021\/08\/12\/apos-sofrer-injuria-racial-vitinho-comemora-gol-imitando-macaco\/#primaryimage","url":"https:\/\/www.gaveanews.com\/wp-content\/uploads\/Vitinho-comemorando-gol-marcado-pelo-Flamengo-contra-o-Olimpia-na-Copa-Libertadores-2021.webp","contentUrl":"https:\/\/www.gaveanews.com\/wp-content\/uploads\/Vitinho-comemorando-gol-marcado-pelo-Flamengo-contra-o-Olimpia-na-Copa-Libertadores-2021.webp","width":800,"height":533,"caption":"Vitinho comemorando gol marcado pelo Flamengo contra o Olimpia na Copa Libertadores 2021 (Foto: Alexandre Vidal\/Flamengo)"},{"@type":"BreadcrumbList","@id":"https:\/\/www.gaveanews.com\/index.php\/2021\/08\/12\/apos-sofrer-injuria-racial-vitinho-comemora-gol-imitando-macaco\/#breadcrumb","itemListElement":[{"@type":"ListItem","position":1,"name":"Home","item":"https:\/\/www.gaveanews.com\/"},{"@type":"ListItem","position":2,"name":"Ap\u00f3s sofrer inj\u00faria racial, Vitinho comemora gol imitando macaco"}]},{"@type":"WebSite","@id":"https:\/\/www.gaveanews.com\/#website","url":"https:\/\/www.gaveanews.com\/","name":"G\u00e1vea News","description":"Veja todas as not\u00edcias sobre o Flamengo: Contrata\u00e7\u00f5es, categorias de base, resultados das partidas, tabela de classifica\u00e7\u00e3o, pr\u00f3ximos jogos!","potentialAction":[{"@type":"SearchAction","target":{"@type":"EntryPoint","urlTemplate":"https:\/\/www.gaveanews.com\/?s={search_term_string}"},"query-input":{"@type":"PropertyValueSpecification","valueRequired":true,"valueName":"search_term_string"}}],"inLanguage":"pt-BR"},{"@type":"Person","@id":"https:\/\/www.gaveanews.com\/#\/schema\/person\/714c67050b836198af2450ba1c142a67","name":"Let\u00edcia Gerheim","image":{"@type":"ImageObject","inLanguage":"pt-BR","@id":"https:\/\/www.gaveanews.com\/#\/schema\/person\/image\/","url":"https:\/\/secure.gravatar.com\/avatar\/60734739c50fcebfbac509e2a826ccd0ff405c019bc73aab9354f19ecad1dcb4?s=96&d=mm&r=g","contentUrl":"https:\/\/secure.gravatar.com\/avatar\/60734739c50fcebfbac509e2a826ccd0ff405c019bc73aab9354f19ecad1dcb4?s=96&d=mm&r=g","caption":"Let\u00edcia Gerheim"}}]}},"_links":{"self":[{"href":"https:\/\/www.gaveanews.com\/index.php\/wp-json\/wp\/v2\/posts\/65844","targetHints":{"allow":["GET"]}}],"collection":[{"href":"https:\/\/www.gaveanews.com\/index.php\/wp-json\/wp\/v2\/posts"}],"about":[{"href":"https:\/\/www.gaveanews.com\/index.php\/wp-json\/wp\/v2\/types\/post"}],"author":[{"embeddable":true,"href":"https:\/\/www.gaveanews.com\/index.php\/wp-json\/wp\/v2\/users\/4"}],"replies":[{"embeddable":true,"href":"https:\/\/www.gaveanews.com\/index.php\/wp-json\/wp\/v2\/comments?post=65844"}],"version-history":[{"count":0,"href":"https:\/\/www.gaveanews.com\/index.php\/wp-json\/wp\/v2\/posts\/65844\/revisions"}],"wp:featuredmedia":[{"embeddable":true,"href":"https:\/\/www.gaveanews.com\/index.php\/wp-json\/wp\/v2\/media\/65845"}],"wp:attachment":[{"href":"https:\/\/www.gaveanews.com\/index.php\/wp-json\/wp\/v2\/media?parent=65844"}],"wp:term":[{"taxonomy":"category","embeddable":true,"href":"https:\/\/www.gaveanews.com\/index.php\/wp-json\/wp\/v2\/categories?post=65844"},{"taxonomy":"post_tag","embeddable":true,"href":"https:\/\/www.gaveanews.com\/index.php\/wp-json\/wp\/v2\/tags?post=65844"}],"curies":[{"name":"wp","href":"https:\/\/api.w.org\/{rel}","templated":true}]}}