{"id":65901,"date":"2021-08-13T07:30:00","date_gmt":"2021-08-13T10:30:00","guid":{"rendered":"https:\/\/www.gaveanews.com\/?p=65901"},"modified":"2021-08-13T03:50:45","modified_gmt":"2021-08-13T06:50:45","slug":"racismo-no-paraguai-revolta-rubro-negros","status":"publish","type":"post","link":"https:\/\/www.gaveanews.com\/index.php\/2021\/08\/13\/racismo-no-paraguai-revolta-rubro-negros\/","title":{"rendered":"Racismo no Paraguai revolta rubro-negros"},"content":{"rendered":"\n<p>O Flamengo goleou o Ol\u00edmpia pela partida de ida das quarta de final da Libertadores. Atuando em Assun\u00e7\u00e3o, no Paraguai, o Rubro-Negro venceu por 4 a 1 e est\u00e1 pr\u00f3ximo de vaga nas semifinais. Mas a vit\u00f3ria n\u00e3o aconteceu sem algumas pol\u00eamicas, e as manifesta\u00e7\u00f5es racistas da torcida local geraram revolta.<\/p>\n\n\n\n<p>Na chegada ao Rio de Janeiro v\u00e1rios jogadores se manifestaram contra o ocorrido. No aeroporto Tom Jobim, Gabigol foi um dos que falou com a imprensa.<\/p>\n\n\n\n<p><strong><em>\u2014 Eu sofri tamb\u00e9m. Depois do jogo, tive que dar coletiva, atravessei o campo e discuti com o cara da Conmebol. Eles falaram que iam denunciar e n\u00e3o aconteceria mais. \u00c9 muito ruim. Isso n\u00e3o existe mais. Ficamos tristes e n\u00e3o \u00e9 a primeira vez. Aconteceram v\u00e1rias vezes comigo, com colegas e n\u00e3o gostamos<\/em><\/strong>, afirmou o camisa 9.<\/p>\n\n\n\n<p>Gabigol lamentou ainda a in\u00e9rcia da Confedera\u00e7\u00e3o Sul-Americana (Conmebol) com esses casos.<\/p>\n\n\n\n<p><strong><em>\u2014 Sabemos que eles acabam passando um pano e segue o jogo, mas sempre acho que isso n\u00e3o \u00e9 certo. Espero que tomem uma decis\u00e3o importante sobre isso, porque n\u00e3o \u00e9 certo<\/em><\/strong>, protestou.<\/p>\n\n\n\n<p>J\u00e1 o goleiro reserva Gabriel Batista se manifestou pelas redes sociais.<\/p>\n\n\n\n<p><strong><em>\u2014 Grande resultado hoje. Primeiro passo foi dado! Infelizmente alguns ignorantes da torcida advers\u00e1ria foram racistas comigo e com meus colegas. Pleno 2021 e ainda somos obrigados a passar por isso. \u00c9 inacredit\u00e1vel e lament\u00e1vel que ainda exista esse tipo de postura e pessoas ruins e fracas de esp\u00edrito. N\u00e3o h\u00e1 mais espa\u00e7o para isso e n\u00e3o nos calar\u00e3o<\/em><\/strong>, postou o jogador em sua conta oficial do Instagram.<\/p>\n\n\n\n<p>O t\u00e9cnico Renato Ga\u00facho tamb\u00e9m n\u00e3o se calou diante da situa\u00e7\u00e3o e se manifestou logo ap\u00f3s a partida, em sua coletiva.<\/p>\n\n\n\n<p><strong><em>\u2014 Infelizmente tem acontecido no mundo isso, inj\u00faria racial. Cobrei muito do quarto \u00e1rbitro, do delegado do jogo, passamos para a nossa diretoria. Eles v\u00e3o tomar as devidas provid\u00eancias. Isso choca, isso entristece. \u00c9 uma coisa muito triste, que acontece n\u00e3o s\u00f3 no Brasil, mas no mundo todo. N\u00f3s, profissionais, temos a chance de falar e nos manifestar. \u00c9 importante cobrar isso para que as autoridades possam tomar as previd\u00eancias. Agora \u00e9 com a diretoria do clube<\/em><\/strong>, disse Renato.<\/p>\n\n\n\n<p>De volta ao Rio, o Flamengo volta as aten\u00e7\u00f5es para o Campeonato Brasileiro. No pr\u00f3ximo domingo, o Rubro-Negro encara o Sport, em Volta Redonda. O duelo de volta contra o Ol\u00edmpia ser\u00e1 na pr\u00f3xima quarta-feira, em Bras\u00edlia.<\/p>\n\n\n\n<p>Retirado de: ESPN<\/p>\n","protected":false},"excerpt":{"rendered":"<p>O Flamengo goleou o Ol\u00edmpia pela partida de ida das quarta de final da Libertadores. Atuando em Assun\u00e7\u00e3o, no Paraguai, o Rubro-Negro venceu por 4 a 1 e est\u00e1 pr\u00f3ximo de vaga nas semifinais. Mas a vit\u00f3ria n\u00e3o aconteceu sem algumas pol\u00eamicas, e as manifesta\u00e7\u00f5es racistas da torcida local geraram revolta. Na chegada ao Rio [&hellip;]<\/p>\n","protected":false},"author":1,"featured_media":65845,"comment_status":"open","ping_status":"closed","sticky":false,"template":"","format":"standard","meta":{"footnotes":""},"categories":[1],"tags":[],"class_list":["post-65901","post","type-post","status-publish","format-standard","has-post-thumbnail","hentry","category-flamengo"],"yoast_head":"<!-- This site is optimized with the Yoast SEO Premium plugin v24.2 (Yoast SEO v26.9) - https:\/\/yoast.com\/product\/yoast-seo-premium-wordpress\/ -->\n<title>Racismo no Paraguai revolta rubro-negros<\/title>\n<meta name=\"robots\" content=\"index, follow, max-snippet:-1, max-image-preview:large, max-video-preview:-1\" \/>\n<link rel=\"canonical\" href=\"https:\/\/www.gaveanews.com\/index.php\/2021\/08\/13\/racismo-no-paraguai-revolta-rubro-negros\/\" \/>\n<meta property=\"og:locale\" content=\"pt_BR\" \/>\n<meta property=\"og:type\" content=\"article\" \/>\n<meta property=\"og:title\" content=\"Racismo no Paraguai revolta rubro-negros\" \/>\n<meta property=\"og:description\" content=\"O Flamengo goleou o Ol\u00edmpia pela partida de ida das quarta de final da Libertadores. Atuando em Assun\u00e7\u00e3o, no Paraguai, o Rubro-Negro venceu por 4 a 1 e est\u00e1 pr\u00f3ximo de vaga nas semifinais. Mas a vit\u00f3ria n\u00e3o aconteceu sem algumas pol\u00eamicas, e as manifesta\u00e7\u00f5es racistas da torcida local geraram revolta. Na chegada ao Rio [&hellip;]\" \/>\n<meta property=\"og:url\" content=\"https:\/\/www.gaveanews.com\/index.php\/2021\/08\/13\/racismo-no-paraguai-revolta-rubro-negros\/\" \/>\n<meta property=\"og:site_name\" content=\"G\u00e1vea News\" \/>\n<meta property=\"article:publisher\" content=\"https:\/\/facebook.com\/gaveaNews\/\" \/>\n<meta property=\"article:published_time\" content=\"2021-08-13T10:30:00+00:00\" \/>\n<meta property=\"og:image\" content=\"https:\/\/www.gaveanews.com\/wp-content\/uploads\/Vitinho-comemorando-gol-marcado-pelo-Flamengo-contra-o-Olimpia-na-Copa-Libertadores-2021.webp\" \/>\n\t<meta property=\"og:image:width\" content=\"800\" \/>\n\t<meta property=\"og:image:height\" content=\"533\" \/>\n\t<meta property=\"og:image:type\" content=\"image\/jpeg\" \/>\n<meta name=\"author\" content=\"Equipe G\u00e1vea News\" \/>\n<meta name=\"twitter:card\" content=\"summary_large_image\" \/>\n<meta name=\"twitter:label1\" content=\"Escrito por\" \/>\n\t<meta name=\"twitter:data1\" content=\"Equipe G\u00e1vea News\" \/>\n\t<meta name=\"twitter:label2\" content=\"Est. tempo de leitura\" \/>\n\t<meta name=\"twitter:data2\" content=\"2 minutos\" \/>\n<script type=\"application\/ld+json\" class=\"yoast-schema-graph\">{\"@context\":\"https:\/\/schema.org\",\"@graph\":[{\"@type\":\"NewsArticle\",\"@id\":\"https:\/\/www.gaveanews.com\/index.php\/2021\/08\/13\/racismo-no-paraguai-revolta-rubro-negros\/#article\",\"isPartOf\":{\"@id\":\"https:\/\/www.gaveanews.com\/index.php\/2021\/08\/13\/racismo-no-paraguai-revolta-rubro-negros\/\"},\"author\":{\"name\":\"Equipe G\u00e1vea News\",\"@id\":\"https:\/\/www.gaveanews.com\/#\/schema\/person\/2ec14f73fb96be2caf28f91afb14749d\"},\"headline\":\"Racismo no Paraguai revolta rubro-negros\",\"datePublished\":\"2021-08-13T10:30:00+00:00\",\"mainEntityOfPage\":{\"@id\":\"https:\/\/www.gaveanews.com\/index.php\/2021\/08\/13\/racismo-no-paraguai-revolta-rubro-negros\/\"},\"wordCount\":432,\"commentCount\":3,\"image\":{\"@id\":\"https:\/\/www.gaveanews.com\/index.php\/2021\/08\/13\/racismo-no-paraguai-revolta-rubro-negros\/#primaryimage\"},\"thumbnailUrl\":\"https:\/\/www.gaveanews.com\/wp-content\/uploads\/Vitinho-comemorando-gol-marcado-pelo-Flamengo-contra-o-Olimpia-na-Copa-Libertadores-2021.webp\",\"articleSection\":[\"Flamengo\"],\"inLanguage\":\"pt-BR\",\"potentialAction\":[{\"@type\":\"CommentAction\",\"name\":\"Comment\",\"target\":[\"https:\/\/www.gaveanews.com\/index.php\/2021\/08\/13\/racismo-no-paraguai-revolta-rubro-negros\/#respond\"]}],\"copyrightYear\":\"2021\",\"copyrightHolder\":{\"@id\":\"https:\/\/www.gaveanews.com\/#organization\"}},{\"@type\":\"WebPage\",\"@id\":\"https:\/\/www.gaveanews.com\/index.php\/2021\/08\/13\/racismo-no-paraguai-revolta-rubro-negros\/\",\"url\":\"https:\/\/www.gaveanews.com\/index.php\/2021\/08\/13\/racismo-no-paraguai-revolta-rubro-negros\/\",\"name\":\"Racismo no Paraguai revolta rubro-negros\",\"isPartOf\":{\"@id\":\"https:\/\/www.gaveanews.com\/#website\"},\"primaryImageOfPage\":{\"@id\":\"https:\/\/www.gaveanews.com\/index.php\/2021\/08\/13\/racismo-no-paraguai-revolta-rubro-negros\/#primaryimage\"},\"image\":{\"@id\":\"https:\/\/www.gaveanews.com\/index.php\/2021\/08\/13\/racismo-no-paraguai-revolta-rubro-negros\/#primaryimage\"},\"thumbnailUrl\":\"https:\/\/www.gaveanews.com\/wp-content\/uploads\/Vitinho-comemorando-gol-marcado-pelo-Flamengo-contra-o-Olimpia-na-Copa-Libertadores-2021.webp\",\"datePublished\":\"2021-08-13T10:30:00+00:00\",\"author\":{\"@id\":\"https:\/\/www.gaveanews.com\/#\/schema\/person\/2ec14f73fb96be2caf28f91afb14749d\"},\"breadcrumb\":{\"@id\":\"https:\/\/www.gaveanews.com\/index.php\/2021\/08\/13\/racismo-no-paraguai-revolta-rubro-negros\/#breadcrumb\"},\"inLanguage\":\"pt-BR\",\"potentialAction\":[{\"@type\":\"ReadAction\",\"target\":[\"https:\/\/www.gaveanews.com\/index.php\/2021\/08\/13\/racismo-no-paraguai-revolta-rubro-negros\/\"]}]},{\"@type\":\"ImageObject\",\"inLanguage\":\"pt-BR\",\"@id\":\"https:\/\/www.gaveanews.com\/index.php\/2021\/08\/13\/racismo-no-paraguai-revolta-rubro-negros\/#primaryimage\",\"url\":\"https:\/\/www.gaveanews.com\/wp-content\/uploads\/Vitinho-comemorando-gol-marcado-pelo-Flamengo-contra-o-Olimpia-na-Copa-Libertadores-2021.webp\",\"contentUrl\":\"https:\/\/www.gaveanews.com\/wp-content\/uploads\/Vitinho-comemorando-gol-marcado-pelo-Flamengo-contra-o-Olimpia-na-Copa-Libertadores-2021.webp\",\"width\":800,\"height\":533,\"caption\":\"Vitinho comemorando gol marcado pelo Flamengo contra o Olimpia na Copa Libertadores 2021 (Foto: Alexandre Vidal\/Flamengo)\"},{\"@type\":\"BreadcrumbList\",\"@id\":\"https:\/\/www.gaveanews.com\/index.php\/2021\/08\/13\/racismo-no-paraguai-revolta-rubro-negros\/#breadcrumb\",\"itemListElement\":[{\"@type\":\"ListItem\",\"position\":1,\"name\":\"Home\",\"item\":\"https:\/\/www.gaveanews.com\/\"},{\"@type\":\"ListItem\",\"position\":2,\"name\":\"Racismo no Paraguai revolta rubro-negros\"}]},{\"@type\":\"WebSite\",\"@id\":\"https:\/\/www.gaveanews.com\/#website\",\"url\":\"https:\/\/www.gaveanews.com\/\",\"name\":\"G\u00e1vea News\",\"description\":\"Veja todas as not\u00edcias sobre o Flamengo: Contrata\u00e7\u00f5es, categorias de base, resultados das partidas, tabela de classifica\u00e7\u00e3o, pr\u00f3ximos jogos!\",\"potentialAction\":[{\"@type\":\"SearchAction\",\"target\":{\"@type\":\"EntryPoint\",\"urlTemplate\":\"https:\/\/www.gaveanews.com\/?s={search_term_string}\"},\"query-input\":{\"@type\":\"PropertyValueSpecification\",\"valueRequired\":true,\"valueName\":\"search_term_string\"}}],\"inLanguage\":\"pt-BR\"},{\"@type\":\"Person\",\"@id\":\"https:\/\/www.gaveanews.com\/#\/schema\/person\/2ec14f73fb96be2caf28f91afb14749d\",\"name\":\"Equipe G\u00e1vea News\",\"image\":{\"@type\":\"ImageObject\",\"inLanguage\":\"pt-BR\",\"@id\":\"https:\/\/www.gaveanews.com\/#\/schema\/person\/image\/\",\"url\":\"https:\/\/secure.gravatar.com\/avatar\/1e1956f1facbffd3f8fa53a326721950116b3b9dc9bd44939c01180fd4a745a9?s=96&d=mm&r=g\",\"contentUrl\":\"https:\/\/secure.gravatar.com\/avatar\/1e1956f1facbffd3f8fa53a326721950116b3b9dc9bd44939c01180fd4a745a9?s=96&d=mm&r=g\",\"caption\":\"Equipe G\u00e1vea News\"}}]}<\/script>\n<!-- \/ Yoast SEO Premium plugin. -->","yoast_head_json":{"title":"Racismo no Paraguai revolta rubro-negros","robots":{"index":"index","follow":"follow","max-snippet":"max-snippet:-1","max-image-preview":"max-image-preview:large","max-video-preview":"max-video-preview:-1"},"canonical":"https:\/\/www.gaveanews.com\/index.php\/2021\/08\/13\/racismo-no-paraguai-revolta-rubro-negros\/","og_locale":"pt_BR","og_type":"article","og_title":"Racismo no Paraguai revolta rubro-negros","og_description":"O Flamengo goleou o Ol\u00edmpia pela partida de ida das quarta de final da Libertadores. Atuando em Assun\u00e7\u00e3o, no Paraguai, o Rubro-Negro venceu por 4 a 1 e est\u00e1 pr\u00f3ximo de vaga nas semifinais. Mas a vit\u00f3ria n\u00e3o aconteceu sem algumas pol\u00eamicas, e as manifesta\u00e7\u00f5es racistas da torcida local geraram revolta. Na chegada ao Rio [&hellip;]","og_url":"https:\/\/www.gaveanews.com\/index.php\/2021\/08\/13\/racismo-no-paraguai-revolta-rubro-negros\/","og_site_name":"G\u00e1vea News","article_publisher":"https:\/\/facebook.com\/gaveaNews\/","article_published_time":"2021-08-13T10:30:00+00:00","og_image":[{"width":800,"height":533,"url":"https:\/\/www.gaveanews.com\/wp-content\/uploads\/Vitinho-comemorando-gol-marcado-pelo-Flamengo-contra-o-Olimpia-na-Copa-Libertadores-2021.webp","type":"image\/jpeg"}],"author":"Equipe G\u00e1vea News","twitter_card":"summary_large_image","twitter_misc":{"Escrito por":"Equipe G\u00e1vea News","Est. tempo de leitura":"2 minutos"},"schema":{"@context":"https:\/\/schema.org","@graph":[{"@type":"NewsArticle","@id":"https:\/\/www.gaveanews.com\/index.php\/2021\/08\/13\/racismo-no-paraguai-revolta-rubro-negros\/#article","isPartOf":{"@id":"https:\/\/www.gaveanews.com\/index.php\/2021\/08\/13\/racismo-no-paraguai-revolta-rubro-negros\/"},"author":{"name":"Equipe G\u00e1vea News","@id":"https:\/\/www.gaveanews.com\/#\/schema\/person\/2ec14f73fb96be2caf28f91afb14749d"},"headline":"Racismo no Paraguai revolta rubro-negros","datePublished":"2021-08-13T10:30:00+00:00","mainEntityOfPage":{"@id":"https:\/\/www.gaveanews.com\/index.php\/2021\/08\/13\/racismo-no-paraguai-revolta-rubro-negros\/"},"wordCount":432,"commentCount":3,"image":{"@id":"https:\/\/www.gaveanews.com\/index.php\/2021\/08\/13\/racismo-no-paraguai-revolta-rubro-negros\/#primaryimage"},"thumbnailUrl":"https:\/\/www.gaveanews.com\/wp-content\/uploads\/Vitinho-comemorando-gol-marcado-pelo-Flamengo-contra-o-Olimpia-na-Copa-Libertadores-2021.webp","articleSection":["Flamengo"],"inLanguage":"pt-BR","potentialAction":[{"@type":"CommentAction","name":"Comment","target":["https:\/\/www.gaveanews.com\/index.php\/2021\/08\/13\/racismo-no-paraguai-revolta-rubro-negros\/#respond"]}],"copyrightYear":"2021","copyrightHolder":{"@id":"https:\/\/www.gaveanews.com\/#organization"}},{"@type":"WebPage","@id":"https:\/\/www.gaveanews.com\/index.php\/2021\/08\/13\/racismo-no-paraguai-revolta-rubro-negros\/","url":"https:\/\/www.gaveanews.com\/index.php\/2021\/08\/13\/racismo-no-paraguai-revolta-rubro-negros\/","name":"Racismo no Paraguai revolta rubro-negros","isPartOf":{"@id":"https:\/\/www.gaveanews.com\/#website"},"primaryImageOfPage":{"@id":"https:\/\/www.gaveanews.com\/index.php\/2021\/08\/13\/racismo-no-paraguai-revolta-rubro-negros\/#primaryimage"},"image":{"@id":"https:\/\/www.gaveanews.com\/index.php\/2021\/08\/13\/racismo-no-paraguai-revolta-rubro-negros\/#primaryimage"},"thumbnailUrl":"https:\/\/www.gaveanews.com\/wp-content\/uploads\/Vitinho-comemorando-gol-marcado-pelo-Flamengo-contra-o-Olimpia-na-Copa-Libertadores-2021.webp","datePublished":"2021-08-13T10:30:00+00:00","author":{"@id":"https:\/\/www.gaveanews.com\/#\/schema\/person\/2ec14f73fb96be2caf28f91afb14749d"},"breadcrumb":{"@id":"https:\/\/www.gaveanews.com\/index.php\/2021\/08\/13\/racismo-no-paraguai-revolta-rubro-negros\/#breadcrumb"},"inLanguage":"pt-BR","potentialAction":[{"@type":"ReadAction","target":["https:\/\/www.gaveanews.com\/index.php\/2021\/08\/13\/racismo-no-paraguai-revolta-rubro-negros\/"]}]},{"@type":"ImageObject","inLanguage":"pt-BR","@id":"https:\/\/www.gaveanews.com\/index.php\/2021\/08\/13\/racismo-no-paraguai-revolta-rubro-negros\/#primaryimage","url":"https:\/\/www.gaveanews.com\/wp-content\/uploads\/Vitinho-comemorando-gol-marcado-pelo-Flamengo-contra-o-Olimpia-na-Copa-Libertadores-2021.webp","contentUrl":"https:\/\/www.gaveanews.com\/wp-content\/uploads\/Vitinho-comemorando-gol-marcado-pelo-Flamengo-contra-o-Olimpia-na-Copa-Libertadores-2021.webp","width":800,"height":533,"caption":"Vitinho comemorando gol marcado pelo Flamengo contra o Olimpia na Copa Libertadores 2021 (Foto: Alexandre Vidal\/Flamengo)"},{"@type":"BreadcrumbList","@id":"https:\/\/www.gaveanews.com\/index.php\/2021\/08\/13\/racismo-no-paraguai-revolta-rubro-negros\/#breadcrumb","itemListElement":[{"@type":"ListItem","position":1,"name":"Home","item":"https:\/\/www.gaveanews.com\/"},{"@type":"ListItem","position":2,"name":"Racismo no Paraguai revolta rubro-negros"}]},{"@type":"WebSite","@id":"https:\/\/www.gaveanews.com\/#website","url":"https:\/\/www.gaveanews.com\/","name":"G\u00e1vea News","description":"Veja todas as not\u00edcias sobre o Flamengo: Contrata\u00e7\u00f5es, categorias de base, resultados das partidas, tabela de classifica\u00e7\u00e3o, pr\u00f3ximos jogos!","potentialAction":[{"@type":"SearchAction","target":{"@type":"EntryPoint","urlTemplate":"https:\/\/www.gaveanews.com\/?s={search_term_string}"},"query-input":{"@type":"PropertyValueSpecification","valueRequired":true,"valueName":"search_term_string"}}],"inLanguage":"pt-BR"},{"@type":"Person","@id":"https:\/\/www.gaveanews.com\/#\/schema\/person\/2ec14f73fb96be2caf28f91afb14749d","name":"Equipe G\u00e1vea News","image":{"@type":"ImageObject","inLanguage":"pt-BR","@id":"https:\/\/www.gaveanews.com\/#\/schema\/person\/image\/","url":"https:\/\/secure.gravatar.com\/avatar\/1e1956f1facbffd3f8fa53a326721950116b3b9dc9bd44939c01180fd4a745a9?s=96&d=mm&r=g","contentUrl":"https:\/\/secure.gravatar.com\/avatar\/1e1956f1facbffd3f8fa53a326721950116b3b9dc9bd44939c01180fd4a745a9?s=96&d=mm&r=g","caption":"Equipe G\u00e1vea News"}}]}},"_links":{"self":[{"href":"https:\/\/www.gaveanews.com\/index.php\/wp-json\/wp\/v2\/posts\/65901","targetHints":{"allow":["GET"]}}],"collection":[{"href":"https:\/\/www.gaveanews.com\/index.php\/wp-json\/wp\/v2\/posts"}],"about":[{"href":"https:\/\/www.gaveanews.com\/index.php\/wp-json\/wp\/v2\/types\/post"}],"author":[{"embeddable":true,"href":"https:\/\/www.gaveanews.com\/index.php\/wp-json\/wp\/v2\/users\/1"}],"replies":[{"embeddable":true,"href":"https:\/\/www.gaveanews.com\/index.php\/wp-json\/wp\/v2\/comments?post=65901"}],"version-history":[{"count":0,"href":"https:\/\/www.gaveanews.com\/index.php\/wp-json\/wp\/v2\/posts\/65901\/revisions"}],"wp:featuredmedia":[{"embeddable":true,"href":"https:\/\/www.gaveanews.com\/index.php\/wp-json\/wp\/v2\/media\/65845"}],"wp:attachment":[{"href":"https:\/\/www.gaveanews.com\/index.php\/wp-json\/wp\/v2\/media?parent=65901"}],"wp:term":[{"taxonomy":"category","embeddable":true,"href":"https:\/\/www.gaveanews.com\/index.php\/wp-json\/wp\/v2\/categories?post=65901"},{"taxonomy":"post_tag","embeddable":true,"href":"https:\/\/www.gaveanews.com\/index.php\/wp-json\/wp\/v2\/tags?post=65901"}],"curies":[{"name":"wp","href":"https:\/\/api.w.org\/{rel}","templated":true}]}}