{"id":65921,"date":"2021-08-13T13:32:44","date_gmt":"2021-08-13T16:32:44","guid":{"rendered":"https:\/\/www.gaveanews.com\/?p=65921"},"modified":"2021-08-13T13:32:46","modified_gmt":"2021-08-13T16:32:46","slug":"gabigol-comemora-convocacao-para-a-selecao-brasileira","status":"publish","type":"post","link":"https:\/\/www.gaveanews.com\/index.php\/2021\/08\/13\/gabigol-comemora-convocacao-para-a-selecao-brasileira\/","title":{"rendered":"Gabigol comemora convoca\u00e7\u00e3o para a Sele\u00e7\u00e3o Brasileira"},"content":{"rendered":"\n<p>Artilheiro do Flamengo, Gabriel Barbosa foi, mais uma vez, chamado por Tite para defender a Sele\u00e7\u00e3o Brasileira nas Eliminat\u00f3rias Sul-Americanas para a Copa do Mundo de 2022, no Qatar. O camisa 9 utilizou as redes sociais para celebrar a convoca\u00e7\u00e3o, A mensagem foi breve: &#8220;Que honra&#8221;, escreveu o atleta.<\/p>\n\n\n\n<p>Al\u00e9m de Gabigol, o Flamengo teve outro convocado: o meia Everton Ribeiro. Ambos estiveram a servi\u00e7o da Sele\u00e7\u00e3o Brasileira na Copa Am\u00e9rica, em julho.<\/p>\n\n\n\n<p>O Brasil enfrenta o Chile, em Santiago, a Argentina, em S\u00e3o Paulo, e o Peru, em Recife, nos dias 2, 5 e 9 de setembro. \u00c0 disposi\u00e7\u00e3o de Tite neste per\u00edodo, Gabigol e Everton Ribeiro perder\u00e3o, ao menos, um jogo do Flamengo pelo Campeonato Brasileiro. A CBF prometeu fazer ajustes no calend\u00e1rio para que os atletas fiquem \u00e0 disposi\u00e7\u00e3o do clube para o jogo decisivo contra o Gr\u00eamio, nas quartas de final da Copa do Brasil, que ainda n\u00e3o tem data definida.<\/p>\n\n\n\n<p>Retirado de: Lance<\/p>\n","protected":false},"excerpt":{"rendered":"<p>Artilheiro do Flamengo, Gabriel Barbosa foi, mais uma vez, chamado por Tite para defender a Sele\u00e7\u00e3o Brasileira nas Eliminat\u00f3rias Sul-Americanas para a Copa do Mundo de 2022, no Qatar. O camisa 9 utilizou as redes sociais para celebrar a convoca\u00e7\u00e3o, A mensagem foi breve: &#8220;Que honra&#8221;, escreveu o atleta. Al\u00e9m de Gabigol, o Flamengo teve [&hellip;]<\/p>\n","protected":false},"author":1,"featured_media":63079,"comment_status":"open","ping_status":"closed","sticky":false,"template":"","format":"standard","meta":{"footnotes":""},"categories":[47],"tags":[],"class_list":["post-65921","post","type-post","status-publish","format-standard","has-post-thumbnail","hentry","category-destaques"],"yoast_head":"<!-- This site is optimized with the Yoast SEO Premium plugin v24.2 (Yoast SEO v26.9) - https:\/\/yoast.com\/product\/yoast-seo-premium-wordpress\/ -->\n<title>Gabigol comemora convoca\u00e7\u00e3o para a Sele\u00e7\u00e3o Brasileira<\/title>\n<meta name=\"robots\" content=\"index, follow, max-snippet:-1, max-image-preview:large, max-video-preview:-1\" \/>\n<link rel=\"canonical\" href=\"https:\/\/www.gaveanews.com\/index.php\/2021\/08\/13\/gabigol-comemora-convocacao-para-a-selecao-brasileira\/\" \/>\n<meta property=\"og:locale\" content=\"pt_BR\" \/>\n<meta property=\"og:type\" content=\"article\" \/>\n<meta property=\"og:title\" content=\"Gabigol comemora convoca\u00e7\u00e3o para a Sele\u00e7\u00e3o Brasileira\" \/>\n<meta property=\"og:description\" content=\"Artilheiro do Flamengo, Gabriel Barbosa foi, mais uma vez, chamado por Tite para defender a Sele\u00e7\u00e3o Brasileira nas Eliminat\u00f3rias Sul-Americanas para a Copa do Mundo de 2022, no Qatar. O camisa 9 utilizou as redes sociais para celebrar a convoca\u00e7\u00e3o, A mensagem foi breve: &#8220;Que honra&#8221;, escreveu o atleta. Al\u00e9m de Gabigol, o Flamengo teve [&hellip;]\" \/>\n<meta property=\"og:url\" content=\"https:\/\/www.gaveanews.com\/index.php\/2021\/08\/13\/gabigol-comemora-convocacao-para-a-selecao-brasileira\/\" \/>\n<meta property=\"og:site_name\" content=\"G\u00e1vea News\" \/>\n<meta property=\"article:publisher\" content=\"https:\/\/facebook.com\/gaveaNews\/\" \/>\n<meta property=\"article:published_time\" content=\"2021-08-13T16:32:44+00:00\" \/>\n<meta property=\"article:modified_time\" content=\"2021-08-13T16:32:46+00:00\" \/>\n<meta property=\"og:image\" content=\"https:\/\/www.gaveanews.com\/wp-content\/uploads\/Gabigol-comemorando-gol-marcado-pela-Selecao-Brasileira-na-Copa-America.webp\" \/>\n\t<meta property=\"og:image:width\" content=\"640\" \/>\n\t<meta property=\"og:image:height\" content=\"400\" \/>\n\t<meta property=\"og:image:type\" content=\"image\/png\" \/>\n<meta name=\"author\" content=\"Equipe G\u00e1vea News\" \/>\n<meta name=\"twitter:card\" content=\"summary_large_image\" \/>\n<meta name=\"twitter:label1\" content=\"Escrito por\" \/>\n\t<meta name=\"twitter:data1\" content=\"Equipe G\u00e1vea News\" \/>\n\t<meta name=\"twitter:label2\" content=\"Est. tempo de leitura\" \/>\n\t<meta name=\"twitter:data2\" content=\"1 minuto\" \/>\n<script type=\"application\/ld+json\" class=\"yoast-schema-graph\">{\"@context\":\"https:\/\/schema.org\",\"@graph\":[{\"@type\":\"NewsArticle\",\"@id\":\"https:\/\/www.gaveanews.com\/index.php\/2021\/08\/13\/gabigol-comemora-convocacao-para-a-selecao-brasileira\/#article\",\"isPartOf\":{\"@id\":\"https:\/\/www.gaveanews.com\/index.php\/2021\/08\/13\/gabigol-comemora-convocacao-para-a-selecao-brasileira\/\"},\"author\":{\"name\":\"Equipe G\u00e1vea News\",\"@id\":\"https:\/\/www.gaveanews.com\/#\/schema\/person\/2ec14f73fb96be2caf28f91afb14749d\"},\"headline\":\"Gabigol comemora convoca\u00e7\u00e3o para a Sele\u00e7\u00e3o Brasileira\",\"datePublished\":\"2021-08-13T16:32:44+00:00\",\"dateModified\":\"2021-08-13T16:32:46+00:00\",\"mainEntityOfPage\":{\"@id\":\"https:\/\/www.gaveanews.com\/index.php\/2021\/08\/13\/gabigol-comemora-convocacao-para-a-selecao-brasileira\/\"},\"wordCount\":175,\"commentCount\":5,\"image\":{\"@id\":\"https:\/\/www.gaveanews.com\/index.php\/2021\/08\/13\/gabigol-comemora-convocacao-para-a-selecao-brasileira\/#primaryimage\"},\"thumbnailUrl\":\"https:\/\/www.gaveanews.com\/wp-content\/uploads\/Gabigol-comemorando-gol-marcado-pela-Selecao-Brasileira-na-Copa-America.webp\",\"articleSection\":[\"Destaques\"],\"inLanguage\":\"pt-BR\",\"potentialAction\":[{\"@type\":\"CommentAction\",\"name\":\"Comment\",\"target\":[\"https:\/\/www.gaveanews.com\/index.php\/2021\/08\/13\/gabigol-comemora-convocacao-para-a-selecao-brasileira\/#respond\"]}],\"copyrightYear\":\"2021\",\"copyrightHolder\":{\"@id\":\"https:\/\/www.gaveanews.com\/#organization\"}},{\"@type\":\"WebPage\",\"@id\":\"https:\/\/www.gaveanews.com\/index.php\/2021\/08\/13\/gabigol-comemora-convocacao-para-a-selecao-brasileira\/\",\"url\":\"https:\/\/www.gaveanews.com\/index.php\/2021\/08\/13\/gabigol-comemora-convocacao-para-a-selecao-brasileira\/\",\"name\":\"Gabigol comemora convoca\u00e7\u00e3o para a Sele\u00e7\u00e3o Brasileira\",\"isPartOf\":{\"@id\":\"https:\/\/www.gaveanews.com\/#website\"},\"primaryImageOfPage\":{\"@id\":\"https:\/\/www.gaveanews.com\/index.php\/2021\/08\/13\/gabigol-comemora-convocacao-para-a-selecao-brasileira\/#primaryimage\"},\"image\":{\"@id\":\"https:\/\/www.gaveanews.com\/index.php\/2021\/08\/13\/gabigol-comemora-convocacao-para-a-selecao-brasileira\/#primaryimage\"},\"thumbnailUrl\":\"https:\/\/www.gaveanews.com\/wp-content\/uploads\/Gabigol-comemorando-gol-marcado-pela-Selecao-Brasileira-na-Copa-America.webp\",\"datePublished\":\"2021-08-13T16:32:44+00:00\",\"dateModified\":\"2021-08-13T16:32:46+00:00\",\"author\":{\"@id\":\"https:\/\/www.gaveanews.com\/#\/schema\/person\/2ec14f73fb96be2caf28f91afb14749d\"},\"breadcrumb\":{\"@id\":\"https:\/\/www.gaveanews.com\/index.php\/2021\/08\/13\/gabigol-comemora-convocacao-para-a-selecao-brasileira\/#breadcrumb\"},\"inLanguage\":\"pt-BR\",\"potentialAction\":[{\"@type\":\"ReadAction\",\"target\":[\"https:\/\/www.gaveanews.com\/index.php\/2021\/08\/13\/gabigol-comemora-convocacao-para-a-selecao-brasileira\/\"]}]},{\"@type\":\"ImageObject\",\"inLanguage\":\"pt-BR\",\"@id\":\"https:\/\/www.gaveanews.com\/index.php\/2021\/08\/13\/gabigol-comemora-convocacao-para-a-selecao-brasileira\/#primaryimage\",\"url\":\"https:\/\/www.gaveanews.com\/wp-content\/uploads\/Gabigol-comemorando-gol-marcado-pela-Selecao-Brasileira-na-Copa-America.webp\",\"contentUrl\":\"https:\/\/www.gaveanews.com\/wp-content\/uploads\/Gabigol-comemorando-gol-marcado-pela-Selecao-Brasileira-na-Copa-America.webp\",\"width\":640,\"height\":400,\"caption\":\"Gabigol comemorando gol marcado pela Sele\u00e7\u00e3o Brasileira na Copa Am\u00e9rica (Foto: Reprodu\u00e7\u00e3o\/CBF)\"},{\"@type\":\"BreadcrumbList\",\"@id\":\"https:\/\/www.gaveanews.com\/index.php\/2021\/08\/13\/gabigol-comemora-convocacao-para-a-selecao-brasileira\/#breadcrumb\",\"itemListElement\":[{\"@type\":\"ListItem\",\"position\":1,\"name\":\"Home\",\"item\":\"https:\/\/www.gaveanews.com\/\"},{\"@type\":\"ListItem\",\"position\":2,\"name\":\"Gabigol comemora convoca\u00e7\u00e3o para a Sele\u00e7\u00e3o Brasileira\"}]},{\"@type\":\"WebSite\",\"@id\":\"https:\/\/www.gaveanews.com\/#website\",\"url\":\"https:\/\/www.gaveanews.com\/\",\"name\":\"G\u00e1vea News\",\"description\":\"Veja todas as not\u00edcias sobre o Flamengo: Contrata\u00e7\u00f5es, categorias de base, resultados das partidas, tabela de classifica\u00e7\u00e3o, pr\u00f3ximos jogos!\",\"potentialAction\":[{\"@type\":\"SearchAction\",\"target\":{\"@type\":\"EntryPoint\",\"urlTemplate\":\"https:\/\/www.gaveanews.com\/?s={search_term_string}\"},\"query-input\":{\"@type\":\"PropertyValueSpecification\",\"valueRequired\":true,\"valueName\":\"search_term_string\"}}],\"inLanguage\":\"pt-BR\"},{\"@type\":\"Person\",\"@id\":\"https:\/\/www.gaveanews.com\/#\/schema\/person\/2ec14f73fb96be2caf28f91afb14749d\",\"name\":\"Equipe G\u00e1vea News\",\"image\":{\"@type\":\"ImageObject\",\"inLanguage\":\"pt-BR\",\"@id\":\"https:\/\/www.gaveanews.com\/#\/schema\/person\/image\/\",\"url\":\"https:\/\/secure.gravatar.com\/avatar\/1e1956f1facbffd3f8fa53a326721950116b3b9dc9bd44939c01180fd4a745a9?s=96&d=mm&r=g\",\"contentUrl\":\"https:\/\/secure.gravatar.com\/avatar\/1e1956f1facbffd3f8fa53a326721950116b3b9dc9bd44939c01180fd4a745a9?s=96&d=mm&r=g\",\"caption\":\"Equipe G\u00e1vea News\"}}]}<\/script>\n<!-- \/ Yoast SEO Premium plugin. -->","yoast_head_json":{"title":"Gabigol comemora convoca\u00e7\u00e3o para a Sele\u00e7\u00e3o Brasileira","robots":{"index":"index","follow":"follow","max-snippet":"max-snippet:-1","max-image-preview":"max-image-preview:large","max-video-preview":"max-video-preview:-1"},"canonical":"https:\/\/www.gaveanews.com\/index.php\/2021\/08\/13\/gabigol-comemora-convocacao-para-a-selecao-brasileira\/","og_locale":"pt_BR","og_type":"article","og_title":"Gabigol comemora convoca\u00e7\u00e3o para a Sele\u00e7\u00e3o Brasileira","og_description":"Artilheiro do Flamengo, Gabriel Barbosa foi, mais uma vez, chamado por Tite para defender a Sele\u00e7\u00e3o Brasileira nas Eliminat\u00f3rias Sul-Americanas para a Copa do Mundo de 2022, no Qatar. O camisa 9 utilizou as redes sociais para celebrar a convoca\u00e7\u00e3o, A mensagem foi breve: &#8220;Que honra&#8221;, escreveu o atleta. Al\u00e9m de Gabigol, o Flamengo teve [&hellip;]","og_url":"https:\/\/www.gaveanews.com\/index.php\/2021\/08\/13\/gabigol-comemora-convocacao-para-a-selecao-brasileira\/","og_site_name":"G\u00e1vea News","article_publisher":"https:\/\/facebook.com\/gaveaNews\/","article_published_time":"2021-08-13T16:32:44+00:00","article_modified_time":"2021-08-13T16:32:46+00:00","og_image":[{"width":640,"height":400,"url":"https:\/\/www.gaveanews.com\/wp-content\/uploads\/Gabigol-comemorando-gol-marcado-pela-Selecao-Brasileira-na-Copa-America.webp","type":"image\/png"}],"author":"Equipe G\u00e1vea News","twitter_card":"summary_large_image","twitter_misc":{"Escrito por":"Equipe G\u00e1vea News","Est. tempo de leitura":"1 minuto"},"schema":{"@context":"https:\/\/schema.org","@graph":[{"@type":"NewsArticle","@id":"https:\/\/www.gaveanews.com\/index.php\/2021\/08\/13\/gabigol-comemora-convocacao-para-a-selecao-brasileira\/#article","isPartOf":{"@id":"https:\/\/www.gaveanews.com\/index.php\/2021\/08\/13\/gabigol-comemora-convocacao-para-a-selecao-brasileira\/"},"author":{"name":"Equipe G\u00e1vea News","@id":"https:\/\/www.gaveanews.com\/#\/schema\/person\/2ec14f73fb96be2caf28f91afb14749d"},"headline":"Gabigol comemora convoca\u00e7\u00e3o para a Sele\u00e7\u00e3o Brasileira","datePublished":"2021-08-13T16:32:44+00:00","dateModified":"2021-08-13T16:32:46+00:00","mainEntityOfPage":{"@id":"https:\/\/www.gaveanews.com\/index.php\/2021\/08\/13\/gabigol-comemora-convocacao-para-a-selecao-brasileira\/"},"wordCount":175,"commentCount":5,"image":{"@id":"https:\/\/www.gaveanews.com\/index.php\/2021\/08\/13\/gabigol-comemora-convocacao-para-a-selecao-brasileira\/#primaryimage"},"thumbnailUrl":"https:\/\/www.gaveanews.com\/wp-content\/uploads\/Gabigol-comemorando-gol-marcado-pela-Selecao-Brasileira-na-Copa-America.webp","articleSection":["Destaques"],"inLanguage":"pt-BR","potentialAction":[{"@type":"CommentAction","name":"Comment","target":["https:\/\/www.gaveanews.com\/index.php\/2021\/08\/13\/gabigol-comemora-convocacao-para-a-selecao-brasileira\/#respond"]}],"copyrightYear":"2021","copyrightHolder":{"@id":"https:\/\/www.gaveanews.com\/#organization"}},{"@type":"WebPage","@id":"https:\/\/www.gaveanews.com\/index.php\/2021\/08\/13\/gabigol-comemora-convocacao-para-a-selecao-brasileira\/","url":"https:\/\/www.gaveanews.com\/index.php\/2021\/08\/13\/gabigol-comemora-convocacao-para-a-selecao-brasileira\/","name":"Gabigol comemora convoca\u00e7\u00e3o para a Sele\u00e7\u00e3o Brasileira","isPartOf":{"@id":"https:\/\/www.gaveanews.com\/#website"},"primaryImageOfPage":{"@id":"https:\/\/www.gaveanews.com\/index.php\/2021\/08\/13\/gabigol-comemora-convocacao-para-a-selecao-brasileira\/#primaryimage"},"image":{"@id":"https:\/\/www.gaveanews.com\/index.php\/2021\/08\/13\/gabigol-comemora-convocacao-para-a-selecao-brasileira\/#primaryimage"},"thumbnailUrl":"https:\/\/www.gaveanews.com\/wp-content\/uploads\/Gabigol-comemorando-gol-marcado-pela-Selecao-Brasileira-na-Copa-America.webp","datePublished":"2021-08-13T16:32:44+00:00","dateModified":"2021-08-13T16:32:46+00:00","author":{"@id":"https:\/\/www.gaveanews.com\/#\/schema\/person\/2ec14f73fb96be2caf28f91afb14749d"},"breadcrumb":{"@id":"https:\/\/www.gaveanews.com\/index.php\/2021\/08\/13\/gabigol-comemora-convocacao-para-a-selecao-brasileira\/#breadcrumb"},"inLanguage":"pt-BR","potentialAction":[{"@type":"ReadAction","target":["https:\/\/www.gaveanews.com\/index.php\/2021\/08\/13\/gabigol-comemora-convocacao-para-a-selecao-brasileira\/"]}]},{"@type":"ImageObject","inLanguage":"pt-BR","@id":"https:\/\/www.gaveanews.com\/index.php\/2021\/08\/13\/gabigol-comemora-convocacao-para-a-selecao-brasileira\/#primaryimage","url":"https:\/\/www.gaveanews.com\/wp-content\/uploads\/Gabigol-comemorando-gol-marcado-pela-Selecao-Brasileira-na-Copa-America.webp","contentUrl":"https:\/\/www.gaveanews.com\/wp-content\/uploads\/Gabigol-comemorando-gol-marcado-pela-Selecao-Brasileira-na-Copa-America.webp","width":640,"height":400,"caption":"Gabigol comemorando gol marcado pela Sele\u00e7\u00e3o Brasileira na Copa Am\u00e9rica (Foto: Reprodu\u00e7\u00e3o\/CBF)"},{"@type":"BreadcrumbList","@id":"https:\/\/www.gaveanews.com\/index.php\/2021\/08\/13\/gabigol-comemora-convocacao-para-a-selecao-brasileira\/#breadcrumb","itemListElement":[{"@type":"ListItem","position":1,"name":"Home","item":"https:\/\/www.gaveanews.com\/"},{"@type":"ListItem","position":2,"name":"Gabigol comemora convoca\u00e7\u00e3o para a Sele\u00e7\u00e3o Brasileira"}]},{"@type":"WebSite","@id":"https:\/\/www.gaveanews.com\/#website","url":"https:\/\/www.gaveanews.com\/","name":"G\u00e1vea News","description":"Veja todas as not\u00edcias sobre o Flamengo: Contrata\u00e7\u00f5es, categorias de base, resultados das partidas, tabela de classifica\u00e7\u00e3o, pr\u00f3ximos jogos!","potentialAction":[{"@type":"SearchAction","target":{"@type":"EntryPoint","urlTemplate":"https:\/\/www.gaveanews.com\/?s={search_term_string}"},"query-input":{"@type":"PropertyValueSpecification","valueRequired":true,"valueName":"search_term_string"}}],"inLanguage":"pt-BR"},{"@type":"Person","@id":"https:\/\/www.gaveanews.com\/#\/schema\/person\/2ec14f73fb96be2caf28f91afb14749d","name":"Equipe G\u00e1vea News","image":{"@type":"ImageObject","inLanguage":"pt-BR","@id":"https:\/\/www.gaveanews.com\/#\/schema\/person\/image\/","url":"https:\/\/secure.gravatar.com\/avatar\/1e1956f1facbffd3f8fa53a326721950116b3b9dc9bd44939c01180fd4a745a9?s=96&d=mm&r=g","contentUrl":"https:\/\/secure.gravatar.com\/avatar\/1e1956f1facbffd3f8fa53a326721950116b3b9dc9bd44939c01180fd4a745a9?s=96&d=mm&r=g","caption":"Equipe G\u00e1vea News"}}]}},"_links":{"self":[{"href":"https:\/\/www.gaveanews.com\/index.php\/wp-json\/wp\/v2\/posts\/65921","targetHints":{"allow":["GET"]}}],"collection":[{"href":"https:\/\/www.gaveanews.com\/index.php\/wp-json\/wp\/v2\/posts"}],"about":[{"href":"https:\/\/www.gaveanews.com\/index.php\/wp-json\/wp\/v2\/types\/post"}],"author":[{"embeddable":true,"href":"https:\/\/www.gaveanews.com\/index.php\/wp-json\/wp\/v2\/users\/1"}],"replies":[{"embeddable":true,"href":"https:\/\/www.gaveanews.com\/index.php\/wp-json\/wp\/v2\/comments?post=65921"}],"version-history":[{"count":0,"href":"https:\/\/www.gaveanews.com\/index.php\/wp-json\/wp\/v2\/posts\/65921\/revisions"}],"wp:featuredmedia":[{"embeddable":true,"href":"https:\/\/www.gaveanews.com\/index.php\/wp-json\/wp\/v2\/media\/63079"}],"wp:attachment":[{"href":"https:\/\/www.gaveanews.com\/index.php\/wp-json\/wp\/v2\/media?parent=65921"}],"wp:term":[{"taxonomy":"category","embeddable":true,"href":"https:\/\/www.gaveanews.com\/index.php\/wp-json\/wp\/v2\/categories?post=65921"},{"taxonomy":"post_tag","embeddable":true,"href":"https:\/\/www.gaveanews.com\/index.php\/wp-json\/wp\/v2\/tags?post=65921"}],"curies":[{"name":"wp","href":"https:\/\/api.w.org\/{rel}","templated":true}]}}