{"id":65928,"date":"2021-08-14T10:00:00","date_gmt":"2021-08-14T13:00:00","guid":{"rendered":"https:\/\/www.gaveanews.com\/?p=65928"},"modified":"2021-08-14T03:13:30","modified_gmt":"2021-08-14T06:13:30","slug":"arrascaeta-preso-em-2019-diego-ribas-sofreu-fratura-e-adversario-nao-recebeu-cartao","status":"publish","type":"post","link":"https:\/\/www.gaveanews.com\/index.php\/2021\/08\/14\/arrascaeta-preso-em-2019-diego-ribas-sofreu-fratura-e-adversario-nao-recebeu-cartao\/","title":{"rendered":"Arrascaeta preso? Em 2019, Diego Ribas sofreu fratura e advers\u00e1rio n\u00e3o recebeu cart\u00e3o"},"content":{"rendered":"\n<p>Na \u00faltima quarta-feira (11), o Mais Querido goleou o Olimpia por 4 a 1 no jogo de ida pelas quartas de final da Libertadores. Contudo, ainda que o placar sugira uma vit\u00f3ria sem muitas emo\u00e7\u00f5es, o duelo foi recheado de pol\u00eamicas e ainda repercute no meio esportivo.<\/p>\n\n\n\n<p>Al\u00e9m dos <a href=\"https:\/\/www.gaveanews.com\/index.php\/2021\/08\/13\/racismo-no-paraguai-revolta-rubro-negros\/\">atos racistas<\/a>, do <a href=\"https:\/\/www.gaveanews.com\/index.php\/2021\/08\/13\/presidente-do-olimpia-diz-que-arrascaeta-deveria-ter-sido-preso\/\">p\u00eanalti marcado <\/a>e da postura dos jogadores do Olimpia, que fizeram faltas fortes e realizaram um jogo mais psicol\u00f3gico, um outro lance acabou divergindo opini\u00f5es entre os telespectadores do embate. Em uma disputa de bola, Arrascaeta acertou o rosto do Victor Salaza e cometeu uma falta.<\/p>\n\n\n\n<p>O \u00e1rbitro, informado pelo VAR de que o golpe foi acidental, descartou a possibilidade de dar alguma advert\u00eancia ao uruguaio e o camisa 14 n\u00e3o recebeu nenhum cart\u00e3o. A atitude foi muito criticada e <a href=\"https:\/\/www.gaveanews.com\/index.php\/2021\/08\/13\/presidente-do-olimpia-diz-que-arrascaeta-deveria-ter-sido-preso\/\">segundo o presidente do clube advers\u00e1rio, ele deveria ser preso<\/a>.<\/p>\n\n\n\n<p>Vale destacar que alguns \u00e2ngulos da cena mostram que os olhos de Arrasca estavam na bola, o que impossibilitaria o meia de ver o outro jogador se aproximando dele. Al\u00e9m disso, tamb\u00e9m \u00e9 poss\u00edvel notar que o pr\u00f3prio atleta do Flamengo se surpreende com a chegada e fecha os olhos no momento do impacto.<\/p>\n\n\n\n<h2 class=\"wp-block-heading\" id=\"h-confira-o-lance-novamente\">Confira o lance novamente:<\/h2>\n\n\n\n<div class=\"wp-block-image\"><figure class=\"aligncenter size-large\"><img decoding=\"async\" src=\"https:\/\/lh3.googleusercontent.com\/-zBwg_nvjrnU\/YRddO2kVwRI\/AAAAAAAAdwc\/Sv0SLku2stMPCA5HHvxyf_vWCQmy8B2LgCLcBGAsYHQ\/s16000\/ezgif-6-c5142c4bce84.gif\" alt=\"\"\/><\/figure><\/div>\n\n\n\n<p>Por\u00e9m, em outra ocasi\u00e3o, outro atleta do Flamengo, Diego Ribas j\u00e1 sofreu um golpe duro, chegou a quebrar seu tornozelo, e o autor da infra\u00e7\u00e3o tamb\u00e9m n\u00e3o recebeu nenhum cart\u00e3o pelo lance. A partida em quest\u00e3o foi contra o Emelec e ocorreu no dia 27 de julho de 2019, no jogo de ida pelas oitavas de final da Libertadores, mesma competi\u00e7\u00e3o na qual Flamengo e Olimpia se enfrentam.<\/p>\n\n\n\n<h2 class=\"wp-block-heading\" id=\"h-vejam-o-lance\">Vejam o lance:<\/h2>\n\n\n\n<figure class=\"wp-block-embed is-type-video is-provider-youtube wp-block-embed-youtube wp-embed-aspect-16-9 wp-has-aspect-ratio\"><div class=\"wp-block-embed__wrapper\">\n<iframe loading=\"lazy\" title=\"CENAS FORTES! DIEGO TEM SUSPEITA DE FRATURA NO TORNOZELO\" width=\"640\" height=\"360\" src=\"https:\/\/www.youtube.com\/embed\/fHwIcej9zrc?feature=oembed\" frameborder=\"0\" allow=\"accelerometer; autoplay; clipboard-write; encrypted-media; gyroscope; picture-in-picture; web-share\" referrerpolicy=\"strict-origin-when-cross-origin\" allowfullscreen><\/iframe>\n<\/div><\/figure>\n\n\n\n<p>Desta forma, \u00e9 poss\u00edvel notar que a arbitragem de campo seguiu a linha de racioc\u00ednio utilizada pela entidade e n\u00e3o aplicou cart\u00e3o vermelho em ambas as situa\u00e7\u00f5es, ainda que os jogadores atingidos tenham sofrido les\u00f5es.<\/p>\n","protected":false},"excerpt":{"rendered":"<p>Na \u00faltima quarta-feira (11), o Mais Querido goleou o Olimpia por 4 a 1 no jogo de ida pelas quartas de final da Libertadores. Contudo, ainda que o placar sugira uma vit\u00f3ria sem muitas emo\u00e7\u00f5es, o duelo foi recheado de pol\u00eamicas e ainda repercute no meio esportivo. Al\u00e9m dos atos racistas, do p\u00eanalti marcado e [&hellip;]<\/p>\n","protected":false},"author":4,"featured_media":65630,"comment_status":"open","ping_status":"closed","sticky":false,"template":"","format":"standard","meta":{"footnotes":""},"categories":[1],"tags":[],"class_list":["post-65928","post","type-post","status-publish","format-standard","has-post-thumbnail","hentry","category-flamengo"],"yoast_head":"<!-- This site is optimized with the Yoast SEO Premium plugin v24.2 (Yoast SEO v26.9) - https:\/\/yoast.com\/product\/yoast-seo-premium-wordpress\/ -->\n<title>Em 2019, Diego Ribas sofreu fratura e advers\u00e1rio n\u00e3o recebeu cart\u00e3o<\/title>\n<meta name=\"robots\" content=\"index, follow, max-snippet:-1, max-image-preview:large, max-video-preview:-1\" \/>\n<link rel=\"canonical\" href=\"https:\/\/www.gaveanews.com\/index.php\/2021\/08\/14\/arrascaeta-preso-em-2019-diego-ribas-sofreu-fratura-e-adversario-nao-recebeu-cartao\/\" \/>\n<meta property=\"og:locale\" content=\"pt_BR\" \/>\n<meta property=\"og:type\" content=\"article\" \/>\n<meta property=\"og:title\" content=\"Arrascaeta preso? Em 2019, Diego Ribas sofreu fratura e advers\u00e1rio n\u00e3o recebeu cart\u00e3o\" \/>\n<meta property=\"og:description\" content=\"Na \u00faltima quarta-feira (11), o Mais Querido goleou o Olimpia por 4 a 1 no jogo de ida pelas quartas de final da Libertadores. Contudo, ainda que o placar sugira uma vit\u00f3ria sem muitas emo\u00e7\u00f5es, o duelo foi recheado de pol\u00eamicas e ainda repercute no meio esportivo. Al\u00e9m dos atos racistas, do p\u00eanalti marcado e [&hellip;]\" \/>\n<meta property=\"og:url\" content=\"https:\/\/www.gaveanews.com\/index.php\/2021\/08\/14\/arrascaeta-preso-em-2019-diego-ribas-sofreu-fratura-e-adversario-nao-recebeu-cartao\/\" \/>\n<meta property=\"og:site_name\" content=\"G\u00e1vea News\" \/>\n<meta property=\"article:publisher\" content=\"https:\/\/facebook.com\/gaveaNews\/\" \/>\n<meta property=\"article:published_time\" content=\"2021-08-14T13:00:00+00:00\" \/>\n<meta property=\"og:image\" content=\"https:\/\/www.gaveanews.com\/wp-content\/uploads\/Arrascaeta-em-acao-pelo-Flamengo-durante-a-partida-contra-o-Olimpia-pela-Copa-Libertadores-da-temporada-de-2021.webp\" \/>\n\t<meta property=\"og:image:width\" content=\"799\" \/>\n\t<meta property=\"og:image:height\" content=\"533\" \/>\n\t<meta property=\"og:image:type\" content=\"image\/jpeg\" \/>\n<meta name=\"author\" content=\"Let\u00edcia Gerheim\" \/>\n<meta name=\"twitter:card\" content=\"summary_large_image\" \/>\n<meta name=\"twitter:label1\" content=\"Escrito por\" \/>\n\t<meta name=\"twitter:data1\" content=\"Let\u00edcia Gerheim\" \/>\n\t<meta name=\"twitter:label2\" content=\"Est. tempo de leitura\" \/>\n\t<meta name=\"twitter:data2\" content=\"2 minutos\" \/>\n<script type=\"application\/ld+json\" class=\"yoast-schema-graph\">{\"@context\":\"https:\/\/schema.org\",\"@graph\":[{\"@type\":\"NewsArticle\",\"@id\":\"https:\/\/www.gaveanews.com\/index.php\/2021\/08\/14\/arrascaeta-preso-em-2019-diego-ribas-sofreu-fratura-e-adversario-nao-recebeu-cartao\/#article\",\"isPartOf\":{\"@id\":\"https:\/\/www.gaveanews.com\/index.php\/2021\/08\/14\/arrascaeta-preso-em-2019-diego-ribas-sofreu-fratura-e-adversario-nao-recebeu-cartao\/\"},\"author\":{\"name\":\"Let\u00edcia Gerheim\",\"@id\":\"https:\/\/www.gaveanews.com\/#\/schema\/person\/714c67050b836198af2450ba1c142a67\"},\"headline\":\"Arrascaeta preso? Em 2019, Diego Ribas sofreu fratura e advers\u00e1rio n\u00e3o recebeu cart\u00e3o\",\"datePublished\":\"2021-08-14T13:00:00+00:00\",\"mainEntityOfPage\":{\"@id\":\"https:\/\/www.gaveanews.com\/index.php\/2021\/08\/14\/arrascaeta-preso-em-2019-diego-ribas-sofreu-fratura-e-adversario-nao-recebeu-cartao\/\"},\"wordCount\":350,\"commentCount\":20,\"image\":{\"@id\":\"https:\/\/www.gaveanews.com\/index.php\/2021\/08\/14\/arrascaeta-preso-em-2019-diego-ribas-sofreu-fratura-e-adversario-nao-recebeu-cartao\/#primaryimage\"},\"thumbnailUrl\":\"https:\/\/www.gaveanews.com\/wp-content\/uploads\/Arrascaeta-em-acao-pelo-Flamengo-durante-a-partida-contra-o-Olimpia-pela-Copa-Libertadores-da-temporada-de-2021.webp\",\"articleSection\":[\"Flamengo\"],\"inLanguage\":\"pt-BR\",\"potentialAction\":[{\"@type\":\"CommentAction\",\"name\":\"Comment\",\"target\":[\"https:\/\/www.gaveanews.com\/index.php\/2021\/08\/14\/arrascaeta-preso-em-2019-diego-ribas-sofreu-fratura-e-adversario-nao-recebeu-cartao\/#respond\"]}],\"copyrightYear\":\"2021\",\"copyrightHolder\":{\"@id\":\"https:\/\/www.gaveanews.com\/#organization\"}},{\"@type\":\"WebPage\",\"@id\":\"https:\/\/www.gaveanews.com\/index.php\/2021\/08\/14\/arrascaeta-preso-em-2019-diego-ribas-sofreu-fratura-e-adversario-nao-recebeu-cartao\/\",\"url\":\"https:\/\/www.gaveanews.com\/index.php\/2021\/08\/14\/arrascaeta-preso-em-2019-diego-ribas-sofreu-fratura-e-adversario-nao-recebeu-cartao\/\",\"name\":\"Em 2019, Diego Ribas sofreu fratura e advers\u00e1rio n\u00e3o recebeu cart\u00e3o\",\"isPartOf\":{\"@id\":\"https:\/\/www.gaveanews.com\/#website\"},\"primaryImageOfPage\":{\"@id\":\"https:\/\/www.gaveanews.com\/index.php\/2021\/08\/14\/arrascaeta-preso-em-2019-diego-ribas-sofreu-fratura-e-adversario-nao-recebeu-cartao\/#primaryimage\"},\"image\":{\"@id\":\"https:\/\/www.gaveanews.com\/index.php\/2021\/08\/14\/arrascaeta-preso-em-2019-diego-ribas-sofreu-fratura-e-adversario-nao-recebeu-cartao\/#primaryimage\"},\"thumbnailUrl\":\"https:\/\/www.gaveanews.com\/wp-content\/uploads\/Arrascaeta-em-acao-pelo-Flamengo-durante-a-partida-contra-o-Olimpia-pela-Copa-Libertadores-da-temporada-de-2021.webp\",\"datePublished\":\"2021-08-14T13:00:00+00:00\",\"author\":{\"@id\":\"https:\/\/www.gaveanews.com\/#\/schema\/person\/714c67050b836198af2450ba1c142a67\"},\"breadcrumb\":{\"@id\":\"https:\/\/www.gaveanews.com\/index.php\/2021\/08\/14\/arrascaeta-preso-em-2019-diego-ribas-sofreu-fratura-e-adversario-nao-recebeu-cartao\/#breadcrumb\"},\"inLanguage\":\"pt-BR\",\"potentialAction\":[{\"@type\":\"ReadAction\",\"target\":[\"https:\/\/www.gaveanews.com\/index.php\/2021\/08\/14\/arrascaeta-preso-em-2019-diego-ribas-sofreu-fratura-e-adversario-nao-recebeu-cartao\/\"]}]},{\"@type\":\"ImageObject\",\"inLanguage\":\"pt-BR\",\"@id\":\"https:\/\/www.gaveanews.com\/index.php\/2021\/08\/14\/arrascaeta-preso-em-2019-diego-ribas-sofreu-fratura-e-adversario-nao-recebeu-cartao\/#primaryimage\",\"url\":\"https:\/\/www.gaveanews.com\/wp-content\/uploads\/Arrascaeta-em-acao-pelo-Flamengo-durante-a-partida-contra-o-Olimpia-pela-Copa-Libertadores-da-temporada-de-2021.webp\",\"contentUrl\":\"https:\/\/www.gaveanews.com\/wp-content\/uploads\/Arrascaeta-em-acao-pelo-Flamengo-durante-a-partida-contra-o-Olimpia-pela-Copa-Libertadores-da-temporada-de-2021.webp\",\"width\":799,\"height\":533,\"caption\":\"Arrascaeta em a\u00e7\u00e3o pelo Flamengo durante a partida contra o Olimpia pela Copa Libertadores da temporada de 2021 (Foto: Alexandre Vidal\/Flamengo)\"},{\"@type\":\"BreadcrumbList\",\"@id\":\"https:\/\/www.gaveanews.com\/index.php\/2021\/08\/14\/arrascaeta-preso-em-2019-diego-ribas-sofreu-fratura-e-adversario-nao-recebeu-cartao\/#breadcrumb\",\"itemListElement\":[{\"@type\":\"ListItem\",\"position\":1,\"name\":\"Home\",\"item\":\"https:\/\/www.gaveanews.com\/\"},{\"@type\":\"ListItem\",\"position\":2,\"name\":\"Arrascaeta preso? Em 2019, Diego Ribas sofreu fratura e advers\u00e1rio n\u00e3o recebeu cart\u00e3o\"}]},{\"@type\":\"WebSite\",\"@id\":\"https:\/\/www.gaveanews.com\/#website\",\"url\":\"https:\/\/www.gaveanews.com\/\",\"name\":\"G\u00e1vea News\",\"description\":\"Veja todas as not\u00edcias sobre o Flamengo: Contrata\u00e7\u00f5es, categorias de base, resultados das partidas, tabela de classifica\u00e7\u00e3o, pr\u00f3ximos jogos!\",\"potentialAction\":[{\"@type\":\"SearchAction\",\"target\":{\"@type\":\"EntryPoint\",\"urlTemplate\":\"https:\/\/www.gaveanews.com\/?s={search_term_string}\"},\"query-input\":{\"@type\":\"PropertyValueSpecification\",\"valueRequired\":true,\"valueName\":\"search_term_string\"}}],\"inLanguage\":\"pt-BR\"},{\"@type\":\"Person\",\"@id\":\"https:\/\/www.gaveanews.com\/#\/schema\/person\/714c67050b836198af2450ba1c142a67\",\"name\":\"Let\u00edcia Gerheim\",\"image\":{\"@type\":\"ImageObject\",\"inLanguage\":\"pt-BR\",\"@id\":\"https:\/\/www.gaveanews.com\/#\/schema\/person\/image\/\",\"url\":\"https:\/\/secure.gravatar.com\/avatar\/60734739c50fcebfbac509e2a826ccd0ff405c019bc73aab9354f19ecad1dcb4?s=96&d=mm&r=g\",\"contentUrl\":\"https:\/\/secure.gravatar.com\/avatar\/60734739c50fcebfbac509e2a826ccd0ff405c019bc73aab9354f19ecad1dcb4?s=96&d=mm&r=g\",\"caption\":\"Let\u00edcia Gerheim\"}}]}<\/script>\n<!-- \/ Yoast SEO Premium plugin. -->","yoast_head_json":{"title":"Em 2019, Diego Ribas sofreu fratura e advers\u00e1rio n\u00e3o recebeu cart\u00e3o","robots":{"index":"index","follow":"follow","max-snippet":"max-snippet:-1","max-image-preview":"max-image-preview:large","max-video-preview":"max-video-preview:-1"},"canonical":"https:\/\/www.gaveanews.com\/index.php\/2021\/08\/14\/arrascaeta-preso-em-2019-diego-ribas-sofreu-fratura-e-adversario-nao-recebeu-cartao\/","og_locale":"pt_BR","og_type":"article","og_title":"Arrascaeta preso? Em 2019, Diego Ribas sofreu fratura e advers\u00e1rio n\u00e3o recebeu cart\u00e3o","og_description":"Na \u00faltima quarta-feira (11), o Mais Querido goleou o Olimpia por 4 a 1 no jogo de ida pelas quartas de final da Libertadores. Contudo, ainda que o placar sugira uma vit\u00f3ria sem muitas emo\u00e7\u00f5es, o duelo foi recheado de pol\u00eamicas e ainda repercute no meio esportivo. Al\u00e9m dos atos racistas, do p\u00eanalti marcado e [&hellip;]","og_url":"https:\/\/www.gaveanews.com\/index.php\/2021\/08\/14\/arrascaeta-preso-em-2019-diego-ribas-sofreu-fratura-e-adversario-nao-recebeu-cartao\/","og_site_name":"G\u00e1vea News","article_publisher":"https:\/\/facebook.com\/gaveaNews\/","article_published_time":"2021-08-14T13:00:00+00:00","og_image":[{"width":799,"height":533,"url":"https:\/\/www.gaveanews.com\/wp-content\/uploads\/Arrascaeta-em-acao-pelo-Flamengo-durante-a-partida-contra-o-Olimpia-pela-Copa-Libertadores-da-temporada-de-2021.webp","type":"image\/jpeg"}],"author":"Let\u00edcia Gerheim","twitter_card":"summary_large_image","twitter_misc":{"Escrito por":"Let\u00edcia Gerheim","Est. tempo de leitura":"2 minutos"},"schema":{"@context":"https:\/\/schema.org","@graph":[{"@type":"NewsArticle","@id":"https:\/\/www.gaveanews.com\/index.php\/2021\/08\/14\/arrascaeta-preso-em-2019-diego-ribas-sofreu-fratura-e-adversario-nao-recebeu-cartao\/#article","isPartOf":{"@id":"https:\/\/www.gaveanews.com\/index.php\/2021\/08\/14\/arrascaeta-preso-em-2019-diego-ribas-sofreu-fratura-e-adversario-nao-recebeu-cartao\/"},"author":{"name":"Let\u00edcia Gerheim","@id":"https:\/\/www.gaveanews.com\/#\/schema\/person\/714c67050b836198af2450ba1c142a67"},"headline":"Arrascaeta preso? Em 2019, Diego Ribas sofreu fratura e advers\u00e1rio n\u00e3o recebeu cart\u00e3o","datePublished":"2021-08-14T13:00:00+00:00","mainEntityOfPage":{"@id":"https:\/\/www.gaveanews.com\/index.php\/2021\/08\/14\/arrascaeta-preso-em-2019-diego-ribas-sofreu-fratura-e-adversario-nao-recebeu-cartao\/"},"wordCount":350,"commentCount":20,"image":{"@id":"https:\/\/www.gaveanews.com\/index.php\/2021\/08\/14\/arrascaeta-preso-em-2019-diego-ribas-sofreu-fratura-e-adversario-nao-recebeu-cartao\/#primaryimage"},"thumbnailUrl":"https:\/\/www.gaveanews.com\/wp-content\/uploads\/Arrascaeta-em-acao-pelo-Flamengo-durante-a-partida-contra-o-Olimpia-pela-Copa-Libertadores-da-temporada-de-2021.webp","articleSection":["Flamengo"],"inLanguage":"pt-BR","potentialAction":[{"@type":"CommentAction","name":"Comment","target":["https:\/\/www.gaveanews.com\/index.php\/2021\/08\/14\/arrascaeta-preso-em-2019-diego-ribas-sofreu-fratura-e-adversario-nao-recebeu-cartao\/#respond"]}],"copyrightYear":"2021","copyrightHolder":{"@id":"https:\/\/www.gaveanews.com\/#organization"}},{"@type":"WebPage","@id":"https:\/\/www.gaveanews.com\/index.php\/2021\/08\/14\/arrascaeta-preso-em-2019-diego-ribas-sofreu-fratura-e-adversario-nao-recebeu-cartao\/","url":"https:\/\/www.gaveanews.com\/index.php\/2021\/08\/14\/arrascaeta-preso-em-2019-diego-ribas-sofreu-fratura-e-adversario-nao-recebeu-cartao\/","name":"Em 2019, Diego Ribas sofreu fratura e advers\u00e1rio n\u00e3o recebeu cart\u00e3o","isPartOf":{"@id":"https:\/\/www.gaveanews.com\/#website"},"primaryImageOfPage":{"@id":"https:\/\/www.gaveanews.com\/index.php\/2021\/08\/14\/arrascaeta-preso-em-2019-diego-ribas-sofreu-fratura-e-adversario-nao-recebeu-cartao\/#primaryimage"},"image":{"@id":"https:\/\/www.gaveanews.com\/index.php\/2021\/08\/14\/arrascaeta-preso-em-2019-diego-ribas-sofreu-fratura-e-adversario-nao-recebeu-cartao\/#primaryimage"},"thumbnailUrl":"https:\/\/www.gaveanews.com\/wp-content\/uploads\/Arrascaeta-em-acao-pelo-Flamengo-durante-a-partida-contra-o-Olimpia-pela-Copa-Libertadores-da-temporada-de-2021.webp","datePublished":"2021-08-14T13:00:00+00:00","author":{"@id":"https:\/\/www.gaveanews.com\/#\/schema\/person\/714c67050b836198af2450ba1c142a67"},"breadcrumb":{"@id":"https:\/\/www.gaveanews.com\/index.php\/2021\/08\/14\/arrascaeta-preso-em-2019-diego-ribas-sofreu-fratura-e-adversario-nao-recebeu-cartao\/#breadcrumb"},"inLanguage":"pt-BR","potentialAction":[{"@type":"ReadAction","target":["https:\/\/www.gaveanews.com\/index.php\/2021\/08\/14\/arrascaeta-preso-em-2019-diego-ribas-sofreu-fratura-e-adversario-nao-recebeu-cartao\/"]}]},{"@type":"ImageObject","inLanguage":"pt-BR","@id":"https:\/\/www.gaveanews.com\/index.php\/2021\/08\/14\/arrascaeta-preso-em-2019-diego-ribas-sofreu-fratura-e-adversario-nao-recebeu-cartao\/#primaryimage","url":"https:\/\/www.gaveanews.com\/wp-content\/uploads\/Arrascaeta-em-acao-pelo-Flamengo-durante-a-partida-contra-o-Olimpia-pela-Copa-Libertadores-da-temporada-de-2021.webp","contentUrl":"https:\/\/www.gaveanews.com\/wp-content\/uploads\/Arrascaeta-em-acao-pelo-Flamengo-durante-a-partida-contra-o-Olimpia-pela-Copa-Libertadores-da-temporada-de-2021.webp","width":799,"height":533,"caption":"Arrascaeta em a\u00e7\u00e3o pelo Flamengo durante a partida contra o Olimpia pela Copa Libertadores da temporada de 2021 (Foto: Alexandre Vidal\/Flamengo)"},{"@type":"BreadcrumbList","@id":"https:\/\/www.gaveanews.com\/index.php\/2021\/08\/14\/arrascaeta-preso-em-2019-diego-ribas-sofreu-fratura-e-adversario-nao-recebeu-cartao\/#breadcrumb","itemListElement":[{"@type":"ListItem","position":1,"name":"Home","item":"https:\/\/www.gaveanews.com\/"},{"@type":"ListItem","position":2,"name":"Arrascaeta preso? Em 2019, Diego Ribas sofreu fratura e advers\u00e1rio n\u00e3o recebeu cart\u00e3o"}]},{"@type":"WebSite","@id":"https:\/\/www.gaveanews.com\/#website","url":"https:\/\/www.gaveanews.com\/","name":"G\u00e1vea News","description":"Veja todas as not\u00edcias sobre o Flamengo: Contrata\u00e7\u00f5es, categorias de base, resultados das partidas, tabela de classifica\u00e7\u00e3o, pr\u00f3ximos jogos!","potentialAction":[{"@type":"SearchAction","target":{"@type":"EntryPoint","urlTemplate":"https:\/\/www.gaveanews.com\/?s={search_term_string}"},"query-input":{"@type":"PropertyValueSpecification","valueRequired":true,"valueName":"search_term_string"}}],"inLanguage":"pt-BR"},{"@type":"Person","@id":"https:\/\/www.gaveanews.com\/#\/schema\/person\/714c67050b836198af2450ba1c142a67","name":"Let\u00edcia Gerheim","image":{"@type":"ImageObject","inLanguage":"pt-BR","@id":"https:\/\/www.gaveanews.com\/#\/schema\/person\/image\/","url":"https:\/\/secure.gravatar.com\/avatar\/60734739c50fcebfbac509e2a826ccd0ff405c019bc73aab9354f19ecad1dcb4?s=96&d=mm&r=g","contentUrl":"https:\/\/secure.gravatar.com\/avatar\/60734739c50fcebfbac509e2a826ccd0ff405c019bc73aab9354f19ecad1dcb4?s=96&d=mm&r=g","caption":"Let\u00edcia Gerheim"}}]}},"_links":{"self":[{"href":"https:\/\/www.gaveanews.com\/index.php\/wp-json\/wp\/v2\/posts\/65928","targetHints":{"allow":["GET"]}}],"collection":[{"href":"https:\/\/www.gaveanews.com\/index.php\/wp-json\/wp\/v2\/posts"}],"about":[{"href":"https:\/\/www.gaveanews.com\/index.php\/wp-json\/wp\/v2\/types\/post"}],"author":[{"embeddable":true,"href":"https:\/\/www.gaveanews.com\/index.php\/wp-json\/wp\/v2\/users\/4"}],"replies":[{"embeddable":true,"href":"https:\/\/www.gaveanews.com\/index.php\/wp-json\/wp\/v2\/comments?post=65928"}],"version-history":[{"count":0,"href":"https:\/\/www.gaveanews.com\/index.php\/wp-json\/wp\/v2\/posts\/65928\/revisions"}],"wp:featuredmedia":[{"embeddable":true,"href":"https:\/\/www.gaveanews.com\/index.php\/wp-json\/wp\/v2\/media\/65630"}],"wp:attachment":[{"href":"https:\/\/www.gaveanews.com\/index.php\/wp-json\/wp\/v2\/media?parent=65928"}],"wp:term":[{"taxonomy":"category","embeddable":true,"href":"https:\/\/www.gaveanews.com\/index.php\/wp-json\/wp\/v2\/categories?post=65928"},{"taxonomy":"post_tag","embeddable":true,"href":"https:\/\/www.gaveanews.com\/index.php\/wp-json\/wp\/v2\/tags?post=65928"}],"curies":[{"name":"wp","href":"https:\/\/api.w.org\/{rel}","templated":true}]}}