{"id":65942,"date":"2021-08-13T16:33:54","date_gmt":"2021-08-13T19:33:54","guid":{"rendered":"https:\/\/www.gaveanews.com\/?p=65942"},"modified":"2021-08-13T16:35:07","modified_gmt":"2021-08-13T19:35:07","slug":"flamengo-emite-nota-e-se-desculpa-por-video-de-anuncio-polemico-vamos-corrigir-estes-pontos","status":"publish","type":"post","link":"https:\/\/www.gaveanews.com\/index.php\/2021\/08\/13\/flamengo-emite-nota-e-se-desculpa-por-video-de-anuncio-polemico-vamos-corrigir-estes-pontos\/","title":{"rendered":"Flamengo emite nota e se desculpa por v\u00eddeo de an\u00fancio pol\u00eamico: &#8220;Vamos corrigir estes pontos&#8221;"},"content":{"rendered":"\n<p>Horas depois de anunciar a contrata\u00e7\u00e3o da streamer Caroline &#8220;Cacau&#8221; nas redes sociais, o Flamengo Esports veio \u00e0 p\u00fablico se desculpar pelo pol\u00eamico v\u00eddeo de apresenta\u00e7\u00e3o (leia a nota ao fim da mat\u00e9ria). O material foi alvo de cr\u00edticas por conter teor machista.<\/p>\n\n\n\n<p>Em um trecho do v\u00eddeo de 1 minuto e 45 segundos, um homem usa um bin\u00f3culo para observar a influenciadora pela janela sem o consentimento dela. Em seguida, ele liga para algu\u00e9m da organiza\u00e7\u00e3o e tem o seguinte di\u00e1logo:<\/p>\n\n\n\n<p><strong><em>\u2014 Encontrei o que a gente procurava. Flamenguista, sangue nos z\u00f3io, outro patamar.<\/em><\/strong><\/p>\n\n\n\n<p>\u2014 <strong><em>E sem perder a do\u00e7ura<\/em><\/strong> &#8211; diz o outro rapaz, ap\u00f3s ver uma foto de Cacau.<\/p>\n\n\n\n<p>Ap\u00f3s o v\u00eddeo viralizar e receber cr\u00edticas, a pr\u00f3pria Cacau se manifestou para explicar que leu e aprovou o roteiro antes de gravar.<\/p>\n\n\n\n<p><strong><em>\u2014 Eu aprovei o roteiro previamente e amei quando me mostraram o v\u00eddeo pronto, eu realmente n\u00e3o vejo dessa forma e nunca houve essa inten\u00e7\u00e3o \u201cmaliciosa\u201d.<\/em><\/strong><\/p>\n\n\n\n<h2 class=\"wp-block-heading\" id=\"p628968-m594-5-595\"><strong>Confira a nota do Flamengo na \u00edntegra:<\/strong><\/h2>\n\n\n\n<p id=\"p628968-m594-5-595\"><em>Fala, Na\u00e7\u00e3o!<\/em><\/p>\n\n\n\n<p id=\"p628968-m594-5-595\"><em>Realizamos ontem o an\u00fancio de uma influenciadora, no qual alguns torcedores repercutiram e interpretaram de forma negativa a proposta do v\u00eddeo.<\/em><\/p>\n\n\n\n<p id=\"p628968-m594-5-595\"><em>Gostar\u00edamos de deixar claro que n\u00f3s, somos totalmente contra \u00e0 qualquer a\u00e7\u00e3o indevida contra \u00e0 mulher.<\/em><\/p>\n\n\n\n<p id=\"p628968-m594-5-595\"><em>O v\u00eddeo postado, mesmo tendo sido aprovado previamente pela influenciadora, infelizmente, tem um sentido d\u00fabio e iremos nos prontificar \u00e0 corrigir estes pontos nas pr\u00f3ximas linhas de edi\u00e7\u00f5es.<\/em><\/p>\n\n\n\n<p id=\"p628968-m594-5-595\"><em>Ontem era um dia de festa e se tornou um dia de pol\u00eamica, sentimos muito por isto e vamos corrigir estes pontos.<\/em><\/p>\n\n\n\n<p id=\"p628968-m594-5-595\"><em>Agradecemos o apoio e todas as cr\u00edticas. Assim crescemos e nos aprimoramos como time e como pessoas.<\/em><\/p>\n\n\n\n<p>Retirado de: Lance<\/p>\n","protected":false},"excerpt":{"rendered":"<p>Horas depois de anunciar a contrata\u00e7\u00e3o da streamer Caroline &#8220;Cacau&#8221; nas redes sociais, o Flamengo Esports veio \u00e0 p\u00fablico se desculpar pelo pol\u00eamico v\u00eddeo de apresenta\u00e7\u00e3o (leia a nota ao fim da mat\u00e9ria). O material foi alvo de cr\u00edticas por conter teor machista. Em um trecho do v\u00eddeo de 1 minuto e 45 segundos, um [&hellip;]<\/p>\n","protected":false},"author":1,"featured_media":15081,"comment_status":"open","ping_status":"closed","sticky":false,"template":"","format":"standard","meta":{"footnotes":""},"categories":[1],"tags":[],"class_list":["post-65942","post","type-post","status-publish","format-standard","has-post-thumbnail","hentry","category-flamengo"],"yoast_head":"<!-- This site is optimized with the Yoast SEO Premium plugin v24.2 (Yoast SEO v26.9) - https:\/\/yoast.com\/product\/yoast-seo-premium-wordpress\/ -->\n<title>Flamengo emite nota e se desculpa por v\u00eddeo de an\u00fancio pol\u00eamico<\/title>\n<meta name=\"robots\" content=\"index, follow, max-snippet:-1, max-image-preview:large, max-video-preview:-1\" \/>\n<link rel=\"canonical\" href=\"https:\/\/www.gaveanews.com\/index.php\/2021\/08\/13\/flamengo-emite-nota-e-se-desculpa-por-video-de-anuncio-polemico-vamos-corrigir-estes-pontos\/\" \/>\n<meta property=\"og:locale\" content=\"pt_BR\" \/>\n<meta property=\"og:type\" content=\"article\" \/>\n<meta property=\"og:title\" content=\"Flamengo emite nota e se desculpa por v\u00eddeo de an\u00fancio pol\u00eamico: &quot;Vamos corrigir estes pontos&quot;\" \/>\n<meta property=\"og:description\" content=\"Horas depois de anunciar a contrata\u00e7\u00e3o da streamer Caroline &#8220;Cacau&#8221; nas redes sociais, o Flamengo Esports veio \u00e0 p\u00fablico se desculpar pelo pol\u00eamico v\u00eddeo de apresenta\u00e7\u00e3o (leia a nota ao fim da mat\u00e9ria). O material foi alvo de cr\u00edticas por conter teor machista. Em um trecho do v\u00eddeo de 1 minuto e 45 segundos, um [&hellip;]\" \/>\n<meta property=\"og:url\" content=\"https:\/\/www.gaveanews.com\/index.php\/2021\/08\/13\/flamengo-emite-nota-e-se-desculpa-por-video-de-anuncio-polemico-vamos-corrigir-estes-pontos\/\" \/>\n<meta property=\"og:site_name\" content=\"G\u00e1vea News\" \/>\n<meta property=\"article:publisher\" content=\"https:\/\/facebook.com\/gaveaNews\/\" \/>\n<meta property=\"article:published_time\" content=\"2021-08-13T19:33:54+00:00\" \/>\n<meta property=\"article:modified_time\" content=\"2021-08-13T19:35:07+00:00\" \/>\n<meta property=\"og:image\" content=\"https:\/\/www.gaveanews.com\/wp-content\/uploads\/2019\/03\/Escudo-do-Flamengo-e-exposto-proximo-a-um-dos-gols-no-gramado-do-Maracana.webp\" \/>\n\t<meta property=\"og:image:width\" content=\"1\" \/>\n\t<meta property=\"og:image:height\" content=\"1\" \/>\n\t<meta property=\"og:image:type\" content=\"image\/jpeg\" \/>\n<meta name=\"author\" content=\"Equipe G\u00e1vea News\" \/>\n<meta name=\"twitter:card\" content=\"summary_large_image\" \/>\n<meta name=\"twitter:label1\" content=\"Escrito por\" \/>\n\t<meta name=\"twitter:data1\" content=\"Equipe G\u00e1vea News\" \/>\n\t<meta name=\"twitter:label2\" content=\"Est. tempo de leitura\" \/>\n\t<meta name=\"twitter:data2\" content=\"2 minutos\" \/>\n<script type=\"application\/ld+json\" class=\"yoast-schema-graph\">{\"@context\":\"https:\/\/schema.org\",\"@graph\":[{\"@type\":\"NewsArticle\",\"@id\":\"https:\/\/www.gaveanews.com\/index.php\/2021\/08\/13\/flamengo-emite-nota-e-se-desculpa-por-video-de-anuncio-polemico-vamos-corrigir-estes-pontos\/#article\",\"isPartOf\":{\"@id\":\"https:\/\/www.gaveanews.com\/index.php\/2021\/08\/13\/flamengo-emite-nota-e-se-desculpa-por-video-de-anuncio-polemico-vamos-corrigir-estes-pontos\/\"},\"author\":{\"name\":\"Equipe G\u00e1vea News\",\"@id\":\"https:\/\/www.gaveanews.com\/#\/schema\/person\/2ec14f73fb96be2caf28f91afb14749d\"},\"headline\":\"Flamengo emite nota e se desculpa por v\u00eddeo de an\u00fancio pol\u00eamico: &#8220;Vamos corrigir estes pontos&#8221;\",\"datePublished\":\"2021-08-13T19:33:54+00:00\",\"dateModified\":\"2021-08-13T19:35:07+00:00\",\"mainEntityOfPage\":{\"@id\":\"https:\/\/www.gaveanews.com\/index.php\/2021\/08\/13\/flamengo-emite-nota-e-se-desculpa-por-video-de-anuncio-polemico-vamos-corrigir-estes-pontos\/\"},\"wordCount\":320,\"commentCount\":27,\"image\":{\"@id\":\"https:\/\/www.gaveanews.com\/index.php\/2021\/08\/13\/flamengo-emite-nota-e-se-desculpa-por-video-de-anuncio-polemico-vamos-corrigir-estes-pontos\/#primaryimage\"},\"thumbnailUrl\":\"https:\/\/www.gaveanews.com\/wp-content\/uploads\/2019\/03\/Escudo-do-Flamengo-e-exposto-proximo-a-um-dos-gols-no-gramado-do-Maracana.webp\",\"articleSection\":[\"Flamengo\"],\"inLanguage\":\"pt-BR\",\"potentialAction\":[{\"@type\":\"CommentAction\",\"name\":\"Comment\",\"target\":[\"https:\/\/www.gaveanews.com\/index.php\/2021\/08\/13\/flamengo-emite-nota-e-se-desculpa-por-video-de-anuncio-polemico-vamos-corrigir-estes-pontos\/#respond\"]}],\"copyrightYear\":\"2021\",\"copyrightHolder\":{\"@id\":\"https:\/\/www.gaveanews.com\/#organization\"}},{\"@type\":\"WebPage\",\"@id\":\"https:\/\/www.gaveanews.com\/index.php\/2021\/08\/13\/flamengo-emite-nota-e-se-desculpa-por-video-de-anuncio-polemico-vamos-corrigir-estes-pontos\/\",\"url\":\"https:\/\/www.gaveanews.com\/index.php\/2021\/08\/13\/flamengo-emite-nota-e-se-desculpa-por-video-de-anuncio-polemico-vamos-corrigir-estes-pontos\/\",\"name\":\"Flamengo emite nota e se desculpa por v\u00eddeo de an\u00fancio pol\u00eamico\",\"isPartOf\":{\"@id\":\"https:\/\/www.gaveanews.com\/#website\"},\"primaryImageOfPage\":{\"@id\":\"https:\/\/www.gaveanews.com\/index.php\/2021\/08\/13\/flamengo-emite-nota-e-se-desculpa-por-video-de-anuncio-polemico-vamos-corrigir-estes-pontos\/#primaryimage\"},\"image\":{\"@id\":\"https:\/\/www.gaveanews.com\/index.php\/2021\/08\/13\/flamengo-emite-nota-e-se-desculpa-por-video-de-anuncio-polemico-vamos-corrigir-estes-pontos\/#primaryimage\"},\"thumbnailUrl\":\"https:\/\/www.gaveanews.com\/wp-content\/uploads\/2019\/03\/Escudo-do-Flamengo-e-exposto-proximo-a-um-dos-gols-no-gramado-do-Maracana.webp\",\"datePublished\":\"2021-08-13T19:33:54+00:00\",\"dateModified\":\"2021-08-13T19:35:07+00:00\",\"author\":{\"@id\":\"https:\/\/www.gaveanews.com\/#\/schema\/person\/2ec14f73fb96be2caf28f91afb14749d\"},\"breadcrumb\":{\"@id\":\"https:\/\/www.gaveanews.com\/index.php\/2021\/08\/13\/flamengo-emite-nota-e-se-desculpa-por-video-de-anuncio-polemico-vamos-corrigir-estes-pontos\/#breadcrumb\"},\"inLanguage\":\"pt-BR\",\"potentialAction\":[{\"@type\":\"ReadAction\",\"target\":[\"https:\/\/www.gaveanews.com\/index.php\/2021\/08\/13\/flamengo-emite-nota-e-se-desculpa-por-video-de-anuncio-polemico-vamos-corrigir-estes-pontos\/\"]}]},{\"@type\":\"ImageObject\",\"inLanguage\":\"pt-BR\",\"@id\":\"https:\/\/www.gaveanews.com\/index.php\/2021\/08\/13\/flamengo-emite-nota-e-se-desculpa-por-video-de-anuncio-polemico-vamos-corrigir-estes-pontos\/#primaryimage\",\"url\":\"https:\/\/www.gaveanews.com\/wp-content\/uploads\/2019\/03\/Escudo-do-Flamengo-e-exposto-proximo-a-um-dos-gols-no-gramado-do-Maracana.webp\",\"contentUrl\":\"https:\/\/www.gaveanews.com\/wp-content\/uploads\/2019\/03\/Escudo-do-Flamengo-e-exposto-proximo-a-um-dos-gols-no-gramado-do-Maracana.webp\",\"caption\":\"Escudo do Flamengo \u00e9 exposto pr\u00f3ximo a um dos gols, no gramado do Maracan\u00e3 (Foto: Daniel Castelo Branco)\"},{\"@type\":\"BreadcrumbList\",\"@id\":\"https:\/\/www.gaveanews.com\/index.php\/2021\/08\/13\/flamengo-emite-nota-e-se-desculpa-por-video-de-anuncio-polemico-vamos-corrigir-estes-pontos\/#breadcrumb\",\"itemListElement\":[{\"@type\":\"ListItem\",\"position\":1,\"name\":\"Home\",\"item\":\"https:\/\/www.gaveanews.com\/\"},{\"@type\":\"ListItem\",\"position\":2,\"name\":\"Flamengo emite nota e se desculpa por v\u00eddeo de an\u00fancio pol\u00eamico: &#8220;Vamos corrigir estes pontos&#8221;\"}]},{\"@type\":\"WebSite\",\"@id\":\"https:\/\/www.gaveanews.com\/#website\",\"url\":\"https:\/\/www.gaveanews.com\/\",\"name\":\"G\u00e1vea News\",\"description\":\"Veja todas as not\u00edcias sobre o Flamengo: Contrata\u00e7\u00f5es, categorias de base, resultados das partidas, tabela de classifica\u00e7\u00e3o, pr\u00f3ximos jogos!\",\"potentialAction\":[{\"@type\":\"SearchAction\",\"target\":{\"@type\":\"EntryPoint\",\"urlTemplate\":\"https:\/\/www.gaveanews.com\/?s={search_term_string}\"},\"query-input\":{\"@type\":\"PropertyValueSpecification\",\"valueRequired\":true,\"valueName\":\"search_term_string\"}}],\"inLanguage\":\"pt-BR\"},{\"@type\":\"Person\",\"@id\":\"https:\/\/www.gaveanews.com\/#\/schema\/person\/2ec14f73fb96be2caf28f91afb14749d\",\"name\":\"Equipe G\u00e1vea News\",\"image\":{\"@type\":\"ImageObject\",\"inLanguage\":\"pt-BR\",\"@id\":\"https:\/\/www.gaveanews.com\/#\/schema\/person\/image\/\",\"url\":\"https:\/\/secure.gravatar.com\/avatar\/1e1956f1facbffd3f8fa53a326721950116b3b9dc9bd44939c01180fd4a745a9?s=96&d=mm&r=g\",\"contentUrl\":\"https:\/\/secure.gravatar.com\/avatar\/1e1956f1facbffd3f8fa53a326721950116b3b9dc9bd44939c01180fd4a745a9?s=96&d=mm&r=g\",\"caption\":\"Equipe G\u00e1vea News\"}}]}<\/script>\n<!-- \/ Yoast SEO Premium plugin. -->","yoast_head_json":{"title":"Flamengo emite nota e se desculpa por v\u00eddeo de an\u00fancio pol\u00eamico","robots":{"index":"index","follow":"follow","max-snippet":"max-snippet:-1","max-image-preview":"max-image-preview:large","max-video-preview":"max-video-preview:-1"},"canonical":"https:\/\/www.gaveanews.com\/index.php\/2021\/08\/13\/flamengo-emite-nota-e-se-desculpa-por-video-de-anuncio-polemico-vamos-corrigir-estes-pontos\/","og_locale":"pt_BR","og_type":"article","og_title":"Flamengo emite nota e se desculpa por v\u00eddeo de an\u00fancio pol\u00eamico: \"Vamos corrigir estes pontos\"","og_description":"Horas depois de anunciar a contrata\u00e7\u00e3o da streamer Caroline &#8220;Cacau&#8221; nas redes sociais, o Flamengo Esports veio \u00e0 p\u00fablico se desculpar pelo pol\u00eamico v\u00eddeo de apresenta\u00e7\u00e3o (leia a nota ao fim da mat\u00e9ria). O material foi alvo de cr\u00edticas por conter teor machista. Em um trecho do v\u00eddeo de 1 minuto e 45 segundos, um [&hellip;]","og_url":"https:\/\/www.gaveanews.com\/index.php\/2021\/08\/13\/flamengo-emite-nota-e-se-desculpa-por-video-de-anuncio-polemico-vamos-corrigir-estes-pontos\/","og_site_name":"G\u00e1vea News","article_publisher":"https:\/\/facebook.com\/gaveaNews\/","article_published_time":"2021-08-13T19:33:54+00:00","article_modified_time":"2021-08-13T19:35:07+00:00","og_image":[{"url":"https:\/\/www.gaveanews.com\/wp-content\/uploads\/2019\/03\/Escudo-do-Flamengo-e-exposto-proximo-a-um-dos-gols-no-gramado-do-Maracana.webp","width":1,"height":1,"type":"image\/jpeg"}],"author":"Equipe G\u00e1vea News","twitter_card":"summary_large_image","twitter_misc":{"Escrito por":"Equipe G\u00e1vea News","Est. tempo de leitura":"2 minutos"},"schema":{"@context":"https:\/\/schema.org","@graph":[{"@type":"NewsArticle","@id":"https:\/\/www.gaveanews.com\/index.php\/2021\/08\/13\/flamengo-emite-nota-e-se-desculpa-por-video-de-anuncio-polemico-vamos-corrigir-estes-pontos\/#article","isPartOf":{"@id":"https:\/\/www.gaveanews.com\/index.php\/2021\/08\/13\/flamengo-emite-nota-e-se-desculpa-por-video-de-anuncio-polemico-vamos-corrigir-estes-pontos\/"},"author":{"name":"Equipe G\u00e1vea News","@id":"https:\/\/www.gaveanews.com\/#\/schema\/person\/2ec14f73fb96be2caf28f91afb14749d"},"headline":"Flamengo emite nota e se desculpa por v\u00eddeo de an\u00fancio pol\u00eamico: &#8220;Vamos corrigir estes pontos&#8221;","datePublished":"2021-08-13T19:33:54+00:00","dateModified":"2021-08-13T19:35:07+00:00","mainEntityOfPage":{"@id":"https:\/\/www.gaveanews.com\/index.php\/2021\/08\/13\/flamengo-emite-nota-e-se-desculpa-por-video-de-anuncio-polemico-vamos-corrigir-estes-pontos\/"},"wordCount":320,"commentCount":27,"image":{"@id":"https:\/\/www.gaveanews.com\/index.php\/2021\/08\/13\/flamengo-emite-nota-e-se-desculpa-por-video-de-anuncio-polemico-vamos-corrigir-estes-pontos\/#primaryimage"},"thumbnailUrl":"https:\/\/www.gaveanews.com\/wp-content\/uploads\/2019\/03\/Escudo-do-Flamengo-e-exposto-proximo-a-um-dos-gols-no-gramado-do-Maracana.webp","articleSection":["Flamengo"],"inLanguage":"pt-BR","potentialAction":[{"@type":"CommentAction","name":"Comment","target":["https:\/\/www.gaveanews.com\/index.php\/2021\/08\/13\/flamengo-emite-nota-e-se-desculpa-por-video-de-anuncio-polemico-vamos-corrigir-estes-pontos\/#respond"]}],"copyrightYear":"2021","copyrightHolder":{"@id":"https:\/\/www.gaveanews.com\/#organization"}},{"@type":"WebPage","@id":"https:\/\/www.gaveanews.com\/index.php\/2021\/08\/13\/flamengo-emite-nota-e-se-desculpa-por-video-de-anuncio-polemico-vamos-corrigir-estes-pontos\/","url":"https:\/\/www.gaveanews.com\/index.php\/2021\/08\/13\/flamengo-emite-nota-e-se-desculpa-por-video-de-anuncio-polemico-vamos-corrigir-estes-pontos\/","name":"Flamengo emite nota e se desculpa por v\u00eddeo de an\u00fancio pol\u00eamico","isPartOf":{"@id":"https:\/\/www.gaveanews.com\/#website"},"primaryImageOfPage":{"@id":"https:\/\/www.gaveanews.com\/index.php\/2021\/08\/13\/flamengo-emite-nota-e-se-desculpa-por-video-de-anuncio-polemico-vamos-corrigir-estes-pontos\/#primaryimage"},"image":{"@id":"https:\/\/www.gaveanews.com\/index.php\/2021\/08\/13\/flamengo-emite-nota-e-se-desculpa-por-video-de-anuncio-polemico-vamos-corrigir-estes-pontos\/#primaryimage"},"thumbnailUrl":"https:\/\/www.gaveanews.com\/wp-content\/uploads\/2019\/03\/Escudo-do-Flamengo-e-exposto-proximo-a-um-dos-gols-no-gramado-do-Maracana.webp","datePublished":"2021-08-13T19:33:54+00:00","dateModified":"2021-08-13T19:35:07+00:00","author":{"@id":"https:\/\/www.gaveanews.com\/#\/schema\/person\/2ec14f73fb96be2caf28f91afb14749d"},"breadcrumb":{"@id":"https:\/\/www.gaveanews.com\/index.php\/2021\/08\/13\/flamengo-emite-nota-e-se-desculpa-por-video-de-anuncio-polemico-vamos-corrigir-estes-pontos\/#breadcrumb"},"inLanguage":"pt-BR","potentialAction":[{"@type":"ReadAction","target":["https:\/\/www.gaveanews.com\/index.php\/2021\/08\/13\/flamengo-emite-nota-e-se-desculpa-por-video-de-anuncio-polemico-vamos-corrigir-estes-pontos\/"]}]},{"@type":"ImageObject","inLanguage":"pt-BR","@id":"https:\/\/www.gaveanews.com\/index.php\/2021\/08\/13\/flamengo-emite-nota-e-se-desculpa-por-video-de-anuncio-polemico-vamos-corrigir-estes-pontos\/#primaryimage","url":"https:\/\/www.gaveanews.com\/wp-content\/uploads\/2019\/03\/Escudo-do-Flamengo-e-exposto-proximo-a-um-dos-gols-no-gramado-do-Maracana.webp","contentUrl":"https:\/\/www.gaveanews.com\/wp-content\/uploads\/2019\/03\/Escudo-do-Flamengo-e-exposto-proximo-a-um-dos-gols-no-gramado-do-Maracana.webp","caption":"Escudo do Flamengo \u00e9 exposto pr\u00f3ximo a um dos gols, no gramado do Maracan\u00e3 (Foto: Daniel Castelo Branco)"},{"@type":"BreadcrumbList","@id":"https:\/\/www.gaveanews.com\/index.php\/2021\/08\/13\/flamengo-emite-nota-e-se-desculpa-por-video-de-anuncio-polemico-vamos-corrigir-estes-pontos\/#breadcrumb","itemListElement":[{"@type":"ListItem","position":1,"name":"Home","item":"https:\/\/www.gaveanews.com\/"},{"@type":"ListItem","position":2,"name":"Flamengo emite nota e se desculpa por v\u00eddeo de an\u00fancio pol\u00eamico: &#8220;Vamos corrigir estes pontos&#8221;"}]},{"@type":"WebSite","@id":"https:\/\/www.gaveanews.com\/#website","url":"https:\/\/www.gaveanews.com\/","name":"G\u00e1vea News","description":"Veja todas as not\u00edcias sobre o Flamengo: Contrata\u00e7\u00f5es, categorias de base, resultados das partidas, tabela de classifica\u00e7\u00e3o, pr\u00f3ximos jogos!","potentialAction":[{"@type":"SearchAction","target":{"@type":"EntryPoint","urlTemplate":"https:\/\/www.gaveanews.com\/?s={search_term_string}"},"query-input":{"@type":"PropertyValueSpecification","valueRequired":true,"valueName":"search_term_string"}}],"inLanguage":"pt-BR"},{"@type":"Person","@id":"https:\/\/www.gaveanews.com\/#\/schema\/person\/2ec14f73fb96be2caf28f91afb14749d","name":"Equipe G\u00e1vea News","image":{"@type":"ImageObject","inLanguage":"pt-BR","@id":"https:\/\/www.gaveanews.com\/#\/schema\/person\/image\/","url":"https:\/\/secure.gravatar.com\/avatar\/1e1956f1facbffd3f8fa53a326721950116b3b9dc9bd44939c01180fd4a745a9?s=96&d=mm&r=g","contentUrl":"https:\/\/secure.gravatar.com\/avatar\/1e1956f1facbffd3f8fa53a326721950116b3b9dc9bd44939c01180fd4a745a9?s=96&d=mm&r=g","caption":"Equipe G\u00e1vea News"}}]}},"_links":{"self":[{"href":"https:\/\/www.gaveanews.com\/index.php\/wp-json\/wp\/v2\/posts\/65942","targetHints":{"allow":["GET"]}}],"collection":[{"href":"https:\/\/www.gaveanews.com\/index.php\/wp-json\/wp\/v2\/posts"}],"about":[{"href":"https:\/\/www.gaveanews.com\/index.php\/wp-json\/wp\/v2\/types\/post"}],"author":[{"embeddable":true,"href":"https:\/\/www.gaveanews.com\/index.php\/wp-json\/wp\/v2\/users\/1"}],"replies":[{"embeddable":true,"href":"https:\/\/www.gaveanews.com\/index.php\/wp-json\/wp\/v2\/comments?post=65942"}],"version-history":[{"count":0,"href":"https:\/\/www.gaveanews.com\/index.php\/wp-json\/wp\/v2\/posts\/65942\/revisions"}],"wp:featuredmedia":[{"embeddable":true,"href":"https:\/\/www.gaveanews.com\/index.php\/wp-json\/wp\/v2\/media\/15081"}],"wp:attachment":[{"href":"https:\/\/www.gaveanews.com\/index.php\/wp-json\/wp\/v2\/media?parent=65942"}],"wp:term":[{"taxonomy":"category","embeddable":true,"href":"https:\/\/www.gaveanews.com\/index.php\/wp-json\/wp\/v2\/categories?post=65942"},{"taxonomy":"post_tag","embeddable":true,"href":"https:\/\/www.gaveanews.com\/index.php\/wp-json\/wp\/v2\/tags?post=65942"}],"curies":[{"name":"wp","href":"https:\/\/api.w.org\/{rel}","templated":true}]}}