{"id":65958,"date":"2021-08-14T08:00:00","date_gmt":"2021-08-14T11:00:00","guid":{"rendered":"https:\/\/www.gaveanews.com\/?p=65958"},"modified":"2021-08-14T03:16:29","modified_gmt":"2021-08-14T06:16:29","slug":"rodrigo-caio-so-vai-voltar-a-jogar-pelo-flamengo-em-sembre","status":"publish","type":"post","link":"https:\/\/www.gaveanews.com\/index.php\/2021\/08\/14\/rodrigo-caio-so-vai-voltar-a-jogar-pelo-flamengo-em-sembre\/","title":{"rendered":"Rodrigo Caio s\u00f3 vai voltar a jogar pelo Flamengo em setembro"},"content":{"rendered":"\n<p>Paci\u00eancia e planejamento por uma volta definitiva. Assim que o Flamengo trabalha com Rodrigo Caio. Ainda n\u00e3o ser\u00e1 diante do Olimpia, quarta-feira, pelas quartas de final da Libertadores, que Renato Ga\u00facho ter\u00e1 o zagueiro \u00e0 disposi\u00e7\u00e3o. O departamento m\u00e9dico projeta avaliar o retorno somente a partir de setembro.<\/p>\n\n\n\n<p>Desde a reta final do Brasileir\u00e3o 2020, Rodrigo Caio tem tido dificuldade de emendar uma sequ\u00eancia de jogos e h\u00e1 um problema recorrente no joelho. Ap\u00f3s a vit\u00f3ria por 5 a 1 sobre o S\u00e3o Paulo, o tema entrou em pauta e a decis\u00e3o foi aprofundar-se para uma cura que indicasse ser definitiva.<\/p>\n\n\n\n<p>Rodrigo Caio passou por um procedimento que incluiu corre\u00e7\u00e3o do problema e uma an\u00e1lise mais profunda, com exames de \u00faltima gera\u00e7\u00e3o. Por mais que o Flamengo tenha anunciado que a aus\u00eancia se d\u00e1 por um trabalho de reequil\u00edbrio muscular, o foco est\u00e1 no tratamento do joelho. E n\u00e3o h\u00e1 pressa para acelerar o retorno.<\/p>\n\n\n\n<p>Departamento de futebol, m\u00e9dicos, comiss\u00e3o t\u00e9cnica e o jogador conversaram e entraram em consenso de que um tratamento que indicasse uma solu\u00e7\u00e3o definitiva, por mais que Rodrigo ficasse fora de mais jogos, seria o ideal. E assim tem sido feito.<\/p>\n\n\n\n<p>Nas \u00faltimas duas semanas, Rodrigo Caio tem alternado entre a fisioterapia e a muscula\u00e7\u00e3o. Diante disso, um retorno breve est\u00e1 fora dos planos. O Flamengo n\u00e3o faz previs\u00e3o, as avalia\u00e7\u00f5es s\u00e3o constantes, mas um passo seguinte para o retorno s\u00f3 acontecer\u00e1 ap\u00f3s a virada do m\u00eas.<\/p>\n\n\n\n<p>A conclus\u00e3o \u00e9 de que vale a pena sofrer com a aus\u00eancia de seu principal defensor agora para t\u00ea-lo 100% nas retas decisivas de Libertadores, Brasileir\u00e3o e Copa do Brasil. At\u00e9 l\u00e1, Gustavo Henrique e L\u00e9o Pereira formam a dupla de zaga titular.<\/p>\n\n\n\n<p>Com 60 jogos em 2019 e 32 na temporada 2020, Rodrigo Caio entrou em campo 16 vezes em 2021 e marcou um gol. A \u00faltima partida do jogador aconteceu h\u00e1 praticamente tr\u00eas semanas, no 5 a 1 sobre o S\u00e3o Paulo, no Maracan\u00e3.<\/p>\n\n\n\n<p>Retirado de: Globo Esporte<\/p>\n","protected":false},"excerpt":{"rendered":"<p>Paci\u00eancia e planejamento por uma volta definitiva. Assim que o Flamengo trabalha com Rodrigo Caio. Ainda n\u00e3o ser\u00e1 diante do Olimpia, quarta-feira, pelas quartas de final da Libertadores, que Renato Ga\u00facho ter\u00e1 o zagueiro \u00e0 disposi\u00e7\u00e3o. O departamento m\u00e9dico projeta avaliar o retorno somente a partir de setembro. Desde a reta final do Brasileir\u00e3o 2020, [&hellip;]<\/p>\n","protected":false},"author":1,"featured_media":58506,"comment_status":"open","ping_status":"closed","sticky":false,"template":"","format":"standard","meta":{"footnotes":""},"categories":[47],"tags":[],"class_list":["post-65958","post","type-post","status-publish","format-standard","has-post-thumbnail","hentry","category-destaques"],"yoast_head":"<!-- This site is optimized with the Yoast SEO Premium plugin v24.2 (Yoast SEO v26.9) - https:\/\/yoast.com\/product\/yoast-seo-premium-wordpress\/ -->\n<title>Rodrigo Caio s\u00f3 vai voltar a jogar pelo Flamengo em setembro<\/title>\n<meta name=\"robots\" content=\"index, follow, max-snippet:-1, max-image-preview:large, max-video-preview:-1\" \/>\n<link rel=\"canonical\" href=\"https:\/\/www.gaveanews.com\/index.php\/2021\/08\/14\/rodrigo-caio-so-vai-voltar-a-jogar-pelo-flamengo-em-sembre\/\" \/>\n<meta property=\"og:locale\" content=\"pt_BR\" \/>\n<meta property=\"og:type\" content=\"article\" \/>\n<meta property=\"og:title\" content=\"Rodrigo Caio s\u00f3 vai voltar a jogar pelo Flamengo em setembro\" \/>\n<meta property=\"og:description\" content=\"Paci\u00eancia e planejamento por uma volta definitiva. Assim que o Flamengo trabalha com Rodrigo Caio. Ainda n\u00e3o ser\u00e1 diante do Olimpia, quarta-feira, pelas quartas de final da Libertadores, que Renato Ga\u00facho ter\u00e1 o zagueiro \u00e0 disposi\u00e7\u00e3o. O departamento m\u00e9dico projeta avaliar o retorno somente a partir de setembro. Desde a reta final do Brasileir\u00e3o 2020, [&hellip;]\" \/>\n<meta property=\"og:url\" content=\"https:\/\/www.gaveanews.com\/index.php\/2021\/08\/14\/rodrigo-caio-so-vai-voltar-a-jogar-pelo-flamengo-em-sembre\/\" \/>\n<meta property=\"og:site_name\" content=\"G\u00e1vea News\" \/>\n<meta property=\"article:publisher\" content=\"https:\/\/facebook.com\/gaveaNews\/\" \/>\n<meta property=\"article:published_time\" content=\"2021-08-14T11:00:00+00:00\" \/>\n<meta property=\"og:image\" content=\"https:\/\/www.gaveanews.com\/wp-content\/uploads\/Rodrigo-Caio-em-treino-no-Ninho-do-Urubu.webp\" \/>\n\t<meta property=\"og:image:width\" content=\"799\" \/>\n\t<meta property=\"og:image:height\" content=\"532\" \/>\n\t<meta property=\"og:image:type\" content=\"image\/jpeg\" \/>\n<meta name=\"author\" content=\"Equipe G\u00e1vea News\" \/>\n<meta name=\"twitter:card\" content=\"summary_large_image\" \/>\n<meta name=\"twitter:label1\" content=\"Escrito por\" \/>\n\t<meta name=\"twitter:data1\" content=\"Equipe G\u00e1vea News\" \/>\n\t<meta name=\"twitter:label2\" content=\"Est. tempo de leitura\" \/>\n\t<meta name=\"twitter:data2\" content=\"2 minutos\" \/>\n<script type=\"application\/ld+json\" class=\"yoast-schema-graph\">{\"@context\":\"https:\/\/schema.org\",\"@graph\":[{\"@type\":\"NewsArticle\",\"@id\":\"https:\/\/www.gaveanews.com\/index.php\/2021\/08\/14\/rodrigo-caio-so-vai-voltar-a-jogar-pelo-flamengo-em-sembre\/#article\",\"isPartOf\":{\"@id\":\"https:\/\/www.gaveanews.com\/index.php\/2021\/08\/14\/rodrigo-caio-so-vai-voltar-a-jogar-pelo-flamengo-em-sembre\/\"},\"author\":{\"name\":\"Equipe G\u00e1vea News\",\"@id\":\"https:\/\/www.gaveanews.com\/#\/schema\/person\/2ec14f73fb96be2caf28f91afb14749d\"},\"headline\":\"Rodrigo Caio s\u00f3 vai voltar a jogar pelo Flamengo em setembro\",\"datePublished\":\"2021-08-14T11:00:00+00:00\",\"mainEntityOfPage\":{\"@id\":\"https:\/\/www.gaveanews.com\/index.php\/2021\/08\/14\/rodrigo-caio-so-vai-voltar-a-jogar-pelo-flamengo-em-sembre\/\"},\"wordCount\":363,\"commentCount\":11,\"image\":{\"@id\":\"https:\/\/www.gaveanews.com\/index.php\/2021\/08\/14\/rodrigo-caio-so-vai-voltar-a-jogar-pelo-flamengo-em-sembre\/#primaryimage\"},\"thumbnailUrl\":\"https:\/\/www.gaveanews.com\/wp-content\/uploads\/Rodrigo-Caio-em-treino-no-Ninho-do-Urubu.webp\",\"articleSection\":[\"Destaques\"],\"inLanguage\":\"pt-BR\",\"potentialAction\":[{\"@type\":\"CommentAction\",\"name\":\"Comment\",\"target\":[\"https:\/\/www.gaveanews.com\/index.php\/2021\/08\/14\/rodrigo-caio-so-vai-voltar-a-jogar-pelo-flamengo-em-sembre\/#respond\"]}],\"copyrightYear\":\"2021\",\"copyrightHolder\":{\"@id\":\"https:\/\/www.gaveanews.com\/#organization\"}},{\"@type\":\"WebPage\",\"@id\":\"https:\/\/www.gaveanews.com\/index.php\/2021\/08\/14\/rodrigo-caio-so-vai-voltar-a-jogar-pelo-flamengo-em-sembre\/\",\"url\":\"https:\/\/www.gaveanews.com\/index.php\/2021\/08\/14\/rodrigo-caio-so-vai-voltar-a-jogar-pelo-flamengo-em-sembre\/\",\"name\":\"Rodrigo Caio s\u00f3 vai voltar a jogar pelo Flamengo em setembro\",\"isPartOf\":{\"@id\":\"https:\/\/www.gaveanews.com\/#website\"},\"primaryImageOfPage\":{\"@id\":\"https:\/\/www.gaveanews.com\/index.php\/2021\/08\/14\/rodrigo-caio-so-vai-voltar-a-jogar-pelo-flamengo-em-sembre\/#primaryimage\"},\"image\":{\"@id\":\"https:\/\/www.gaveanews.com\/index.php\/2021\/08\/14\/rodrigo-caio-so-vai-voltar-a-jogar-pelo-flamengo-em-sembre\/#primaryimage\"},\"thumbnailUrl\":\"https:\/\/www.gaveanews.com\/wp-content\/uploads\/Rodrigo-Caio-em-treino-no-Ninho-do-Urubu.webp\",\"datePublished\":\"2021-08-14T11:00:00+00:00\",\"author\":{\"@id\":\"https:\/\/www.gaveanews.com\/#\/schema\/person\/2ec14f73fb96be2caf28f91afb14749d\"},\"breadcrumb\":{\"@id\":\"https:\/\/www.gaveanews.com\/index.php\/2021\/08\/14\/rodrigo-caio-so-vai-voltar-a-jogar-pelo-flamengo-em-sembre\/#breadcrumb\"},\"inLanguage\":\"pt-BR\",\"potentialAction\":[{\"@type\":\"ReadAction\",\"target\":[\"https:\/\/www.gaveanews.com\/index.php\/2021\/08\/14\/rodrigo-caio-so-vai-voltar-a-jogar-pelo-flamengo-em-sembre\/\"]}]},{\"@type\":\"ImageObject\",\"inLanguage\":\"pt-BR\",\"@id\":\"https:\/\/www.gaveanews.com\/index.php\/2021\/08\/14\/rodrigo-caio-so-vai-voltar-a-jogar-pelo-flamengo-em-sembre\/#primaryimage\",\"url\":\"https:\/\/www.gaveanews.com\/wp-content\/uploads\/Rodrigo-Caio-em-treino-no-Ninho-do-Urubu.webp\",\"contentUrl\":\"https:\/\/www.gaveanews.com\/wp-content\/uploads\/Rodrigo-Caio-em-treino-no-Ninho-do-Urubu.webp\",\"width\":799,\"height\":532,\"caption\":\"Rodrigo Caio em treino no Ninho do Urubu (Foto: Alexandre Vidal\/Flamengo)\"},{\"@type\":\"BreadcrumbList\",\"@id\":\"https:\/\/www.gaveanews.com\/index.php\/2021\/08\/14\/rodrigo-caio-so-vai-voltar-a-jogar-pelo-flamengo-em-sembre\/#breadcrumb\",\"itemListElement\":[{\"@type\":\"ListItem\",\"position\":1,\"name\":\"Home\",\"item\":\"https:\/\/www.gaveanews.com\/\"},{\"@type\":\"ListItem\",\"position\":2,\"name\":\"Rodrigo Caio s\u00f3 vai voltar a jogar pelo Flamengo em setembro\"}]},{\"@type\":\"WebSite\",\"@id\":\"https:\/\/www.gaveanews.com\/#website\",\"url\":\"https:\/\/www.gaveanews.com\/\",\"name\":\"G\u00e1vea News\",\"description\":\"Veja todas as not\u00edcias sobre o Flamengo: Contrata\u00e7\u00f5es, categorias de base, resultados das partidas, tabela de classifica\u00e7\u00e3o, pr\u00f3ximos jogos!\",\"potentialAction\":[{\"@type\":\"SearchAction\",\"target\":{\"@type\":\"EntryPoint\",\"urlTemplate\":\"https:\/\/www.gaveanews.com\/?s={search_term_string}\"},\"query-input\":{\"@type\":\"PropertyValueSpecification\",\"valueRequired\":true,\"valueName\":\"search_term_string\"}}],\"inLanguage\":\"pt-BR\"},{\"@type\":\"Person\",\"@id\":\"https:\/\/www.gaveanews.com\/#\/schema\/person\/2ec14f73fb96be2caf28f91afb14749d\",\"name\":\"Equipe G\u00e1vea News\",\"image\":{\"@type\":\"ImageObject\",\"inLanguage\":\"pt-BR\",\"@id\":\"https:\/\/www.gaveanews.com\/#\/schema\/person\/image\/\",\"url\":\"https:\/\/secure.gravatar.com\/avatar\/1e1956f1facbffd3f8fa53a326721950116b3b9dc9bd44939c01180fd4a745a9?s=96&d=mm&r=g\",\"contentUrl\":\"https:\/\/secure.gravatar.com\/avatar\/1e1956f1facbffd3f8fa53a326721950116b3b9dc9bd44939c01180fd4a745a9?s=96&d=mm&r=g\",\"caption\":\"Equipe G\u00e1vea News\"}}]}<\/script>\n<!-- \/ Yoast SEO Premium plugin. -->","yoast_head_json":{"title":"Rodrigo Caio s\u00f3 vai voltar a jogar pelo Flamengo em setembro","robots":{"index":"index","follow":"follow","max-snippet":"max-snippet:-1","max-image-preview":"max-image-preview:large","max-video-preview":"max-video-preview:-1"},"canonical":"https:\/\/www.gaveanews.com\/index.php\/2021\/08\/14\/rodrigo-caio-so-vai-voltar-a-jogar-pelo-flamengo-em-sembre\/","og_locale":"pt_BR","og_type":"article","og_title":"Rodrigo Caio s\u00f3 vai voltar a jogar pelo Flamengo em setembro","og_description":"Paci\u00eancia e planejamento por uma volta definitiva. Assim que o Flamengo trabalha com Rodrigo Caio. Ainda n\u00e3o ser\u00e1 diante do Olimpia, quarta-feira, pelas quartas de final da Libertadores, que Renato Ga\u00facho ter\u00e1 o zagueiro \u00e0 disposi\u00e7\u00e3o. O departamento m\u00e9dico projeta avaliar o retorno somente a partir de setembro. Desde a reta final do Brasileir\u00e3o 2020, [&hellip;]","og_url":"https:\/\/www.gaveanews.com\/index.php\/2021\/08\/14\/rodrigo-caio-so-vai-voltar-a-jogar-pelo-flamengo-em-sembre\/","og_site_name":"G\u00e1vea News","article_publisher":"https:\/\/facebook.com\/gaveaNews\/","article_published_time":"2021-08-14T11:00:00+00:00","og_image":[{"width":799,"height":532,"url":"https:\/\/www.gaveanews.com\/wp-content\/uploads\/Rodrigo-Caio-em-treino-no-Ninho-do-Urubu.webp","type":"image\/jpeg"}],"author":"Equipe G\u00e1vea News","twitter_card":"summary_large_image","twitter_misc":{"Escrito por":"Equipe G\u00e1vea News","Est. tempo de leitura":"2 minutos"},"schema":{"@context":"https:\/\/schema.org","@graph":[{"@type":"NewsArticle","@id":"https:\/\/www.gaveanews.com\/index.php\/2021\/08\/14\/rodrigo-caio-so-vai-voltar-a-jogar-pelo-flamengo-em-sembre\/#article","isPartOf":{"@id":"https:\/\/www.gaveanews.com\/index.php\/2021\/08\/14\/rodrigo-caio-so-vai-voltar-a-jogar-pelo-flamengo-em-sembre\/"},"author":{"name":"Equipe G\u00e1vea News","@id":"https:\/\/www.gaveanews.com\/#\/schema\/person\/2ec14f73fb96be2caf28f91afb14749d"},"headline":"Rodrigo Caio s\u00f3 vai voltar a jogar pelo Flamengo em setembro","datePublished":"2021-08-14T11:00:00+00:00","mainEntityOfPage":{"@id":"https:\/\/www.gaveanews.com\/index.php\/2021\/08\/14\/rodrigo-caio-so-vai-voltar-a-jogar-pelo-flamengo-em-sembre\/"},"wordCount":363,"commentCount":11,"image":{"@id":"https:\/\/www.gaveanews.com\/index.php\/2021\/08\/14\/rodrigo-caio-so-vai-voltar-a-jogar-pelo-flamengo-em-sembre\/#primaryimage"},"thumbnailUrl":"https:\/\/www.gaveanews.com\/wp-content\/uploads\/Rodrigo-Caio-em-treino-no-Ninho-do-Urubu.webp","articleSection":["Destaques"],"inLanguage":"pt-BR","potentialAction":[{"@type":"CommentAction","name":"Comment","target":["https:\/\/www.gaveanews.com\/index.php\/2021\/08\/14\/rodrigo-caio-so-vai-voltar-a-jogar-pelo-flamengo-em-sembre\/#respond"]}],"copyrightYear":"2021","copyrightHolder":{"@id":"https:\/\/www.gaveanews.com\/#organization"}},{"@type":"WebPage","@id":"https:\/\/www.gaveanews.com\/index.php\/2021\/08\/14\/rodrigo-caio-so-vai-voltar-a-jogar-pelo-flamengo-em-sembre\/","url":"https:\/\/www.gaveanews.com\/index.php\/2021\/08\/14\/rodrigo-caio-so-vai-voltar-a-jogar-pelo-flamengo-em-sembre\/","name":"Rodrigo Caio s\u00f3 vai voltar a jogar pelo Flamengo em setembro","isPartOf":{"@id":"https:\/\/www.gaveanews.com\/#website"},"primaryImageOfPage":{"@id":"https:\/\/www.gaveanews.com\/index.php\/2021\/08\/14\/rodrigo-caio-so-vai-voltar-a-jogar-pelo-flamengo-em-sembre\/#primaryimage"},"image":{"@id":"https:\/\/www.gaveanews.com\/index.php\/2021\/08\/14\/rodrigo-caio-so-vai-voltar-a-jogar-pelo-flamengo-em-sembre\/#primaryimage"},"thumbnailUrl":"https:\/\/www.gaveanews.com\/wp-content\/uploads\/Rodrigo-Caio-em-treino-no-Ninho-do-Urubu.webp","datePublished":"2021-08-14T11:00:00+00:00","author":{"@id":"https:\/\/www.gaveanews.com\/#\/schema\/person\/2ec14f73fb96be2caf28f91afb14749d"},"breadcrumb":{"@id":"https:\/\/www.gaveanews.com\/index.php\/2021\/08\/14\/rodrigo-caio-so-vai-voltar-a-jogar-pelo-flamengo-em-sembre\/#breadcrumb"},"inLanguage":"pt-BR","potentialAction":[{"@type":"ReadAction","target":["https:\/\/www.gaveanews.com\/index.php\/2021\/08\/14\/rodrigo-caio-so-vai-voltar-a-jogar-pelo-flamengo-em-sembre\/"]}]},{"@type":"ImageObject","inLanguage":"pt-BR","@id":"https:\/\/www.gaveanews.com\/index.php\/2021\/08\/14\/rodrigo-caio-so-vai-voltar-a-jogar-pelo-flamengo-em-sembre\/#primaryimage","url":"https:\/\/www.gaveanews.com\/wp-content\/uploads\/Rodrigo-Caio-em-treino-no-Ninho-do-Urubu.webp","contentUrl":"https:\/\/www.gaveanews.com\/wp-content\/uploads\/Rodrigo-Caio-em-treino-no-Ninho-do-Urubu.webp","width":799,"height":532,"caption":"Rodrigo Caio em treino no Ninho do Urubu (Foto: Alexandre Vidal\/Flamengo)"},{"@type":"BreadcrumbList","@id":"https:\/\/www.gaveanews.com\/index.php\/2021\/08\/14\/rodrigo-caio-so-vai-voltar-a-jogar-pelo-flamengo-em-sembre\/#breadcrumb","itemListElement":[{"@type":"ListItem","position":1,"name":"Home","item":"https:\/\/www.gaveanews.com\/"},{"@type":"ListItem","position":2,"name":"Rodrigo Caio s\u00f3 vai voltar a jogar pelo Flamengo em setembro"}]},{"@type":"WebSite","@id":"https:\/\/www.gaveanews.com\/#website","url":"https:\/\/www.gaveanews.com\/","name":"G\u00e1vea News","description":"Veja todas as not\u00edcias sobre o Flamengo: Contrata\u00e7\u00f5es, categorias de base, resultados das partidas, tabela de classifica\u00e7\u00e3o, pr\u00f3ximos jogos!","potentialAction":[{"@type":"SearchAction","target":{"@type":"EntryPoint","urlTemplate":"https:\/\/www.gaveanews.com\/?s={search_term_string}"},"query-input":{"@type":"PropertyValueSpecification","valueRequired":true,"valueName":"search_term_string"}}],"inLanguage":"pt-BR"},{"@type":"Person","@id":"https:\/\/www.gaveanews.com\/#\/schema\/person\/2ec14f73fb96be2caf28f91afb14749d","name":"Equipe G\u00e1vea News","image":{"@type":"ImageObject","inLanguage":"pt-BR","@id":"https:\/\/www.gaveanews.com\/#\/schema\/person\/image\/","url":"https:\/\/secure.gravatar.com\/avatar\/1e1956f1facbffd3f8fa53a326721950116b3b9dc9bd44939c01180fd4a745a9?s=96&d=mm&r=g","contentUrl":"https:\/\/secure.gravatar.com\/avatar\/1e1956f1facbffd3f8fa53a326721950116b3b9dc9bd44939c01180fd4a745a9?s=96&d=mm&r=g","caption":"Equipe G\u00e1vea News"}}]}},"_links":{"self":[{"href":"https:\/\/www.gaveanews.com\/index.php\/wp-json\/wp\/v2\/posts\/65958","targetHints":{"allow":["GET"]}}],"collection":[{"href":"https:\/\/www.gaveanews.com\/index.php\/wp-json\/wp\/v2\/posts"}],"about":[{"href":"https:\/\/www.gaveanews.com\/index.php\/wp-json\/wp\/v2\/types\/post"}],"author":[{"embeddable":true,"href":"https:\/\/www.gaveanews.com\/index.php\/wp-json\/wp\/v2\/users\/1"}],"replies":[{"embeddable":true,"href":"https:\/\/www.gaveanews.com\/index.php\/wp-json\/wp\/v2\/comments?post=65958"}],"version-history":[{"count":0,"href":"https:\/\/www.gaveanews.com\/index.php\/wp-json\/wp\/v2\/posts\/65958\/revisions"}],"wp:featuredmedia":[{"embeddable":true,"href":"https:\/\/www.gaveanews.com\/index.php\/wp-json\/wp\/v2\/media\/58506"}],"wp:attachment":[{"href":"https:\/\/www.gaveanews.com\/index.php\/wp-json\/wp\/v2\/media?parent=65958"}],"wp:term":[{"taxonomy":"category","embeddable":true,"href":"https:\/\/www.gaveanews.com\/index.php\/wp-json\/wp\/v2\/categories?post=65958"},{"taxonomy":"post_tag","embeddable":true,"href":"https:\/\/www.gaveanews.com\/index.php\/wp-json\/wp\/v2\/tags?post=65958"}],"curies":[{"name":"wp","href":"https:\/\/api.w.org\/{rel}","templated":true}]}}