{"id":65964,"date":"2021-08-14T17:54:10","date_gmt":"2021-08-14T20:54:10","guid":{"rendered":"https:\/\/www.gaveanews.com\/?p=65964"},"modified":"2021-08-14T18:05:23","modified_gmt":"2021-08-14T21:05:23","slug":"torcedores-do-flamengo-invadem-rede-social-de-andreas-pereira","status":"publish","type":"post","link":"https:\/\/www.gaveanews.com\/index.php\/2021\/08\/14\/torcedores-do-flamengo-invadem-rede-social-de-andreas-pereira\/","title":{"rendered":"Torcedores do Flamengo \u201cinvadem\u201d rede social de Andreas Pereira"},"content":{"rendered":"\n<p>Conhecida pela paix\u00e3o incondicional ao Flamengo, a torcida rubro-negra entrou de vez na \u201ccampanha\u201d para trazer o meia Andreas Pereira, do Manchester United, para o time da G\u00e1vea. Logo ap\u00f3s a divulga\u00e7\u00e3o do interesse dos cariocas na contrata\u00e7\u00e3o do atleta de 25 anos, diversos torcedores do Fla foram at\u00e9 o perfil oficial do jogador para tentar \u201cconvenc\u00ea-lo\u201d de um acerto.<\/p>\n\n\n\n<p>De acordo com informa\u00e7\u00f5es da emissora TNT Sports, o Flamengo chegou a oficializar uma proposta junto ao time de Manchester para contar com o atleta belga com nacionalidade brasileira. A diretoria rubro-negra teria ofertado condi\u00e7\u00f5es para um empr\u00e9stimo, com divis\u00e3o de sal\u00e1rio de Andreas. Os Red Devils, por sua vez, priorizam uma negocia\u00e7\u00e3o por venda definitiva. Al\u00e9m disso, o Fla ainda tem dois concorrentes pelo meia: Everton, da Inglaterra, e Fenerbahce, da Turquia, tamb\u00e9m manifestaram interesse pelo jogador.<\/p>\n\n\n\n<p>Diante da possibilidade da contrata\u00e7\u00e3o de belga-brasileiro, que viria para ser o substituto de Gerson, a torcida do Flamengo n\u00e3o titubeou e foi at\u00e9 \u00e0s redes sociais do jogador neste final de semana.<\/p>\n\n\n\n<p>\u201cVai brotar pai?\u201d, questionou um. \u201cVem ser feliz no Meng\u00e3o\u201d, comentou outro. \u201cS\u00f3 vem\u201d, disparou outro rubro-negro.<\/p>\n\n\n\n<h2 class=\"wp-block-heading\" id=\"h-pr-ximo-jogo-do-flamengo\">Pr\u00f3ximo jogo do Flamengo <\/h2>\n\n\n\n<p>Depois de golear o Olimpia no duelo de ida das quartas de final da Libertadores, o Flamengo entra em campo neste domingo (15), \u00e0s 16h (de Bras\u00edlia), quando encara o Sport, no Est\u00e1dio Raulino de Oliveira, em Volta Redonda, pela 16\u00aa rodada do Brasileir\u00e3o. Com 24 pontos somados, o time de Renato Ga\u00facho aparece na quinta posi\u00e7\u00e3o, com 10 tentos a menos em rela\u00e7\u00e3o ao l\u00edder Atl\u00e9tico-MG, no entanto, possui dois jogos a menos em rela\u00e7\u00e3o ao Galo.<\/p>\n\n\n\n<p>Retirado de: Torcedores<\/p>\n","protected":false},"excerpt":{"rendered":"<p>Conhecida pela paix\u00e3o incondicional ao Flamengo, a torcida rubro-negra entrou de vez na \u201ccampanha\u201d para trazer o meia Andreas Pereira, do Manchester United, para o time da G\u00e1vea. Logo ap\u00f3s a divulga\u00e7\u00e3o do interesse dos cariocas na contrata\u00e7\u00e3o do atleta de 25 anos, diversos torcedores do Fla foram at\u00e9 o perfil oficial do jogador para [&hellip;]<\/p>\n","protected":false},"author":1,"featured_media":65920,"comment_status":"open","ping_status":"closed","sticky":false,"template":"","format":"standard","meta":{"footnotes":""},"categories":[48],"tags":[],"class_list":["post-65964","post","type-post","status-publish","format-standard","has-post-thumbnail","hentry","category-negociacoes"],"yoast_head":"<!-- This site is optimized with the Yoast SEO Premium plugin v24.2 (Yoast SEO v26.9) - https:\/\/yoast.com\/product\/yoast-seo-premium-wordpress\/ -->\n<title>Torcedores do Flamengo \u201cinvadem\u201d rede social de Andreas Pereira<\/title>\n<meta name=\"robots\" content=\"index, follow, max-snippet:-1, max-image-preview:large, max-video-preview:-1\" \/>\n<link rel=\"canonical\" href=\"https:\/\/www.gaveanews.com\/index.php\/2021\/08\/14\/torcedores-do-flamengo-invadem-rede-social-de-andreas-pereira\/\" \/>\n<meta property=\"og:locale\" content=\"pt_BR\" \/>\n<meta property=\"og:type\" content=\"article\" \/>\n<meta property=\"og:title\" content=\"Torcedores do Flamengo \u201cinvadem\u201d rede social de Andreas Pereira\" \/>\n<meta property=\"og:description\" content=\"Conhecida pela paix\u00e3o incondicional ao Flamengo, a torcida rubro-negra entrou de vez na \u201ccampanha\u201d para trazer o meia Andreas Pereira, do Manchester United, para o time da G\u00e1vea. Logo ap\u00f3s a divulga\u00e7\u00e3o do interesse dos cariocas na contrata\u00e7\u00e3o do atleta de 25 anos, diversos torcedores do Fla foram at\u00e9 o perfil oficial do jogador para [&hellip;]\" \/>\n<meta property=\"og:url\" content=\"https:\/\/www.gaveanews.com\/index.php\/2021\/08\/14\/torcedores-do-flamengo-invadem-rede-social-de-andreas-pereira\/\" \/>\n<meta property=\"og:site_name\" content=\"G\u00e1vea News\" \/>\n<meta property=\"article:publisher\" content=\"https:\/\/facebook.com\/gaveaNews\/\" \/>\n<meta property=\"article:published_time\" content=\"2021-08-14T20:54:10+00:00\" \/>\n<meta property=\"article:modified_time\" content=\"2021-08-14T21:05:23+00:00\" \/>\n<meta property=\"og:image\" content=\"https:\/\/www.gaveanews.com\/wp-content\/uploads\/Andreas-Pareira-em-acao-pelo-Manchester-United.webp\" \/>\n\t<meta property=\"og:image:width\" content=\"640\" \/>\n\t<meta property=\"og:image:height\" content=\"400\" \/>\n\t<meta property=\"og:image:type\" content=\"image\/png\" \/>\n<meta name=\"author\" content=\"Equipe G\u00e1vea News\" \/>\n<meta name=\"twitter:card\" content=\"summary_large_image\" \/>\n<meta name=\"twitter:label1\" content=\"Escrito por\" \/>\n\t<meta name=\"twitter:data1\" content=\"Equipe G\u00e1vea News\" \/>\n\t<meta name=\"twitter:label2\" content=\"Est. tempo de leitura\" \/>\n\t<meta name=\"twitter:data2\" content=\"2 minutos\" \/>\n<script type=\"application\/ld+json\" class=\"yoast-schema-graph\">{\"@context\":\"https:\/\/schema.org\",\"@graph\":[{\"@type\":\"NewsArticle\",\"@id\":\"https:\/\/www.gaveanews.com\/index.php\/2021\/08\/14\/torcedores-do-flamengo-invadem-rede-social-de-andreas-pereira\/#article\",\"isPartOf\":{\"@id\":\"https:\/\/www.gaveanews.com\/index.php\/2021\/08\/14\/torcedores-do-flamengo-invadem-rede-social-de-andreas-pereira\/\"},\"author\":{\"name\":\"Equipe G\u00e1vea News\",\"@id\":\"https:\/\/www.gaveanews.com\/#\/schema\/person\/2ec14f73fb96be2caf28f91afb14749d\"},\"headline\":\"Torcedores do Flamengo \u201cinvadem\u201d rede social de Andreas Pereira\",\"datePublished\":\"2021-08-14T20:54:10+00:00\",\"dateModified\":\"2021-08-14T21:05:23+00:00\",\"mainEntityOfPage\":{\"@id\":\"https:\/\/www.gaveanews.com\/index.php\/2021\/08\/14\/torcedores-do-flamengo-invadem-rede-social-de-andreas-pereira\/\"},\"wordCount\":304,\"commentCount\":11,\"image\":{\"@id\":\"https:\/\/www.gaveanews.com\/index.php\/2021\/08\/14\/torcedores-do-flamengo-invadem-rede-social-de-andreas-pereira\/#primaryimage\"},\"thumbnailUrl\":\"https:\/\/www.gaveanews.com\/wp-content\/uploads\/Andreas-Pareira-em-acao-pelo-Manchester-United.webp\",\"articleSection\":[\"Negocia\u00e7\u00f5es\"],\"inLanguage\":\"pt-BR\",\"potentialAction\":[{\"@type\":\"CommentAction\",\"name\":\"Comment\",\"target\":[\"https:\/\/www.gaveanews.com\/index.php\/2021\/08\/14\/torcedores-do-flamengo-invadem-rede-social-de-andreas-pereira\/#respond\"]}],\"copyrightYear\":\"2021\",\"copyrightHolder\":{\"@id\":\"https:\/\/www.gaveanews.com\/#organization\"}},{\"@type\":\"WebPage\",\"@id\":\"https:\/\/www.gaveanews.com\/index.php\/2021\/08\/14\/torcedores-do-flamengo-invadem-rede-social-de-andreas-pereira\/\",\"url\":\"https:\/\/www.gaveanews.com\/index.php\/2021\/08\/14\/torcedores-do-flamengo-invadem-rede-social-de-andreas-pereira\/\",\"name\":\"Torcedores do Flamengo \u201cinvadem\u201d rede social de Andreas Pereira\",\"isPartOf\":{\"@id\":\"https:\/\/www.gaveanews.com\/#website\"},\"primaryImageOfPage\":{\"@id\":\"https:\/\/www.gaveanews.com\/index.php\/2021\/08\/14\/torcedores-do-flamengo-invadem-rede-social-de-andreas-pereira\/#primaryimage\"},\"image\":{\"@id\":\"https:\/\/www.gaveanews.com\/index.php\/2021\/08\/14\/torcedores-do-flamengo-invadem-rede-social-de-andreas-pereira\/#primaryimage\"},\"thumbnailUrl\":\"https:\/\/www.gaveanews.com\/wp-content\/uploads\/Andreas-Pareira-em-acao-pelo-Manchester-United.webp\",\"datePublished\":\"2021-08-14T20:54:10+00:00\",\"dateModified\":\"2021-08-14T21:05:23+00:00\",\"author\":{\"@id\":\"https:\/\/www.gaveanews.com\/#\/schema\/person\/2ec14f73fb96be2caf28f91afb14749d\"},\"breadcrumb\":{\"@id\":\"https:\/\/www.gaveanews.com\/index.php\/2021\/08\/14\/torcedores-do-flamengo-invadem-rede-social-de-andreas-pereira\/#breadcrumb\"},\"inLanguage\":\"pt-BR\",\"potentialAction\":[{\"@type\":\"ReadAction\",\"target\":[\"https:\/\/www.gaveanews.com\/index.php\/2021\/08\/14\/torcedores-do-flamengo-invadem-rede-social-de-andreas-pereira\/\"]}]},{\"@type\":\"ImageObject\",\"inLanguage\":\"pt-BR\",\"@id\":\"https:\/\/www.gaveanews.com\/index.php\/2021\/08\/14\/torcedores-do-flamengo-invadem-rede-social-de-andreas-pereira\/#primaryimage\",\"url\":\"https:\/\/www.gaveanews.com\/wp-content\/uploads\/Andreas-Pareira-em-acao-pelo-Manchester-United.webp\",\"contentUrl\":\"https:\/\/www.gaveanews.com\/wp-content\/uploads\/Andreas-Pareira-em-acao-pelo-Manchester-United.webp\",\"width\":640,\"height\":400,\"caption\":\"Andreas Pereira em a\u00e7\u00e3o pelo Manchester United (Foto: Mattew Peters\/Manchester United)\"},{\"@type\":\"BreadcrumbList\",\"@id\":\"https:\/\/www.gaveanews.com\/index.php\/2021\/08\/14\/torcedores-do-flamengo-invadem-rede-social-de-andreas-pereira\/#breadcrumb\",\"itemListElement\":[{\"@type\":\"ListItem\",\"position\":1,\"name\":\"Home\",\"item\":\"https:\/\/www.gaveanews.com\/\"},{\"@type\":\"ListItem\",\"position\":2,\"name\":\"Torcedores do Flamengo \u201cinvadem\u201d rede social de Andreas Pereira\"}]},{\"@type\":\"WebSite\",\"@id\":\"https:\/\/www.gaveanews.com\/#website\",\"url\":\"https:\/\/www.gaveanews.com\/\",\"name\":\"G\u00e1vea News\",\"description\":\"Veja todas as not\u00edcias sobre o Flamengo: Contrata\u00e7\u00f5es, categorias de base, resultados das partidas, tabela de classifica\u00e7\u00e3o, pr\u00f3ximos jogos!\",\"potentialAction\":[{\"@type\":\"SearchAction\",\"target\":{\"@type\":\"EntryPoint\",\"urlTemplate\":\"https:\/\/www.gaveanews.com\/?s={search_term_string}\"},\"query-input\":{\"@type\":\"PropertyValueSpecification\",\"valueRequired\":true,\"valueName\":\"search_term_string\"}}],\"inLanguage\":\"pt-BR\"},{\"@type\":\"Person\",\"@id\":\"https:\/\/www.gaveanews.com\/#\/schema\/person\/2ec14f73fb96be2caf28f91afb14749d\",\"name\":\"Equipe G\u00e1vea News\",\"image\":{\"@type\":\"ImageObject\",\"inLanguage\":\"pt-BR\",\"@id\":\"https:\/\/www.gaveanews.com\/#\/schema\/person\/image\/\",\"url\":\"https:\/\/secure.gravatar.com\/avatar\/1e1956f1facbffd3f8fa53a326721950116b3b9dc9bd44939c01180fd4a745a9?s=96&d=mm&r=g\",\"contentUrl\":\"https:\/\/secure.gravatar.com\/avatar\/1e1956f1facbffd3f8fa53a326721950116b3b9dc9bd44939c01180fd4a745a9?s=96&d=mm&r=g\",\"caption\":\"Equipe G\u00e1vea News\"}}]}<\/script>\n<!-- \/ Yoast SEO Premium plugin. -->","yoast_head_json":{"title":"Torcedores do Flamengo \u201cinvadem\u201d rede social de Andreas Pereira","robots":{"index":"index","follow":"follow","max-snippet":"max-snippet:-1","max-image-preview":"max-image-preview:large","max-video-preview":"max-video-preview:-1"},"canonical":"https:\/\/www.gaveanews.com\/index.php\/2021\/08\/14\/torcedores-do-flamengo-invadem-rede-social-de-andreas-pereira\/","og_locale":"pt_BR","og_type":"article","og_title":"Torcedores do Flamengo \u201cinvadem\u201d rede social de Andreas Pereira","og_description":"Conhecida pela paix\u00e3o incondicional ao Flamengo, a torcida rubro-negra entrou de vez na \u201ccampanha\u201d para trazer o meia Andreas Pereira, do Manchester United, para o time da G\u00e1vea. Logo ap\u00f3s a divulga\u00e7\u00e3o do interesse dos cariocas na contrata\u00e7\u00e3o do atleta de 25 anos, diversos torcedores do Fla foram at\u00e9 o perfil oficial do jogador para [&hellip;]","og_url":"https:\/\/www.gaveanews.com\/index.php\/2021\/08\/14\/torcedores-do-flamengo-invadem-rede-social-de-andreas-pereira\/","og_site_name":"G\u00e1vea News","article_publisher":"https:\/\/facebook.com\/gaveaNews\/","article_published_time":"2021-08-14T20:54:10+00:00","article_modified_time":"2021-08-14T21:05:23+00:00","og_image":[{"width":640,"height":400,"url":"https:\/\/www.gaveanews.com\/wp-content\/uploads\/Andreas-Pareira-em-acao-pelo-Manchester-United.webp","type":"image\/png"}],"author":"Equipe G\u00e1vea News","twitter_card":"summary_large_image","twitter_misc":{"Escrito por":"Equipe G\u00e1vea News","Est. tempo de leitura":"2 minutos"},"schema":{"@context":"https:\/\/schema.org","@graph":[{"@type":"NewsArticle","@id":"https:\/\/www.gaveanews.com\/index.php\/2021\/08\/14\/torcedores-do-flamengo-invadem-rede-social-de-andreas-pereira\/#article","isPartOf":{"@id":"https:\/\/www.gaveanews.com\/index.php\/2021\/08\/14\/torcedores-do-flamengo-invadem-rede-social-de-andreas-pereira\/"},"author":{"name":"Equipe G\u00e1vea News","@id":"https:\/\/www.gaveanews.com\/#\/schema\/person\/2ec14f73fb96be2caf28f91afb14749d"},"headline":"Torcedores do Flamengo \u201cinvadem\u201d rede social de Andreas Pereira","datePublished":"2021-08-14T20:54:10+00:00","dateModified":"2021-08-14T21:05:23+00:00","mainEntityOfPage":{"@id":"https:\/\/www.gaveanews.com\/index.php\/2021\/08\/14\/torcedores-do-flamengo-invadem-rede-social-de-andreas-pereira\/"},"wordCount":304,"commentCount":11,"image":{"@id":"https:\/\/www.gaveanews.com\/index.php\/2021\/08\/14\/torcedores-do-flamengo-invadem-rede-social-de-andreas-pereira\/#primaryimage"},"thumbnailUrl":"https:\/\/www.gaveanews.com\/wp-content\/uploads\/Andreas-Pareira-em-acao-pelo-Manchester-United.webp","articleSection":["Negocia\u00e7\u00f5es"],"inLanguage":"pt-BR","potentialAction":[{"@type":"CommentAction","name":"Comment","target":["https:\/\/www.gaveanews.com\/index.php\/2021\/08\/14\/torcedores-do-flamengo-invadem-rede-social-de-andreas-pereira\/#respond"]}],"copyrightYear":"2021","copyrightHolder":{"@id":"https:\/\/www.gaveanews.com\/#organization"}},{"@type":"WebPage","@id":"https:\/\/www.gaveanews.com\/index.php\/2021\/08\/14\/torcedores-do-flamengo-invadem-rede-social-de-andreas-pereira\/","url":"https:\/\/www.gaveanews.com\/index.php\/2021\/08\/14\/torcedores-do-flamengo-invadem-rede-social-de-andreas-pereira\/","name":"Torcedores do Flamengo \u201cinvadem\u201d rede social de Andreas Pereira","isPartOf":{"@id":"https:\/\/www.gaveanews.com\/#website"},"primaryImageOfPage":{"@id":"https:\/\/www.gaveanews.com\/index.php\/2021\/08\/14\/torcedores-do-flamengo-invadem-rede-social-de-andreas-pereira\/#primaryimage"},"image":{"@id":"https:\/\/www.gaveanews.com\/index.php\/2021\/08\/14\/torcedores-do-flamengo-invadem-rede-social-de-andreas-pereira\/#primaryimage"},"thumbnailUrl":"https:\/\/www.gaveanews.com\/wp-content\/uploads\/Andreas-Pareira-em-acao-pelo-Manchester-United.webp","datePublished":"2021-08-14T20:54:10+00:00","dateModified":"2021-08-14T21:05:23+00:00","author":{"@id":"https:\/\/www.gaveanews.com\/#\/schema\/person\/2ec14f73fb96be2caf28f91afb14749d"},"breadcrumb":{"@id":"https:\/\/www.gaveanews.com\/index.php\/2021\/08\/14\/torcedores-do-flamengo-invadem-rede-social-de-andreas-pereira\/#breadcrumb"},"inLanguage":"pt-BR","potentialAction":[{"@type":"ReadAction","target":["https:\/\/www.gaveanews.com\/index.php\/2021\/08\/14\/torcedores-do-flamengo-invadem-rede-social-de-andreas-pereira\/"]}]},{"@type":"ImageObject","inLanguage":"pt-BR","@id":"https:\/\/www.gaveanews.com\/index.php\/2021\/08\/14\/torcedores-do-flamengo-invadem-rede-social-de-andreas-pereira\/#primaryimage","url":"https:\/\/www.gaveanews.com\/wp-content\/uploads\/Andreas-Pareira-em-acao-pelo-Manchester-United.webp","contentUrl":"https:\/\/www.gaveanews.com\/wp-content\/uploads\/Andreas-Pareira-em-acao-pelo-Manchester-United.webp","width":640,"height":400,"caption":"Andreas Pereira em a\u00e7\u00e3o pelo Manchester United (Foto: Mattew Peters\/Manchester United)"},{"@type":"BreadcrumbList","@id":"https:\/\/www.gaveanews.com\/index.php\/2021\/08\/14\/torcedores-do-flamengo-invadem-rede-social-de-andreas-pereira\/#breadcrumb","itemListElement":[{"@type":"ListItem","position":1,"name":"Home","item":"https:\/\/www.gaveanews.com\/"},{"@type":"ListItem","position":2,"name":"Torcedores do Flamengo \u201cinvadem\u201d rede social de Andreas Pereira"}]},{"@type":"WebSite","@id":"https:\/\/www.gaveanews.com\/#website","url":"https:\/\/www.gaveanews.com\/","name":"G\u00e1vea News","description":"Veja todas as not\u00edcias sobre o Flamengo: Contrata\u00e7\u00f5es, categorias de base, resultados das partidas, tabela de classifica\u00e7\u00e3o, pr\u00f3ximos jogos!","potentialAction":[{"@type":"SearchAction","target":{"@type":"EntryPoint","urlTemplate":"https:\/\/www.gaveanews.com\/?s={search_term_string}"},"query-input":{"@type":"PropertyValueSpecification","valueRequired":true,"valueName":"search_term_string"}}],"inLanguage":"pt-BR"},{"@type":"Person","@id":"https:\/\/www.gaveanews.com\/#\/schema\/person\/2ec14f73fb96be2caf28f91afb14749d","name":"Equipe G\u00e1vea News","image":{"@type":"ImageObject","inLanguage":"pt-BR","@id":"https:\/\/www.gaveanews.com\/#\/schema\/person\/image\/","url":"https:\/\/secure.gravatar.com\/avatar\/1e1956f1facbffd3f8fa53a326721950116b3b9dc9bd44939c01180fd4a745a9?s=96&d=mm&r=g","contentUrl":"https:\/\/secure.gravatar.com\/avatar\/1e1956f1facbffd3f8fa53a326721950116b3b9dc9bd44939c01180fd4a745a9?s=96&d=mm&r=g","caption":"Equipe G\u00e1vea News"}}]}},"_links":{"self":[{"href":"https:\/\/www.gaveanews.com\/index.php\/wp-json\/wp\/v2\/posts\/65964","targetHints":{"allow":["GET"]}}],"collection":[{"href":"https:\/\/www.gaveanews.com\/index.php\/wp-json\/wp\/v2\/posts"}],"about":[{"href":"https:\/\/www.gaveanews.com\/index.php\/wp-json\/wp\/v2\/types\/post"}],"author":[{"embeddable":true,"href":"https:\/\/www.gaveanews.com\/index.php\/wp-json\/wp\/v2\/users\/1"}],"replies":[{"embeddable":true,"href":"https:\/\/www.gaveanews.com\/index.php\/wp-json\/wp\/v2\/comments?post=65964"}],"version-history":[{"count":0,"href":"https:\/\/www.gaveanews.com\/index.php\/wp-json\/wp\/v2\/posts\/65964\/revisions"}],"wp:featuredmedia":[{"embeddable":true,"href":"https:\/\/www.gaveanews.com\/index.php\/wp-json\/wp\/v2\/media\/65920"}],"wp:attachment":[{"href":"https:\/\/www.gaveanews.com\/index.php\/wp-json\/wp\/v2\/media?parent=65964"}],"wp:term":[{"taxonomy":"category","embeddable":true,"href":"https:\/\/www.gaveanews.com\/index.php\/wp-json\/wp\/v2\/categories?post=65964"},{"taxonomy":"post_tag","embeddable":true,"href":"https:\/\/www.gaveanews.com\/index.php\/wp-json\/wp\/v2\/tags?post=65964"}],"curies":[{"name":"wp","href":"https:\/\/api.w.org\/{rel}","templated":true}]}}