{"id":65985,"date":"2021-08-14T23:51:33","date_gmt":"2021-08-15T02:51:33","guid":{"rendered":"https:\/\/www.gaveanews.com\/?p=65985"},"modified":"2021-08-14T23:51:36","modified_gmt":"2021-08-15T02:51:36","slug":"saiba-por-que-david-luiz-nao-empolga-a-diretoria-do-flamengo","status":"publish","type":"post","link":"https:\/\/www.gaveanews.com\/index.php\/2021\/08\/14\/saiba-por-que-david-luiz-nao-empolga-a-diretoria-do-flamengo\/","title":{"rendered":"Saiba por que David Luiz n\u00e3o empolga a diretoria do Flamengo"},"content":{"rendered":"\n<p>David Luiz, de 34 anos, \u00e9 um jogador midi\u00e1tico. Na Copa do Mundo de 2014 fez mais propagandas do que Neymar, mesmo depois de ter se tornado o s\u00edmbolo dos 7 a 1 para a Alemanha. E seguiu com sucesso na Europa.<\/p>\n\n\n\n<p>J\u00e1 foi o zagueiro mais caro de todos os tempos, ao ser comprado pelo Chelsea em 2016 por 34 milh\u00f5es de euros, atuais R$ 246 milh\u00f5es, e hoje est\u00e1 sem clube \u2013 ou melhor, procura um ainda no continente europeu. Afinal, seu \u00faltimo sal\u00e1rio, no Arsenal, batia nos R$ 3 milh\u00f5es.<\/p>\n\n\n\n<p>Mas\u2026 H\u00e1 uma fort\u00edssima campanha nas redes sociais de torcedores do Flamengo. Eles querem que o zagueiro seja contratado e atormentam os dirigentes rubro-negros.<\/p>\n\n\n\n<p>Desde que terminou seu contrato com o Arsenal, no dia 30 de junho, esse assunto segue muito forte. Mas apenas nas redes sociais. A come\u00e7ar pelo presidente Rodolfo Landim, passando pelo vice de futebol Marcos Braz.<\/p>\n\n\n\n<p>N\u00e3o h\u00e1 empolga\u00e7\u00e3o por David Luiz. Por mais que a zaga seja um problema cr\u00f4nico na G\u00e1vea, desde a sa\u00edda de Pablo Mar\u00ed, enquanto Gustavo Henrique, L\u00e9o Pereira e Bruno Viana seguem apontados como ponto fraco do time.<\/p>\n\n\n\n<p>Marcos Braz segue procurando refor\u00e7os para Renato Ga\u00facho e h\u00e1 o interesse real em pelo menos mais um zagueiro. Mas, a prefer\u00eancia \u00e9 por um mais novo para n\u00e3o tornar o lado esquerdo da zaga o mais lento. Filipe Luis j\u00e1 tem 36 anos e David Luiz tem 34 anos. E muito menos potencial f\u00edsico que mostrava em 2014. Al\u00e9m disso, h\u00e1 o sal\u00e1rio. O teto do clube \u00e9 Gabigol, com R$ 1,5 milh\u00e3o, metade do que recebia no Arsenal.<\/p>\n\n\n\n<p>Renato Ga\u00facho quer uma equipe vibrante na frente, mas para que isso aconte\u00e7a, a defesa precisa de velocistas, para parar contragolpes. E velocidade n\u00e3o \u00e9 mais o forte do jogador. No clube que foi \u00eddolo, o Benfica, as portas foram fechadas por Jorge Jesus.<\/p>\n\n\n\n<p><strong><em>\u2014 Gosto muito do David, os torcedores tamb\u00e9m gostam muito dele pelo passado que tem no Benfica e pela qualidade como jogador. Mas h\u00e1 momentos para tudo e acho que n\u00e3o \u00e9 o momento para ele vir para o Benfica<\/em><\/strong>, decretou.<\/p>\n\n\n\n<p>O mercado europeu n\u00e3o est\u00e1 empolgado com o brasileiro. O Adana Demirspor, da Turquia, negociou mas n\u00e3o fechou com o zagueiro.&nbsp;E a imprensa europeia chegou a um consenso que ele est\u00e1 pedindo 3 milh\u00f5es de euros por ano, cerca de R$ 18 milh\u00f5es.<\/p>\n\n\n\n<p>A tentativa agora \u00e9 no Real Madrid, pela admira\u00e7\u00e3o que Carlo Ancelotti sempre teve pelo seu futebol, seu esp\u00edrito de lideran\u00e7a. Mas n\u00e3o h\u00e1 nada concreto.<\/p>\n\n\n\n<p>David Luiz pretende ficar tentando ficar na Europa at\u00e9 dias antes do t\u00e9rmino da janela. Depois, se ele e Bertolucci n\u00e3o conseguirem, at\u00e9 podem analisar a volta para o futebol brasileiro. Desde que haja contrato.<\/p>\n\n\n\n<p><strong><em>\u2014 O Flamengo n\u00e3o entrou em contato com o David Luiz<\/em><\/strong>, garantiu o vice Marcos Braz.<\/p>\n\n\n\n<p>Retirado de: <\/p>\n","protected":false},"excerpt":{"rendered":"<p>David Luiz, de 34 anos, \u00e9 um jogador midi\u00e1tico. Na Copa do Mundo de 2014 fez mais propagandas do que Neymar, mesmo depois de ter se tornado o s\u00edmbolo dos 7 a 1 para a Alemanha. E seguiu com sucesso na Europa. J\u00e1 foi o zagueiro mais caro de todos os tempos, ao ser comprado [&hellip;]<\/p>\n","protected":false},"author":1,"featured_media":61403,"comment_status":"open","ping_status":"closed","sticky":false,"template":"","format":"standard","meta":{"footnotes":""},"categories":[48],"tags":[],"class_list":["post-65985","post","type-post","status-publish","format-standard","has-post-thumbnail","hentry","category-negociacoes"],"yoast_head":"<!-- This site is optimized with the Yoast SEO Premium plugin v24.2 (Yoast SEO v26.9) - https:\/\/yoast.com\/product\/yoast-seo-premium-wordpress\/ -->\n<title>Saiba por que David Luiz n\u00e3o empolga a diretoria do Flamengo<\/title>\n<meta name=\"robots\" content=\"index, follow, max-snippet:-1, max-image-preview:large, max-video-preview:-1\" \/>\n<link rel=\"canonical\" href=\"https:\/\/www.gaveanews.com\/index.php\/2021\/08\/14\/saiba-por-que-david-luiz-nao-empolga-a-diretoria-do-flamengo\/\" \/>\n<meta property=\"og:locale\" content=\"pt_BR\" \/>\n<meta property=\"og:type\" content=\"article\" \/>\n<meta property=\"og:title\" content=\"Saiba por que David Luiz n\u00e3o empolga a diretoria do Flamengo\" \/>\n<meta property=\"og:description\" content=\"David Luiz, de 34 anos, \u00e9 um jogador midi\u00e1tico. Na Copa do Mundo de 2014 fez mais propagandas do que Neymar, mesmo depois de ter se tornado o s\u00edmbolo dos 7 a 1 para a Alemanha. E seguiu com sucesso na Europa. J\u00e1 foi o zagueiro mais caro de todos os tempos, ao ser comprado [&hellip;]\" \/>\n<meta property=\"og:url\" content=\"https:\/\/www.gaveanews.com\/index.php\/2021\/08\/14\/saiba-por-que-david-luiz-nao-empolga-a-diretoria-do-flamengo\/\" \/>\n<meta property=\"og:site_name\" content=\"G\u00e1vea News\" \/>\n<meta property=\"article:publisher\" content=\"https:\/\/facebook.com\/gaveaNews\/\" \/>\n<meta property=\"article:published_time\" content=\"2021-08-15T02:51:33+00:00\" \/>\n<meta property=\"article:modified_time\" content=\"2021-08-15T02:51:36+00:00\" \/>\n<meta property=\"og:image\" content=\"https:\/\/www.gaveanews.com\/wp-content\/uploads\/David-Luiz-em-acao-pelo-Arsenal.webp\" \/>\n\t<meta property=\"og:image:width\" content=\"700\" \/>\n\t<meta property=\"og:image:height\" content=\"394\" \/>\n\t<meta property=\"og:image:type\" content=\"image\/jpeg\" \/>\n<meta name=\"author\" content=\"Equipe G\u00e1vea News\" \/>\n<meta name=\"twitter:card\" content=\"summary_large_image\" \/>\n<meta name=\"twitter:label1\" content=\"Escrito por\" \/>\n\t<meta name=\"twitter:data1\" content=\"Equipe G\u00e1vea News\" \/>\n\t<meta name=\"twitter:label2\" content=\"Est. tempo de leitura\" \/>\n\t<meta name=\"twitter:data2\" content=\"3 minutos\" \/>\n<script type=\"application\/ld+json\" class=\"yoast-schema-graph\">{\"@context\":\"https:\/\/schema.org\",\"@graph\":[{\"@type\":\"NewsArticle\",\"@id\":\"https:\/\/www.gaveanews.com\/index.php\/2021\/08\/14\/saiba-por-que-david-luiz-nao-empolga-a-diretoria-do-flamengo\/#article\",\"isPartOf\":{\"@id\":\"https:\/\/www.gaveanews.com\/index.php\/2021\/08\/14\/saiba-por-que-david-luiz-nao-empolga-a-diretoria-do-flamengo\/\"},\"author\":{\"name\":\"Equipe G\u00e1vea News\",\"@id\":\"https:\/\/www.gaveanews.com\/#\/schema\/person\/2ec14f73fb96be2caf28f91afb14749d\"},\"headline\":\"Saiba por que David Luiz n\u00e3o empolga a diretoria do Flamengo\",\"datePublished\":\"2021-08-15T02:51:33+00:00\",\"dateModified\":\"2021-08-15T02:51:36+00:00\",\"mainEntityOfPage\":{\"@id\":\"https:\/\/www.gaveanews.com\/index.php\/2021\/08\/14\/saiba-por-que-david-luiz-nao-empolga-a-diretoria-do-flamengo\/\"},\"wordCount\":506,\"commentCount\":10,\"image\":{\"@id\":\"https:\/\/www.gaveanews.com\/index.php\/2021\/08\/14\/saiba-por-que-david-luiz-nao-empolga-a-diretoria-do-flamengo\/#primaryimage\"},\"thumbnailUrl\":\"https:\/\/www.gaveanews.com\/wp-content\/uploads\/David-Luiz-em-acao-pelo-Arsenal.webp\",\"articleSection\":[\"Negocia\u00e7\u00f5es\"],\"inLanguage\":\"pt-BR\",\"potentialAction\":[{\"@type\":\"CommentAction\",\"name\":\"Comment\",\"target\":[\"https:\/\/www.gaveanews.com\/index.php\/2021\/08\/14\/saiba-por-que-david-luiz-nao-empolga-a-diretoria-do-flamengo\/#respond\"]}],\"copyrightYear\":\"2021\",\"copyrightHolder\":{\"@id\":\"https:\/\/www.gaveanews.com\/#organization\"}},{\"@type\":\"WebPage\",\"@id\":\"https:\/\/www.gaveanews.com\/index.php\/2021\/08\/14\/saiba-por-que-david-luiz-nao-empolga-a-diretoria-do-flamengo\/\",\"url\":\"https:\/\/www.gaveanews.com\/index.php\/2021\/08\/14\/saiba-por-que-david-luiz-nao-empolga-a-diretoria-do-flamengo\/\",\"name\":\"Saiba por que David Luiz n\u00e3o empolga a diretoria do Flamengo\",\"isPartOf\":{\"@id\":\"https:\/\/www.gaveanews.com\/#website\"},\"primaryImageOfPage\":{\"@id\":\"https:\/\/www.gaveanews.com\/index.php\/2021\/08\/14\/saiba-por-que-david-luiz-nao-empolga-a-diretoria-do-flamengo\/#primaryimage\"},\"image\":{\"@id\":\"https:\/\/www.gaveanews.com\/index.php\/2021\/08\/14\/saiba-por-que-david-luiz-nao-empolga-a-diretoria-do-flamengo\/#primaryimage\"},\"thumbnailUrl\":\"https:\/\/www.gaveanews.com\/wp-content\/uploads\/David-Luiz-em-acao-pelo-Arsenal.webp\",\"datePublished\":\"2021-08-15T02:51:33+00:00\",\"dateModified\":\"2021-08-15T02:51:36+00:00\",\"author\":{\"@id\":\"https:\/\/www.gaveanews.com\/#\/schema\/person\/2ec14f73fb96be2caf28f91afb14749d\"},\"breadcrumb\":{\"@id\":\"https:\/\/www.gaveanews.com\/index.php\/2021\/08\/14\/saiba-por-que-david-luiz-nao-empolga-a-diretoria-do-flamengo\/#breadcrumb\"},\"inLanguage\":\"pt-BR\",\"potentialAction\":[{\"@type\":\"ReadAction\",\"target\":[\"https:\/\/www.gaveanews.com\/index.php\/2021\/08\/14\/saiba-por-que-david-luiz-nao-empolga-a-diretoria-do-flamengo\/\"]}]},{\"@type\":\"ImageObject\",\"inLanguage\":\"pt-BR\",\"@id\":\"https:\/\/www.gaveanews.com\/index.php\/2021\/08\/14\/saiba-por-que-david-luiz-nao-empolga-a-diretoria-do-flamengo\/#primaryimage\",\"url\":\"https:\/\/www.gaveanews.com\/wp-content\/uploads\/David-Luiz-em-acao-pelo-Arsenal.webp\",\"contentUrl\":\"https:\/\/www.gaveanews.com\/wp-content\/uploads\/David-Luiz-em-acao-pelo-Arsenal.webp\",\"width\":700,\"height\":394,\"caption\":\"David Luiz em a\u00e7\u00e3o pelo Arsenal (Foto: Getty Images)\"},{\"@type\":\"BreadcrumbList\",\"@id\":\"https:\/\/www.gaveanews.com\/index.php\/2021\/08\/14\/saiba-por-que-david-luiz-nao-empolga-a-diretoria-do-flamengo\/#breadcrumb\",\"itemListElement\":[{\"@type\":\"ListItem\",\"position\":1,\"name\":\"Home\",\"item\":\"https:\/\/www.gaveanews.com\/\"},{\"@type\":\"ListItem\",\"position\":2,\"name\":\"Saiba por que David Luiz n\u00e3o empolga a diretoria do Flamengo\"}]},{\"@type\":\"WebSite\",\"@id\":\"https:\/\/www.gaveanews.com\/#website\",\"url\":\"https:\/\/www.gaveanews.com\/\",\"name\":\"G\u00e1vea News\",\"description\":\"Veja todas as not\u00edcias sobre o Flamengo: Contrata\u00e7\u00f5es, categorias de base, resultados das partidas, tabela de classifica\u00e7\u00e3o, pr\u00f3ximos jogos!\",\"potentialAction\":[{\"@type\":\"SearchAction\",\"target\":{\"@type\":\"EntryPoint\",\"urlTemplate\":\"https:\/\/www.gaveanews.com\/?s={search_term_string}\"},\"query-input\":{\"@type\":\"PropertyValueSpecification\",\"valueRequired\":true,\"valueName\":\"search_term_string\"}}],\"inLanguage\":\"pt-BR\"},{\"@type\":\"Person\",\"@id\":\"https:\/\/www.gaveanews.com\/#\/schema\/person\/2ec14f73fb96be2caf28f91afb14749d\",\"name\":\"Equipe G\u00e1vea News\",\"image\":{\"@type\":\"ImageObject\",\"inLanguage\":\"pt-BR\",\"@id\":\"https:\/\/www.gaveanews.com\/#\/schema\/person\/image\/\",\"url\":\"https:\/\/secure.gravatar.com\/avatar\/1e1956f1facbffd3f8fa53a326721950116b3b9dc9bd44939c01180fd4a745a9?s=96&d=mm&r=g\",\"contentUrl\":\"https:\/\/secure.gravatar.com\/avatar\/1e1956f1facbffd3f8fa53a326721950116b3b9dc9bd44939c01180fd4a745a9?s=96&d=mm&r=g\",\"caption\":\"Equipe G\u00e1vea News\"}}]}<\/script>\n<!-- \/ Yoast SEO Premium plugin. -->","yoast_head_json":{"title":"Saiba por que David Luiz n\u00e3o empolga a diretoria do Flamengo","robots":{"index":"index","follow":"follow","max-snippet":"max-snippet:-1","max-image-preview":"max-image-preview:large","max-video-preview":"max-video-preview:-1"},"canonical":"https:\/\/www.gaveanews.com\/index.php\/2021\/08\/14\/saiba-por-que-david-luiz-nao-empolga-a-diretoria-do-flamengo\/","og_locale":"pt_BR","og_type":"article","og_title":"Saiba por que David Luiz n\u00e3o empolga a diretoria do Flamengo","og_description":"David Luiz, de 34 anos, \u00e9 um jogador midi\u00e1tico. Na Copa do Mundo de 2014 fez mais propagandas do que Neymar, mesmo depois de ter se tornado o s\u00edmbolo dos 7 a 1 para a Alemanha. E seguiu com sucesso na Europa. J\u00e1 foi o zagueiro mais caro de todos os tempos, ao ser comprado [&hellip;]","og_url":"https:\/\/www.gaveanews.com\/index.php\/2021\/08\/14\/saiba-por-que-david-luiz-nao-empolga-a-diretoria-do-flamengo\/","og_site_name":"G\u00e1vea News","article_publisher":"https:\/\/facebook.com\/gaveaNews\/","article_published_time":"2021-08-15T02:51:33+00:00","article_modified_time":"2021-08-15T02:51:36+00:00","og_image":[{"width":700,"height":394,"url":"https:\/\/www.gaveanews.com\/wp-content\/uploads\/David-Luiz-em-acao-pelo-Arsenal.webp","type":"image\/jpeg"}],"author":"Equipe G\u00e1vea News","twitter_card":"summary_large_image","twitter_misc":{"Escrito por":"Equipe G\u00e1vea News","Est. tempo de leitura":"3 minutos"},"schema":{"@context":"https:\/\/schema.org","@graph":[{"@type":"NewsArticle","@id":"https:\/\/www.gaveanews.com\/index.php\/2021\/08\/14\/saiba-por-que-david-luiz-nao-empolga-a-diretoria-do-flamengo\/#article","isPartOf":{"@id":"https:\/\/www.gaveanews.com\/index.php\/2021\/08\/14\/saiba-por-que-david-luiz-nao-empolga-a-diretoria-do-flamengo\/"},"author":{"name":"Equipe G\u00e1vea News","@id":"https:\/\/www.gaveanews.com\/#\/schema\/person\/2ec14f73fb96be2caf28f91afb14749d"},"headline":"Saiba por que David Luiz n\u00e3o empolga a diretoria do Flamengo","datePublished":"2021-08-15T02:51:33+00:00","dateModified":"2021-08-15T02:51:36+00:00","mainEntityOfPage":{"@id":"https:\/\/www.gaveanews.com\/index.php\/2021\/08\/14\/saiba-por-que-david-luiz-nao-empolga-a-diretoria-do-flamengo\/"},"wordCount":506,"commentCount":10,"image":{"@id":"https:\/\/www.gaveanews.com\/index.php\/2021\/08\/14\/saiba-por-que-david-luiz-nao-empolga-a-diretoria-do-flamengo\/#primaryimage"},"thumbnailUrl":"https:\/\/www.gaveanews.com\/wp-content\/uploads\/David-Luiz-em-acao-pelo-Arsenal.webp","articleSection":["Negocia\u00e7\u00f5es"],"inLanguage":"pt-BR","potentialAction":[{"@type":"CommentAction","name":"Comment","target":["https:\/\/www.gaveanews.com\/index.php\/2021\/08\/14\/saiba-por-que-david-luiz-nao-empolga-a-diretoria-do-flamengo\/#respond"]}],"copyrightYear":"2021","copyrightHolder":{"@id":"https:\/\/www.gaveanews.com\/#organization"}},{"@type":"WebPage","@id":"https:\/\/www.gaveanews.com\/index.php\/2021\/08\/14\/saiba-por-que-david-luiz-nao-empolga-a-diretoria-do-flamengo\/","url":"https:\/\/www.gaveanews.com\/index.php\/2021\/08\/14\/saiba-por-que-david-luiz-nao-empolga-a-diretoria-do-flamengo\/","name":"Saiba por que David Luiz n\u00e3o empolga a diretoria do Flamengo","isPartOf":{"@id":"https:\/\/www.gaveanews.com\/#website"},"primaryImageOfPage":{"@id":"https:\/\/www.gaveanews.com\/index.php\/2021\/08\/14\/saiba-por-que-david-luiz-nao-empolga-a-diretoria-do-flamengo\/#primaryimage"},"image":{"@id":"https:\/\/www.gaveanews.com\/index.php\/2021\/08\/14\/saiba-por-que-david-luiz-nao-empolga-a-diretoria-do-flamengo\/#primaryimage"},"thumbnailUrl":"https:\/\/www.gaveanews.com\/wp-content\/uploads\/David-Luiz-em-acao-pelo-Arsenal.webp","datePublished":"2021-08-15T02:51:33+00:00","dateModified":"2021-08-15T02:51:36+00:00","author":{"@id":"https:\/\/www.gaveanews.com\/#\/schema\/person\/2ec14f73fb96be2caf28f91afb14749d"},"breadcrumb":{"@id":"https:\/\/www.gaveanews.com\/index.php\/2021\/08\/14\/saiba-por-que-david-luiz-nao-empolga-a-diretoria-do-flamengo\/#breadcrumb"},"inLanguage":"pt-BR","potentialAction":[{"@type":"ReadAction","target":["https:\/\/www.gaveanews.com\/index.php\/2021\/08\/14\/saiba-por-que-david-luiz-nao-empolga-a-diretoria-do-flamengo\/"]}]},{"@type":"ImageObject","inLanguage":"pt-BR","@id":"https:\/\/www.gaveanews.com\/index.php\/2021\/08\/14\/saiba-por-que-david-luiz-nao-empolga-a-diretoria-do-flamengo\/#primaryimage","url":"https:\/\/www.gaveanews.com\/wp-content\/uploads\/David-Luiz-em-acao-pelo-Arsenal.webp","contentUrl":"https:\/\/www.gaveanews.com\/wp-content\/uploads\/David-Luiz-em-acao-pelo-Arsenal.webp","width":700,"height":394,"caption":"David Luiz em a\u00e7\u00e3o pelo Arsenal (Foto: Getty Images)"},{"@type":"BreadcrumbList","@id":"https:\/\/www.gaveanews.com\/index.php\/2021\/08\/14\/saiba-por-que-david-luiz-nao-empolga-a-diretoria-do-flamengo\/#breadcrumb","itemListElement":[{"@type":"ListItem","position":1,"name":"Home","item":"https:\/\/www.gaveanews.com\/"},{"@type":"ListItem","position":2,"name":"Saiba por que David Luiz n\u00e3o empolga a diretoria do Flamengo"}]},{"@type":"WebSite","@id":"https:\/\/www.gaveanews.com\/#website","url":"https:\/\/www.gaveanews.com\/","name":"G\u00e1vea News","description":"Veja todas as not\u00edcias sobre o Flamengo: Contrata\u00e7\u00f5es, categorias de base, resultados das partidas, tabela de classifica\u00e7\u00e3o, pr\u00f3ximos jogos!","potentialAction":[{"@type":"SearchAction","target":{"@type":"EntryPoint","urlTemplate":"https:\/\/www.gaveanews.com\/?s={search_term_string}"},"query-input":{"@type":"PropertyValueSpecification","valueRequired":true,"valueName":"search_term_string"}}],"inLanguage":"pt-BR"},{"@type":"Person","@id":"https:\/\/www.gaveanews.com\/#\/schema\/person\/2ec14f73fb96be2caf28f91afb14749d","name":"Equipe G\u00e1vea News","image":{"@type":"ImageObject","inLanguage":"pt-BR","@id":"https:\/\/www.gaveanews.com\/#\/schema\/person\/image\/","url":"https:\/\/secure.gravatar.com\/avatar\/1e1956f1facbffd3f8fa53a326721950116b3b9dc9bd44939c01180fd4a745a9?s=96&d=mm&r=g","contentUrl":"https:\/\/secure.gravatar.com\/avatar\/1e1956f1facbffd3f8fa53a326721950116b3b9dc9bd44939c01180fd4a745a9?s=96&d=mm&r=g","caption":"Equipe G\u00e1vea News"}}]}},"_links":{"self":[{"href":"https:\/\/www.gaveanews.com\/index.php\/wp-json\/wp\/v2\/posts\/65985","targetHints":{"allow":["GET"]}}],"collection":[{"href":"https:\/\/www.gaveanews.com\/index.php\/wp-json\/wp\/v2\/posts"}],"about":[{"href":"https:\/\/www.gaveanews.com\/index.php\/wp-json\/wp\/v2\/types\/post"}],"author":[{"embeddable":true,"href":"https:\/\/www.gaveanews.com\/index.php\/wp-json\/wp\/v2\/users\/1"}],"replies":[{"embeddable":true,"href":"https:\/\/www.gaveanews.com\/index.php\/wp-json\/wp\/v2\/comments?post=65985"}],"version-history":[{"count":0,"href":"https:\/\/www.gaveanews.com\/index.php\/wp-json\/wp\/v2\/posts\/65985\/revisions"}],"wp:featuredmedia":[{"embeddable":true,"href":"https:\/\/www.gaveanews.com\/index.php\/wp-json\/wp\/v2\/media\/61403"}],"wp:attachment":[{"href":"https:\/\/www.gaveanews.com\/index.php\/wp-json\/wp\/v2\/media?parent=65985"}],"wp:term":[{"taxonomy":"category","embeddable":true,"href":"https:\/\/www.gaveanews.com\/index.php\/wp-json\/wp\/v2\/categories?post=65985"},{"taxonomy":"post_tag","embeddable":true,"href":"https:\/\/www.gaveanews.com\/index.php\/wp-json\/wp\/v2\/tags?post=65985"}],"curies":[{"name":"wp","href":"https:\/\/api.w.org\/{rel}","templated":true}]}}