{"id":65987,"date":"2021-08-15T00:29:17","date_gmt":"2021-08-15T03:29:17","guid":{"rendered":"https:\/\/www.gaveanews.com\/?p=65987"},"modified":"2021-08-15T00:29:21","modified_gmt":"2021-08-15T03:29:21","slug":"torcedores-rivais-ironizam-palmeiras-por-expulsao-sem-choro","status":"publish","type":"post","link":"https:\/\/www.gaveanews.com\/index.php\/2021\/08\/15\/torcedores-rivais-ironizam-palmeiras-por-expulsao-sem-choro\/","title":{"rendered":"Torcedores rivais ironizam Palmeiras por expuls\u00e3o: \u201cSem choro\u201d"},"content":{"rendered":"\n<p>A expuls\u00e3o do meio-campista Patrick de Paula durante o primeiro tempo do jogo entre Atl\u00e9tico-MG e Palmeiras foi motivo de muita zoeira, por parte de torcedores rivais. Na opini\u00e3o de alguns rivais que assistiam \u00e0 partida, o cart\u00e3o vermelho foi bem aplicado.<\/p>\n\n\n\n<p>O lance em si \u00e9 pol\u00eamico. Patrick de Paula foi expulso ap\u00f3s receber o segundo cart\u00e3o amarelo. A falta que gerou a segunda advert\u00eancia pode ser interpretada de duas formas: primeiro que o jogador palmeirense chegou atrasado no lance; segundo, que ele escorregou e tentou evitar um contato com Jair.<\/p>\n\n\n\n<p>O placar final da partida foi: Atl\u00e9tico 2&#215;0 Palmeiras.<\/p>\n\n\n\n<p>Com o resultado, o Atl\u00e9tico chega aos 37 pontos e abre cinco em rela\u00e7\u00e3o ao pr\u00f3prio Palmeiras, na disputa pelo t\u00edtulo do Brasileir\u00e3o S\u00e9rie A.<\/p>\n\n\n\n<h2 class=\"wp-block-heading\" id=\"h-veja-a-repercuss-o-a-seguir\"><strong>Veja a repercuss\u00e3o a seguir:<\/strong><\/h2>\n\n\n\n<figure class=\"wp-block-embed is-type-rich is-provider-twitter wp-block-embed-twitter\"><div class=\"wp-block-embed__wrapper\">\n<blockquote class=\"twitter-tweet\" data-width=\"550\" data-dnt=\"true\"><p lang=\"pt\" dir=\"ltr\">foi justo, sem choro<\/p>&mdash; Bento\u2077\u2077 \ud83c\uddfe\ud83c\uddea (@bento9rs) <a href=\"https:\/\/twitter.com\/bento9rs\/status\/1426674248039473152?ref_src=twsrc%5Etfw\">August 14, 2021<\/a><\/blockquote><script async src=\"https:\/\/platform.twitter.com\/widgets.js\" charset=\"utf-8\"><\/script>\n<\/div><\/figure>\n\n\n\n<figure class=\"wp-block-embed is-type-rich is-provider-twitter wp-block-embed-twitter\"><div class=\"wp-block-embed__wrapper\">\nhttps:\/\/twitter.com\/vvttnh\/status\/1426674491040612353\n<\/div><\/figure>\n\n\n\n<figure class=\"wp-block-embed is-type-rich is-provider-twitter wp-block-embed-twitter\"><div class=\"wp-block-embed__wrapper\">\n<blockquote class=\"twitter-tweet\" data-width=\"550\" data-dnt=\"true\"><p lang=\"pt\" dir=\"ltr\">KKKKKKKKKKKKKKKKKKKKKKKKKKKKKKKKK jogador comum s\u00f3 faz gol contra pequeno e vai fracassar na Europa e voltar pro Flamengo<\/p>&mdash; Santista Louco (@Santistaloucosz) <a href=\"https:\/\/twitter.com\/Santistaloucosz\/status\/1426674240510734339?ref_src=twsrc%5Etfw\">August 14, 2021<\/a><\/blockquote><script async src=\"https:\/\/platform.twitter.com\/widgets.js\" charset=\"utf-8\"><\/script>\n<\/div><\/figure>\n\n\n\n<figure class=\"wp-block-embed is-type-rich is-provider-twitter wp-block-embed-twitter\"><div class=\"wp-block-embed__wrapper\">\n<blockquote class=\"twitter-tweet\" data-width=\"550\" data-dnt=\"true\"><p lang=\"pt\" dir=\"ltr\">tem essa de escorregar n\u00e3o meu filho, se fizer falta, tem q marcar<\/p>&mdash; mateus\u1d9c\u1d43\u1d50 (@savarinx) <a href=\"https:\/\/twitter.com\/savarinx\/status\/1426674257946423305?ref_src=twsrc%5Etfw\">August 14, 2021<\/a><\/blockquote><script async src=\"https:\/\/platform.twitter.com\/widgets.js\" charset=\"utf-8\"><\/script>\n<\/div><\/figure>\n\n\n\n<figure class=\"wp-block-embed is-type-rich is-provider-twitter wp-block-embed-twitter\"><div class=\"wp-block-embed__wrapper\">\nhttps:\/\/twitter.com\/quatroxii\/status\/1426674583764193281\n<\/div><\/figure>\n\n\n\n<figure class=\"wp-block-embed is-type-rich is-provider-twitter wp-block-embed-twitter\"><div class=\"wp-block-embed__wrapper\">\nhttps:\/\/twitter.com\/Mateus99x\/status\/1426674759337717762\n<\/div><\/figure>\n\n\n\n<figure class=\"wp-block-embed is-type-rich is-provider-twitter wp-block-embed-twitter\"><div class=\"wp-block-embed__wrapper\">\n<blockquote class=\"twitter-tweet\" data-width=\"550\" data-dnt=\"true\"><p lang=\"pt\" dir=\"ltr\">Foi justo, sem choro<\/p>&mdash; Luizzz\ud83c\udf40\ud83d\udcb0\ud83c\uddea\ud83c\uddea (@gfbpaluizz) <a href=\"https:\/\/twitter.com\/gfbpaluizz\/status\/1426674373444968457?ref_src=twsrc%5Etfw\">August 14, 2021<\/a><\/blockquote><script async src=\"https:\/\/platform.twitter.com\/widgets.js\" charset=\"utf-8\"><\/script>\n<\/div><\/figure>\n\n\n\n<p>Retirado de: Torcedores<\/p>\n","protected":false},"excerpt":{"rendered":"<p>A expuls\u00e3o do meio-campista Patrick de Paula durante o primeiro tempo do jogo entre Atl\u00e9tico-MG e Palmeiras foi motivo de muita zoeira, por parte de torcedores rivais. Na opini\u00e3o de alguns rivais que assistiam \u00e0 partida, o cart\u00e3o vermelho foi bem aplicado. O lance em si \u00e9 pol\u00eamico. Patrick de Paula foi expulso ap\u00f3s receber [&hellip;]<\/p>\n","protected":false},"author":1,"featured_media":56703,"comment_status":"open","ping_status":"closed","sticky":false,"template":"","format":"standard","meta":{"footnotes":""},"categories":[1],"tags":[],"class_list":["post-65987","post","type-post","status-publish","format-standard","has-post-thumbnail","hentry","category-flamengo"],"yoast_head":"<!-- This site is optimized with the Yoast SEO Premium plugin v24.2 (Yoast SEO v26.9) - https:\/\/yoast.com\/product\/yoast-seo-premium-wordpress\/ -->\n<title>Torcedores rivais ironizam Palmeiras por expuls\u00e3o: \u201cSem choro\u201d<\/title>\n<meta name=\"robots\" content=\"index, follow, max-snippet:-1, max-image-preview:large, max-video-preview:-1\" \/>\n<link rel=\"canonical\" href=\"https:\/\/www.gaveanews.com\/index.php\/2021\/08\/15\/torcedores-rivais-ironizam-palmeiras-por-expulsao-sem-choro\/\" \/>\n<meta property=\"og:locale\" content=\"pt_BR\" \/>\n<meta property=\"og:type\" content=\"article\" \/>\n<meta property=\"og:title\" content=\"Torcedores rivais ironizam Palmeiras por expuls\u00e3o: \u201cSem choro\u201d\" \/>\n<meta property=\"og:description\" content=\"A expuls\u00e3o do meio-campista Patrick de Paula durante o primeiro tempo do jogo entre Atl\u00e9tico-MG e Palmeiras foi motivo de muita zoeira, por parte de torcedores rivais. Na opini\u00e3o de alguns rivais que assistiam \u00e0 partida, o cart\u00e3o vermelho foi bem aplicado. O lance em si \u00e9 pol\u00eamico. Patrick de Paula foi expulso ap\u00f3s receber [&hellip;]\" \/>\n<meta property=\"og:url\" content=\"https:\/\/www.gaveanews.com\/index.php\/2021\/08\/15\/torcedores-rivais-ironizam-palmeiras-por-expulsao-sem-choro\/\" \/>\n<meta property=\"og:site_name\" content=\"G\u00e1vea News\" \/>\n<meta property=\"article:publisher\" content=\"https:\/\/facebook.com\/gaveaNews\/\" \/>\n<meta property=\"article:published_time\" content=\"2021-08-15T03:29:17+00:00\" \/>\n<meta property=\"article:modified_time\" content=\"2021-08-15T03:29:21+00:00\" \/>\n<meta property=\"og:image\" content=\"https:\/\/www.gaveanews.com\/wp-content\/uploads\/Taca-do-Campeonato-Brasileiro-com-uma-carta-assinada-pelo-presidente-da-CBF.webp\" \/>\n\t<meta property=\"og:image:width\" content=\"800\" \/>\n\t<meta property=\"og:image:height\" content=\"533\" \/>\n\t<meta property=\"og:image:type\" content=\"image\/jpeg\" \/>\n<meta name=\"author\" content=\"Equipe G\u00e1vea News\" \/>\n<meta name=\"twitter:card\" content=\"summary_large_image\" \/>\n<meta name=\"twitter:label1\" content=\"Escrito por\" \/>\n\t<meta name=\"twitter:data1\" content=\"Equipe G\u00e1vea News\" \/>\n\t<meta name=\"twitter:label2\" content=\"Est. tempo de leitura\" \/>\n\t<meta name=\"twitter:data2\" content=\"1 minuto\" \/>\n<script type=\"application\/ld+json\" class=\"yoast-schema-graph\">{\"@context\":\"https:\/\/schema.org\",\"@graph\":[{\"@type\":\"NewsArticle\",\"@id\":\"https:\/\/www.gaveanews.com\/index.php\/2021\/08\/15\/torcedores-rivais-ironizam-palmeiras-por-expulsao-sem-choro\/#article\",\"isPartOf\":{\"@id\":\"https:\/\/www.gaveanews.com\/index.php\/2021\/08\/15\/torcedores-rivais-ironizam-palmeiras-por-expulsao-sem-choro\/\"},\"author\":{\"name\":\"Equipe G\u00e1vea News\",\"@id\":\"https:\/\/www.gaveanews.com\/#\/schema\/person\/2ec14f73fb96be2caf28f91afb14749d\"},\"headline\":\"Torcedores rivais ironizam Palmeiras por expuls\u00e3o: \u201cSem choro\u201d\",\"datePublished\":\"2021-08-15T03:29:17+00:00\",\"dateModified\":\"2021-08-15T03:29:21+00:00\",\"mainEntityOfPage\":{\"@id\":\"https:\/\/www.gaveanews.com\/index.php\/2021\/08\/15\/torcedores-rivais-ironizam-palmeiras-por-expulsao-sem-choro\/\"},\"wordCount\":193,\"commentCount\":5,\"image\":{\"@id\":\"https:\/\/www.gaveanews.com\/index.php\/2021\/08\/15\/torcedores-rivais-ironizam-palmeiras-por-expulsao-sem-choro\/#primaryimage\"},\"thumbnailUrl\":\"https:\/\/www.gaveanews.com\/wp-content\/uploads\/Taca-do-Campeonato-Brasileiro-com-uma-carta-assinada-pelo-presidente-da-CBF.webp\",\"articleSection\":[\"Flamengo\"],\"inLanguage\":\"pt-BR\",\"potentialAction\":[{\"@type\":\"CommentAction\",\"name\":\"Comment\",\"target\":[\"https:\/\/www.gaveanews.com\/index.php\/2021\/08\/15\/torcedores-rivais-ironizam-palmeiras-por-expulsao-sem-choro\/#respond\"]}],\"copyrightYear\":\"2021\",\"copyrightHolder\":{\"@id\":\"https:\/\/www.gaveanews.com\/#organization\"}},{\"@type\":\"WebPage\",\"@id\":\"https:\/\/www.gaveanews.com\/index.php\/2021\/08\/15\/torcedores-rivais-ironizam-palmeiras-por-expulsao-sem-choro\/\",\"url\":\"https:\/\/www.gaveanews.com\/index.php\/2021\/08\/15\/torcedores-rivais-ironizam-palmeiras-por-expulsao-sem-choro\/\",\"name\":\"Torcedores rivais ironizam Palmeiras por expuls\u00e3o: \u201cSem choro\u201d\",\"isPartOf\":{\"@id\":\"https:\/\/www.gaveanews.com\/#website\"},\"primaryImageOfPage\":{\"@id\":\"https:\/\/www.gaveanews.com\/index.php\/2021\/08\/15\/torcedores-rivais-ironizam-palmeiras-por-expulsao-sem-choro\/#primaryimage\"},\"image\":{\"@id\":\"https:\/\/www.gaveanews.com\/index.php\/2021\/08\/15\/torcedores-rivais-ironizam-palmeiras-por-expulsao-sem-choro\/#primaryimage\"},\"thumbnailUrl\":\"https:\/\/www.gaveanews.com\/wp-content\/uploads\/Taca-do-Campeonato-Brasileiro-com-uma-carta-assinada-pelo-presidente-da-CBF.webp\",\"datePublished\":\"2021-08-15T03:29:17+00:00\",\"dateModified\":\"2021-08-15T03:29:21+00:00\",\"author\":{\"@id\":\"https:\/\/www.gaveanews.com\/#\/schema\/person\/2ec14f73fb96be2caf28f91afb14749d\"},\"breadcrumb\":{\"@id\":\"https:\/\/www.gaveanews.com\/index.php\/2021\/08\/15\/torcedores-rivais-ironizam-palmeiras-por-expulsao-sem-choro\/#breadcrumb\"},\"inLanguage\":\"pt-BR\",\"potentialAction\":[{\"@type\":\"ReadAction\",\"target\":[\"https:\/\/www.gaveanews.com\/index.php\/2021\/08\/15\/torcedores-rivais-ironizam-palmeiras-por-expulsao-sem-choro\/\"]}]},{\"@type\":\"ImageObject\",\"inLanguage\":\"pt-BR\",\"@id\":\"https:\/\/www.gaveanews.com\/index.php\/2021\/08\/15\/torcedores-rivais-ironizam-palmeiras-por-expulsao-sem-choro\/#primaryimage\",\"url\":\"https:\/\/www.gaveanews.com\/wp-content\/uploads\/Taca-do-Campeonato-Brasileiro-com-uma-carta-assinada-pelo-presidente-da-CBF.webp\",\"contentUrl\":\"https:\/\/www.gaveanews.com\/wp-content\/uploads\/Taca-do-Campeonato-Brasileiro-com-uma-carta-assinada-pelo-presidente-da-CBF.webp\",\"width\":800,\"height\":533,\"caption\":\"Ta\u00e7a do Campeonato Brasileiro com uma carta assinada pelo presidente da CBF (Foto: Marcelo Cortes\/Flamengo)\"},{\"@type\":\"BreadcrumbList\",\"@id\":\"https:\/\/www.gaveanews.com\/index.php\/2021\/08\/15\/torcedores-rivais-ironizam-palmeiras-por-expulsao-sem-choro\/#breadcrumb\",\"itemListElement\":[{\"@type\":\"ListItem\",\"position\":1,\"name\":\"Home\",\"item\":\"https:\/\/www.gaveanews.com\/\"},{\"@type\":\"ListItem\",\"position\":2,\"name\":\"Torcedores rivais ironizam Palmeiras por expuls\u00e3o: \u201cSem choro\u201d\"}]},{\"@type\":\"WebSite\",\"@id\":\"https:\/\/www.gaveanews.com\/#website\",\"url\":\"https:\/\/www.gaveanews.com\/\",\"name\":\"G\u00e1vea News\",\"description\":\"Veja todas as not\u00edcias sobre o Flamengo: Contrata\u00e7\u00f5es, categorias de base, resultados das partidas, tabela de classifica\u00e7\u00e3o, pr\u00f3ximos jogos!\",\"potentialAction\":[{\"@type\":\"SearchAction\",\"target\":{\"@type\":\"EntryPoint\",\"urlTemplate\":\"https:\/\/www.gaveanews.com\/?s={search_term_string}\"},\"query-input\":{\"@type\":\"PropertyValueSpecification\",\"valueRequired\":true,\"valueName\":\"search_term_string\"}}],\"inLanguage\":\"pt-BR\"},{\"@type\":\"Person\",\"@id\":\"https:\/\/www.gaveanews.com\/#\/schema\/person\/2ec14f73fb96be2caf28f91afb14749d\",\"name\":\"Equipe G\u00e1vea News\",\"image\":{\"@type\":\"ImageObject\",\"inLanguage\":\"pt-BR\",\"@id\":\"https:\/\/www.gaveanews.com\/#\/schema\/person\/image\/\",\"url\":\"https:\/\/secure.gravatar.com\/avatar\/1e1956f1facbffd3f8fa53a326721950116b3b9dc9bd44939c01180fd4a745a9?s=96&d=mm&r=g\",\"contentUrl\":\"https:\/\/secure.gravatar.com\/avatar\/1e1956f1facbffd3f8fa53a326721950116b3b9dc9bd44939c01180fd4a745a9?s=96&d=mm&r=g\",\"caption\":\"Equipe G\u00e1vea News\"}}]}<\/script>\n<!-- \/ Yoast SEO Premium plugin. -->","yoast_head_json":{"title":"Torcedores rivais ironizam Palmeiras por expuls\u00e3o: \u201cSem choro\u201d","robots":{"index":"index","follow":"follow","max-snippet":"max-snippet:-1","max-image-preview":"max-image-preview:large","max-video-preview":"max-video-preview:-1"},"canonical":"https:\/\/www.gaveanews.com\/index.php\/2021\/08\/15\/torcedores-rivais-ironizam-palmeiras-por-expulsao-sem-choro\/","og_locale":"pt_BR","og_type":"article","og_title":"Torcedores rivais ironizam Palmeiras por expuls\u00e3o: \u201cSem choro\u201d","og_description":"A expuls\u00e3o do meio-campista Patrick de Paula durante o primeiro tempo do jogo entre Atl\u00e9tico-MG e Palmeiras foi motivo de muita zoeira, por parte de torcedores rivais. Na opini\u00e3o de alguns rivais que assistiam \u00e0 partida, o cart\u00e3o vermelho foi bem aplicado. O lance em si \u00e9 pol\u00eamico. Patrick de Paula foi expulso ap\u00f3s receber [&hellip;]","og_url":"https:\/\/www.gaveanews.com\/index.php\/2021\/08\/15\/torcedores-rivais-ironizam-palmeiras-por-expulsao-sem-choro\/","og_site_name":"G\u00e1vea News","article_publisher":"https:\/\/facebook.com\/gaveaNews\/","article_published_time":"2021-08-15T03:29:17+00:00","article_modified_time":"2021-08-15T03:29:21+00:00","og_image":[{"width":800,"height":533,"url":"https:\/\/www.gaveanews.com\/wp-content\/uploads\/Taca-do-Campeonato-Brasileiro-com-uma-carta-assinada-pelo-presidente-da-CBF.webp","type":"image\/jpeg"}],"author":"Equipe G\u00e1vea News","twitter_card":"summary_large_image","twitter_misc":{"Escrito por":"Equipe G\u00e1vea News","Est. tempo de leitura":"1 minuto"},"schema":{"@context":"https:\/\/schema.org","@graph":[{"@type":"NewsArticle","@id":"https:\/\/www.gaveanews.com\/index.php\/2021\/08\/15\/torcedores-rivais-ironizam-palmeiras-por-expulsao-sem-choro\/#article","isPartOf":{"@id":"https:\/\/www.gaveanews.com\/index.php\/2021\/08\/15\/torcedores-rivais-ironizam-palmeiras-por-expulsao-sem-choro\/"},"author":{"name":"Equipe G\u00e1vea News","@id":"https:\/\/www.gaveanews.com\/#\/schema\/person\/2ec14f73fb96be2caf28f91afb14749d"},"headline":"Torcedores rivais ironizam Palmeiras por expuls\u00e3o: \u201cSem choro\u201d","datePublished":"2021-08-15T03:29:17+00:00","dateModified":"2021-08-15T03:29:21+00:00","mainEntityOfPage":{"@id":"https:\/\/www.gaveanews.com\/index.php\/2021\/08\/15\/torcedores-rivais-ironizam-palmeiras-por-expulsao-sem-choro\/"},"wordCount":193,"commentCount":5,"image":{"@id":"https:\/\/www.gaveanews.com\/index.php\/2021\/08\/15\/torcedores-rivais-ironizam-palmeiras-por-expulsao-sem-choro\/#primaryimage"},"thumbnailUrl":"https:\/\/www.gaveanews.com\/wp-content\/uploads\/Taca-do-Campeonato-Brasileiro-com-uma-carta-assinada-pelo-presidente-da-CBF.webp","articleSection":["Flamengo"],"inLanguage":"pt-BR","potentialAction":[{"@type":"CommentAction","name":"Comment","target":["https:\/\/www.gaveanews.com\/index.php\/2021\/08\/15\/torcedores-rivais-ironizam-palmeiras-por-expulsao-sem-choro\/#respond"]}],"copyrightYear":"2021","copyrightHolder":{"@id":"https:\/\/www.gaveanews.com\/#organization"}},{"@type":"WebPage","@id":"https:\/\/www.gaveanews.com\/index.php\/2021\/08\/15\/torcedores-rivais-ironizam-palmeiras-por-expulsao-sem-choro\/","url":"https:\/\/www.gaveanews.com\/index.php\/2021\/08\/15\/torcedores-rivais-ironizam-palmeiras-por-expulsao-sem-choro\/","name":"Torcedores rivais ironizam Palmeiras por expuls\u00e3o: \u201cSem choro\u201d","isPartOf":{"@id":"https:\/\/www.gaveanews.com\/#website"},"primaryImageOfPage":{"@id":"https:\/\/www.gaveanews.com\/index.php\/2021\/08\/15\/torcedores-rivais-ironizam-palmeiras-por-expulsao-sem-choro\/#primaryimage"},"image":{"@id":"https:\/\/www.gaveanews.com\/index.php\/2021\/08\/15\/torcedores-rivais-ironizam-palmeiras-por-expulsao-sem-choro\/#primaryimage"},"thumbnailUrl":"https:\/\/www.gaveanews.com\/wp-content\/uploads\/Taca-do-Campeonato-Brasileiro-com-uma-carta-assinada-pelo-presidente-da-CBF.webp","datePublished":"2021-08-15T03:29:17+00:00","dateModified":"2021-08-15T03:29:21+00:00","author":{"@id":"https:\/\/www.gaveanews.com\/#\/schema\/person\/2ec14f73fb96be2caf28f91afb14749d"},"breadcrumb":{"@id":"https:\/\/www.gaveanews.com\/index.php\/2021\/08\/15\/torcedores-rivais-ironizam-palmeiras-por-expulsao-sem-choro\/#breadcrumb"},"inLanguage":"pt-BR","potentialAction":[{"@type":"ReadAction","target":["https:\/\/www.gaveanews.com\/index.php\/2021\/08\/15\/torcedores-rivais-ironizam-palmeiras-por-expulsao-sem-choro\/"]}]},{"@type":"ImageObject","inLanguage":"pt-BR","@id":"https:\/\/www.gaveanews.com\/index.php\/2021\/08\/15\/torcedores-rivais-ironizam-palmeiras-por-expulsao-sem-choro\/#primaryimage","url":"https:\/\/www.gaveanews.com\/wp-content\/uploads\/Taca-do-Campeonato-Brasileiro-com-uma-carta-assinada-pelo-presidente-da-CBF.webp","contentUrl":"https:\/\/www.gaveanews.com\/wp-content\/uploads\/Taca-do-Campeonato-Brasileiro-com-uma-carta-assinada-pelo-presidente-da-CBF.webp","width":800,"height":533,"caption":"Ta\u00e7a do Campeonato Brasileiro com uma carta assinada pelo presidente da CBF (Foto: Marcelo Cortes\/Flamengo)"},{"@type":"BreadcrumbList","@id":"https:\/\/www.gaveanews.com\/index.php\/2021\/08\/15\/torcedores-rivais-ironizam-palmeiras-por-expulsao-sem-choro\/#breadcrumb","itemListElement":[{"@type":"ListItem","position":1,"name":"Home","item":"https:\/\/www.gaveanews.com\/"},{"@type":"ListItem","position":2,"name":"Torcedores rivais ironizam Palmeiras por expuls\u00e3o: \u201cSem choro\u201d"}]},{"@type":"WebSite","@id":"https:\/\/www.gaveanews.com\/#website","url":"https:\/\/www.gaveanews.com\/","name":"G\u00e1vea News","description":"Veja todas as not\u00edcias sobre o Flamengo: Contrata\u00e7\u00f5es, categorias de base, resultados das partidas, tabela de classifica\u00e7\u00e3o, pr\u00f3ximos jogos!","potentialAction":[{"@type":"SearchAction","target":{"@type":"EntryPoint","urlTemplate":"https:\/\/www.gaveanews.com\/?s={search_term_string}"},"query-input":{"@type":"PropertyValueSpecification","valueRequired":true,"valueName":"search_term_string"}}],"inLanguage":"pt-BR"},{"@type":"Person","@id":"https:\/\/www.gaveanews.com\/#\/schema\/person\/2ec14f73fb96be2caf28f91afb14749d","name":"Equipe G\u00e1vea News","image":{"@type":"ImageObject","inLanguage":"pt-BR","@id":"https:\/\/www.gaveanews.com\/#\/schema\/person\/image\/","url":"https:\/\/secure.gravatar.com\/avatar\/1e1956f1facbffd3f8fa53a326721950116b3b9dc9bd44939c01180fd4a745a9?s=96&d=mm&r=g","contentUrl":"https:\/\/secure.gravatar.com\/avatar\/1e1956f1facbffd3f8fa53a326721950116b3b9dc9bd44939c01180fd4a745a9?s=96&d=mm&r=g","caption":"Equipe G\u00e1vea News"}}]}},"_links":{"self":[{"href":"https:\/\/www.gaveanews.com\/index.php\/wp-json\/wp\/v2\/posts\/65987","targetHints":{"allow":["GET"]}}],"collection":[{"href":"https:\/\/www.gaveanews.com\/index.php\/wp-json\/wp\/v2\/posts"}],"about":[{"href":"https:\/\/www.gaveanews.com\/index.php\/wp-json\/wp\/v2\/types\/post"}],"author":[{"embeddable":true,"href":"https:\/\/www.gaveanews.com\/index.php\/wp-json\/wp\/v2\/users\/1"}],"replies":[{"embeddable":true,"href":"https:\/\/www.gaveanews.com\/index.php\/wp-json\/wp\/v2\/comments?post=65987"}],"version-history":[{"count":0,"href":"https:\/\/www.gaveanews.com\/index.php\/wp-json\/wp\/v2\/posts\/65987\/revisions"}],"wp:featuredmedia":[{"embeddable":true,"href":"https:\/\/www.gaveanews.com\/index.php\/wp-json\/wp\/v2\/media\/56703"}],"wp:attachment":[{"href":"https:\/\/www.gaveanews.com\/index.php\/wp-json\/wp\/v2\/media?parent=65987"}],"wp:term":[{"taxonomy":"category","embeddable":true,"href":"https:\/\/www.gaveanews.com\/index.php\/wp-json\/wp\/v2\/categories?post=65987"},{"taxonomy":"post_tag","embeddable":true,"href":"https:\/\/www.gaveanews.com\/index.php\/wp-json\/wp\/v2\/tags?post=65987"}],"curies":[{"name":"wp","href":"https:\/\/api.w.org\/{rel}","templated":true}]}}