{"id":65997,"date":"2021-08-15T11:00:28","date_gmt":"2021-08-15T14:00:28","guid":{"rendered":"https:\/\/www.gaveanews.com\/?p=65997"},"modified":"2021-08-15T11:00:34","modified_gmt":"2021-08-15T14:00:34","slug":"pedro-volta-ao-flamengo-contra-seca-de-gols-e-baixo-astral-pos-toquio","status":"publish","type":"post","link":"https:\/\/www.gaveanews.com\/index.php\/2021\/08\/15\/pedro-volta-ao-flamengo-contra-seca-de-gols-e-baixo-astral-pos-toquio\/","title":{"rendered":"Pedro volta ao Flamengo contra seca de gols e baixo astral p\u00f3s-T\u00f3quio"},"content":{"rendered":"\n<p>De volta ao Flamengo ap\u00f3s se recuperar de uma entorse no tornozelo, o atacante Pedro tem uma chance de ouro de reencontrar seus melhores dias hoje, quando o time recebe a visita do Sport, \u00e0s 16h, no Raulino de Oliveira, pelo Brasileiro.<\/p>\n\n\n\n<p>Nome certo na lista de Andr\u00e9 Jardine, t\u00e9cnico da sele\u00e7\u00e3o ol\u00edmpica, o rubro-negro viu o sonho do ouro virar p\u00f3 ao se transformar em piv\u00f4 de uma guerra de bastidores entre seu clube e a CBF.<\/p>\n\n\n\n<p>Convocado para T\u00f3quio, Pedro foi retirado da lista ap\u00f3s o Fla ter ganho de causa no Superior Tribunal de Justi\u00e7a Desportiva (STJD). Embora o Rubro-negro tenha sido transparente com seu artilheiro, Pedro sucumbiu e mergulhou em um per\u00edodo complicado. Com apenas dois gols marcados desde o in\u00edcio do imbr\u00f3glio, ele pode voltar a ser protagonista.<\/p>\n\n\n\n<p>Os dias de baixo astral se acentuaram rendimento aqu\u00e9m do esperado em campo e com uma entorse no tornozelo que o tirou do jogo de ida contra o Olimpia (PAR). Recuperado do problema, o centroavante ter\u00e1 nova chance com Renato, um f\u00e3 confesso de seu futebol.<\/p>\n\n\n\n<p>&#8220;O Pedro \u00e9 um jogador que admiro bastante. \u00c9 um jogador que, infelizmente, hoje joga na posi\u00e7\u00e3o que temos o Gabriel. S\u00e3o dois grandes jogadores. Tem jogos que posso encaixar os dois&#8221;, disse o t\u00e9cnico.<\/p>\n\n\n\n<p>A escala\u00e7\u00e3o do atleta deve ser confirmada justamente por conta da aus\u00eancia de Gabigol, expulso na goleada por 4 a 0 para o Colorado. Sem o \u00eddolo e com a venda de Muniz ao Fulham, as esperan\u00e7as de gols recaem sobre os ombros do camisa 21.<\/p>\n\n\n\n<p>&#8220;O Pedro \u00e9 um jogador de n\u00edvel de sele\u00e7\u00e3o brasileira. \u00c9 inteligente, t\u00e9cnico. Sempre, dentro do poss\u00edvel, ele vai ter o espa\u00e7o dele no Flamengo&#8221;, completou o comandante.<\/p>\n\n\n\n<p>Com 24 pontos conquistados no Brasileiro, o Fla tenta deixar a Libertadores um pouco de lado para se concentrar na miss\u00e3o dom\u00e9stica. Contra os pernambucanos, a ordem \u00e9 somar os tr\u00eas pontos para n\u00e3o perder contato com os primeiros colocados.<\/p>\n\n\n\n<p>Retirado de: UOL<\/p>\n","protected":false},"excerpt":{"rendered":"<p>De volta ao Flamengo ap\u00f3s se recuperar de uma entorse no tornozelo, o atacante Pedro tem uma chance de ouro de reencontrar seus melhores dias hoje, quando o time recebe a visita do Sport, \u00e0s 16h, no Raulino de Oliveira, pelo Brasileiro. Nome certo na lista de Andr\u00e9 Jardine, t\u00e9cnico da sele\u00e7\u00e3o ol\u00edmpica, o rubro-negro [&hellip;]<\/p>\n","protected":false},"author":1,"featured_media":48777,"comment_status":"open","ping_status":"closed","sticky":false,"template":"","format":"standard","meta":{"footnotes":""},"categories":[1],"tags":[],"class_list":["post-65997","post","type-post","status-publish","format-standard","has-post-thumbnail","hentry","category-flamengo"],"yoast_head":"<!-- This site is optimized with the Yoast SEO Premium plugin v24.2 (Yoast SEO v26.9) - https:\/\/yoast.com\/product\/yoast-seo-premium-wordpress\/ -->\n<title>Pedro volta ao Flamengo contra seca de gols e baixo astral p\u00f3s-T\u00f3quio<\/title>\n<meta name=\"robots\" content=\"index, follow, max-snippet:-1, max-image-preview:large, max-video-preview:-1\" \/>\n<link rel=\"canonical\" href=\"https:\/\/www.gaveanews.com\/index.php\/2021\/08\/15\/pedro-volta-ao-flamengo-contra-seca-de-gols-e-baixo-astral-pos-toquio\/\" \/>\n<meta property=\"og:locale\" content=\"pt_BR\" \/>\n<meta property=\"og:type\" content=\"article\" \/>\n<meta property=\"og:title\" content=\"Pedro volta ao Flamengo contra seca de gols e baixo astral p\u00f3s-T\u00f3quio\" \/>\n<meta property=\"og:description\" content=\"De volta ao Flamengo ap\u00f3s se recuperar de uma entorse no tornozelo, o atacante Pedro tem uma chance de ouro de reencontrar seus melhores dias hoje, quando o time recebe a visita do Sport, \u00e0s 16h, no Raulino de Oliveira, pelo Brasileiro. Nome certo na lista de Andr\u00e9 Jardine, t\u00e9cnico da sele\u00e7\u00e3o ol\u00edmpica, o rubro-negro [&hellip;]\" \/>\n<meta property=\"og:url\" content=\"https:\/\/www.gaveanews.com\/index.php\/2021\/08\/15\/pedro-volta-ao-flamengo-contra-seca-de-gols-e-baixo-astral-pos-toquio\/\" \/>\n<meta property=\"og:site_name\" content=\"G\u00e1vea News\" \/>\n<meta property=\"article:publisher\" content=\"https:\/\/facebook.com\/gaveaNews\/\" \/>\n<meta property=\"article:published_time\" content=\"2021-08-15T14:00:28+00:00\" \/>\n<meta property=\"article:modified_time\" content=\"2021-08-15T14:00:34+00:00\" \/>\n<meta property=\"og:image\" content=\"https:\/\/www.gaveanews.com\/wp-content\/uploads\/Apos-marcar-contra-o-Sport-Pedro-ergue-a-mao-direita-para-o-ceu.webp\" \/>\n\t<meta property=\"og:image:width\" content=\"902\" \/>\n\t<meta property=\"og:image:height\" content=\"600\" \/>\n\t<meta property=\"og:image:type\" content=\"image\/png\" \/>\n<meta name=\"author\" content=\"Equipe G\u00e1vea News\" \/>\n<meta name=\"twitter:card\" content=\"summary_large_image\" \/>\n<meta name=\"twitter:label1\" content=\"Escrito por\" \/>\n\t<meta name=\"twitter:data1\" content=\"Equipe G\u00e1vea News\" \/>\n\t<meta name=\"twitter:label2\" content=\"Est. tempo de leitura\" \/>\n\t<meta name=\"twitter:data2\" content=\"2 minutos\" \/>\n<script type=\"application\/ld+json\" class=\"yoast-schema-graph\">{\"@context\":\"https:\/\/schema.org\",\"@graph\":[{\"@type\":\"NewsArticle\",\"@id\":\"https:\/\/www.gaveanews.com\/index.php\/2021\/08\/15\/pedro-volta-ao-flamengo-contra-seca-de-gols-e-baixo-astral-pos-toquio\/#article\",\"isPartOf\":{\"@id\":\"https:\/\/www.gaveanews.com\/index.php\/2021\/08\/15\/pedro-volta-ao-flamengo-contra-seca-de-gols-e-baixo-astral-pos-toquio\/\"},\"author\":{\"name\":\"Equipe G\u00e1vea News\",\"@id\":\"https:\/\/www.gaveanews.com\/#\/schema\/person\/2ec14f73fb96be2caf28f91afb14749d\"},\"headline\":\"Pedro volta ao Flamengo contra seca de gols e baixo astral p\u00f3s-T\u00f3quio\",\"datePublished\":\"2021-08-15T14:00:28+00:00\",\"dateModified\":\"2021-08-15T14:00:34+00:00\",\"mainEntityOfPage\":{\"@id\":\"https:\/\/www.gaveanews.com\/index.php\/2021\/08\/15\/pedro-volta-ao-flamengo-contra-seca-de-gols-e-baixo-astral-pos-toquio\/\"},\"wordCount\":362,\"commentCount\":9,\"image\":{\"@id\":\"https:\/\/www.gaveanews.com\/index.php\/2021\/08\/15\/pedro-volta-ao-flamengo-contra-seca-de-gols-e-baixo-astral-pos-toquio\/#primaryimage\"},\"thumbnailUrl\":\"https:\/\/www.gaveanews.com\/wp-content\/uploads\/Apos-marcar-contra-o-Sport-Pedro-ergue-a-mao-direita-para-o-ceu.webp\",\"articleSection\":[\"Flamengo\"],\"inLanguage\":\"pt-BR\",\"potentialAction\":[{\"@type\":\"CommentAction\",\"name\":\"Comment\",\"target\":[\"https:\/\/www.gaveanews.com\/index.php\/2021\/08\/15\/pedro-volta-ao-flamengo-contra-seca-de-gols-e-baixo-astral-pos-toquio\/#respond\"]}],\"copyrightYear\":\"2021\",\"copyrightHolder\":{\"@id\":\"https:\/\/www.gaveanews.com\/#organization\"}},{\"@type\":\"WebPage\",\"@id\":\"https:\/\/www.gaveanews.com\/index.php\/2021\/08\/15\/pedro-volta-ao-flamengo-contra-seca-de-gols-e-baixo-astral-pos-toquio\/\",\"url\":\"https:\/\/www.gaveanews.com\/index.php\/2021\/08\/15\/pedro-volta-ao-flamengo-contra-seca-de-gols-e-baixo-astral-pos-toquio\/\",\"name\":\"Pedro volta ao Flamengo contra seca de gols e baixo astral p\u00f3s-T\u00f3quio\",\"isPartOf\":{\"@id\":\"https:\/\/www.gaveanews.com\/#website\"},\"primaryImageOfPage\":{\"@id\":\"https:\/\/www.gaveanews.com\/index.php\/2021\/08\/15\/pedro-volta-ao-flamengo-contra-seca-de-gols-e-baixo-astral-pos-toquio\/#primaryimage\"},\"image\":{\"@id\":\"https:\/\/www.gaveanews.com\/index.php\/2021\/08\/15\/pedro-volta-ao-flamengo-contra-seca-de-gols-e-baixo-astral-pos-toquio\/#primaryimage\"},\"thumbnailUrl\":\"https:\/\/www.gaveanews.com\/wp-content\/uploads\/Apos-marcar-contra-o-Sport-Pedro-ergue-a-mao-direita-para-o-ceu.webp\",\"datePublished\":\"2021-08-15T14:00:28+00:00\",\"dateModified\":\"2021-08-15T14:00:34+00:00\",\"author\":{\"@id\":\"https:\/\/www.gaveanews.com\/#\/schema\/person\/2ec14f73fb96be2caf28f91afb14749d\"},\"breadcrumb\":{\"@id\":\"https:\/\/www.gaveanews.com\/index.php\/2021\/08\/15\/pedro-volta-ao-flamengo-contra-seca-de-gols-e-baixo-astral-pos-toquio\/#breadcrumb\"},\"inLanguage\":\"pt-BR\",\"potentialAction\":[{\"@type\":\"ReadAction\",\"target\":[\"https:\/\/www.gaveanews.com\/index.php\/2021\/08\/15\/pedro-volta-ao-flamengo-contra-seca-de-gols-e-baixo-astral-pos-toquio\/\"]}]},{\"@type\":\"ImageObject\",\"inLanguage\":\"pt-BR\",\"@id\":\"https:\/\/www.gaveanews.com\/index.php\/2021\/08\/15\/pedro-volta-ao-flamengo-contra-seca-de-gols-e-baixo-astral-pos-toquio\/#primaryimage\",\"url\":\"https:\/\/www.gaveanews.com\/wp-content\/uploads\/Apos-marcar-contra-o-Sport-Pedro-ergue-a-mao-direita-para-o-ceu.webp\",\"contentUrl\":\"https:\/\/www.gaveanews.com\/wp-content\/uploads\/Apos-marcar-contra-o-Sport-Pedro-ergue-a-mao-direita-para-o-ceu.webp\",\"width\":902,\"height\":600,\"caption\":\"Ap\u00f3s marcar contra o Sport, Pedro ergue a m\u00e3o direita para o c\u00e9u (Foto: Alexandre Vidal\/Flamengo)\"},{\"@type\":\"BreadcrumbList\",\"@id\":\"https:\/\/www.gaveanews.com\/index.php\/2021\/08\/15\/pedro-volta-ao-flamengo-contra-seca-de-gols-e-baixo-astral-pos-toquio\/#breadcrumb\",\"itemListElement\":[{\"@type\":\"ListItem\",\"position\":1,\"name\":\"Home\",\"item\":\"https:\/\/www.gaveanews.com\/\"},{\"@type\":\"ListItem\",\"position\":2,\"name\":\"Pedro volta ao Flamengo contra seca de gols e baixo astral p\u00f3s-T\u00f3quio\"}]},{\"@type\":\"WebSite\",\"@id\":\"https:\/\/www.gaveanews.com\/#website\",\"url\":\"https:\/\/www.gaveanews.com\/\",\"name\":\"G\u00e1vea News\",\"description\":\"Veja todas as not\u00edcias sobre o Flamengo: Contrata\u00e7\u00f5es, categorias de base, resultados das partidas, tabela de classifica\u00e7\u00e3o, pr\u00f3ximos jogos!\",\"potentialAction\":[{\"@type\":\"SearchAction\",\"target\":{\"@type\":\"EntryPoint\",\"urlTemplate\":\"https:\/\/www.gaveanews.com\/?s={search_term_string}\"},\"query-input\":{\"@type\":\"PropertyValueSpecification\",\"valueRequired\":true,\"valueName\":\"search_term_string\"}}],\"inLanguage\":\"pt-BR\"},{\"@type\":\"Person\",\"@id\":\"https:\/\/www.gaveanews.com\/#\/schema\/person\/2ec14f73fb96be2caf28f91afb14749d\",\"name\":\"Equipe G\u00e1vea News\",\"image\":{\"@type\":\"ImageObject\",\"inLanguage\":\"pt-BR\",\"@id\":\"https:\/\/www.gaveanews.com\/#\/schema\/person\/image\/\",\"url\":\"https:\/\/secure.gravatar.com\/avatar\/1e1956f1facbffd3f8fa53a326721950116b3b9dc9bd44939c01180fd4a745a9?s=96&d=mm&r=g\",\"contentUrl\":\"https:\/\/secure.gravatar.com\/avatar\/1e1956f1facbffd3f8fa53a326721950116b3b9dc9bd44939c01180fd4a745a9?s=96&d=mm&r=g\",\"caption\":\"Equipe G\u00e1vea News\"}}]}<\/script>\n<!-- \/ Yoast SEO Premium plugin. -->","yoast_head_json":{"title":"Pedro volta ao Flamengo contra seca de gols e baixo astral p\u00f3s-T\u00f3quio","robots":{"index":"index","follow":"follow","max-snippet":"max-snippet:-1","max-image-preview":"max-image-preview:large","max-video-preview":"max-video-preview:-1"},"canonical":"https:\/\/www.gaveanews.com\/index.php\/2021\/08\/15\/pedro-volta-ao-flamengo-contra-seca-de-gols-e-baixo-astral-pos-toquio\/","og_locale":"pt_BR","og_type":"article","og_title":"Pedro volta ao Flamengo contra seca de gols e baixo astral p\u00f3s-T\u00f3quio","og_description":"De volta ao Flamengo ap\u00f3s se recuperar de uma entorse no tornozelo, o atacante Pedro tem uma chance de ouro de reencontrar seus melhores dias hoje, quando o time recebe a visita do Sport, \u00e0s 16h, no Raulino de Oliveira, pelo Brasileiro. Nome certo na lista de Andr\u00e9 Jardine, t\u00e9cnico da sele\u00e7\u00e3o ol\u00edmpica, o rubro-negro [&hellip;]","og_url":"https:\/\/www.gaveanews.com\/index.php\/2021\/08\/15\/pedro-volta-ao-flamengo-contra-seca-de-gols-e-baixo-astral-pos-toquio\/","og_site_name":"G\u00e1vea News","article_publisher":"https:\/\/facebook.com\/gaveaNews\/","article_published_time":"2021-08-15T14:00:28+00:00","article_modified_time":"2021-08-15T14:00:34+00:00","og_image":[{"width":902,"height":600,"url":"https:\/\/www.gaveanews.com\/wp-content\/uploads\/Apos-marcar-contra-o-Sport-Pedro-ergue-a-mao-direita-para-o-ceu.webp","type":"image\/png"}],"author":"Equipe G\u00e1vea News","twitter_card":"summary_large_image","twitter_misc":{"Escrito por":"Equipe G\u00e1vea News","Est. tempo de leitura":"2 minutos"},"schema":{"@context":"https:\/\/schema.org","@graph":[{"@type":"NewsArticle","@id":"https:\/\/www.gaveanews.com\/index.php\/2021\/08\/15\/pedro-volta-ao-flamengo-contra-seca-de-gols-e-baixo-astral-pos-toquio\/#article","isPartOf":{"@id":"https:\/\/www.gaveanews.com\/index.php\/2021\/08\/15\/pedro-volta-ao-flamengo-contra-seca-de-gols-e-baixo-astral-pos-toquio\/"},"author":{"name":"Equipe G\u00e1vea News","@id":"https:\/\/www.gaveanews.com\/#\/schema\/person\/2ec14f73fb96be2caf28f91afb14749d"},"headline":"Pedro volta ao Flamengo contra seca de gols e baixo astral p\u00f3s-T\u00f3quio","datePublished":"2021-08-15T14:00:28+00:00","dateModified":"2021-08-15T14:00:34+00:00","mainEntityOfPage":{"@id":"https:\/\/www.gaveanews.com\/index.php\/2021\/08\/15\/pedro-volta-ao-flamengo-contra-seca-de-gols-e-baixo-astral-pos-toquio\/"},"wordCount":362,"commentCount":9,"image":{"@id":"https:\/\/www.gaveanews.com\/index.php\/2021\/08\/15\/pedro-volta-ao-flamengo-contra-seca-de-gols-e-baixo-astral-pos-toquio\/#primaryimage"},"thumbnailUrl":"https:\/\/www.gaveanews.com\/wp-content\/uploads\/Apos-marcar-contra-o-Sport-Pedro-ergue-a-mao-direita-para-o-ceu.webp","articleSection":["Flamengo"],"inLanguage":"pt-BR","potentialAction":[{"@type":"CommentAction","name":"Comment","target":["https:\/\/www.gaveanews.com\/index.php\/2021\/08\/15\/pedro-volta-ao-flamengo-contra-seca-de-gols-e-baixo-astral-pos-toquio\/#respond"]}],"copyrightYear":"2021","copyrightHolder":{"@id":"https:\/\/www.gaveanews.com\/#organization"}},{"@type":"WebPage","@id":"https:\/\/www.gaveanews.com\/index.php\/2021\/08\/15\/pedro-volta-ao-flamengo-contra-seca-de-gols-e-baixo-astral-pos-toquio\/","url":"https:\/\/www.gaveanews.com\/index.php\/2021\/08\/15\/pedro-volta-ao-flamengo-contra-seca-de-gols-e-baixo-astral-pos-toquio\/","name":"Pedro volta ao Flamengo contra seca de gols e baixo astral p\u00f3s-T\u00f3quio","isPartOf":{"@id":"https:\/\/www.gaveanews.com\/#website"},"primaryImageOfPage":{"@id":"https:\/\/www.gaveanews.com\/index.php\/2021\/08\/15\/pedro-volta-ao-flamengo-contra-seca-de-gols-e-baixo-astral-pos-toquio\/#primaryimage"},"image":{"@id":"https:\/\/www.gaveanews.com\/index.php\/2021\/08\/15\/pedro-volta-ao-flamengo-contra-seca-de-gols-e-baixo-astral-pos-toquio\/#primaryimage"},"thumbnailUrl":"https:\/\/www.gaveanews.com\/wp-content\/uploads\/Apos-marcar-contra-o-Sport-Pedro-ergue-a-mao-direita-para-o-ceu.webp","datePublished":"2021-08-15T14:00:28+00:00","dateModified":"2021-08-15T14:00:34+00:00","author":{"@id":"https:\/\/www.gaveanews.com\/#\/schema\/person\/2ec14f73fb96be2caf28f91afb14749d"},"breadcrumb":{"@id":"https:\/\/www.gaveanews.com\/index.php\/2021\/08\/15\/pedro-volta-ao-flamengo-contra-seca-de-gols-e-baixo-astral-pos-toquio\/#breadcrumb"},"inLanguage":"pt-BR","potentialAction":[{"@type":"ReadAction","target":["https:\/\/www.gaveanews.com\/index.php\/2021\/08\/15\/pedro-volta-ao-flamengo-contra-seca-de-gols-e-baixo-astral-pos-toquio\/"]}]},{"@type":"ImageObject","inLanguage":"pt-BR","@id":"https:\/\/www.gaveanews.com\/index.php\/2021\/08\/15\/pedro-volta-ao-flamengo-contra-seca-de-gols-e-baixo-astral-pos-toquio\/#primaryimage","url":"https:\/\/www.gaveanews.com\/wp-content\/uploads\/Apos-marcar-contra-o-Sport-Pedro-ergue-a-mao-direita-para-o-ceu.webp","contentUrl":"https:\/\/www.gaveanews.com\/wp-content\/uploads\/Apos-marcar-contra-o-Sport-Pedro-ergue-a-mao-direita-para-o-ceu.webp","width":902,"height":600,"caption":"Ap\u00f3s marcar contra o Sport, Pedro ergue a m\u00e3o direita para o c\u00e9u (Foto: Alexandre Vidal\/Flamengo)"},{"@type":"BreadcrumbList","@id":"https:\/\/www.gaveanews.com\/index.php\/2021\/08\/15\/pedro-volta-ao-flamengo-contra-seca-de-gols-e-baixo-astral-pos-toquio\/#breadcrumb","itemListElement":[{"@type":"ListItem","position":1,"name":"Home","item":"https:\/\/www.gaveanews.com\/"},{"@type":"ListItem","position":2,"name":"Pedro volta ao Flamengo contra seca de gols e baixo astral p\u00f3s-T\u00f3quio"}]},{"@type":"WebSite","@id":"https:\/\/www.gaveanews.com\/#website","url":"https:\/\/www.gaveanews.com\/","name":"G\u00e1vea News","description":"Veja todas as not\u00edcias sobre o Flamengo: Contrata\u00e7\u00f5es, categorias de base, resultados das partidas, tabela de classifica\u00e7\u00e3o, pr\u00f3ximos jogos!","potentialAction":[{"@type":"SearchAction","target":{"@type":"EntryPoint","urlTemplate":"https:\/\/www.gaveanews.com\/?s={search_term_string}"},"query-input":{"@type":"PropertyValueSpecification","valueRequired":true,"valueName":"search_term_string"}}],"inLanguage":"pt-BR"},{"@type":"Person","@id":"https:\/\/www.gaveanews.com\/#\/schema\/person\/2ec14f73fb96be2caf28f91afb14749d","name":"Equipe G\u00e1vea News","image":{"@type":"ImageObject","inLanguage":"pt-BR","@id":"https:\/\/www.gaveanews.com\/#\/schema\/person\/image\/","url":"https:\/\/secure.gravatar.com\/avatar\/1e1956f1facbffd3f8fa53a326721950116b3b9dc9bd44939c01180fd4a745a9?s=96&d=mm&r=g","contentUrl":"https:\/\/secure.gravatar.com\/avatar\/1e1956f1facbffd3f8fa53a326721950116b3b9dc9bd44939c01180fd4a745a9?s=96&d=mm&r=g","caption":"Equipe G\u00e1vea News"}}]}},"_links":{"self":[{"href":"https:\/\/www.gaveanews.com\/index.php\/wp-json\/wp\/v2\/posts\/65997","targetHints":{"allow":["GET"]}}],"collection":[{"href":"https:\/\/www.gaveanews.com\/index.php\/wp-json\/wp\/v2\/posts"}],"about":[{"href":"https:\/\/www.gaveanews.com\/index.php\/wp-json\/wp\/v2\/types\/post"}],"author":[{"embeddable":true,"href":"https:\/\/www.gaveanews.com\/index.php\/wp-json\/wp\/v2\/users\/1"}],"replies":[{"embeddable":true,"href":"https:\/\/www.gaveanews.com\/index.php\/wp-json\/wp\/v2\/comments?post=65997"}],"version-history":[{"count":0,"href":"https:\/\/www.gaveanews.com\/index.php\/wp-json\/wp\/v2\/posts\/65997\/revisions"}],"wp:featuredmedia":[{"embeddable":true,"href":"https:\/\/www.gaveanews.com\/index.php\/wp-json\/wp\/v2\/media\/48777"}],"wp:attachment":[{"href":"https:\/\/www.gaveanews.com\/index.php\/wp-json\/wp\/v2\/media?parent=65997"}],"wp:term":[{"taxonomy":"category","embeddable":true,"href":"https:\/\/www.gaveanews.com\/index.php\/wp-json\/wp\/v2\/categories?post=65997"},{"taxonomy":"post_tag","embeddable":true,"href":"https:\/\/www.gaveanews.com\/index.php\/wp-json\/wp\/v2\/tags?post=65997"}],"curies":[{"name":"wp","href":"https:\/\/api.w.org\/{rel}","templated":true}]}}