{"id":66013,"date":"2021-08-15T18:29:53","date_gmt":"2021-08-15T21:29:53","guid":{"rendered":"https:\/\/www.gaveanews.com\/?p=66013"},"modified":"2021-08-15T18:29:55","modified_gmt":"2021-08-15T21:29:55","slug":"giorgian-de-arrascaeta-se-recusa-a-falar-sobre-a-negociacao-com-o-flamengo","status":"publish","type":"post","link":"https:\/\/www.gaveanews.com\/index.php\/2021\/08\/15\/giorgian-de-arrascaeta-se-recusa-a-falar-sobre-a-negociacao-com-o-flamengo\/","title":{"rendered":"Giorgian De Arrascaeta se recusa a falar sobre a negocia\u00e7\u00e3o com o Flamengo"},"content":{"rendered":"\n<p>Um dos destaques do Flamengo na vit\u00f3ria sobre o Sport, neste domingo, por 2 a 0 e pela 16\u00aa rodada do Campeonato Brasileiro, Arrascaeta vibrou com a \u00f3tima fase e comentou &#8211; brevemente &#8211; acerca de sua renova\u00e7\u00e3o com o clube, cujo tema foi desviado ap\u00f3s questionamento e tem causado diverg\u00eancias internas.<\/p>\n\n\n\n<p><strong><em>\u2014 Vamos procurar o que for melhor pra todos. Isso vai ficar entre eu e o Flamengo. Estou muito feliz aqui, quero ficar, mas isso a\u00ed \u00e9 outro tema<\/em><\/strong> &#8211; falou Arrascaeta, na sa\u00edda do gramado do Est\u00e1dio Raulino de Oliveira, em Volta Redonda, \u00e0 emissora &#8220;Rede Globo&#8221;.<\/p>\n\n\n\n<p>\u2014 <strong><em>Ele tem me dado liberdade para ajudar o time, estou me sentindo bem \u00e0 vontade, feliz, e o time est\u00e1 evoluindo<\/em><\/strong> &#8211; concluiu, sobre o seu rendimento.<\/p>\n\n\n\n<p>As conversas entre Flamengo e Arrascaeta pela renova\u00e7\u00e3o contratual ganharam novos cap\u00edtulos nesta semana, mas ainda est\u00e3o longe de um final feliz. As partes definiram a dura\u00e7\u00e3o do novo v\u00ednculo (at\u00e9 o fim de 2025, sendo que o atual expira em 2023) e debateram um reajuste salarial, que \u00e9 considerado justo pela diretoria. A diverg\u00eancia \u00e9 a mesma de meses atr\u00e1s: a compra dos 25% dos direitos econ\u00f4micos que pertencem ao Defensor Sporting, do Uruguai.<\/p>\n\n\n\n<p>Agora, com 27 pontos no Brasileir\u00e3o, a um do G4 e ainda com duas partidas a menos em rela\u00e7\u00e3o \u00e0 maioria, o Fla vira a chave e a direciona para a Libertadores. Nesta quarta, decide uma vaga nas semifinais da Libertadores contra o Olimpia, em Bras\u00edlia (na ida, triunfo por 4 a 1). Pelo Brasileiro, o compromisso a seguir ser\u00e1 diante do Cear\u00e1, fora, no domingo que vem (22).<\/p>\n\n\n\n<p>Retirado de: Lance<\/p>\n","protected":false},"excerpt":{"rendered":"<p>Um dos destaques do Flamengo na vit\u00f3ria sobre o Sport, neste domingo, por 2 a 0 e pela 16\u00aa rodada do Campeonato Brasileiro, Arrascaeta vibrou com a \u00f3tima fase e comentou &#8211; brevemente &#8211; acerca de sua renova\u00e7\u00e3o com o clube, cujo tema foi desviado ap\u00f3s questionamento e tem causado diverg\u00eancias internas. \u2014 Vamos procurar [&hellip;]<\/p>\n","protected":false},"author":1,"featured_media":65630,"comment_status":"open","ping_status":"closed","sticky":false,"template":"","format":"standard","meta":{"footnotes":""},"categories":[48],"tags":[],"class_list":["post-66013","post","type-post","status-publish","format-standard","has-post-thumbnail","hentry","category-negociacoes"],"yoast_head":"<!-- This site is optimized with the Yoast SEO Premium plugin v24.2 (Yoast SEO v26.9) - https:\/\/yoast.com\/product\/yoast-seo-premium-wordpress\/ -->\n<title>De Arrascaeta se recusa a falar sobre a negocia\u00e7\u00e3o com o Flamengo<\/title>\n<meta name=\"robots\" content=\"index, follow, max-snippet:-1, max-image-preview:large, max-video-preview:-1\" \/>\n<link rel=\"canonical\" href=\"https:\/\/www.gaveanews.com\/index.php\/2021\/08\/15\/giorgian-de-arrascaeta-se-recusa-a-falar-sobre-a-negociacao-com-o-flamengo\/\" \/>\n<meta property=\"og:locale\" content=\"pt_BR\" \/>\n<meta property=\"og:type\" content=\"article\" \/>\n<meta property=\"og:title\" content=\"Giorgian De Arrascaeta se recusa a falar sobre a negocia\u00e7\u00e3o com o Flamengo\" \/>\n<meta property=\"og:description\" content=\"Um dos destaques do Flamengo na vit\u00f3ria sobre o Sport, neste domingo, por 2 a 0 e pela 16\u00aa rodada do Campeonato Brasileiro, Arrascaeta vibrou com a \u00f3tima fase e comentou &#8211; brevemente &#8211; acerca de sua renova\u00e7\u00e3o com o clube, cujo tema foi desviado ap\u00f3s questionamento e tem causado diverg\u00eancias internas. \u2014 Vamos procurar [&hellip;]\" \/>\n<meta property=\"og:url\" content=\"https:\/\/www.gaveanews.com\/index.php\/2021\/08\/15\/giorgian-de-arrascaeta-se-recusa-a-falar-sobre-a-negociacao-com-o-flamengo\/\" \/>\n<meta property=\"og:site_name\" content=\"G\u00e1vea News\" \/>\n<meta property=\"article:publisher\" content=\"https:\/\/facebook.com\/gaveaNews\/\" \/>\n<meta property=\"article:published_time\" content=\"2021-08-15T21:29:53+00:00\" \/>\n<meta property=\"article:modified_time\" content=\"2021-08-15T21:29:55+00:00\" \/>\n<meta property=\"og:image\" content=\"https:\/\/www.gaveanews.com\/wp-content\/uploads\/Arrascaeta-em-acao-pelo-Flamengo-durante-a-partida-contra-o-Olimpia-pela-Copa-Libertadores-da-temporada-de-2021.webp\" \/>\n\t<meta property=\"og:image:width\" content=\"799\" \/>\n\t<meta property=\"og:image:height\" content=\"533\" \/>\n\t<meta property=\"og:image:type\" content=\"image\/jpeg\" \/>\n<meta name=\"author\" content=\"Equipe G\u00e1vea News\" \/>\n<meta name=\"twitter:card\" content=\"summary_large_image\" \/>\n<meta name=\"twitter:label1\" content=\"Escrito por\" \/>\n\t<meta name=\"twitter:data1\" content=\"Equipe G\u00e1vea News\" \/>\n\t<meta name=\"twitter:label2\" content=\"Est. tempo de leitura\" \/>\n\t<meta name=\"twitter:data2\" content=\"2 minutos\" \/>\n<script type=\"application\/ld+json\" class=\"yoast-schema-graph\">{\"@context\":\"https:\/\/schema.org\",\"@graph\":[{\"@type\":\"NewsArticle\",\"@id\":\"https:\/\/www.gaveanews.com\/index.php\/2021\/08\/15\/giorgian-de-arrascaeta-se-recusa-a-falar-sobre-a-negociacao-com-o-flamengo\/#article\",\"isPartOf\":{\"@id\":\"https:\/\/www.gaveanews.com\/index.php\/2021\/08\/15\/giorgian-de-arrascaeta-se-recusa-a-falar-sobre-a-negociacao-com-o-flamengo\/\"},\"author\":{\"name\":\"Equipe G\u00e1vea News\",\"@id\":\"https:\/\/www.gaveanews.com\/#\/schema\/person\/2ec14f73fb96be2caf28f91afb14749d\"},\"headline\":\"Giorgian De Arrascaeta se recusa a falar sobre a negocia\u00e7\u00e3o com o Flamengo\",\"datePublished\":\"2021-08-15T21:29:53+00:00\",\"dateModified\":\"2021-08-15T21:29:55+00:00\",\"mainEntityOfPage\":{\"@id\":\"https:\/\/www.gaveanews.com\/index.php\/2021\/08\/15\/giorgian-de-arrascaeta-se-recusa-a-falar-sobre-a-negociacao-com-o-flamengo\/\"},\"wordCount\":288,\"commentCount\":10,\"image\":{\"@id\":\"https:\/\/www.gaveanews.com\/index.php\/2021\/08\/15\/giorgian-de-arrascaeta-se-recusa-a-falar-sobre-a-negociacao-com-o-flamengo\/#primaryimage\"},\"thumbnailUrl\":\"https:\/\/www.gaveanews.com\/wp-content\/uploads\/Arrascaeta-em-acao-pelo-Flamengo-durante-a-partida-contra-o-Olimpia-pela-Copa-Libertadores-da-temporada-de-2021.webp\",\"articleSection\":[\"Negocia\u00e7\u00f5es\"],\"inLanguage\":\"pt-BR\",\"potentialAction\":[{\"@type\":\"CommentAction\",\"name\":\"Comment\",\"target\":[\"https:\/\/www.gaveanews.com\/index.php\/2021\/08\/15\/giorgian-de-arrascaeta-se-recusa-a-falar-sobre-a-negociacao-com-o-flamengo\/#respond\"]}],\"copyrightYear\":\"2021\",\"copyrightHolder\":{\"@id\":\"https:\/\/www.gaveanews.com\/#organization\"}},{\"@type\":\"WebPage\",\"@id\":\"https:\/\/www.gaveanews.com\/index.php\/2021\/08\/15\/giorgian-de-arrascaeta-se-recusa-a-falar-sobre-a-negociacao-com-o-flamengo\/\",\"url\":\"https:\/\/www.gaveanews.com\/index.php\/2021\/08\/15\/giorgian-de-arrascaeta-se-recusa-a-falar-sobre-a-negociacao-com-o-flamengo\/\",\"name\":\"De Arrascaeta se recusa a falar sobre a negocia\u00e7\u00e3o com o Flamengo\",\"isPartOf\":{\"@id\":\"https:\/\/www.gaveanews.com\/#website\"},\"primaryImageOfPage\":{\"@id\":\"https:\/\/www.gaveanews.com\/index.php\/2021\/08\/15\/giorgian-de-arrascaeta-se-recusa-a-falar-sobre-a-negociacao-com-o-flamengo\/#primaryimage\"},\"image\":{\"@id\":\"https:\/\/www.gaveanews.com\/index.php\/2021\/08\/15\/giorgian-de-arrascaeta-se-recusa-a-falar-sobre-a-negociacao-com-o-flamengo\/#primaryimage\"},\"thumbnailUrl\":\"https:\/\/www.gaveanews.com\/wp-content\/uploads\/Arrascaeta-em-acao-pelo-Flamengo-durante-a-partida-contra-o-Olimpia-pela-Copa-Libertadores-da-temporada-de-2021.webp\",\"datePublished\":\"2021-08-15T21:29:53+00:00\",\"dateModified\":\"2021-08-15T21:29:55+00:00\",\"author\":{\"@id\":\"https:\/\/www.gaveanews.com\/#\/schema\/person\/2ec14f73fb96be2caf28f91afb14749d\"},\"breadcrumb\":{\"@id\":\"https:\/\/www.gaveanews.com\/index.php\/2021\/08\/15\/giorgian-de-arrascaeta-se-recusa-a-falar-sobre-a-negociacao-com-o-flamengo\/#breadcrumb\"},\"inLanguage\":\"pt-BR\",\"potentialAction\":[{\"@type\":\"ReadAction\",\"target\":[\"https:\/\/www.gaveanews.com\/index.php\/2021\/08\/15\/giorgian-de-arrascaeta-se-recusa-a-falar-sobre-a-negociacao-com-o-flamengo\/\"]}]},{\"@type\":\"ImageObject\",\"inLanguage\":\"pt-BR\",\"@id\":\"https:\/\/www.gaveanews.com\/index.php\/2021\/08\/15\/giorgian-de-arrascaeta-se-recusa-a-falar-sobre-a-negociacao-com-o-flamengo\/#primaryimage\",\"url\":\"https:\/\/www.gaveanews.com\/wp-content\/uploads\/Arrascaeta-em-acao-pelo-Flamengo-durante-a-partida-contra-o-Olimpia-pela-Copa-Libertadores-da-temporada-de-2021.webp\",\"contentUrl\":\"https:\/\/www.gaveanews.com\/wp-content\/uploads\/Arrascaeta-em-acao-pelo-Flamengo-durante-a-partida-contra-o-Olimpia-pela-Copa-Libertadores-da-temporada-de-2021.webp\",\"width\":799,\"height\":533,\"caption\":\"Arrascaeta em a\u00e7\u00e3o pelo Flamengo durante a partida contra o Olimpia pela Copa Libertadores da temporada de 2021 (Foto: Alexandre Vidal\/Flamengo)\"},{\"@type\":\"BreadcrumbList\",\"@id\":\"https:\/\/www.gaveanews.com\/index.php\/2021\/08\/15\/giorgian-de-arrascaeta-se-recusa-a-falar-sobre-a-negociacao-com-o-flamengo\/#breadcrumb\",\"itemListElement\":[{\"@type\":\"ListItem\",\"position\":1,\"name\":\"Home\",\"item\":\"https:\/\/www.gaveanews.com\/\"},{\"@type\":\"ListItem\",\"position\":2,\"name\":\"Giorgian De Arrascaeta se recusa a falar sobre a negocia\u00e7\u00e3o com o Flamengo\"}]},{\"@type\":\"WebSite\",\"@id\":\"https:\/\/www.gaveanews.com\/#website\",\"url\":\"https:\/\/www.gaveanews.com\/\",\"name\":\"G\u00e1vea News\",\"description\":\"Veja todas as not\u00edcias sobre o Flamengo: Contrata\u00e7\u00f5es, categorias de base, resultados das partidas, tabela de classifica\u00e7\u00e3o, pr\u00f3ximos jogos!\",\"potentialAction\":[{\"@type\":\"SearchAction\",\"target\":{\"@type\":\"EntryPoint\",\"urlTemplate\":\"https:\/\/www.gaveanews.com\/?s={search_term_string}\"},\"query-input\":{\"@type\":\"PropertyValueSpecification\",\"valueRequired\":true,\"valueName\":\"search_term_string\"}}],\"inLanguage\":\"pt-BR\"},{\"@type\":\"Person\",\"@id\":\"https:\/\/www.gaveanews.com\/#\/schema\/person\/2ec14f73fb96be2caf28f91afb14749d\",\"name\":\"Equipe G\u00e1vea News\",\"image\":{\"@type\":\"ImageObject\",\"inLanguage\":\"pt-BR\",\"@id\":\"https:\/\/www.gaveanews.com\/#\/schema\/person\/image\/\",\"url\":\"https:\/\/secure.gravatar.com\/avatar\/1e1956f1facbffd3f8fa53a326721950116b3b9dc9bd44939c01180fd4a745a9?s=96&d=mm&r=g\",\"contentUrl\":\"https:\/\/secure.gravatar.com\/avatar\/1e1956f1facbffd3f8fa53a326721950116b3b9dc9bd44939c01180fd4a745a9?s=96&d=mm&r=g\",\"caption\":\"Equipe G\u00e1vea News\"}}]}<\/script>\n<!-- \/ Yoast SEO Premium plugin. -->","yoast_head_json":{"title":"De Arrascaeta se recusa a falar sobre a negocia\u00e7\u00e3o com o Flamengo","robots":{"index":"index","follow":"follow","max-snippet":"max-snippet:-1","max-image-preview":"max-image-preview:large","max-video-preview":"max-video-preview:-1"},"canonical":"https:\/\/www.gaveanews.com\/index.php\/2021\/08\/15\/giorgian-de-arrascaeta-se-recusa-a-falar-sobre-a-negociacao-com-o-flamengo\/","og_locale":"pt_BR","og_type":"article","og_title":"Giorgian De Arrascaeta se recusa a falar sobre a negocia\u00e7\u00e3o com o Flamengo","og_description":"Um dos destaques do Flamengo na vit\u00f3ria sobre o Sport, neste domingo, por 2 a 0 e pela 16\u00aa rodada do Campeonato Brasileiro, Arrascaeta vibrou com a \u00f3tima fase e comentou &#8211; brevemente &#8211; acerca de sua renova\u00e7\u00e3o com o clube, cujo tema foi desviado ap\u00f3s questionamento e tem causado diverg\u00eancias internas. \u2014 Vamos procurar [&hellip;]","og_url":"https:\/\/www.gaveanews.com\/index.php\/2021\/08\/15\/giorgian-de-arrascaeta-se-recusa-a-falar-sobre-a-negociacao-com-o-flamengo\/","og_site_name":"G\u00e1vea News","article_publisher":"https:\/\/facebook.com\/gaveaNews\/","article_published_time":"2021-08-15T21:29:53+00:00","article_modified_time":"2021-08-15T21:29:55+00:00","og_image":[{"width":799,"height":533,"url":"https:\/\/www.gaveanews.com\/wp-content\/uploads\/Arrascaeta-em-acao-pelo-Flamengo-durante-a-partida-contra-o-Olimpia-pela-Copa-Libertadores-da-temporada-de-2021.webp","type":"image\/jpeg"}],"author":"Equipe G\u00e1vea News","twitter_card":"summary_large_image","twitter_misc":{"Escrito por":"Equipe G\u00e1vea News","Est. tempo de leitura":"2 minutos"},"schema":{"@context":"https:\/\/schema.org","@graph":[{"@type":"NewsArticle","@id":"https:\/\/www.gaveanews.com\/index.php\/2021\/08\/15\/giorgian-de-arrascaeta-se-recusa-a-falar-sobre-a-negociacao-com-o-flamengo\/#article","isPartOf":{"@id":"https:\/\/www.gaveanews.com\/index.php\/2021\/08\/15\/giorgian-de-arrascaeta-se-recusa-a-falar-sobre-a-negociacao-com-o-flamengo\/"},"author":{"name":"Equipe G\u00e1vea News","@id":"https:\/\/www.gaveanews.com\/#\/schema\/person\/2ec14f73fb96be2caf28f91afb14749d"},"headline":"Giorgian De Arrascaeta se recusa a falar sobre a negocia\u00e7\u00e3o com o Flamengo","datePublished":"2021-08-15T21:29:53+00:00","dateModified":"2021-08-15T21:29:55+00:00","mainEntityOfPage":{"@id":"https:\/\/www.gaveanews.com\/index.php\/2021\/08\/15\/giorgian-de-arrascaeta-se-recusa-a-falar-sobre-a-negociacao-com-o-flamengo\/"},"wordCount":288,"commentCount":10,"image":{"@id":"https:\/\/www.gaveanews.com\/index.php\/2021\/08\/15\/giorgian-de-arrascaeta-se-recusa-a-falar-sobre-a-negociacao-com-o-flamengo\/#primaryimage"},"thumbnailUrl":"https:\/\/www.gaveanews.com\/wp-content\/uploads\/Arrascaeta-em-acao-pelo-Flamengo-durante-a-partida-contra-o-Olimpia-pela-Copa-Libertadores-da-temporada-de-2021.webp","articleSection":["Negocia\u00e7\u00f5es"],"inLanguage":"pt-BR","potentialAction":[{"@type":"CommentAction","name":"Comment","target":["https:\/\/www.gaveanews.com\/index.php\/2021\/08\/15\/giorgian-de-arrascaeta-se-recusa-a-falar-sobre-a-negociacao-com-o-flamengo\/#respond"]}],"copyrightYear":"2021","copyrightHolder":{"@id":"https:\/\/www.gaveanews.com\/#organization"}},{"@type":"WebPage","@id":"https:\/\/www.gaveanews.com\/index.php\/2021\/08\/15\/giorgian-de-arrascaeta-se-recusa-a-falar-sobre-a-negociacao-com-o-flamengo\/","url":"https:\/\/www.gaveanews.com\/index.php\/2021\/08\/15\/giorgian-de-arrascaeta-se-recusa-a-falar-sobre-a-negociacao-com-o-flamengo\/","name":"De Arrascaeta se recusa a falar sobre a negocia\u00e7\u00e3o com o Flamengo","isPartOf":{"@id":"https:\/\/www.gaveanews.com\/#website"},"primaryImageOfPage":{"@id":"https:\/\/www.gaveanews.com\/index.php\/2021\/08\/15\/giorgian-de-arrascaeta-se-recusa-a-falar-sobre-a-negociacao-com-o-flamengo\/#primaryimage"},"image":{"@id":"https:\/\/www.gaveanews.com\/index.php\/2021\/08\/15\/giorgian-de-arrascaeta-se-recusa-a-falar-sobre-a-negociacao-com-o-flamengo\/#primaryimage"},"thumbnailUrl":"https:\/\/www.gaveanews.com\/wp-content\/uploads\/Arrascaeta-em-acao-pelo-Flamengo-durante-a-partida-contra-o-Olimpia-pela-Copa-Libertadores-da-temporada-de-2021.webp","datePublished":"2021-08-15T21:29:53+00:00","dateModified":"2021-08-15T21:29:55+00:00","author":{"@id":"https:\/\/www.gaveanews.com\/#\/schema\/person\/2ec14f73fb96be2caf28f91afb14749d"},"breadcrumb":{"@id":"https:\/\/www.gaveanews.com\/index.php\/2021\/08\/15\/giorgian-de-arrascaeta-se-recusa-a-falar-sobre-a-negociacao-com-o-flamengo\/#breadcrumb"},"inLanguage":"pt-BR","potentialAction":[{"@type":"ReadAction","target":["https:\/\/www.gaveanews.com\/index.php\/2021\/08\/15\/giorgian-de-arrascaeta-se-recusa-a-falar-sobre-a-negociacao-com-o-flamengo\/"]}]},{"@type":"ImageObject","inLanguage":"pt-BR","@id":"https:\/\/www.gaveanews.com\/index.php\/2021\/08\/15\/giorgian-de-arrascaeta-se-recusa-a-falar-sobre-a-negociacao-com-o-flamengo\/#primaryimage","url":"https:\/\/www.gaveanews.com\/wp-content\/uploads\/Arrascaeta-em-acao-pelo-Flamengo-durante-a-partida-contra-o-Olimpia-pela-Copa-Libertadores-da-temporada-de-2021.webp","contentUrl":"https:\/\/www.gaveanews.com\/wp-content\/uploads\/Arrascaeta-em-acao-pelo-Flamengo-durante-a-partida-contra-o-Olimpia-pela-Copa-Libertadores-da-temporada-de-2021.webp","width":799,"height":533,"caption":"Arrascaeta em a\u00e7\u00e3o pelo Flamengo durante a partida contra o Olimpia pela Copa Libertadores da temporada de 2021 (Foto: Alexandre Vidal\/Flamengo)"},{"@type":"BreadcrumbList","@id":"https:\/\/www.gaveanews.com\/index.php\/2021\/08\/15\/giorgian-de-arrascaeta-se-recusa-a-falar-sobre-a-negociacao-com-o-flamengo\/#breadcrumb","itemListElement":[{"@type":"ListItem","position":1,"name":"Home","item":"https:\/\/www.gaveanews.com\/"},{"@type":"ListItem","position":2,"name":"Giorgian De Arrascaeta se recusa a falar sobre a negocia\u00e7\u00e3o com o Flamengo"}]},{"@type":"WebSite","@id":"https:\/\/www.gaveanews.com\/#website","url":"https:\/\/www.gaveanews.com\/","name":"G\u00e1vea News","description":"Veja todas as not\u00edcias sobre o Flamengo: Contrata\u00e7\u00f5es, categorias de base, resultados das partidas, tabela de classifica\u00e7\u00e3o, pr\u00f3ximos jogos!","potentialAction":[{"@type":"SearchAction","target":{"@type":"EntryPoint","urlTemplate":"https:\/\/www.gaveanews.com\/?s={search_term_string}"},"query-input":{"@type":"PropertyValueSpecification","valueRequired":true,"valueName":"search_term_string"}}],"inLanguage":"pt-BR"},{"@type":"Person","@id":"https:\/\/www.gaveanews.com\/#\/schema\/person\/2ec14f73fb96be2caf28f91afb14749d","name":"Equipe G\u00e1vea News","image":{"@type":"ImageObject","inLanguage":"pt-BR","@id":"https:\/\/www.gaveanews.com\/#\/schema\/person\/image\/","url":"https:\/\/secure.gravatar.com\/avatar\/1e1956f1facbffd3f8fa53a326721950116b3b9dc9bd44939c01180fd4a745a9?s=96&d=mm&r=g","contentUrl":"https:\/\/secure.gravatar.com\/avatar\/1e1956f1facbffd3f8fa53a326721950116b3b9dc9bd44939c01180fd4a745a9?s=96&d=mm&r=g","caption":"Equipe G\u00e1vea News"}}]}},"_links":{"self":[{"href":"https:\/\/www.gaveanews.com\/index.php\/wp-json\/wp\/v2\/posts\/66013","targetHints":{"allow":["GET"]}}],"collection":[{"href":"https:\/\/www.gaveanews.com\/index.php\/wp-json\/wp\/v2\/posts"}],"about":[{"href":"https:\/\/www.gaveanews.com\/index.php\/wp-json\/wp\/v2\/types\/post"}],"author":[{"embeddable":true,"href":"https:\/\/www.gaveanews.com\/index.php\/wp-json\/wp\/v2\/users\/1"}],"replies":[{"embeddable":true,"href":"https:\/\/www.gaveanews.com\/index.php\/wp-json\/wp\/v2\/comments?post=66013"}],"version-history":[{"count":0,"href":"https:\/\/www.gaveanews.com\/index.php\/wp-json\/wp\/v2\/posts\/66013\/revisions"}],"wp:featuredmedia":[{"embeddable":true,"href":"https:\/\/www.gaveanews.com\/index.php\/wp-json\/wp\/v2\/media\/65630"}],"wp:attachment":[{"href":"https:\/\/www.gaveanews.com\/index.php\/wp-json\/wp\/v2\/media?parent=66013"}],"wp:term":[{"taxonomy":"category","embeddable":true,"href":"https:\/\/www.gaveanews.com\/index.php\/wp-json\/wp\/v2\/categories?post=66013"},{"taxonomy":"post_tag","embeddable":true,"href":"https:\/\/www.gaveanews.com\/index.php\/wp-json\/wp\/v2\/tags?post=66013"}],"curies":[{"name":"wp","href":"https:\/\/api.w.org\/{rel}","templated":true}]}}