{"id":66023,"date":"2021-08-15T19:48:34","date_gmt":"2021-08-15T22:48:34","guid":{"rendered":"https:\/\/www.gaveanews.com\/?p=66023"},"modified":"2021-08-15T19:48:36","modified_gmt":"2021-08-15T22:48:36","slug":"marcos-braz-abre-o-jogo-sobre-andreas-pereira-e-contratacoes-para-o-flamengo","status":"publish","type":"post","link":"https:\/\/www.gaveanews.com\/index.php\/2021\/08\/15\/marcos-braz-abre-o-jogo-sobre-andreas-pereira-e-contratacoes-para-o-flamengo\/","title":{"rendered":"Marcos Braz abre o jogo sobre Andreas Pereira e contrata\u00e7\u00f5es para o Flamengo"},"content":{"rendered":"\n<p>Presente no Raulino de Oliveira para acompanhar Flamengo x Sport, Marcos Braz comentou sobre o mercado da bola. Ap\u00f3s o acordo por Kenedy ser fechado, o clube carioca pode concretizar a chegada de mais um jogador do futebol ingl\u00eas. Por\u00e9m, apesar do interesse em Andreas Pereira, o vice-presidente de futebol foi cauteloso e n\u00e3o escondeu que se trata de uma negocia\u00e7\u00e3o dif\u00edcil.<\/p>\n\n\n\n<p><strong><em>\u2014 Andreas \u00e9 do Manchester United. Temos interesse nesse jogador, n\u00e3o \u00e9 uma contrata\u00e7\u00e3o de um clube qualquer. Temos que entender isso. Vamos seguir trabalhando para ver se a gente consegue trazer os jogadores<\/em><\/strong>, declarou ao canal \u201cGustavo Henrique Dando Choque\u201c.<\/p>\n\n\n\n<p>Al\u00e9m disso, Braz citou que a janela de transfer\u00eancias se encerra no final de agosto. Neste cen\u00e1rio, a diretoria precisa ser r\u00e1pida para assinar com atletas do exterior. Apesar do prazo curto, ele garantiu total empenho na busca para que Renato Ga\u00facho ganhe novas op\u00e7\u00f5es dentro do elenco para a sequ\u00eancia da temporada.<\/p>\n\n\n\n<p><strong><em>\u2014 As pessoas tem que entender que tem um prazo final. Temos feito um trabalho para refor\u00e7ar o time do Flamengo e acreditamos no \u00eaxito de contrata\u00e7\u00f5es para ajudar esse grupo. Talvez, precisasse ainda mais de contrata\u00e7\u00f5es, mas chega a hora que n\u00e3o \u00e9 poss\u00edvel. A gente vem trabalhando para que os refor\u00e7os seja do n\u00edvel das contrata\u00e7\u00f5es que estamos fazendo desde 2019<\/em><\/strong>, expressou.<\/p>\n\n\n\n<p>Retirado de: Torcedores <\/p>\n","protected":false},"excerpt":{"rendered":"<p>Presente no Raulino de Oliveira para acompanhar Flamengo x Sport, Marcos Braz comentou sobre o mercado da bola. Ap\u00f3s o acordo por Kenedy ser fechado, o clube carioca pode concretizar a chegada de mais um jogador do futebol ingl\u00eas. Por\u00e9m, apesar do interesse em Andreas Pereira, o vice-presidente de futebol foi cauteloso e n\u00e3o escondeu [&hellip;]<\/p>\n","protected":false},"author":1,"featured_media":64346,"comment_status":"open","ping_status":"closed","sticky":false,"template":"","format":"standard","meta":{"footnotes":""},"categories":[48],"tags":[],"class_list":["post-66023","post","type-post","status-publish","format-standard","has-post-thumbnail","hentry","category-negociacoes"],"yoast_head":"<!-- This site is optimized with the Yoast SEO Premium plugin v24.2 (Yoast SEO v26.9) - https:\/\/yoast.com\/product\/yoast-seo-premium-wordpress\/ -->\n<title>Braz abre o jogo sobre Andreas Pereira e contrata\u00e7\u00f5es para o Flamengo<\/title>\n<meta name=\"robots\" content=\"index, follow, max-snippet:-1, max-image-preview:large, max-video-preview:-1\" \/>\n<link rel=\"canonical\" href=\"https:\/\/www.gaveanews.com\/index.php\/2021\/08\/15\/marcos-braz-abre-o-jogo-sobre-andreas-pereira-e-contratacoes-para-o-flamengo\/\" \/>\n<meta property=\"og:locale\" content=\"pt_BR\" \/>\n<meta property=\"og:type\" content=\"article\" \/>\n<meta property=\"og:title\" content=\"Marcos Braz abre o jogo sobre Andreas Pereira e contrata\u00e7\u00f5es para o Flamengo\" \/>\n<meta property=\"og:description\" content=\"Presente no Raulino de Oliveira para acompanhar Flamengo x Sport, Marcos Braz comentou sobre o mercado da bola. Ap\u00f3s o acordo por Kenedy ser fechado, o clube carioca pode concretizar a chegada de mais um jogador do futebol ingl\u00eas. Por\u00e9m, apesar do interesse em Andreas Pereira, o vice-presidente de futebol foi cauteloso e n\u00e3o escondeu [&hellip;]\" \/>\n<meta property=\"og:url\" content=\"https:\/\/www.gaveanews.com\/index.php\/2021\/08\/15\/marcos-braz-abre-o-jogo-sobre-andreas-pereira-e-contratacoes-para-o-flamengo\/\" \/>\n<meta property=\"og:site_name\" content=\"G\u00e1vea News\" \/>\n<meta property=\"article:publisher\" content=\"https:\/\/facebook.com\/gaveaNews\/\" \/>\n<meta property=\"article:published_time\" content=\"2021-08-15T22:48:34+00:00\" \/>\n<meta property=\"article:modified_time\" content=\"2021-08-15T22:48:36+00:00\" \/>\n<meta property=\"og:image\" content=\"https:\/\/www.gaveanews.com\/wp-content\/uploads\/Marcos-Braz-em-entrevista-coletiva-no-Ninho-do-Urubu.webp\" \/>\n\t<meta property=\"og:image:width\" content=\"799\" \/>\n\t<meta property=\"og:image:height\" content=\"532\" \/>\n\t<meta property=\"og:image:type\" content=\"image\/jpeg\" \/>\n<meta name=\"author\" content=\"Equipe G\u00e1vea News\" \/>\n<meta name=\"twitter:card\" content=\"summary_large_image\" \/>\n<meta name=\"twitter:label1\" content=\"Escrito por\" \/>\n\t<meta name=\"twitter:data1\" content=\"Equipe G\u00e1vea News\" \/>\n\t<meta name=\"twitter:label2\" content=\"Est. tempo de leitura\" \/>\n\t<meta name=\"twitter:data2\" content=\"1 minuto\" \/>\n<script type=\"application\/ld+json\" class=\"yoast-schema-graph\">{\"@context\":\"https:\/\/schema.org\",\"@graph\":[{\"@type\":\"NewsArticle\",\"@id\":\"https:\/\/www.gaveanews.com\/index.php\/2021\/08\/15\/marcos-braz-abre-o-jogo-sobre-andreas-pereira-e-contratacoes-para-o-flamengo\/#article\",\"isPartOf\":{\"@id\":\"https:\/\/www.gaveanews.com\/index.php\/2021\/08\/15\/marcos-braz-abre-o-jogo-sobre-andreas-pereira-e-contratacoes-para-o-flamengo\/\"},\"author\":{\"name\":\"Equipe G\u00e1vea News\",\"@id\":\"https:\/\/www.gaveanews.com\/#\/schema\/person\/2ec14f73fb96be2caf28f91afb14749d\"},\"headline\":\"Marcos Braz abre o jogo sobre Andreas Pereira e contrata\u00e7\u00f5es para o Flamengo\",\"datePublished\":\"2021-08-15T22:48:34+00:00\",\"dateModified\":\"2021-08-15T22:48:36+00:00\",\"mainEntityOfPage\":{\"@id\":\"https:\/\/www.gaveanews.com\/index.php\/2021\/08\/15\/marcos-braz-abre-o-jogo-sobre-andreas-pereira-e-contratacoes-para-o-flamengo\/\"},\"wordCount\":254,\"commentCount\":11,\"image\":{\"@id\":\"https:\/\/www.gaveanews.com\/index.php\/2021\/08\/15\/marcos-braz-abre-o-jogo-sobre-andreas-pereira-e-contratacoes-para-o-flamengo\/#primaryimage\"},\"thumbnailUrl\":\"https:\/\/www.gaveanews.com\/wp-content\/uploads\/Marcos-Braz-em-entrevista-coletiva-no-Ninho-do-Urubu.webp\",\"articleSection\":[\"Negocia\u00e7\u00f5es\"],\"inLanguage\":\"pt-BR\",\"potentialAction\":[{\"@type\":\"CommentAction\",\"name\":\"Comment\",\"target\":[\"https:\/\/www.gaveanews.com\/index.php\/2021\/08\/15\/marcos-braz-abre-o-jogo-sobre-andreas-pereira-e-contratacoes-para-o-flamengo\/#respond\"]}],\"copyrightYear\":\"2021\",\"copyrightHolder\":{\"@id\":\"https:\/\/www.gaveanews.com\/#organization\"}},{\"@type\":\"WebPage\",\"@id\":\"https:\/\/www.gaveanews.com\/index.php\/2021\/08\/15\/marcos-braz-abre-o-jogo-sobre-andreas-pereira-e-contratacoes-para-o-flamengo\/\",\"url\":\"https:\/\/www.gaveanews.com\/index.php\/2021\/08\/15\/marcos-braz-abre-o-jogo-sobre-andreas-pereira-e-contratacoes-para-o-flamengo\/\",\"name\":\"Braz abre o jogo sobre Andreas Pereira e contrata\u00e7\u00f5es para o Flamengo\",\"isPartOf\":{\"@id\":\"https:\/\/www.gaveanews.com\/#website\"},\"primaryImageOfPage\":{\"@id\":\"https:\/\/www.gaveanews.com\/index.php\/2021\/08\/15\/marcos-braz-abre-o-jogo-sobre-andreas-pereira-e-contratacoes-para-o-flamengo\/#primaryimage\"},\"image\":{\"@id\":\"https:\/\/www.gaveanews.com\/index.php\/2021\/08\/15\/marcos-braz-abre-o-jogo-sobre-andreas-pereira-e-contratacoes-para-o-flamengo\/#primaryimage\"},\"thumbnailUrl\":\"https:\/\/www.gaveanews.com\/wp-content\/uploads\/Marcos-Braz-em-entrevista-coletiva-no-Ninho-do-Urubu.webp\",\"datePublished\":\"2021-08-15T22:48:34+00:00\",\"dateModified\":\"2021-08-15T22:48:36+00:00\",\"author\":{\"@id\":\"https:\/\/www.gaveanews.com\/#\/schema\/person\/2ec14f73fb96be2caf28f91afb14749d\"},\"breadcrumb\":{\"@id\":\"https:\/\/www.gaveanews.com\/index.php\/2021\/08\/15\/marcos-braz-abre-o-jogo-sobre-andreas-pereira-e-contratacoes-para-o-flamengo\/#breadcrumb\"},\"inLanguage\":\"pt-BR\",\"potentialAction\":[{\"@type\":\"ReadAction\",\"target\":[\"https:\/\/www.gaveanews.com\/index.php\/2021\/08\/15\/marcos-braz-abre-o-jogo-sobre-andreas-pereira-e-contratacoes-para-o-flamengo\/\"]}]},{\"@type\":\"ImageObject\",\"inLanguage\":\"pt-BR\",\"@id\":\"https:\/\/www.gaveanews.com\/index.php\/2021\/08\/15\/marcos-braz-abre-o-jogo-sobre-andreas-pereira-e-contratacoes-para-o-flamengo\/#primaryimage\",\"url\":\"https:\/\/www.gaveanews.com\/wp-content\/uploads\/Marcos-Braz-em-entrevista-coletiva-no-Ninho-do-Urubu.webp\",\"contentUrl\":\"https:\/\/www.gaveanews.com\/wp-content\/uploads\/Marcos-Braz-em-entrevista-coletiva-no-Ninho-do-Urubu.webp\",\"width\":799,\"height\":532,\"caption\":\"Marcos Braz em entrevista coletiva no Ninho do Urubu (Foto: Alexandre Vidal\/Flamengo)\"},{\"@type\":\"BreadcrumbList\",\"@id\":\"https:\/\/www.gaveanews.com\/index.php\/2021\/08\/15\/marcos-braz-abre-o-jogo-sobre-andreas-pereira-e-contratacoes-para-o-flamengo\/#breadcrumb\",\"itemListElement\":[{\"@type\":\"ListItem\",\"position\":1,\"name\":\"Home\",\"item\":\"https:\/\/www.gaveanews.com\/\"},{\"@type\":\"ListItem\",\"position\":2,\"name\":\"Marcos Braz abre o jogo sobre Andreas Pereira e contrata\u00e7\u00f5es para o Flamengo\"}]},{\"@type\":\"WebSite\",\"@id\":\"https:\/\/www.gaveanews.com\/#website\",\"url\":\"https:\/\/www.gaveanews.com\/\",\"name\":\"G\u00e1vea News\",\"description\":\"Veja todas as not\u00edcias sobre o Flamengo: Contrata\u00e7\u00f5es, categorias de base, resultados das partidas, tabela de classifica\u00e7\u00e3o, pr\u00f3ximos jogos!\",\"potentialAction\":[{\"@type\":\"SearchAction\",\"target\":{\"@type\":\"EntryPoint\",\"urlTemplate\":\"https:\/\/www.gaveanews.com\/?s={search_term_string}\"},\"query-input\":{\"@type\":\"PropertyValueSpecification\",\"valueRequired\":true,\"valueName\":\"search_term_string\"}}],\"inLanguage\":\"pt-BR\"},{\"@type\":\"Person\",\"@id\":\"https:\/\/www.gaveanews.com\/#\/schema\/person\/2ec14f73fb96be2caf28f91afb14749d\",\"name\":\"Equipe G\u00e1vea News\",\"image\":{\"@type\":\"ImageObject\",\"inLanguage\":\"pt-BR\",\"@id\":\"https:\/\/www.gaveanews.com\/#\/schema\/person\/image\/\",\"url\":\"https:\/\/secure.gravatar.com\/avatar\/1e1956f1facbffd3f8fa53a326721950116b3b9dc9bd44939c01180fd4a745a9?s=96&d=mm&r=g\",\"contentUrl\":\"https:\/\/secure.gravatar.com\/avatar\/1e1956f1facbffd3f8fa53a326721950116b3b9dc9bd44939c01180fd4a745a9?s=96&d=mm&r=g\",\"caption\":\"Equipe G\u00e1vea News\"}}]}<\/script>\n<!-- \/ Yoast SEO Premium plugin. -->","yoast_head_json":{"title":"Braz abre o jogo sobre Andreas Pereira e contrata\u00e7\u00f5es para o Flamengo","robots":{"index":"index","follow":"follow","max-snippet":"max-snippet:-1","max-image-preview":"max-image-preview:large","max-video-preview":"max-video-preview:-1"},"canonical":"https:\/\/www.gaveanews.com\/index.php\/2021\/08\/15\/marcos-braz-abre-o-jogo-sobre-andreas-pereira-e-contratacoes-para-o-flamengo\/","og_locale":"pt_BR","og_type":"article","og_title":"Marcos Braz abre o jogo sobre Andreas Pereira e contrata\u00e7\u00f5es para o Flamengo","og_description":"Presente no Raulino de Oliveira para acompanhar Flamengo x Sport, Marcos Braz comentou sobre o mercado da bola. Ap\u00f3s o acordo por Kenedy ser fechado, o clube carioca pode concretizar a chegada de mais um jogador do futebol ingl\u00eas. Por\u00e9m, apesar do interesse em Andreas Pereira, o vice-presidente de futebol foi cauteloso e n\u00e3o escondeu [&hellip;]","og_url":"https:\/\/www.gaveanews.com\/index.php\/2021\/08\/15\/marcos-braz-abre-o-jogo-sobre-andreas-pereira-e-contratacoes-para-o-flamengo\/","og_site_name":"G\u00e1vea News","article_publisher":"https:\/\/facebook.com\/gaveaNews\/","article_published_time":"2021-08-15T22:48:34+00:00","article_modified_time":"2021-08-15T22:48:36+00:00","og_image":[{"width":799,"height":532,"url":"https:\/\/www.gaveanews.com\/wp-content\/uploads\/Marcos-Braz-em-entrevista-coletiva-no-Ninho-do-Urubu.webp","type":"image\/jpeg"}],"author":"Equipe G\u00e1vea News","twitter_card":"summary_large_image","twitter_misc":{"Escrito por":"Equipe G\u00e1vea News","Est. tempo de leitura":"1 minuto"},"schema":{"@context":"https:\/\/schema.org","@graph":[{"@type":"NewsArticle","@id":"https:\/\/www.gaveanews.com\/index.php\/2021\/08\/15\/marcos-braz-abre-o-jogo-sobre-andreas-pereira-e-contratacoes-para-o-flamengo\/#article","isPartOf":{"@id":"https:\/\/www.gaveanews.com\/index.php\/2021\/08\/15\/marcos-braz-abre-o-jogo-sobre-andreas-pereira-e-contratacoes-para-o-flamengo\/"},"author":{"name":"Equipe G\u00e1vea News","@id":"https:\/\/www.gaveanews.com\/#\/schema\/person\/2ec14f73fb96be2caf28f91afb14749d"},"headline":"Marcos Braz abre o jogo sobre Andreas Pereira e contrata\u00e7\u00f5es para o Flamengo","datePublished":"2021-08-15T22:48:34+00:00","dateModified":"2021-08-15T22:48:36+00:00","mainEntityOfPage":{"@id":"https:\/\/www.gaveanews.com\/index.php\/2021\/08\/15\/marcos-braz-abre-o-jogo-sobre-andreas-pereira-e-contratacoes-para-o-flamengo\/"},"wordCount":254,"commentCount":11,"image":{"@id":"https:\/\/www.gaveanews.com\/index.php\/2021\/08\/15\/marcos-braz-abre-o-jogo-sobre-andreas-pereira-e-contratacoes-para-o-flamengo\/#primaryimage"},"thumbnailUrl":"https:\/\/www.gaveanews.com\/wp-content\/uploads\/Marcos-Braz-em-entrevista-coletiva-no-Ninho-do-Urubu.webp","articleSection":["Negocia\u00e7\u00f5es"],"inLanguage":"pt-BR","potentialAction":[{"@type":"CommentAction","name":"Comment","target":["https:\/\/www.gaveanews.com\/index.php\/2021\/08\/15\/marcos-braz-abre-o-jogo-sobre-andreas-pereira-e-contratacoes-para-o-flamengo\/#respond"]}],"copyrightYear":"2021","copyrightHolder":{"@id":"https:\/\/www.gaveanews.com\/#organization"}},{"@type":"WebPage","@id":"https:\/\/www.gaveanews.com\/index.php\/2021\/08\/15\/marcos-braz-abre-o-jogo-sobre-andreas-pereira-e-contratacoes-para-o-flamengo\/","url":"https:\/\/www.gaveanews.com\/index.php\/2021\/08\/15\/marcos-braz-abre-o-jogo-sobre-andreas-pereira-e-contratacoes-para-o-flamengo\/","name":"Braz abre o jogo sobre Andreas Pereira e contrata\u00e7\u00f5es para o Flamengo","isPartOf":{"@id":"https:\/\/www.gaveanews.com\/#website"},"primaryImageOfPage":{"@id":"https:\/\/www.gaveanews.com\/index.php\/2021\/08\/15\/marcos-braz-abre-o-jogo-sobre-andreas-pereira-e-contratacoes-para-o-flamengo\/#primaryimage"},"image":{"@id":"https:\/\/www.gaveanews.com\/index.php\/2021\/08\/15\/marcos-braz-abre-o-jogo-sobre-andreas-pereira-e-contratacoes-para-o-flamengo\/#primaryimage"},"thumbnailUrl":"https:\/\/www.gaveanews.com\/wp-content\/uploads\/Marcos-Braz-em-entrevista-coletiva-no-Ninho-do-Urubu.webp","datePublished":"2021-08-15T22:48:34+00:00","dateModified":"2021-08-15T22:48:36+00:00","author":{"@id":"https:\/\/www.gaveanews.com\/#\/schema\/person\/2ec14f73fb96be2caf28f91afb14749d"},"breadcrumb":{"@id":"https:\/\/www.gaveanews.com\/index.php\/2021\/08\/15\/marcos-braz-abre-o-jogo-sobre-andreas-pereira-e-contratacoes-para-o-flamengo\/#breadcrumb"},"inLanguage":"pt-BR","potentialAction":[{"@type":"ReadAction","target":["https:\/\/www.gaveanews.com\/index.php\/2021\/08\/15\/marcos-braz-abre-o-jogo-sobre-andreas-pereira-e-contratacoes-para-o-flamengo\/"]}]},{"@type":"ImageObject","inLanguage":"pt-BR","@id":"https:\/\/www.gaveanews.com\/index.php\/2021\/08\/15\/marcos-braz-abre-o-jogo-sobre-andreas-pereira-e-contratacoes-para-o-flamengo\/#primaryimage","url":"https:\/\/www.gaveanews.com\/wp-content\/uploads\/Marcos-Braz-em-entrevista-coletiva-no-Ninho-do-Urubu.webp","contentUrl":"https:\/\/www.gaveanews.com\/wp-content\/uploads\/Marcos-Braz-em-entrevista-coletiva-no-Ninho-do-Urubu.webp","width":799,"height":532,"caption":"Marcos Braz em entrevista coletiva no Ninho do Urubu (Foto: Alexandre Vidal\/Flamengo)"},{"@type":"BreadcrumbList","@id":"https:\/\/www.gaveanews.com\/index.php\/2021\/08\/15\/marcos-braz-abre-o-jogo-sobre-andreas-pereira-e-contratacoes-para-o-flamengo\/#breadcrumb","itemListElement":[{"@type":"ListItem","position":1,"name":"Home","item":"https:\/\/www.gaveanews.com\/"},{"@type":"ListItem","position":2,"name":"Marcos Braz abre o jogo sobre Andreas Pereira e contrata\u00e7\u00f5es para o Flamengo"}]},{"@type":"WebSite","@id":"https:\/\/www.gaveanews.com\/#website","url":"https:\/\/www.gaveanews.com\/","name":"G\u00e1vea News","description":"Veja todas as not\u00edcias sobre o Flamengo: Contrata\u00e7\u00f5es, categorias de base, resultados das partidas, tabela de classifica\u00e7\u00e3o, pr\u00f3ximos jogos!","potentialAction":[{"@type":"SearchAction","target":{"@type":"EntryPoint","urlTemplate":"https:\/\/www.gaveanews.com\/?s={search_term_string}"},"query-input":{"@type":"PropertyValueSpecification","valueRequired":true,"valueName":"search_term_string"}}],"inLanguage":"pt-BR"},{"@type":"Person","@id":"https:\/\/www.gaveanews.com\/#\/schema\/person\/2ec14f73fb96be2caf28f91afb14749d","name":"Equipe G\u00e1vea News","image":{"@type":"ImageObject","inLanguage":"pt-BR","@id":"https:\/\/www.gaveanews.com\/#\/schema\/person\/image\/","url":"https:\/\/secure.gravatar.com\/avatar\/1e1956f1facbffd3f8fa53a326721950116b3b9dc9bd44939c01180fd4a745a9?s=96&d=mm&r=g","contentUrl":"https:\/\/secure.gravatar.com\/avatar\/1e1956f1facbffd3f8fa53a326721950116b3b9dc9bd44939c01180fd4a745a9?s=96&d=mm&r=g","caption":"Equipe G\u00e1vea News"}}]}},"_links":{"self":[{"href":"https:\/\/www.gaveanews.com\/index.php\/wp-json\/wp\/v2\/posts\/66023","targetHints":{"allow":["GET"]}}],"collection":[{"href":"https:\/\/www.gaveanews.com\/index.php\/wp-json\/wp\/v2\/posts"}],"about":[{"href":"https:\/\/www.gaveanews.com\/index.php\/wp-json\/wp\/v2\/types\/post"}],"author":[{"embeddable":true,"href":"https:\/\/www.gaveanews.com\/index.php\/wp-json\/wp\/v2\/users\/1"}],"replies":[{"embeddable":true,"href":"https:\/\/www.gaveanews.com\/index.php\/wp-json\/wp\/v2\/comments?post=66023"}],"version-history":[{"count":0,"href":"https:\/\/www.gaveanews.com\/index.php\/wp-json\/wp\/v2\/posts\/66023\/revisions"}],"wp:featuredmedia":[{"embeddable":true,"href":"https:\/\/www.gaveanews.com\/index.php\/wp-json\/wp\/v2\/media\/64346"}],"wp:attachment":[{"href":"https:\/\/www.gaveanews.com\/index.php\/wp-json\/wp\/v2\/media?parent=66023"}],"wp:term":[{"taxonomy":"category","embeddable":true,"href":"https:\/\/www.gaveanews.com\/index.php\/wp-json\/wp\/v2\/categories?post=66023"},{"taxonomy":"post_tag","embeddable":true,"href":"https:\/\/www.gaveanews.com\/index.php\/wp-json\/wp\/v2\/tags?post=66023"}],"curies":[{"name":"wp","href":"https:\/\/api.w.org\/{rel}","templated":true}]}}