{"id":66027,"date":"2021-08-15T21:37:27","date_gmt":"2021-08-16T00:37:27","guid":{"rendered":"https:\/\/www.gaveanews.com\/?p=66027"},"modified":"2021-08-15T22:04:55","modified_gmt":"2021-08-16T01:04:55","slug":"reforco-do-flamengo-kenedy-testa-positivo-para-o-covid","status":"publish","type":"post","link":"https:\/\/www.gaveanews.com\/index.php\/2021\/08\/15\/reforco-do-flamengo-kenedy-testa-positivo-para-o-covid\/","title":{"rendered":"Refor\u00e7o do Flamengo, Kenedy testa positivo para o COVID"},"content":{"rendered":"\n<p>Depois de uma longa negocia\u00e7\u00e3o para conseguir a contrata\u00e7\u00e3o de Kenedy, o Flamengo pode ter mais um obst\u00e1culo para contar com o novo refor\u00e7o. O atacante est\u00e1 com suspeita de covid e precisou se isolar em um hotel ap\u00f3s o primeiro exame dar positivo. Por\u00e9m, como o segundo deu negativo e o terceiro inconclusivo, o atleta foi submetido a mais uma avalia\u00e7\u00e3o, e o resultado sair\u00e1 nesta segunda-feira. Pessoas envolvidas na negocia\u00e7\u00e3o entre Chelsea e Rubro-Negro dizem que ele est\u00e1 bem, sentindo apenas sintomas leves.<\/p>\n\n\n\n<p>Caso Kenedy, de fato, esteja com Covid-19, o jogador ter\u00e1 que cumprir a quarentena necess\u00e1ria antes de embarcar ao Brasil para se apresentar ao Flamengo e iniciar os trabalhos no novo clube. A diretoria rubro-negra est\u00e1 na torcida porque sonha em ter o jogador j\u00e1 nas quartas de final da Copa do Brasil, dia 25. O prazo para inscri\u00e7\u00e3o \u00e9 na v\u00e9spera do duelo (dia 24).<\/p>\n\n\n\n<p>Kenedy chega ao Flamengo por empr\u00e9stimo de 12 meses e op\u00e7\u00e3o de compra avaliada em 10 milh\u00f5es de euros, cerca de 60 milh\u00f5es de reais, pela cota\u00e7\u00e3o atual.<\/p>\n\n\n\n<p>O interesse do Flamengo em Kenedy come\u00e7ou ainda em maio, quando o atacante, que estava no Brasil, chegou a almo\u00e7ar com Marcos Braz. Desde ent\u00e3o, a diretoria tenta a chegada do jogador, que, em um primeiro momento, n\u00e3o queria retornar ao futebol brasileiro. Por\u00e9m, depois de muitas conversas com os seus representantes e a c\u00fapula rubro-negra, o jogador entendeu que a ida por empr\u00e9stimo ao time carioca poderia ser um bom caminho em sua carreira.<\/p>\n\n\n\n<p>Ap\u00f3s o aval de Kenedy, o Flamengo partiu para a segunda etapa: convencer o Chelsea a liberar o atacante por empr\u00e9stimo. O time ingl\u00eas, nas primeiras conversas, deixou claro que a prioridade era negociar o jogador, que n\u00e3o est\u00e1 nos planos da comiss\u00e3o t\u00e9cnica, de forma definitiva. Ou seja, uma venda.<\/p>\n\n\n\n<p>O Rubro-Negro, com paci\u00eancia e com a ajuda de Giuliano Bertolucci, um dos principais empres\u00e1rios do mundo da bola e quem conversava diretamente com o Chelsea, ia aos poucos convencendo a equipe inglesa. Bruno Spindel e Marcos Braz chegaram a viajar para a Europa, mas n\u00e3o conseguiram desembarcar na Inglaterra, por conta das restri\u00e7\u00f5es pela Covid-19.<\/p>\n\n\n\n<p>Nesta semana, depois do Chelsea sacramentar a contrata\u00e7\u00e3o do centroavante Lukaku junto \u00e0 Inter de Mil\u00e3o, as conversas voltaram a esquentar e, nas \u00faltimas horas, o Flamengo recebeu a informa\u00e7\u00e3o, atrav\u00e9s de Giuliano Bertolucci, que o time ingl\u00eas topou ceder Kenedy por empr\u00e9stimo. O Rubro-Negro, entretanto, ir\u00e1 assumir o sal\u00e1rio do atleta de forma integral durante o v\u00ednculo de 12 meses.<\/p>\n\n\n\n<p>Kenedy chegou ao Chelsea na temporada 2015\/2016, quando foi contratado junto ao Fluminense por 10 milh\u00f5es de d\u00f3lares, cerca de R$ 31 milh\u00f5es na ocasi\u00e3o. Mas desde que chegou aos Blues, o atacante n\u00e3o se firmou e rodou por alguns clubes por empr\u00e9stimo: Watford, Newscastle, Getafe e, por \u00faltimo, Granada, time espanhol que defendeu na \u00faltima temporada.<\/p>\n\n\n\n<p>Pelo Granada, Kenedy disputou 44 partidas e marcou oito gols, sendo um dos principais jogadores da equipe espanhola, que tentou um novo empr\u00e9stimo do atacante, mas o Chelsea n\u00e3o aceitou. O v\u00ednculo dele com a equipe inglesa vai at\u00e9 junho de 2024.<\/p>\n\n\n\n<p>Retirado de: O Dia<\/p>\n","protected":false},"excerpt":{"rendered":"<p>Depois de uma longa negocia\u00e7\u00e3o para conseguir a contrata\u00e7\u00e3o de Kenedy, o Flamengo pode ter mais um obst\u00e1culo para contar com o novo refor\u00e7o. O atacante est\u00e1 com suspeita de covid e precisou se isolar em um hotel ap\u00f3s o primeiro exame dar positivo. Por\u00e9m, como o segundo deu negativo e o terceiro inconclusivo, o [&hellip;]<\/p>\n","protected":false},"author":1,"featured_media":62334,"comment_status":"open","ping_status":"closed","sticky":false,"template":"","format":"standard","meta":{"footnotes":""},"categories":[48],"tags":[],"class_list":["post-66027","post","type-post","status-publish","format-standard","has-post-thumbnail","hentry","category-negociacoes"],"yoast_head":"<!-- This site is optimized with the Yoast SEO Premium plugin v24.2 (Yoast SEO v26.9) - https:\/\/yoast.com\/product\/yoast-seo-premium-wordpress\/ -->\n<title>Refor\u00e7o do Flamengo, Kenedy testa positivo para o COVID<\/title>\n<meta name=\"robots\" content=\"index, follow, max-snippet:-1, max-image-preview:large, max-video-preview:-1\" \/>\n<link rel=\"canonical\" href=\"https:\/\/www.gaveanews.com\/index.php\/2021\/08\/15\/reforco-do-flamengo-kenedy-testa-positivo-para-o-covid\/\" \/>\n<meta property=\"og:locale\" content=\"pt_BR\" \/>\n<meta property=\"og:type\" content=\"article\" \/>\n<meta property=\"og:title\" content=\"Refor\u00e7o do Flamengo, Kenedy testa positivo para o COVID\" \/>\n<meta property=\"og:description\" content=\"Depois de uma longa negocia\u00e7\u00e3o para conseguir a contrata\u00e7\u00e3o de Kenedy, o Flamengo pode ter mais um obst\u00e1culo para contar com o novo refor\u00e7o. O atacante est\u00e1 com suspeita de covid e precisou se isolar em um hotel ap\u00f3s o primeiro exame dar positivo. Por\u00e9m, como o segundo deu negativo e o terceiro inconclusivo, o [&hellip;]\" \/>\n<meta property=\"og:url\" content=\"https:\/\/www.gaveanews.com\/index.php\/2021\/08\/15\/reforco-do-flamengo-kenedy-testa-positivo-para-o-covid\/\" \/>\n<meta property=\"og:site_name\" content=\"G\u00e1vea News\" \/>\n<meta property=\"article:publisher\" content=\"https:\/\/facebook.com\/gaveaNews\/\" \/>\n<meta property=\"article:published_time\" content=\"2021-08-16T00:37:27+00:00\" \/>\n<meta property=\"article:modified_time\" content=\"2021-08-16T01:04:55+00:00\" \/>\n<meta property=\"og:image\" content=\"https:\/\/www.gaveanews.com\/wp-content\/uploads\/Kenedy-em-treinamento.webp\" \/>\n\t<meta property=\"og:image:width\" content=\"640\" \/>\n\t<meta property=\"og:image:height\" content=\"640\" \/>\n\t<meta property=\"og:image:type\" content=\"image\/jpeg\" \/>\n<meta name=\"author\" content=\"Equipe G\u00e1vea News\" \/>\n<meta name=\"twitter:card\" content=\"summary_large_image\" \/>\n<meta name=\"twitter:label1\" content=\"Escrito por\" \/>\n\t<meta name=\"twitter:data1\" content=\"Equipe G\u00e1vea News\" \/>\n\t<meta name=\"twitter:label2\" content=\"Est. tempo de leitura\" \/>\n\t<meta name=\"twitter:data2\" content=\"3 minutos\" \/>\n<script type=\"application\/ld+json\" class=\"yoast-schema-graph\">{\"@context\":\"https:\/\/schema.org\",\"@graph\":[{\"@type\":\"NewsArticle\",\"@id\":\"https:\/\/www.gaveanews.com\/index.php\/2021\/08\/15\/reforco-do-flamengo-kenedy-testa-positivo-para-o-covid\/#article\",\"isPartOf\":{\"@id\":\"https:\/\/www.gaveanews.com\/index.php\/2021\/08\/15\/reforco-do-flamengo-kenedy-testa-positivo-para-o-covid\/\"},\"author\":{\"name\":\"Equipe G\u00e1vea News\",\"@id\":\"https:\/\/www.gaveanews.com\/#\/schema\/person\/2ec14f73fb96be2caf28f91afb14749d\"},\"headline\":\"Refor\u00e7o do Flamengo, Kenedy testa positivo para o COVID\",\"datePublished\":\"2021-08-16T00:37:27+00:00\",\"dateModified\":\"2021-08-16T01:04:55+00:00\",\"mainEntityOfPage\":{\"@id\":\"https:\/\/www.gaveanews.com\/index.php\/2021\/08\/15\/reforco-do-flamengo-kenedy-testa-positivo-para-o-covid\/\"},\"wordCount\":572,\"commentCount\":4,\"image\":{\"@id\":\"https:\/\/www.gaveanews.com\/index.php\/2021\/08\/15\/reforco-do-flamengo-kenedy-testa-positivo-para-o-covid\/#primaryimage\"},\"thumbnailUrl\":\"https:\/\/www.gaveanews.com\/wp-content\/uploads\/Kenedy-em-treinamento.webp\",\"articleSection\":[\"Negocia\u00e7\u00f5es\"],\"inLanguage\":\"pt-BR\",\"potentialAction\":[{\"@type\":\"CommentAction\",\"name\":\"Comment\",\"target\":[\"https:\/\/www.gaveanews.com\/index.php\/2021\/08\/15\/reforco-do-flamengo-kenedy-testa-positivo-para-o-covid\/#respond\"]}],\"copyrightYear\":\"2021\",\"copyrightHolder\":{\"@id\":\"https:\/\/www.gaveanews.com\/#organization\"}},{\"@type\":\"WebPage\",\"@id\":\"https:\/\/www.gaveanews.com\/index.php\/2021\/08\/15\/reforco-do-flamengo-kenedy-testa-positivo-para-o-covid\/\",\"url\":\"https:\/\/www.gaveanews.com\/index.php\/2021\/08\/15\/reforco-do-flamengo-kenedy-testa-positivo-para-o-covid\/\",\"name\":\"Refor\u00e7o do Flamengo, Kenedy testa positivo para o COVID\",\"isPartOf\":{\"@id\":\"https:\/\/www.gaveanews.com\/#website\"},\"primaryImageOfPage\":{\"@id\":\"https:\/\/www.gaveanews.com\/index.php\/2021\/08\/15\/reforco-do-flamengo-kenedy-testa-positivo-para-o-covid\/#primaryimage\"},\"image\":{\"@id\":\"https:\/\/www.gaveanews.com\/index.php\/2021\/08\/15\/reforco-do-flamengo-kenedy-testa-positivo-para-o-covid\/#primaryimage\"},\"thumbnailUrl\":\"https:\/\/www.gaveanews.com\/wp-content\/uploads\/Kenedy-em-treinamento.webp\",\"datePublished\":\"2021-08-16T00:37:27+00:00\",\"dateModified\":\"2021-08-16T01:04:55+00:00\",\"author\":{\"@id\":\"https:\/\/www.gaveanews.com\/#\/schema\/person\/2ec14f73fb96be2caf28f91afb14749d\"},\"breadcrumb\":{\"@id\":\"https:\/\/www.gaveanews.com\/index.php\/2021\/08\/15\/reforco-do-flamengo-kenedy-testa-positivo-para-o-covid\/#breadcrumb\"},\"inLanguage\":\"pt-BR\",\"potentialAction\":[{\"@type\":\"ReadAction\",\"target\":[\"https:\/\/www.gaveanews.com\/index.php\/2021\/08\/15\/reforco-do-flamengo-kenedy-testa-positivo-para-o-covid\/\"]}]},{\"@type\":\"ImageObject\",\"inLanguage\":\"pt-BR\",\"@id\":\"https:\/\/www.gaveanews.com\/index.php\/2021\/08\/15\/reforco-do-flamengo-kenedy-testa-positivo-para-o-covid\/#primaryimage\",\"url\":\"https:\/\/www.gaveanews.com\/wp-content\/uploads\/Kenedy-em-treinamento.webp\",\"contentUrl\":\"https:\/\/www.gaveanews.com\/wp-content\/uploads\/Kenedy-em-treinamento.webp\",\"width\":640,\"height\":640,\"caption\":\"Kenedy em treinamento (Foto: Divulga\u00e7\u00e3o\/Granada FC)\"},{\"@type\":\"BreadcrumbList\",\"@id\":\"https:\/\/www.gaveanews.com\/index.php\/2021\/08\/15\/reforco-do-flamengo-kenedy-testa-positivo-para-o-covid\/#breadcrumb\",\"itemListElement\":[{\"@type\":\"ListItem\",\"position\":1,\"name\":\"Home\",\"item\":\"https:\/\/www.gaveanews.com\/\"},{\"@type\":\"ListItem\",\"position\":2,\"name\":\"Refor\u00e7o do Flamengo, Kenedy testa positivo para o COVID\"}]},{\"@type\":\"WebSite\",\"@id\":\"https:\/\/www.gaveanews.com\/#website\",\"url\":\"https:\/\/www.gaveanews.com\/\",\"name\":\"G\u00e1vea News\",\"description\":\"Veja todas as not\u00edcias sobre o Flamengo: Contrata\u00e7\u00f5es, categorias de base, resultados das partidas, tabela de classifica\u00e7\u00e3o, pr\u00f3ximos jogos!\",\"potentialAction\":[{\"@type\":\"SearchAction\",\"target\":{\"@type\":\"EntryPoint\",\"urlTemplate\":\"https:\/\/www.gaveanews.com\/?s={search_term_string}\"},\"query-input\":{\"@type\":\"PropertyValueSpecification\",\"valueRequired\":true,\"valueName\":\"search_term_string\"}}],\"inLanguage\":\"pt-BR\"},{\"@type\":\"Person\",\"@id\":\"https:\/\/www.gaveanews.com\/#\/schema\/person\/2ec14f73fb96be2caf28f91afb14749d\",\"name\":\"Equipe G\u00e1vea News\",\"image\":{\"@type\":\"ImageObject\",\"inLanguage\":\"pt-BR\",\"@id\":\"https:\/\/www.gaveanews.com\/#\/schema\/person\/image\/\",\"url\":\"https:\/\/secure.gravatar.com\/avatar\/1e1956f1facbffd3f8fa53a326721950116b3b9dc9bd44939c01180fd4a745a9?s=96&d=mm&r=g\",\"contentUrl\":\"https:\/\/secure.gravatar.com\/avatar\/1e1956f1facbffd3f8fa53a326721950116b3b9dc9bd44939c01180fd4a745a9?s=96&d=mm&r=g\",\"caption\":\"Equipe G\u00e1vea News\"}}]}<\/script>\n<!-- \/ Yoast SEO Premium plugin. -->","yoast_head_json":{"title":"Refor\u00e7o do Flamengo, Kenedy testa positivo para o COVID","robots":{"index":"index","follow":"follow","max-snippet":"max-snippet:-1","max-image-preview":"max-image-preview:large","max-video-preview":"max-video-preview:-1"},"canonical":"https:\/\/www.gaveanews.com\/index.php\/2021\/08\/15\/reforco-do-flamengo-kenedy-testa-positivo-para-o-covid\/","og_locale":"pt_BR","og_type":"article","og_title":"Refor\u00e7o do Flamengo, Kenedy testa positivo para o COVID","og_description":"Depois de uma longa negocia\u00e7\u00e3o para conseguir a contrata\u00e7\u00e3o de Kenedy, o Flamengo pode ter mais um obst\u00e1culo para contar com o novo refor\u00e7o. O atacante est\u00e1 com suspeita de covid e precisou se isolar em um hotel ap\u00f3s o primeiro exame dar positivo. Por\u00e9m, como o segundo deu negativo e o terceiro inconclusivo, o [&hellip;]","og_url":"https:\/\/www.gaveanews.com\/index.php\/2021\/08\/15\/reforco-do-flamengo-kenedy-testa-positivo-para-o-covid\/","og_site_name":"G\u00e1vea News","article_publisher":"https:\/\/facebook.com\/gaveaNews\/","article_published_time":"2021-08-16T00:37:27+00:00","article_modified_time":"2021-08-16T01:04:55+00:00","og_image":[{"width":640,"height":640,"url":"https:\/\/www.gaveanews.com\/wp-content\/uploads\/Kenedy-em-treinamento.webp","type":"image\/jpeg"}],"author":"Equipe G\u00e1vea News","twitter_card":"summary_large_image","twitter_misc":{"Escrito por":"Equipe G\u00e1vea News","Est. tempo de leitura":"3 minutos"},"schema":{"@context":"https:\/\/schema.org","@graph":[{"@type":"NewsArticle","@id":"https:\/\/www.gaveanews.com\/index.php\/2021\/08\/15\/reforco-do-flamengo-kenedy-testa-positivo-para-o-covid\/#article","isPartOf":{"@id":"https:\/\/www.gaveanews.com\/index.php\/2021\/08\/15\/reforco-do-flamengo-kenedy-testa-positivo-para-o-covid\/"},"author":{"name":"Equipe G\u00e1vea News","@id":"https:\/\/www.gaveanews.com\/#\/schema\/person\/2ec14f73fb96be2caf28f91afb14749d"},"headline":"Refor\u00e7o do Flamengo, Kenedy testa positivo para o COVID","datePublished":"2021-08-16T00:37:27+00:00","dateModified":"2021-08-16T01:04:55+00:00","mainEntityOfPage":{"@id":"https:\/\/www.gaveanews.com\/index.php\/2021\/08\/15\/reforco-do-flamengo-kenedy-testa-positivo-para-o-covid\/"},"wordCount":572,"commentCount":4,"image":{"@id":"https:\/\/www.gaveanews.com\/index.php\/2021\/08\/15\/reforco-do-flamengo-kenedy-testa-positivo-para-o-covid\/#primaryimage"},"thumbnailUrl":"https:\/\/www.gaveanews.com\/wp-content\/uploads\/Kenedy-em-treinamento.webp","articleSection":["Negocia\u00e7\u00f5es"],"inLanguage":"pt-BR","potentialAction":[{"@type":"CommentAction","name":"Comment","target":["https:\/\/www.gaveanews.com\/index.php\/2021\/08\/15\/reforco-do-flamengo-kenedy-testa-positivo-para-o-covid\/#respond"]}],"copyrightYear":"2021","copyrightHolder":{"@id":"https:\/\/www.gaveanews.com\/#organization"}},{"@type":"WebPage","@id":"https:\/\/www.gaveanews.com\/index.php\/2021\/08\/15\/reforco-do-flamengo-kenedy-testa-positivo-para-o-covid\/","url":"https:\/\/www.gaveanews.com\/index.php\/2021\/08\/15\/reforco-do-flamengo-kenedy-testa-positivo-para-o-covid\/","name":"Refor\u00e7o do Flamengo, Kenedy testa positivo para o COVID","isPartOf":{"@id":"https:\/\/www.gaveanews.com\/#website"},"primaryImageOfPage":{"@id":"https:\/\/www.gaveanews.com\/index.php\/2021\/08\/15\/reforco-do-flamengo-kenedy-testa-positivo-para-o-covid\/#primaryimage"},"image":{"@id":"https:\/\/www.gaveanews.com\/index.php\/2021\/08\/15\/reforco-do-flamengo-kenedy-testa-positivo-para-o-covid\/#primaryimage"},"thumbnailUrl":"https:\/\/www.gaveanews.com\/wp-content\/uploads\/Kenedy-em-treinamento.webp","datePublished":"2021-08-16T00:37:27+00:00","dateModified":"2021-08-16T01:04:55+00:00","author":{"@id":"https:\/\/www.gaveanews.com\/#\/schema\/person\/2ec14f73fb96be2caf28f91afb14749d"},"breadcrumb":{"@id":"https:\/\/www.gaveanews.com\/index.php\/2021\/08\/15\/reforco-do-flamengo-kenedy-testa-positivo-para-o-covid\/#breadcrumb"},"inLanguage":"pt-BR","potentialAction":[{"@type":"ReadAction","target":["https:\/\/www.gaveanews.com\/index.php\/2021\/08\/15\/reforco-do-flamengo-kenedy-testa-positivo-para-o-covid\/"]}]},{"@type":"ImageObject","inLanguage":"pt-BR","@id":"https:\/\/www.gaveanews.com\/index.php\/2021\/08\/15\/reforco-do-flamengo-kenedy-testa-positivo-para-o-covid\/#primaryimage","url":"https:\/\/www.gaveanews.com\/wp-content\/uploads\/Kenedy-em-treinamento.webp","contentUrl":"https:\/\/www.gaveanews.com\/wp-content\/uploads\/Kenedy-em-treinamento.webp","width":640,"height":640,"caption":"Kenedy em treinamento (Foto: Divulga\u00e7\u00e3o\/Granada FC)"},{"@type":"BreadcrumbList","@id":"https:\/\/www.gaveanews.com\/index.php\/2021\/08\/15\/reforco-do-flamengo-kenedy-testa-positivo-para-o-covid\/#breadcrumb","itemListElement":[{"@type":"ListItem","position":1,"name":"Home","item":"https:\/\/www.gaveanews.com\/"},{"@type":"ListItem","position":2,"name":"Refor\u00e7o do Flamengo, Kenedy testa positivo para o COVID"}]},{"@type":"WebSite","@id":"https:\/\/www.gaveanews.com\/#website","url":"https:\/\/www.gaveanews.com\/","name":"G\u00e1vea News","description":"Veja todas as not\u00edcias sobre o Flamengo: Contrata\u00e7\u00f5es, categorias de base, resultados das partidas, tabela de classifica\u00e7\u00e3o, pr\u00f3ximos jogos!","potentialAction":[{"@type":"SearchAction","target":{"@type":"EntryPoint","urlTemplate":"https:\/\/www.gaveanews.com\/?s={search_term_string}"},"query-input":{"@type":"PropertyValueSpecification","valueRequired":true,"valueName":"search_term_string"}}],"inLanguage":"pt-BR"},{"@type":"Person","@id":"https:\/\/www.gaveanews.com\/#\/schema\/person\/2ec14f73fb96be2caf28f91afb14749d","name":"Equipe G\u00e1vea News","image":{"@type":"ImageObject","inLanguage":"pt-BR","@id":"https:\/\/www.gaveanews.com\/#\/schema\/person\/image\/","url":"https:\/\/secure.gravatar.com\/avatar\/1e1956f1facbffd3f8fa53a326721950116b3b9dc9bd44939c01180fd4a745a9?s=96&d=mm&r=g","contentUrl":"https:\/\/secure.gravatar.com\/avatar\/1e1956f1facbffd3f8fa53a326721950116b3b9dc9bd44939c01180fd4a745a9?s=96&d=mm&r=g","caption":"Equipe G\u00e1vea News"}}]}},"_links":{"self":[{"href":"https:\/\/www.gaveanews.com\/index.php\/wp-json\/wp\/v2\/posts\/66027","targetHints":{"allow":["GET"]}}],"collection":[{"href":"https:\/\/www.gaveanews.com\/index.php\/wp-json\/wp\/v2\/posts"}],"about":[{"href":"https:\/\/www.gaveanews.com\/index.php\/wp-json\/wp\/v2\/types\/post"}],"author":[{"embeddable":true,"href":"https:\/\/www.gaveanews.com\/index.php\/wp-json\/wp\/v2\/users\/1"}],"replies":[{"embeddable":true,"href":"https:\/\/www.gaveanews.com\/index.php\/wp-json\/wp\/v2\/comments?post=66027"}],"version-history":[{"count":0,"href":"https:\/\/www.gaveanews.com\/index.php\/wp-json\/wp\/v2\/posts\/66027\/revisions"}],"wp:featuredmedia":[{"embeddable":true,"href":"https:\/\/www.gaveanews.com\/index.php\/wp-json\/wp\/v2\/media\/62334"}],"wp:attachment":[{"href":"https:\/\/www.gaveanews.com\/index.php\/wp-json\/wp\/v2\/media?parent=66027"}],"wp:term":[{"taxonomy":"category","embeddable":true,"href":"https:\/\/www.gaveanews.com\/index.php\/wp-json\/wp\/v2\/categories?post=66027"},{"taxonomy":"post_tag","embeddable":true,"href":"https:\/\/www.gaveanews.com\/index.php\/wp-json\/wp\/v2\/tags?post=66027"}],"curies":[{"name":"wp","href":"https:\/\/api.w.org\/{rel}","templated":true}]}}