{"id":66030,"date":"2021-08-15T22:27:43","date_gmt":"2021-08-16T01:27:43","guid":{"rendered":"https:\/\/www.gaveanews.com\/?p=66030"},"modified":"2021-08-15T22:27:45","modified_gmt":"2021-08-16T01:27:45","slug":"marcos-braz-abre-o-jogo-sobre-renovacao-com-de-arrascaeta","status":"publish","type":"post","link":"https:\/\/www.gaveanews.com\/index.php\/2021\/08\/15\/marcos-braz-abre-o-jogo-sobre-renovacao-com-de-arrascaeta\/","title":{"rendered":"Marcos Braz abre o jogo sobre renova\u00e7\u00e3o com De Arrascaeta"},"content":{"rendered":"\n<p>Ap\u00f3s a vit\u00f3ria por 2 a 0 sobre o Sport, no est\u00e1dio Raulino de Oliveira, em Volta Redonda, o vice-presidente de futebol do Flamengo, Marcos Braz, conversou com a reportagem da emissora TNT Sports. Ele falou sobre as recentes negocia\u00e7\u00f5es com jogadores da Europa e tamb\u00e9m a renova\u00e7\u00e3o com o Arrascaeta. Confira:<\/p>\n\n\n\n<p><strong><em>\u2014 O Arrascaeta \u00e9 um jogador que \u00e9 imprescind\u00edvel pra gente. O Flamengo sempre acreditou no Arrascaeta, tanto que foi l\u00e1 e pagou o que pagou, fez cinco anos de contrato. Agora tem dois anos e meio de contrato, mais ou menos. A gente entende que precisa oferecer isso pra ele, at\u00e9 pela performance e pelo o que ele ganhou no Flamengo, a gente j\u00e1 ofereceu mais cinco anos de contrato pra ele a partir de 1\u00ba de janeiro de 2022, mas tem um outro ponto que \u00e9 em rela\u00e7\u00e3o ao empres\u00e1rio que est\u00e1 nos oferecendo os outros 25% e pede que a gente fa\u00e7a isso ao mesmo tempo.<\/em><\/strong><\/p>\n\n\n\n<p><strong><em>\u2014 A gente vem conversando com muita tranquilidade, expondo as dificuldades que o Flamengo passa em rela\u00e7\u00e3o a n\u00e3o ter p\u00fablico, como todos os outros clubes do Brasil. \u00c0s vezes o empres\u00e1rio fica mais afobado, isso \u00e9 do jogo, n\u00e3o estou aqui pra fazer nenhum ju\u00edzo em rela\u00e7\u00e3o a isso. Tem uma quest\u00e3o central a\u00ed que eu queria ter a oportunidade de falar pra voc\u00eas da TNT. Se tem um clube que acreditou no Arrascaeta, se tem uma diretoria que acreditou no Arrascaeta, foi o Flamengo. Flamengo pagou\u2026 n\u00e3o vou falar em n\u00fameros aqui, voc\u00eas que procurem vendo os balan\u00e7os do Flamengo. O Flamengo pagou um caminh\u00e3o de dinheiro por ele porque acredita nele, sempre acreditou nele, antes dele performar no Flamengo, s\u00f3 que passamos pela maior crise sanit\u00e1ria do planeta e a gente tem algumas responsabilidades. Mas tenho certeza absoluta que na hora certa a gente vai resolver esse problema com o Arrascaeta<\/em><\/strong>, concluiu o vice-presidente.<\/p>\n\n\n\n<p>Nesta semana, a reportagem da TNT Sports apurou que o Flamengo havia feito proposta pelo meia do Manchester United, Andreas Pereira. Marcos Braz comentou que o Flamengo aguarda apenas pela assinatura do time ingl\u00eas:<\/p>\n\n\n\n<p><strong><em>\u2014 O rep\u00f3rter (Fred Caldeira) est\u00e1 de parab\u00e9ns, porque foi um nome que foi escondido o tempo todo, n\u00e3o saiu em lugar nenhum. A gente tem at\u00e9 o dia 28. \u00c9 um jogador de um grande clube, um dos maiores da Europa, e a gente t\u00e1 tentando ver se a gente consegue o mesmo \u00eaxito ou espera ter o mesmo final. As tratativas est\u00e3o andando, sempre tem algum problema, sempre tem algum ponto em que d\u00e1 uma emperrada maior, ainda mais no n\u00edvel de um jogador como esse. A gente t\u00e1 feliz de estar nessa tentativa de contratar esse jogador.<\/em><\/strong><\/p>\n\n\n\n<p>Em semana movimentada no mercado, o Rubro-Negro tamb\u00e9m avan\u00e7ou em negocia\u00e7\u00f5es pelo empr\u00e9stimo do atacante Kenedy, do Chelsea. Marcos Braz revelou que o jogador ainda n\u00e3o fechou com o clube, faltando tamb\u00e9m a assinatura dos ingleses, assim como Andreas:<\/p>\n\n\n\n<p><strong><em>\u2014 Ainda n\u00e3o est\u00e1 contratado porque falta a assinatura dos ingleses. Sempre deixo isso claro. Flamengo encaminhou tudo que precisava encaminhar em rela\u00e7\u00e3o \u00e0 documenta\u00e7\u00e3o. A gente j\u00e1 fez todas as tratativas que precisava fazer, s\u00f3 que agora a gente precisa ainda da assinatura final do presidente do clube l\u00e1. Eu s\u00f3 posso ser respons\u00e1vel e falar que o jogador est\u00e1 contratado ap\u00f3s isso acontecer.<\/em><\/strong><\/p>\n\n\n\n<p>Por fim, o dirigente tamb\u00e9m brincou sobre poss\u00edvel vinda do zagueiro David Luiz: <\/p>\n\n\n\n<p><strong><em>\u2014 A torcida do Flamengo \u00e9 isso e a gente respeita. Eu sei o tamanho dessa press\u00e3o, convivo bem com essa press\u00e3o todo dia. Caso a diretoria do Flamengo contrate o Kenedy, caso contrate o Andreas, caso renove com o Arrascaeta, ainda vai ter uma sequ\u00eancia de nomes que eles t\u00e3o falando a\u00ed. Mas eu acho que isso faz parte da grandeza do Flamengo e pra estar aqui tem que ter disposi\u00e7\u00e3o, tanto no campo quanto fora tamb\u00e9m.<\/em><\/strong><\/p>\n\n\n\n<p>Retirado de: TNT Sports<\/p>\n","protected":false},"excerpt":{"rendered":"<p>Ap\u00f3s a vit\u00f3ria por 2 a 0 sobre o Sport, no est\u00e1dio Raulino de Oliveira, em Volta Redonda, o vice-presidente de futebol do Flamengo, Marcos Braz, conversou com a reportagem da emissora TNT Sports. Ele falou sobre as recentes negocia\u00e7\u00f5es com jogadores da Europa e tamb\u00e9m a renova\u00e7\u00e3o com o Arrascaeta. Confira: \u2014 O Arrascaeta [&hellip;]<\/p>\n","protected":false},"author":1,"featured_media":55463,"comment_status":"open","ping_status":"closed","sticky":false,"template":"","format":"standard","meta":{"footnotes":""},"categories":[48],"tags":[],"class_list":["post-66030","post","type-post","status-publish","format-standard","has-post-thumbnail","hentry","category-negociacoes"],"yoast_head":"<!-- This site is optimized with the Yoast SEO Premium plugin v24.2 (Yoast SEO v26.9) - https:\/\/yoast.com\/product\/yoast-seo-premium-wordpress\/ -->\n<title>Marcos Braz abre o jogo sobre renova\u00e7\u00e3o com De Arrascaeta<\/title>\n<meta name=\"robots\" content=\"index, follow, max-snippet:-1, max-image-preview:large, max-video-preview:-1\" \/>\n<link rel=\"canonical\" href=\"https:\/\/www.gaveanews.com\/index.php\/2021\/08\/15\/marcos-braz-abre-o-jogo-sobre-renovacao-com-de-arrascaeta\/\" \/>\n<meta property=\"og:locale\" content=\"pt_BR\" \/>\n<meta property=\"og:type\" content=\"article\" \/>\n<meta property=\"og:title\" content=\"Marcos Braz abre o jogo sobre renova\u00e7\u00e3o com De Arrascaeta\" \/>\n<meta property=\"og:description\" content=\"Ap\u00f3s a vit\u00f3ria por 2 a 0 sobre o Sport, no est\u00e1dio Raulino de Oliveira, em Volta Redonda, o vice-presidente de futebol do Flamengo, Marcos Braz, conversou com a reportagem da emissora TNT Sports. Ele falou sobre as recentes negocia\u00e7\u00f5es com jogadores da Europa e tamb\u00e9m a renova\u00e7\u00e3o com o Arrascaeta. Confira: \u2014 O Arrascaeta [&hellip;]\" \/>\n<meta property=\"og:url\" content=\"https:\/\/www.gaveanews.com\/index.php\/2021\/08\/15\/marcos-braz-abre-o-jogo-sobre-renovacao-com-de-arrascaeta\/\" \/>\n<meta property=\"og:site_name\" content=\"G\u00e1vea News\" \/>\n<meta property=\"article:publisher\" content=\"https:\/\/facebook.com\/gaveaNews\/\" \/>\n<meta property=\"article:published_time\" content=\"2021-08-16T01:27:43+00:00\" \/>\n<meta property=\"article:modified_time\" content=\"2021-08-16T01:27:45+00:00\" \/>\n<meta property=\"og:image\" content=\"https:\/\/www.gaveanews.com\/wp-content\/uploads\/Arrascaeta-e-Gabigol-em-acao-pelo-Flamengo-contra-o-Gremio.webp\" \/>\n\t<meta property=\"og:image:width\" content=\"799\" \/>\n\t<meta property=\"og:image:height\" content=\"532\" \/>\n\t<meta property=\"og:image:type\" content=\"image\/jpeg\" \/>\n<meta name=\"author\" content=\"Equipe G\u00e1vea News\" \/>\n<meta name=\"twitter:card\" content=\"summary_large_image\" \/>\n<meta name=\"twitter:label1\" content=\"Escrito por\" \/>\n\t<meta name=\"twitter:data1\" content=\"Equipe G\u00e1vea News\" \/>\n\t<meta name=\"twitter:label2\" content=\"Est. tempo de leitura\" \/>\n\t<meta name=\"twitter:data2\" content=\"3 minutos\" \/>\n<script type=\"application\/ld+json\" class=\"yoast-schema-graph\">{\"@context\":\"https:\/\/schema.org\",\"@graph\":[{\"@type\":\"NewsArticle\",\"@id\":\"https:\/\/www.gaveanews.com\/index.php\/2021\/08\/15\/marcos-braz-abre-o-jogo-sobre-renovacao-com-de-arrascaeta\/#article\",\"isPartOf\":{\"@id\":\"https:\/\/www.gaveanews.com\/index.php\/2021\/08\/15\/marcos-braz-abre-o-jogo-sobre-renovacao-com-de-arrascaeta\/\"},\"author\":{\"name\":\"Equipe G\u00e1vea News\",\"@id\":\"https:\/\/www.gaveanews.com\/#\/schema\/person\/2ec14f73fb96be2caf28f91afb14749d\"},\"headline\":\"Marcos Braz abre o jogo sobre renova\u00e7\u00e3o com De Arrascaeta\",\"datePublished\":\"2021-08-16T01:27:43+00:00\",\"dateModified\":\"2021-08-16T01:27:45+00:00\",\"mainEntityOfPage\":{\"@id\":\"https:\/\/www.gaveanews.com\/index.php\/2021\/08\/15\/marcos-braz-abre-o-jogo-sobre-renovacao-com-de-arrascaeta\/\"},\"wordCount\":694,\"commentCount\":15,\"image\":{\"@id\":\"https:\/\/www.gaveanews.com\/index.php\/2021\/08\/15\/marcos-braz-abre-o-jogo-sobre-renovacao-com-de-arrascaeta\/#primaryimage\"},\"thumbnailUrl\":\"https:\/\/www.gaveanews.com\/wp-content\/uploads\/Arrascaeta-e-Gabigol-em-acao-pelo-Flamengo-contra-o-Gremio.webp\",\"articleSection\":[\"Negocia\u00e7\u00f5es\"],\"inLanguage\":\"pt-BR\",\"potentialAction\":[{\"@type\":\"CommentAction\",\"name\":\"Comment\",\"target\":[\"https:\/\/www.gaveanews.com\/index.php\/2021\/08\/15\/marcos-braz-abre-o-jogo-sobre-renovacao-com-de-arrascaeta\/#respond\"]}],\"copyrightYear\":\"2021\",\"copyrightHolder\":{\"@id\":\"https:\/\/www.gaveanews.com\/#organization\"}},{\"@type\":\"WebPage\",\"@id\":\"https:\/\/www.gaveanews.com\/index.php\/2021\/08\/15\/marcos-braz-abre-o-jogo-sobre-renovacao-com-de-arrascaeta\/\",\"url\":\"https:\/\/www.gaveanews.com\/index.php\/2021\/08\/15\/marcos-braz-abre-o-jogo-sobre-renovacao-com-de-arrascaeta\/\",\"name\":\"Marcos Braz abre o jogo sobre renova\u00e7\u00e3o com De Arrascaeta\",\"isPartOf\":{\"@id\":\"https:\/\/www.gaveanews.com\/#website\"},\"primaryImageOfPage\":{\"@id\":\"https:\/\/www.gaveanews.com\/index.php\/2021\/08\/15\/marcos-braz-abre-o-jogo-sobre-renovacao-com-de-arrascaeta\/#primaryimage\"},\"image\":{\"@id\":\"https:\/\/www.gaveanews.com\/index.php\/2021\/08\/15\/marcos-braz-abre-o-jogo-sobre-renovacao-com-de-arrascaeta\/#primaryimage\"},\"thumbnailUrl\":\"https:\/\/www.gaveanews.com\/wp-content\/uploads\/Arrascaeta-e-Gabigol-em-acao-pelo-Flamengo-contra-o-Gremio.webp\",\"datePublished\":\"2021-08-16T01:27:43+00:00\",\"dateModified\":\"2021-08-16T01:27:45+00:00\",\"author\":{\"@id\":\"https:\/\/www.gaveanews.com\/#\/schema\/person\/2ec14f73fb96be2caf28f91afb14749d\"},\"breadcrumb\":{\"@id\":\"https:\/\/www.gaveanews.com\/index.php\/2021\/08\/15\/marcos-braz-abre-o-jogo-sobre-renovacao-com-de-arrascaeta\/#breadcrumb\"},\"inLanguage\":\"pt-BR\",\"potentialAction\":[{\"@type\":\"ReadAction\",\"target\":[\"https:\/\/www.gaveanews.com\/index.php\/2021\/08\/15\/marcos-braz-abre-o-jogo-sobre-renovacao-com-de-arrascaeta\/\"]}]},{\"@type\":\"ImageObject\",\"inLanguage\":\"pt-BR\",\"@id\":\"https:\/\/www.gaveanews.com\/index.php\/2021\/08\/15\/marcos-braz-abre-o-jogo-sobre-renovacao-com-de-arrascaeta\/#primaryimage\",\"url\":\"https:\/\/www.gaveanews.com\/wp-content\/uploads\/Arrascaeta-e-Gabigol-em-acao-pelo-Flamengo-contra-o-Gremio.webp\",\"contentUrl\":\"https:\/\/www.gaveanews.com\/wp-content\/uploads\/Arrascaeta-e-Gabigol-em-acao-pelo-Flamengo-contra-o-Gremio.webp\",\"width\":799,\"height\":532,\"caption\":\"Arrascaeta e Gabigol em a\u00e7\u00e3o pelo Flamengo contra o Gr\u00eamio (Foto: Alexandre Vidal\/Flamengo)\"},{\"@type\":\"BreadcrumbList\",\"@id\":\"https:\/\/www.gaveanews.com\/index.php\/2021\/08\/15\/marcos-braz-abre-o-jogo-sobre-renovacao-com-de-arrascaeta\/#breadcrumb\",\"itemListElement\":[{\"@type\":\"ListItem\",\"position\":1,\"name\":\"Home\",\"item\":\"https:\/\/www.gaveanews.com\/\"},{\"@type\":\"ListItem\",\"position\":2,\"name\":\"Marcos Braz abre o jogo sobre renova\u00e7\u00e3o com De Arrascaeta\"}]},{\"@type\":\"WebSite\",\"@id\":\"https:\/\/www.gaveanews.com\/#website\",\"url\":\"https:\/\/www.gaveanews.com\/\",\"name\":\"G\u00e1vea News\",\"description\":\"Veja todas as not\u00edcias sobre o Flamengo: Contrata\u00e7\u00f5es, categorias de base, resultados das partidas, tabela de classifica\u00e7\u00e3o, pr\u00f3ximos jogos!\",\"potentialAction\":[{\"@type\":\"SearchAction\",\"target\":{\"@type\":\"EntryPoint\",\"urlTemplate\":\"https:\/\/www.gaveanews.com\/?s={search_term_string}\"},\"query-input\":{\"@type\":\"PropertyValueSpecification\",\"valueRequired\":true,\"valueName\":\"search_term_string\"}}],\"inLanguage\":\"pt-BR\"},{\"@type\":\"Person\",\"@id\":\"https:\/\/www.gaveanews.com\/#\/schema\/person\/2ec14f73fb96be2caf28f91afb14749d\",\"name\":\"Equipe G\u00e1vea News\",\"image\":{\"@type\":\"ImageObject\",\"inLanguage\":\"pt-BR\",\"@id\":\"https:\/\/www.gaveanews.com\/#\/schema\/person\/image\/\",\"url\":\"https:\/\/secure.gravatar.com\/avatar\/1e1956f1facbffd3f8fa53a326721950116b3b9dc9bd44939c01180fd4a745a9?s=96&d=mm&r=g\",\"contentUrl\":\"https:\/\/secure.gravatar.com\/avatar\/1e1956f1facbffd3f8fa53a326721950116b3b9dc9bd44939c01180fd4a745a9?s=96&d=mm&r=g\",\"caption\":\"Equipe G\u00e1vea News\"}}]}<\/script>\n<!-- \/ Yoast SEO Premium plugin. -->","yoast_head_json":{"title":"Marcos Braz abre o jogo sobre renova\u00e7\u00e3o com De Arrascaeta","robots":{"index":"index","follow":"follow","max-snippet":"max-snippet:-1","max-image-preview":"max-image-preview:large","max-video-preview":"max-video-preview:-1"},"canonical":"https:\/\/www.gaveanews.com\/index.php\/2021\/08\/15\/marcos-braz-abre-o-jogo-sobre-renovacao-com-de-arrascaeta\/","og_locale":"pt_BR","og_type":"article","og_title":"Marcos Braz abre o jogo sobre renova\u00e7\u00e3o com De Arrascaeta","og_description":"Ap\u00f3s a vit\u00f3ria por 2 a 0 sobre o Sport, no est\u00e1dio Raulino de Oliveira, em Volta Redonda, o vice-presidente de futebol do Flamengo, Marcos Braz, conversou com a reportagem da emissora TNT Sports. Ele falou sobre as recentes negocia\u00e7\u00f5es com jogadores da Europa e tamb\u00e9m a renova\u00e7\u00e3o com o Arrascaeta. Confira: \u2014 O Arrascaeta [&hellip;]","og_url":"https:\/\/www.gaveanews.com\/index.php\/2021\/08\/15\/marcos-braz-abre-o-jogo-sobre-renovacao-com-de-arrascaeta\/","og_site_name":"G\u00e1vea News","article_publisher":"https:\/\/facebook.com\/gaveaNews\/","article_published_time":"2021-08-16T01:27:43+00:00","article_modified_time":"2021-08-16T01:27:45+00:00","og_image":[{"width":799,"height":532,"url":"https:\/\/www.gaveanews.com\/wp-content\/uploads\/Arrascaeta-e-Gabigol-em-acao-pelo-Flamengo-contra-o-Gremio.webp","type":"image\/jpeg"}],"author":"Equipe G\u00e1vea News","twitter_card":"summary_large_image","twitter_misc":{"Escrito por":"Equipe G\u00e1vea News","Est. tempo de leitura":"3 minutos"},"schema":{"@context":"https:\/\/schema.org","@graph":[{"@type":"NewsArticle","@id":"https:\/\/www.gaveanews.com\/index.php\/2021\/08\/15\/marcos-braz-abre-o-jogo-sobre-renovacao-com-de-arrascaeta\/#article","isPartOf":{"@id":"https:\/\/www.gaveanews.com\/index.php\/2021\/08\/15\/marcos-braz-abre-o-jogo-sobre-renovacao-com-de-arrascaeta\/"},"author":{"name":"Equipe G\u00e1vea News","@id":"https:\/\/www.gaveanews.com\/#\/schema\/person\/2ec14f73fb96be2caf28f91afb14749d"},"headline":"Marcos Braz abre o jogo sobre renova\u00e7\u00e3o com De Arrascaeta","datePublished":"2021-08-16T01:27:43+00:00","dateModified":"2021-08-16T01:27:45+00:00","mainEntityOfPage":{"@id":"https:\/\/www.gaveanews.com\/index.php\/2021\/08\/15\/marcos-braz-abre-o-jogo-sobre-renovacao-com-de-arrascaeta\/"},"wordCount":694,"commentCount":15,"image":{"@id":"https:\/\/www.gaveanews.com\/index.php\/2021\/08\/15\/marcos-braz-abre-o-jogo-sobre-renovacao-com-de-arrascaeta\/#primaryimage"},"thumbnailUrl":"https:\/\/www.gaveanews.com\/wp-content\/uploads\/Arrascaeta-e-Gabigol-em-acao-pelo-Flamengo-contra-o-Gremio.webp","articleSection":["Negocia\u00e7\u00f5es"],"inLanguage":"pt-BR","potentialAction":[{"@type":"CommentAction","name":"Comment","target":["https:\/\/www.gaveanews.com\/index.php\/2021\/08\/15\/marcos-braz-abre-o-jogo-sobre-renovacao-com-de-arrascaeta\/#respond"]}],"copyrightYear":"2021","copyrightHolder":{"@id":"https:\/\/www.gaveanews.com\/#organization"}},{"@type":"WebPage","@id":"https:\/\/www.gaveanews.com\/index.php\/2021\/08\/15\/marcos-braz-abre-o-jogo-sobre-renovacao-com-de-arrascaeta\/","url":"https:\/\/www.gaveanews.com\/index.php\/2021\/08\/15\/marcos-braz-abre-o-jogo-sobre-renovacao-com-de-arrascaeta\/","name":"Marcos Braz abre o jogo sobre renova\u00e7\u00e3o com De Arrascaeta","isPartOf":{"@id":"https:\/\/www.gaveanews.com\/#website"},"primaryImageOfPage":{"@id":"https:\/\/www.gaveanews.com\/index.php\/2021\/08\/15\/marcos-braz-abre-o-jogo-sobre-renovacao-com-de-arrascaeta\/#primaryimage"},"image":{"@id":"https:\/\/www.gaveanews.com\/index.php\/2021\/08\/15\/marcos-braz-abre-o-jogo-sobre-renovacao-com-de-arrascaeta\/#primaryimage"},"thumbnailUrl":"https:\/\/www.gaveanews.com\/wp-content\/uploads\/Arrascaeta-e-Gabigol-em-acao-pelo-Flamengo-contra-o-Gremio.webp","datePublished":"2021-08-16T01:27:43+00:00","dateModified":"2021-08-16T01:27:45+00:00","author":{"@id":"https:\/\/www.gaveanews.com\/#\/schema\/person\/2ec14f73fb96be2caf28f91afb14749d"},"breadcrumb":{"@id":"https:\/\/www.gaveanews.com\/index.php\/2021\/08\/15\/marcos-braz-abre-o-jogo-sobre-renovacao-com-de-arrascaeta\/#breadcrumb"},"inLanguage":"pt-BR","potentialAction":[{"@type":"ReadAction","target":["https:\/\/www.gaveanews.com\/index.php\/2021\/08\/15\/marcos-braz-abre-o-jogo-sobre-renovacao-com-de-arrascaeta\/"]}]},{"@type":"ImageObject","inLanguage":"pt-BR","@id":"https:\/\/www.gaveanews.com\/index.php\/2021\/08\/15\/marcos-braz-abre-o-jogo-sobre-renovacao-com-de-arrascaeta\/#primaryimage","url":"https:\/\/www.gaveanews.com\/wp-content\/uploads\/Arrascaeta-e-Gabigol-em-acao-pelo-Flamengo-contra-o-Gremio.webp","contentUrl":"https:\/\/www.gaveanews.com\/wp-content\/uploads\/Arrascaeta-e-Gabigol-em-acao-pelo-Flamengo-contra-o-Gremio.webp","width":799,"height":532,"caption":"Arrascaeta e Gabigol em a\u00e7\u00e3o pelo Flamengo contra o Gr\u00eamio (Foto: Alexandre Vidal\/Flamengo)"},{"@type":"BreadcrumbList","@id":"https:\/\/www.gaveanews.com\/index.php\/2021\/08\/15\/marcos-braz-abre-o-jogo-sobre-renovacao-com-de-arrascaeta\/#breadcrumb","itemListElement":[{"@type":"ListItem","position":1,"name":"Home","item":"https:\/\/www.gaveanews.com\/"},{"@type":"ListItem","position":2,"name":"Marcos Braz abre o jogo sobre renova\u00e7\u00e3o com De Arrascaeta"}]},{"@type":"WebSite","@id":"https:\/\/www.gaveanews.com\/#website","url":"https:\/\/www.gaveanews.com\/","name":"G\u00e1vea News","description":"Veja todas as not\u00edcias sobre o Flamengo: Contrata\u00e7\u00f5es, categorias de base, resultados das partidas, tabela de classifica\u00e7\u00e3o, pr\u00f3ximos jogos!","potentialAction":[{"@type":"SearchAction","target":{"@type":"EntryPoint","urlTemplate":"https:\/\/www.gaveanews.com\/?s={search_term_string}"},"query-input":{"@type":"PropertyValueSpecification","valueRequired":true,"valueName":"search_term_string"}}],"inLanguage":"pt-BR"},{"@type":"Person","@id":"https:\/\/www.gaveanews.com\/#\/schema\/person\/2ec14f73fb96be2caf28f91afb14749d","name":"Equipe G\u00e1vea News","image":{"@type":"ImageObject","inLanguage":"pt-BR","@id":"https:\/\/www.gaveanews.com\/#\/schema\/person\/image\/","url":"https:\/\/secure.gravatar.com\/avatar\/1e1956f1facbffd3f8fa53a326721950116b3b9dc9bd44939c01180fd4a745a9?s=96&d=mm&r=g","contentUrl":"https:\/\/secure.gravatar.com\/avatar\/1e1956f1facbffd3f8fa53a326721950116b3b9dc9bd44939c01180fd4a745a9?s=96&d=mm&r=g","caption":"Equipe G\u00e1vea News"}}]}},"_links":{"self":[{"href":"https:\/\/www.gaveanews.com\/index.php\/wp-json\/wp\/v2\/posts\/66030","targetHints":{"allow":["GET"]}}],"collection":[{"href":"https:\/\/www.gaveanews.com\/index.php\/wp-json\/wp\/v2\/posts"}],"about":[{"href":"https:\/\/www.gaveanews.com\/index.php\/wp-json\/wp\/v2\/types\/post"}],"author":[{"embeddable":true,"href":"https:\/\/www.gaveanews.com\/index.php\/wp-json\/wp\/v2\/users\/1"}],"replies":[{"embeddable":true,"href":"https:\/\/www.gaveanews.com\/index.php\/wp-json\/wp\/v2\/comments?post=66030"}],"version-history":[{"count":0,"href":"https:\/\/www.gaveanews.com\/index.php\/wp-json\/wp\/v2\/posts\/66030\/revisions"}],"wp:featuredmedia":[{"embeddable":true,"href":"https:\/\/www.gaveanews.com\/index.php\/wp-json\/wp\/v2\/media\/55463"}],"wp:attachment":[{"href":"https:\/\/www.gaveanews.com\/index.php\/wp-json\/wp\/v2\/media?parent=66030"}],"wp:term":[{"taxonomy":"category","embeddable":true,"href":"https:\/\/www.gaveanews.com\/index.php\/wp-json\/wp\/v2\/categories?post=66030"},{"taxonomy":"post_tag","embeddable":true,"href":"https:\/\/www.gaveanews.com\/index.php\/wp-json\/wp\/v2\/tags?post=66030"}],"curies":[{"name":"wp","href":"https:\/\/api.w.org\/{rel}","templated":true}]}}