{"id":66032,"date":"2021-08-15T22:54:36","date_gmt":"2021-08-16T01:54:36","guid":{"rendered":"https:\/\/www.gaveanews.com\/?p=66032"},"modified":"2021-08-15T23:10:15","modified_gmt":"2021-08-16T02:10:15","slug":"leo-pereira-e-bruno-viana-sao-elogiados-pela-torcida-do-flamengo","status":"publish","type":"post","link":"https:\/\/www.gaveanews.com\/index.php\/2021\/08\/15\/leo-pereira-e-bruno-viana-sao-elogiados-pela-torcida-do-flamengo\/","title":{"rendered":"L\u00e9o Pereira e Bruno Viana s\u00e3o elogiados pela torcida do Flamengo"},"content":{"rendered":"\n<p>Na tarde deste domingo (15), o Flamengo recebeu o Sport (em Volta Redonda) e venceu por 2 a 0, com gols de Bruno Henrique e Everton Ribeiro. Mas a dupla que foi mais elogiada pelos torcedores foi a formada por L\u00e9o Pereira e Bruno Viana.<\/p>\n\n\n\n<p>Com a aus\u00eancia de Rodrigo Caio (lesionado) e Gustavo Henrique (quadro gripal), os dois formaram a zaga do time carioca e se sa\u00edram muito bem. Acostumados a ouvirem muitas cr\u00edticas, ambos receberam diversos elogios pela exibi\u00e7\u00e3o frente aos pernambucanos.\u00a0<strong>Confira a repercuss\u00e3o<\/strong>:<\/p>\n\n\n\n<figure class=\"wp-block-embed is-type-rich is-provider-twitter wp-block-embed-twitter\"><div class=\"wp-block-embed__wrapper\">\n<blockquote class=\"twitter-tweet\" data-width=\"550\" data-dnt=\"true\"><p lang=\"pt\" dir=\"ltr\">Quando tem q elogiar, a gente elogia&#8230;<br><br>Bruno Viana e Leo Pereira foram bem DEMAIS&#8230; EXCELENTE PARTIDA!<\/p>&mdash; Wyllkson\u1d9c\u02b3\u1da0 \ud80c\udd51 \u00b9\u2078\u2079\u2075 (@WilsonCrf_Fla) <a href=\"https:\/\/twitter.com\/WilsonCrf_Fla\/status\/1427012741437472776?ref_src=twsrc%5Etfw\">August 15, 2021<\/a><\/blockquote><script async src=\"https:\/\/platform.twitter.com\/widgets.js\" charset=\"utf-8\"><\/script>\n<\/div><\/figure>\n\n\n\n<figure class=\"wp-block-embed is-type-rich is-provider-twitter wp-block-embed-twitter\"><div class=\"wp-block-embed__wrapper\">\nhttps:\/\/twitter.com\/patrick_1972\/status\/1427012332065017856\n<\/div><\/figure>\n\n\n\n<figure class=\"wp-block-embed is-type-rich is-provider-twitter wp-block-embed-twitter\"><div class=\"wp-block-embed__wrapper\">\n<blockquote class=\"twitter-tweet\" data-width=\"550\" data-dnt=\"true\"><p lang=\"pt\" dir=\"ltr\">N\u00e3o ter sofrido gol jogando com Bruno Viana e L\u00e9o Pereira foi o ponto mais positivo dessa partida.<\/p>&mdash; FlamengoREI (@FlaRei_1895) <a href=\"https:\/\/twitter.com\/FlaRei_1895\/status\/1427011359615725572?ref_src=twsrc%5Etfw\">August 15, 2021<\/a><\/blockquote><script async src=\"https:\/\/platform.twitter.com\/widgets.js\" charset=\"utf-8\"><\/script>\n<\/div><\/figure>\n\n\n\n<figure class=\"wp-block-embed is-type-rich is-provider-twitter wp-block-embed-twitter\"><div class=\"wp-block-embed__wrapper\">\nhttps:\/\/twitter.com\/bh27depre\/status\/1427011864450551811\n<\/div><\/figure>\n\n\n\n<figure class=\"wp-block-embed is-type-rich is-provider-twitter wp-block-embed-twitter\"><div class=\"wp-block-embed__wrapper\">\nhttps:\/\/twitter.com\/CosenzaGiuliano\/status\/1427011077087322113\n<\/div><\/figure>\n\n\n\n<figure class=\"wp-block-embed is-type-rich is-provider-twitter wp-block-embed-twitter\"><div class=\"wp-block-embed__wrapper\">\n<blockquote class=\"twitter-tweet\" data-width=\"550\" data-dnt=\"true\"><p lang=\"pt\" dir=\"ltr\">tweet exclusivo pra enaltecer a boa partida que L\u00e9o Pereira e Bruno Viana fizeram<\/p>&mdash; Cavalinho Do Flamengo (@cavalinho1895) <a href=\"https:\/\/twitter.com\/cavalinho1895\/status\/1427011098432135178?ref_src=twsrc%5Etfw\">August 15, 2021<\/a><\/blockquote><script async src=\"https:\/\/platform.twitter.com\/widgets.js\" charset=\"utf-8\"><\/script>\n<\/div><\/figure>\n\n\n\n<p>Retirado de: TNT Sports <\/p>\n","protected":false},"excerpt":{"rendered":"<p>Na tarde deste domingo (15), o Flamengo recebeu o Sport (em Volta Redonda) e venceu por 2 a 0, com gols de Bruno Henrique e Everton Ribeiro. Mas a dupla que foi mais elogiada pelos torcedores foi a formada por L\u00e9o Pereira e Bruno Viana. Com a aus\u00eancia de Rodrigo Caio (lesionado) e Gustavo Henrique [&hellip;]<\/p>\n","protected":false},"author":1,"featured_media":66033,"comment_status":"open","ping_status":"closed","sticky":false,"template":"","format":"standard","meta":{"footnotes":""},"categories":[1],"tags":[],"class_list":["post-66032","post","type-post","status-publish","format-standard","has-post-thumbnail","hentry","category-flamengo"],"yoast_head":"<!-- This site is optimized with the Yoast SEO Premium plugin v24.2 (Yoast SEO v26.9) - https:\/\/yoast.com\/product\/yoast-seo-premium-wordpress\/ -->\n<title>L\u00e9o Pereira e Bruno Viana s\u00e3o elogiados pela torcida do Flamengo<\/title>\n<meta name=\"robots\" content=\"index, follow, max-snippet:-1, max-image-preview:large, max-video-preview:-1\" \/>\n<link rel=\"canonical\" href=\"https:\/\/www.gaveanews.com\/index.php\/2021\/08\/15\/leo-pereira-e-bruno-viana-sao-elogiados-pela-torcida-do-flamengo\/\" \/>\n<meta property=\"og:locale\" content=\"pt_BR\" \/>\n<meta property=\"og:type\" content=\"article\" \/>\n<meta property=\"og:title\" content=\"L\u00e9o Pereira e Bruno Viana s\u00e3o elogiados pela torcida do Flamengo\" \/>\n<meta property=\"og:description\" content=\"Na tarde deste domingo (15), o Flamengo recebeu o Sport (em Volta Redonda) e venceu por 2 a 0, com gols de Bruno Henrique e Everton Ribeiro. Mas a dupla que foi mais elogiada pelos torcedores foi a formada por L\u00e9o Pereira e Bruno Viana. Com a aus\u00eancia de Rodrigo Caio (lesionado) e Gustavo Henrique [&hellip;]\" \/>\n<meta property=\"og:url\" content=\"https:\/\/www.gaveanews.com\/index.php\/2021\/08\/15\/leo-pereira-e-bruno-viana-sao-elogiados-pela-torcida-do-flamengo\/\" \/>\n<meta property=\"og:site_name\" content=\"G\u00e1vea News\" \/>\n<meta property=\"article:publisher\" content=\"https:\/\/facebook.com\/gaveaNews\/\" \/>\n<meta property=\"article:published_time\" content=\"2021-08-16T01:54:36+00:00\" \/>\n<meta property=\"article:modified_time\" content=\"2021-08-16T02:10:15+00:00\" \/>\n<meta property=\"og:image\" content=\"https:\/\/www.gaveanews.com\/wp-content\/uploads\/Leo-Pereira-em-acao-pelo-Flamengo-durante-a-partida-contra-o-Sport-pelo-Campeonato-Brasileiro-da-temporada-de-2021.webp\" \/>\n\t<meta property=\"og:image:width\" content=\"800\" \/>\n\t<meta property=\"og:image:height\" content=\"533\" \/>\n\t<meta property=\"og:image:type\" content=\"image\/jpeg\" \/>\n<meta name=\"author\" content=\"Equipe G\u00e1vea News\" \/>\n<meta name=\"twitter:card\" content=\"summary_large_image\" \/>\n<meta name=\"twitter:label1\" content=\"Escrito por\" \/>\n\t<meta name=\"twitter:data1\" content=\"Equipe G\u00e1vea News\" \/>\n\t<meta name=\"twitter:label2\" content=\"Est. tempo de leitura\" \/>\n\t<meta name=\"twitter:data2\" content=\"1 minuto\" \/>\n<script type=\"application\/ld+json\" class=\"yoast-schema-graph\">{\"@context\":\"https:\/\/schema.org\",\"@graph\":[{\"@type\":\"NewsArticle\",\"@id\":\"https:\/\/www.gaveanews.com\/index.php\/2021\/08\/15\/leo-pereira-e-bruno-viana-sao-elogiados-pela-torcida-do-flamengo\/#article\",\"isPartOf\":{\"@id\":\"https:\/\/www.gaveanews.com\/index.php\/2021\/08\/15\/leo-pereira-e-bruno-viana-sao-elogiados-pela-torcida-do-flamengo\/\"},\"author\":{\"name\":\"Equipe G\u00e1vea News\",\"@id\":\"https:\/\/www.gaveanews.com\/#\/schema\/person\/2ec14f73fb96be2caf28f91afb14749d\"},\"headline\":\"L\u00e9o Pereira e Bruno Viana s\u00e3o elogiados pela torcida do Flamengo\",\"datePublished\":\"2021-08-16T01:54:36+00:00\",\"dateModified\":\"2021-08-16T02:10:15+00:00\",\"mainEntityOfPage\":{\"@id\":\"https:\/\/www.gaveanews.com\/index.php\/2021\/08\/15\/leo-pereira-e-bruno-viana-sao-elogiados-pela-torcida-do-flamengo\/\"},\"wordCount\":139,\"commentCount\":3,\"image\":{\"@id\":\"https:\/\/www.gaveanews.com\/index.php\/2021\/08\/15\/leo-pereira-e-bruno-viana-sao-elogiados-pela-torcida-do-flamengo\/#primaryimage\"},\"thumbnailUrl\":\"https:\/\/www.gaveanews.com\/wp-content\/uploads\/Leo-Pereira-em-acao-pelo-Flamengo-durante-a-partida-contra-o-Sport-pelo-Campeonato-Brasileiro-da-temporada-de-2021.webp\",\"articleSection\":[\"Flamengo\"],\"inLanguage\":\"pt-BR\",\"potentialAction\":[{\"@type\":\"CommentAction\",\"name\":\"Comment\",\"target\":[\"https:\/\/www.gaveanews.com\/index.php\/2021\/08\/15\/leo-pereira-e-bruno-viana-sao-elogiados-pela-torcida-do-flamengo\/#respond\"]}],\"copyrightYear\":\"2021\",\"copyrightHolder\":{\"@id\":\"https:\/\/www.gaveanews.com\/#organization\"}},{\"@type\":\"WebPage\",\"@id\":\"https:\/\/www.gaveanews.com\/index.php\/2021\/08\/15\/leo-pereira-e-bruno-viana-sao-elogiados-pela-torcida-do-flamengo\/\",\"url\":\"https:\/\/www.gaveanews.com\/index.php\/2021\/08\/15\/leo-pereira-e-bruno-viana-sao-elogiados-pela-torcida-do-flamengo\/\",\"name\":\"L\u00e9o Pereira e Bruno Viana s\u00e3o elogiados pela torcida do Flamengo\",\"isPartOf\":{\"@id\":\"https:\/\/www.gaveanews.com\/#website\"},\"primaryImageOfPage\":{\"@id\":\"https:\/\/www.gaveanews.com\/index.php\/2021\/08\/15\/leo-pereira-e-bruno-viana-sao-elogiados-pela-torcida-do-flamengo\/#primaryimage\"},\"image\":{\"@id\":\"https:\/\/www.gaveanews.com\/index.php\/2021\/08\/15\/leo-pereira-e-bruno-viana-sao-elogiados-pela-torcida-do-flamengo\/#primaryimage\"},\"thumbnailUrl\":\"https:\/\/www.gaveanews.com\/wp-content\/uploads\/Leo-Pereira-em-acao-pelo-Flamengo-durante-a-partida-contra-o-Sport-pelo-Campeonato-Brasileiro-da-temporada-de-2021.webp\",\"datePublished\":\"2021-08-16T01:54:36+00:00\",\"dateModified\":\"2021-08-16T02:10:15+00:00\",\"author\":{\"@id\":\"https:\/\/www.gaveanews.com\/#\/schema\/person\/2ec14f73fb96be2caf28f91afb14749d\"},\"breadcrumb\":{\"@id\":\"https:\/\/www.gaveanews.com\/index.php\/2021\/08\/15\/leo-pereira-e-bruno-viana-sao-elogiados-pela-torcida-do-flamengo\/#breadcrumb\"},\"inLanguage\":\"pt-BR\",\"potentialAction\":[{\"@type\":\"ReadAction\",\"target\":[\"https:\/\/www.gaveanews.com\/index.php\/2021\/08\/15\/leo-pereira-e-bruno-viana-sao-elogiados-pela-torcida-do-flamengo\/\"]}]},{\"@type\":\"ImageObject\",\"inLanguage\":\"pt-BR\",\"@id\":\"https:\/\/www.gaveanews.com\/index.php\/2021\/08\/15\/leo-pereira-e-bruno-viana-sao-elogiados-pela-torcida-do-flamengo\/#primaryimage\",\"url\":\"https:\/\/www.gaveanews.com\/wp-content\/uploads\/Leo-Pereira-em-acao-pelo-Flamengo-durante-a-partida-contra-o-Sport-pelo-Campeonato-Brasileiro-da-temporada-de-2021.webp\",\"contentUrl\":\"https:\/\/www.gaveanews.com\/wp-content\/uploads\/Leo-Pereira-em-acao-pelo-Flamengo-durante-a-partida-contra-o-Sport-pelo-Campeonato-Brasileiro-da-temporada-de-2021.webp\",\"width\":800,\"height\":533,\"caption\":\"L\u00e9o Pereira em a\u00e7\u00e3o pelo Flamengo durante a partida contra o Sport pelo Campeonato Brasileiro da temporada de 2021 (Foto: Marcelo Cortes\/Flamengo)\"},{\"@type\":\"BreadcrumbList\",\"@id\":\"https:\/\/www.gaveanews.com\/index.php\/2021\/08\/15\/leo-pereira-e-bruno-viana-sao-elogiados-pela-torcida-do-flamengo\/#breadcrumb\",\"itemListElement\":[{\"@type\":\"ListItem\",\"position\":1,\"name\":\"Home\",\"item\":\"https:\/\/www.gaveanews.com\/\"},{\"@type\":\"ListItem\",\"position\":2,\"name\":\"L\u00e9o Pereira e Bruno Viana s\u00e3o elogiados pela torcida do Flamengo\"}]},{\"@type\":\"WebSite\",\"@id\":\"https:\/\/www.gaveanews.com\/#website\",\"url\":\"https:\/\/www.gaveanews.com\/\",\"name\":\"G\u00e1vea News\",\"description\":\"Veja todas as not\u00edcias sobre o Flamengo: Contrata\u00e7\u00f5es, categorias de base, resultados das partidas, tabela de classifica\u00e7\u00e3o, pr\u00f3ximos jogos!\",\"potentialAction\":[{\"@type\":\"SearchAction\",\"target\":{\"@type\":\"EntryPoint\",\"urlTemplate\":\"https:\/\/www.gaveanews.com\/?s={search_term_string}\"},\"query-input\":{\"@type\":\"PropertyValueSpecification\",\"valueRequired\":true,\"valueName\":\"search_term_string\"}}],\"inLanguage\":\"pt-BR\"},{\"@type\":\"Person\",\"@id\":\"https:\/\/www.gaveanews.com\/#\/schema\/person\/2ec14f73fb96be2caf28f91afb14749d\",\"name\":\"Equipe G\u00e1vea News\",\"image\":{\"@type\":\"ImageObject\",\"inLanguage\":\"pt-BR\",\"@id\":\"https:\/\/www.gaveanews.com\/#\/schema\/person\/image\/\",\"url\":\"https:\/\/secure.gravatar.com\/avatar\/1e1956f1facbffd3f8fa53a326721950116b3b9dc9bd44939c01180fd4a745a9?s=96&d=mm&r=g\",\"contentUrl\":\"https:\/\/secure.gravatar.com\/avatar\/1e1956f1facbffd3f8fa53a326721950116b3b9dc9bd44939c01180fd4a745a9?s=96&d=mm&r=g\",\"caption\":\"Equipe G\u00e1vea News\"}}]}<\/script>\n<!-- \/ Yoast SEO Premium plugin. -->","yoast_head_json":{"title":"L\u00e9o Pereira e Bruno Viana s\u00e3o elogiados pela torcida do Flamengo","robots":{"index":"index","follow":"follow","max-snippet":"max-snippet:-1","max-image-preview":"max-image-preview:large","max-video-preview":"max-video-preview:-1"},"canonical":"https:\/\/www.gaveanews.com\/index.php\/2021\/08\/15\/leo-pereira-e-bruno-viana-sao-elogiados-pela-torcida-do-flamengo\/","og_locale":"pt_BR","og_type":"article","og_title":"L\u00e9o Pereira e Bruno Viana s\u00e3o elogiados pela torcida do Flamengo","og_description":"Na tarde deste domingo (15), o Flamengo recebeu o Sport (em Volta Redonda) e venceu por 2 a 0, com gols de Bruno Henrique e Everton Ribeiro. Mas a dupla que foi mais elogiada pelos torcedores foi a formada por L\u00e9o Pereira e Bruno Viana. Com a aus\u00eancia de Rodrigo Caio (lesionado) e Gustavo Henrique [&hellip;]","og_url":"https:\/\/www.gaveanews.com\/index.php\/2021\/08\/15\/leo-pereira-e-bruno-viana-sao-elogiados-pela-torcida-do-flamengo\/","og_site_name":"G\u00e1vea News","article_publisher":"https:\/\/facebook.com\/gaveaNews\/","article_published_time":"2021-08-16T01:54:36+00:00","article_modified_time":"2021-08-16T02:10:15+00:00","og_image":[{"width":800,"height":533,"url":"https:\/\/www.gaveanews.com\/wp-content\/uploads\/Leo-Pereira-em-acao-pelo-Flamengo-durante-a-partida-contra-o-Sport-pelo-Campeonato-Brasileiro-da-temporada-de-2021.webp","type":"image\/jpeg"}],"author":"Equipe G\u00e1vea News","twitter_card":"summary_large_image","twitter_misc":{"Escrito por":"Equipe G\u00e1vea News","Est. tempo de leitura":"1 minuto"},"schema":{"@context":"https:\/\/schema.org","@graph":[{"@type":"NewsArticle","@id":"https:\/\/www.gaveanews.com\/index.php\/2021\/08\/15\/leo-pereira-e-bruno-viana-sao-elogiados-pela-torcida-do-flamengo\/#article","isPartOf":{"@id":"https:\/\/www.gaveanews.com\/index.php\/2021\/08\/15\/leo-pereira-e-bruno-viana-sao-elogiados-pela-torcida-do-flamengo\/"},"author":{"name":"Equipe G\u00e1vea News","@id":"https:\/\/www.gaveanews.com\/#\/schema\/person\/2ec14f73fb96be2caf28f91afb14749d"},"headline":"L\u00e9o Pereira e Bruno Viana s\u00e3o elogiados pela torcida do Flamengo","datePublished":"2021-08-16T01:54:36+00:00","dateModified":"2021-08-16T02:10:15+00:00","mainEntityOfPage":{"@id":"https:\/\/www.gaveanews.com\/index.php\/2021\/08\/15\/leo-pereira-e-bruno-viana-sao-elogiados-pela-torcida-do-flamengo\/"},"wordCount":139,"commentCount":3,"image":{"@id":"https:\/\/www.gaveanews.com\/index.php\/2021\/08\/15\/leo-pereira-e-bruno-viana-sao-elogiados-pela-torcida-do-flamengo\/#primaryimage"},"thumbnailUrl":"https:\/\/www.gaveanews.com\/wp-content\/uploads\/Leo-Pereira-em-acao-pelo-Flamengo-durante-a-partida-contra-o-Sport-pelo-Campeonato-Brasileiro-da-temporada-de-2021.webp","articleSection":["Flamengo"],"inLanguage":"pt-BR","potentialAction":[{"@type":"CommentAction","name":"Comment","target":["https:\/\/www.gaveanews.com\/index.php\/2021\/08\/15\/leo-pereira-e-bruno-viana-sao-elogiados-pela-torcida-do-flamengo\/#respond"]}],"copyrightYear":"2021","copyrightHolder":{"@id":"https:\/\/www.gaveanews.com\/#organization"}},{"@type":"WebPage","@id":"https:\/\/www.gaveanews.com\/index.php\/2021\/08\/15\/leo-pereira-e-bruno-viana-sao-elogiados-pela-torcida-do-flamengo\/","url":"https:\/\/www.gaveanews.com\/index.php\/2021\/08\/15\/leo-pereira-e-bruno-viana-sao-elogiados-pela-torcida-do-flamengo\/","name":"L\u00e9o Pereira e Bruno Viana s\u00e3o elogiados pela torcida do Flamengo","isPartOf":{"@id":"https:\/\/www.gaveanews.com\/#website"},"primaryImageOfPage":{"@id":"https:\/\/www.gaveanews.com\/index.php\/2021\/08\/15\/leo-pereira-e-bruno-viana-sao-elogiados-pela-torcida-do-flamengo\/#primaryimage"},"image":{"@id":"https:\/\/www.gaveanews.com\/index.php\/2021\/08\/15\/leo-pereira-e-bruno-viana-sao-elogiados-pela-torcida-do-flamengo\/#primaryimage"},"thumbnailUrl":"https:\/\/www.gaveanews.com\/wp-content\/uploads\/Leo-Pereira-em-acao-pelo-Flamengo-durante-a-partida-contra-o-Sport-pelo-Campeonato-Brasileiro-da-temporada-de-2021.webp","datePublished":"2021-08-16T01:54:36+00:00","dateModified":"2021-08-16T02:10:15+00:00","author":{"@id":"https:\/\/www.gaveanews.com\/#\/schema\/person\/2ec14f73fb96be2caf28f91afb14749d"},"breadcrumb":{"@id":"https:\/\/www.gaveanews.com\/index.php\/2021\/08\/15\/leo-pereira-e-bruno-viana-sao-elogiados-pela-torcida-do-flamengo\/#breadcrumb"},"inLanguage":"pt-BR","potentialAction":[{"@type":"ReadAction","target":["https:\/\/www.gaveanews.com\/index.php\/2021\/08\/15\/leo-pereira-e-bruno-viana-sao-elogiados-pela-torcida-do-flamengo\/"]}]},{"@type":"ImageObject","inLanguage":"pt-BR","@id":"https:\/\/www.gaveanews.com\/index.php\/2021\/08\/15\/leo-pereira-e-bruno-viana-sao-elogiados-pela-torcida-do-flamengo\/#primaryimage","url":"https:\/\/www.gaveanews.com\/wp-content\/uploads\/Leo-Pereira-em-acao-pelo-Flamengo-durante-a-partida-contra-o-Sport-pelo-Campeonato-Brasileiro-da-temporada-de-2021.webp","contentUrl":"https:\/\/www.gaveanews.com\/wp-content\/uploads\/Leo-Pereira-em-acao-pelo-Flamengo-durante-a-partida-contra-o-Sport-pelo-Campeonato-Brasileiro-da-temporada-de-2021.webp","width":800,"height":533,"caption":"L\u00e9o Pereira em a\u00e7\u00e3o pelo Flamengo durante a partida contra o Sport pelo Campeonato Brasileiro da temporada de 2021 (Foto: Marcelo Cortes\/Flamengo)"},{"@type":"BreadcrumbList","@id":"https:\/\/www.gaveanews.com\/index.php\/2021\/08\/15\/leo-pereira-e-bruno-viana-sao-elogiados-pela-torcida-do-flamengo\/#breadcrumb","itemListElement":[{"@type":"ListItem","position":1,"name":"Home","item":"https:\/\/www.gaveanews.com\/"},{"@type":"ListItem","position":2,"name":"L\u00e9o Pereira e Bruno Viana s\u00e3o elogiados pela torcida do Flamengo"}]},{"@type":"WebSite","@id":"https:\/\/www.gaveanews.com\/#website","url":"https:\/\/www.gaveanews.com\/","name":"G\u00e1vea News","description":"Veja todas as not\u00edcias sobre o Flamengo: Contrata\u00e7\u00f5es, categorias de base, resultados das partidas, tabela de classifica\u00e7\u00e3o, pr\u00f3ximos jogos!","potentialAction":[{"@type":"SearchAction","target":{"@type":"EntryPoint","urlTemplate":"https:\/\/www.gaveanews.com\/?s={search_term_string}"},"query-input":{"@type":"PropertyValueSpecification","valueRequired":true,"valueName":"search_term_string"}}],"inLanguage":"pt-BR"},{"@type":"Person","@id":"https:\/\/www.gaveanews.com\/#\/schema\/person\/2ec14f73fb96be2caf28f91afb14749d","name":"Equipe G\u00e1vea News","image":{"@type":"ImageObject","inLanguage":"pt-BR","@id":"https:\/\/www.gaveanews.com\/#\/schema\/person\/image\/","url":"https:\/\/secure.gravatar.com\/avatar\/1e1956f1facbffd3f8fa53a326721950116b3b9dc9bd44939c01180fd4a745a9?s=96&d=mm&r=g","contentUrl":"https:\/\/secure.gravatar.com\/avatar\/1e1956f1facbffd3f8fa53a326721950116b3b9dc9bd44939c01180fd4a745a9?s=96&d=mm&r=g","caption":"Equipe G\u00e1vea News"}}]}},"_links":{"self":[{"href":"https:\/\/www.gaveanews.com\/index.php\/wp-json\/wp\/v2\/posts\/66032","targetHints":{"allow":["GET"]}}],"collection":[{"href":"https:\/\/www.gaveanews.com\/index.php\/wp-json\/wp\/v2\/posts"}],"about":[{"href":"https:\/\/www.gaveanews.com\/index.php\/wp-json\/wp\/v2\/types\/post"}],"author":[{"embeddable":true,"href":"https:\/\/www.gaveanews.com\/index.php\/wp-json\/wp\/v2\/users\/1"}],"replies":[{"embeddable":true,"href":"https:\/\/www.gaveanews.com\/index.php\/wp-json\/wp\/v2\/comments?post=66032"}],"version-history":[{"count":0,"href":"https:\/\/www.gaveanews.com\/index.php\/wp-json\/wp\/v2\/posts\/66032\/revisions"}],"wp:featuredmedia":[{"embeddable":true,"href":"https:\/\/www.gaveanews.com\/index.php\/wp-json\/wp\/v2\/media\/66033"}],"wp:attachment":[{"href":"https:\/\/www.gaveanews.com\/index.php\/wp-json\/wp\/v2\/media?parent=66032"}],"wp:term":[{"taxonomy":"category","embeddable":true,"href":"https:\/\/www.gaveanews.com\/index.php\/wp-json\/wp\/v2\/categories?post=66032"},{"taxonomy":"post_tag","embeddable":true,"href":"https:\/\/www.gaveanews.com\/index.php\/wp-json\/wp\/v2\/tags?post=66032"}],"curies":[{"name":"wp","href":"https:\/\/api.w.org\/{rel}","templated":true}]}}