{"id":66047,"date":"2021-08-16T07:02:51","date_gmt":"2021-08-16T10:02:51","guid":{"rendered":"https:\/\/www.gaveanews.com\/?p=66047"},"modified":"2021-08-16T07:06:10","modified_gmt":"2021-08-16T10:06:10","slug":"alem-de-kenedy-flamengo-e-mira-mais-2-reforcos","status":"publish","type":"post","link":"https:\/\/www.gaveanews.com\/index.php\/2021\/08\/16\/alem-de-kenedy-flamengo-e-mira-mais-2-reforcos\/","title":{"rendered":"Al\u00e9m de Kenedy, Flamengo e mira mais 2 refor\u00e7os"},"content":{"rendered":"\n<p>O Flamengo cercou Kenedy, testou a paci\u00eancia do Chelsea (ING) e levou a melhor. Ap\u00f3s o &#8220;ok&#8221; dos ingleses, o Fla fechou o empr\u00e9stimo por um ano do atacante, que deve chegar ao Rio de Janeiro na ter\u00e7a-feira.<\/p>\n\n\n\n<p>Com uma miss\u00e3o cumprida, a c\u00fapula de futebol espera ao menos acertar mais dois alvos dentre os nomes que est\u00e3o na mira. O meio \u00e9 prioridade, mas est\u00e1 em curso a busca por um zagueiro. Os nomes s\u00e3o tratados com sigilo, mas Lyanco, do Torino, foi avaliado. O neg\u00f3cio, no entanto, \u00e9 tratado como muito complicado.<\/p>\n\n\n\n<p>Sonho de consumo desde o in\u00edcio do semestre, Thiago Mendes ficou um pouquinho mais longe ante a insist\u00eancia do Lyon (FRA) em fixar a obrigatoriedade de compra do jogador ap\u00f3s o fim do empr\u00e9stimo pretendido pelos rubro-negros.<\/p>\n\n\n\n<p>A negocia\u00e7\u00e3o se arrastou por reuni\u00f5es na cidade francesa, mas os dirigentes do clube se mostraram irredut\u00edveis. O diretor esportivo Juninho Pernambucano e o presidente Jean-Michel Aulas querem reaver ao menos parte do investimento feito na contrata\u00e7\u00e3o do ex-S\u00e3o Paulo.<\/p>\n\n\n\n<p>O otimismo j\u00e1 foi maior para a transa\u00e7\u00e3o, mas o Fla faz um recuo estrat\u00e9gico sem deixar de monitorar os passos do volante. Caso o per\u00edodo de transfer\u00eancias avance e Mendes n\u00e3o seja negociado, a tend\u00eancia \u00e9 que o Rubro-negro volte \u00e0 carga.<\/p>\n\n\n\n<p>Outra possibilidade que surgiu na \u00faltima semana foi a de Andreas Pereira, do Manchester United. Os cariocas j\u00e1 manifestaram aos ingleses o seu interesse, mas o jogo tamb\u00e9m deve ser duro, embora o clima entre os integrantes do departamento de futebol seja de absoluto otimismo.<\/p>\n\n\n\n<p>Sem muita grana em caixa, o Fla tenta minimizar os custos no neg\u00f3cio e usa do poder de convencimento para fazer com que os &#8220;Red Devils&#8221; arquem com parte dos sal\u00e1rios do jogador. Um desfecho deve ocorrer essa semana.<\/p>\n\n\n\n<p>Pereira, por sua vez, v\u00ea com bons olhos a chance de atuar pela primeira vez no pa\u00eds. Belga com nacionalidade brasileira, o atleta deu um sinal positivo para o Flamengo, que tenta se entender com o clube. A informa\u00e7\u00e3o foi publicada pela &#8220;TNT&#8221;.<\/p>\n\n\n\n<p>De olho no tri da Libertadores, os rubro-negros encaram na quarta (18) o Olimpia (PAR), \u00e0s 19h15, no Man\u00e9 Garrincha. No jogo de ida v\u00e1lido pelas quartas de final, goleada dos cariocas por 4 a 1.<\/p>\n\n\n\n<p>Retirado de: UOL<\/p>\n","protected":false},"excerpt":{"rendered":"<p>O Flamengo cercou Kenedy, testou a paci\u00eancia do Chelsea (ING) e levou a melhor. Ap\u00f3s o &#8220;ok&#8221; dos ingleses, o Fla fechou o empr\u00e9stimo por um ano do atacante, que deve chegar ao Rio de Janeiro na ter\u00e7a-feira. Com uma miss\u00e3o cumprida, a c\u00fapula de futebol espera ao menos acertar mais dois alvos dentre os [&hellip;]<\/p>\n","protected":false},"author":1,"featured_media":62334,"comment_status":"open","ping_status":"closed","sticky":false,"template":"","format":"standard","meta":{"footnotes":""},"categories":[48],"tags":[],"class_list":["post-66047","post","type-post","status-publish","format-standard","has-post-thumbnail","hentry","category-negociacoes"],"yoast_head":"<!-- This site is optimized with the Yoast SEO Premium plugin v24.2 (Yoast SEO v26.9) - https:\/\/yoast.com\/product\/yoast-seo-premium-wordpress\/ -->\n<title>Al\u00e9m de Kenedy, Flamengo e mira mais 2 refor\u00e7os<\/title>\n<meta name=\"robots\" content=\"index, follow, max-snippet:-1, max-image-preview:large, max-video-preview:-1\" \/>\n<link rel=\"canonical\" href=\"https:\/\/www.gaveanews.com\/index.php\/2021\/08\/16\/alem-de-kenedy-flamengo-e-mira-mais-2-reforcos\/\" \/>\n<meta property=\"og:locale\" content=\"pt_BR\" \/>\n<meta property=\"og:type\" content=\"article\" \/>\n<meta property=\"og:title\" content=\"Al\u00e9m de Kenedy, Flamengo e mira mais 2 refor\u00e7os\" \/>\n<meta property=\"og:description\" content=\"O Flamengo cercou Kenedy, testou a paci\u00eancia do Chelsea (ING) e levou a melhor. Ap\u00f3s o &#8220;ok&#8221; dos ingleses, o Fla fechou o empr\u00e9stimo por um ano do atacante, que deve chegar ao Rio de Janeiro na ter\u00e7a-feira. Com uma miss\u00e3o cumprida, a c\u00fapula de futebol espera ao menos acertar mais dois alvos dentre os [&hellip;]\" \/>\n<meta property=\"og:url\" content=\"https:\/\/www.gaveanews.com\/index.php\/2021\/08\/16\/alem-de-kenedy-flamengo-e-mira-mais-2-reforcos\/\" \/>\n<meta property=\"og:site_name\" content=\"G\u00e1vea News\" \/>\n<meta property=\"article:publisher\" content=\"https:\/\/facebook.com\/gaveaNews\/\" \/>\n<meta property=\"article:published_time\" content=\"2021-08-16T10:02:51+00:00\" \/>\n<meta property=\"article:modified_time\" content=\"2021-08-16T10:06:10+00:00\" \/>\n<meta property=\"og:image\" content=\"https:\/\/www.gaveanews.com\/wp-content\/uploads\/Kenedy-em-treinamento.webp\" \/>\n\t<meta property=\"og:image:width\" content=\"640\" \/>\n\t<meta property=\"og:image:height\" content=\"640\" \/>\n\t<meta property=\"og:image:type\" content=\"image\/jpeg\" \/>\n<meta name=\"author\" content=\"Equipe G\u00e1vea News\" \/>\n<meta name=\"twitter:card\" content=\"summary_large_image\" \/>\n<meta name=\"twitter:label1\" content=\"Escrito por\" \/>\n\t<meta name=\"twitter:data1\" content=\"Equipe G\u00e1vea News\" \/>\n\t<meta name=\"twitter:label2\" content=\"Est. tempo de leitura\" \/>\n\t<meta name=\"twitter:data2\" content=\"2 minutos\" \/>\n<script type=\"application\/ld+json\" class=\"yoast-schema-graph\">{\"@context\":\"https:\/\/schema.org\",\"@graph\":[{\"@type\":\"NewsArticle\",\"@id\":\"https:\/\/www.gaveanews.com\/index.php\/2021\/08\/16\/alem-de-kenedy-flamengo-e-mira-mais-2-reforcos\/#article\",\"isPartOf\":{\"@id\":\"https:\/\/www.gaveanews.com\/index.php\/2021\/08\/16\/alem-de-kenedy-flamengo-e-mira-mais-2-reforcos\/\"},\"author\":{\"name\":\"Equipe G\u00e1vea News\",\"@id\":\"https:\/\/www.gaveanews.com\/#\/schema\/person\/2ec14f73fb96be2caf28f91afb14749d\"},\"headline\":\"Al\u00e9m de Kenedy, Flamengo e mira mais 2 refor\u00e7os\",\"datePublished\":\"2021-08-16T10:02:51+00:00\",\"dateModified\":\"2021-08-16T10:06:10+00:00\",\"mainEntityOfPage\":{\"@id\":\"https:\/\/www.gaveanews.com\/index.php\/2021\/08\/16\/alem-de-kenedy-flamengo-e-mira-mais-2-reforcos\/\"},\"wordCount\":413,\"commentCount\":9,\"image\":{\"@id\":\"https:\/\/www.gaveanews.com\/index.php\/2021\/08\/16\/alem-de-kenedy-flamengo-e-mira-mais-2-reforcos\/#primaryimage\"},\"thumbnailUrl\":\"https:\/\/www.gaveanews.com\/wp-content\/uploads\/Kenedy-em-treinamento.webp\",\"articleSection\":[\"Negocia\u00e7\u00f5es\"],\"inLanguage\":\"pt-BR\",\"potentialAction\":[{\"@type\":\"CommentAction\",\"name\":\"Comment\",\"target\":[\"https:\/\/www.gaveanews.com\/index.php\/2021\/08\/16\/alem-de-kenedy-flamengo-e-mira-mais-2-reforcos\/#respond\"]}],\"copyrightYear\":\"2021\",\"copyrightHolder\":{\"@id\":\"https:\/\/www.gaveanews.com\/#organization\"}},{\"@type\":\"WebPage\",\"@id\":\"https:\/\/www.gaveanews.com\/index.php\/2021\/08\/16\/alem-de-kenedy-flamengo-e-mira-mais-2-reforcos\/\",\"url\":\"https:\/\/www.gaveanews.com\/index.php\/2021\/08\/16\/alem-de-kenedy-flamengo-e-mira-mais-2-reforcos\/\",\"name\":\"Al\u00e9m de Kenedy, Flamengo e mira mais 2 refor\u00e7os\",\"isPartOf\":{\"@id\":\"https:\/\/www.gaveanews.com\/#website\"},\"primaryImageOfPage\":{\"@id\":\"https:\/\/www.gaveanews.com\/index.php\/2021\/08\/16\/alem-de-kenedy-flamengo-e-mira-mais-2-reforcos\/#primaryimage\"},\"image\":{\"@id\":\"https:\/\/www.gaveanews.com\/index.php\/2021\/08\/16\/alem-de-kenedy-flamengo-e-mira-mais-2-reforcos\/#primaryimage\"},\"thumbnailUrl\":\"https:\/\/www.gaveanews.com\/wp-content\/uploads\/Kenedy-em-treinamento.webp\",\"datePublished\":\"2021-08-16T10:02:51+00:00\",\"dateModified\":\"2021-08-16T10:06:10+00:00\",\"author\":{\"@id\":\"https:\/\/www.gaveanews.com\/#\/schema\/person\/2ec14f73fb96be2caf28f91afb14749d\"},\"breadcrumb\":{\"@id\":\"https:\/\/www.gaveanews.com\/index.php\/2021\/08\/16\/alem-de-kenedy-flamengo-e-mira-mais-2-reforcos\/#breadcrumb\"},\"inLanguage\":\"pt-BR\",\"potentialAction\":[{\"@type\":\"ReadAction\",\"target\":[\"https:\/\/www.gaveanews.com\/index.php\/2021\/08\/16\/alem-de-kenedy-flamengo-e-mira-mais-2-reforcos\/\"]}]},{\"@type\":\"ImageObject\",\"inLanguage\":\"pt-BR\",\"@id\":\"https:\/\/www.gaveanews.com\/index.php\/2021\/08\/16\/alem-de-kenedy-flamengo-e-mira-mais-2-reforcos\/#primaryimage\",\"url\":\"https:\/\/www.gaveanews.com\/wp-content\/uploads\/Kenedy-em-treinamento.webp\",\"contentUrl\":\"https:\/\/www.gaveanews.com\/wp-content\/uploads\/Kenedy-em-treinamento.webp\",\"width\":640,\"height\":640,\"caption\":\"Kenedy em treinamento (Foto: Divulga\u00e7\u00e3o\/Granada FC)\"},{\"@type\":\"BreadcrumbList\",\"@id\":\"https:\/\/www.gaveanews.com\/index.php\/2021\/08\/16\/alem-de-kenedy-flamengo-e-mira-mais-2-reforcos\/#breadcrumb\",\"itemListElement\":[{\"@type\":\"ListItem\",\"position\":1,\"name\":\"Home\",\"item\":\"https:\/\/www.gaveanews.com\/\"},{\"@type\":\"ListItem\",\"position\":2,\"name\":\"Al\u00e9m de Kenedy, Flamengo e mira mais 2 refor\u00e7os\"}]},{\"@type\":\"WebSite\",\"@id\":\"https:\/\/www.gaveanews.com\/#website\",\"url\":\"https:\/\/www.gaveanews.com\/\",\"name\":\"G\u00e1vea News\",\"description\":\"Veja todas as not\u00edcias sobre o Flamengo: Contrata\u00e7\u00f5es, categorias de base, resultados das partidas, tabela de classifica\u00e7\u00e3o, pr\u00f3ximos jogos!\",\"potentialAction\":[{\"@type\":\"SearchAction\",\"target\":{\"@type\":\"EntryPoint\",\"urlTemplate\":\"https:\/\/www.gaveanews.com\/?s={search_term_string}\"},\"query-input\":{\"@type\":\"PropertyValueSpecification\",\"valueRequired\":true,\"valueName\":\"search_term_string\"}}],\"inLanguage\":\"pt-BR\"},{\"@type\":\"Person\",\"@id\":\"https:\/\/www.gaveanews.com\/#\/schema\/person\/2ec14f73fb96be2caf28f91afb14749d\",\"name\":\"Equipe G\u00e1vea News\",\"image\":{\"@type\":\"ImageObject\",\"inLanguage\":\"pt-BR\",\"@id\":\"https:\/\/www.gaveanews.com\/#\/schema\/person\/image\/\",\"url\":\"https:\/\/secure.gravatar.com\/avatar\/1e1956f1facbffd3f8fa53a326721950116b3b9dc9bd44939c01180fd4a745a9?s=96&d=mm&r=g\",\"contentUrl\":\"https:\/\/secure.gravatar.com\/avatar\/1e1956f1facbffd3f8fa53a326721950116b3b9dc9bd44939c01180fd4a745a9?s=96&d=mm&r=g\",\"caption\":\"Equipe G\u00e1vea News\"}}]}<\/script>\n<!-- \/ Yoast SEO Premium plugin. -->","yoast_head_json":{"title":"Al\u00e9m de Kenedy, Flamengo e mira mais 2 refor\u00e7os","robots":{"index":"index","follow":"follow","max-snippet":"max-snippet:-1","max-image-preview":"max-image-preview:large","max-video-preview":"max-video-preview:-1"},"canonical":"https:\/\/www.gaveanews.com\/index.php\/2021\/08\/16\/alem-de-kenedy-flamengo-e-mira-mais-2-reforcos\/","og_locale":"pt_BR","og_type":"article","og_title":"Al\u00e9m de Kenedy, Flamengo e mira mais 2 refor\u00e7os","og_description":"O Flamengo cercou Kenedy, testou a paci\u00eancia do Chelsea (ING) e levou a melhor. Ap\u00f3s o &#8220;ok&#8221; dos ingleses, o Fla fechou o empr\u00e9stimo por um ano do atacante, que deve chegar ao Rio de Janeiro na ter\u00e7a-feira. Com uma miss\u00e3o cumprida, a c\u00fapula de futebol espera ao menos acertar mais dois alvos dentre os [&hellip;]","og_url":"https:\/\/www.gaveanews.com\/index.php\/2021\/08\/16\/alem-de-kenedy-flamengo-e-mira-mais-2-reforcos\/","og_site_name":"G\u00e1vea News","article_publisher":"https:\/\/facebook.com\/gaveaNews\/","article_published_time":"2021-08-16T10:02:51+00:00","article_modified_time":"2021-08-16T10:06:10+00:00","og_image":[{"width":640,"height":640,"url":"https:\/\/www.gaveanews.com\/wp-content\/uploads\/Kenedy-em-treinamento.webp","type":"image\/jpeg"}],"author":"Equipe G\u00e1vea News","twitter_card":"summary_large_image","twitter_misc":{"Escrito por":"Equipe G\u00e1vea News","Est. tempo de leitura":"2 minutos"},"schema":{"@context":"https:\/\/schema.org","@graph":[{"@type":"NewsArticle","@id":"https:\/\/www.gaveanews.com\/index.php\/2021\/08\/16\/alem-de-kenedy-flamengo-e-mira-mais-2-reforcos\/#article","isPartOf":{"@id":"https:\/\/www.gaveanews.com\/index.php\/2021\/08\/16\/alem-de-kenedy-flamengo-e-mira-mais-2-reforcos\/"},"author":{"name":"Equipe G\u00e1vea News","@id":"https:\/\/www.gaveanews.com\/#\/schema\/person\/2ec14f73fb96be2caf28f91afb14749d"},"headline":"Al\u00e9m de Kenedy, Flamengo e mira mais 2 refor\u00e7os","datePublished":"2021-08-16T10:02:51+00:00","dateModified":"2021-08-16T10:06:10+00:00","mainEntityOfPage":{"@id":"https:\/\/www.gaveanews.com\/index.php\/2021\/08\/16\/alem-de-kenedy-flamengo-e-mira-mais-2-reforcos\/"},"wordCount":413,"commentCount":9,"image":{"@id":"https:\/\/www.gaveanews.com\/index.php\/2021\/08\/16\/alem-de-kenedy-flamengo-e-mira-mais-2-reforcos\/#primaryimage"},"thumbnailUrl":"https:\/\/www.gaveanews.com\/wp-content\/uploads\/Kenedy-em-treinamento.webp","articleSection":["Negocia\u00e7\u00f5es"],"inLanguage":"pt-BR","potentialAction":[{"@type":"CommentAction","name":"Comment","target":["https:\/\/www.gaveanews.com\/index.php\/2021\/08\/16\/alem-de-kenedy-flamengo-e-mira-mais-2-reforcos\/#respond"]}],"copyrightYear":"2021","copyrightHolder":{"@id":"https:\/\/www.gaveanews.com\/#organization"}},{"@type":"WebPage","@id":"https:\/\/www.gaveanews.com\/index.php\/2021\/08\/16\/alem-de-kenedy-flamengo-e-mira-mais-2-reforcos\/","url":"https:\/\/www.gaveanews.com\/index.php\/2021\/08\/16\/alem-de-kenedy-flamengo-e-mira-mais-2-reforcos\/","name":"Al\u00e9m de Kenedy, Flamengo e mira mais 2 refor\u00e7os","isPartOf":{"@id":"https:\/\/www.gaveanews.com\/#website"},"primaryImageOfPage":{"@id":"https:\/\/www.gaveanews.com\/index.php\/2021\/08\/16\/alem-de-kenedy-flamengo-e-mira-mais-2-reforcos\/#primaryimage"},"image":{"@id":"https:\/\/www.gaveanews.com\/index.php\/2021\/08\/16\/alem-de-kenedy-flamengo-e-mira-mais-2-reforcos\/#primaryimage"},"thumbnailUrl":"https:\/\/www.gaveanews.com\/wp-content\/uploads\/Kenedy-em-treinamento.webp","datePublished":"2021-08-16T10:02:51+00:00","dateModified":"2021-08-16T10:06:10+00:00","author":{"@id":"https:\/\/www.gaveanews.com\/#\/schema\/person\/2ec14f73fb96be2caf28f91afb14749d"},"breadcrumb":{"@id":"https:\/\/www.gaveanews.com\/index.php\/2021\/08\/16\/alem-de-kenedy-flamengo-e-mira-mais-2-reforcos\/#breadcrumb"},"inLanguage":"pt-BR","potentialAction":[{"@type":"ReadAction","target":["https:\/\/www.gaveanews.com\/index.php\/2021\/08\/16\/alem-de-kenedy-flamengo-e-mira-mais-2-reforcos\/"]}]},{"@type":"ImageObject","inLanguage":"pt-BR","@id":"https:\/\/www.gaveanews.com\/index.php\/2021\/08\/16\/alem-de-kenedy-flamengo-e-mira-mais-2-reforcos\/#primaryimage","url":"https:\/\/www.gaveanews.com\/wp-content\/uploads\/Kenedy-em-treinamento.webp","contentUrl":"https:\/\/www.gaveanews.com\/wp-content\/uploads\/Kenedy-em-treinamento.webp","width":640,"height":640,"caption":"Kenedy em treinamento (Foto: Divulga\u00e7\u00e3o\/Granada FC)"},{"@type":"BreadcrumbList","@id":"https:\/\/www.gaveanews.com\/index.php\/2021\/08\/16\/alem-de-kenedy-flamengo-e-mira-mais-2-reforcos\/#breadcrumb","itemListElement":[{"@type":"ListItem","position":1,"name":"Home","item":"https:\/\/www.gaveanews.com\/"},{"@type":"ListItem","position":2,"name":"Al\u00e9m de Kenedy, Flamengo e mira mais 2 refor\u00e7os"}]},{"@type":"WebSite","@id":"https:\/\/www.gaveanews.com\/#website","url":"https:\/\/www.gaveanews.com\/","name":"G\u00e1vea News","description":"Veja todas as not\u00edcias sobre o Flamengo: Contrata\u00e7\u00f5es, categorias de base, resultados das partidas, tabela de classifica\u00e7\u00e3o, pr\u00f3ximos jogos!","potentialAction":[{"@type":"SearchAction","target":{"@type":"EntryPoint","urlTemplate":"https:\/\/www.gaveanews.com\/?s={search_term_string}"},"query-input":{"@type":"PropertyValueSpecification","valueRequired":true,"valueName":"search_term_string"}}],"inLanguage":"pt-BR"},{"@type":"Person","@id":"https:\/\/www.gaveanews.com\/#\/schema\/person\/2ec14f73fb96be2caf28f91afb14749d","name":"Equipe G\u00e1vea News","image":{"@type":"ImageObject","inLanguage":"pt-BR","@id":"https:\/\/www.gaveanews.com\/#\/schema\/person\/image\/","url":"https:\/\/secure.gravatar.com\/avatar\/1e1956f1facbffd3f8fa53a326721950116b3b9dc9bd44939c01180fd4a745a9?s=96&d=mm&r=g","contentUrl":"https:\/\/secure.gravatar.com\/avatar\/1e1956f1facbffd3f8fa53a326721950116b3b9dc9bd44939c01180fd4a745a9?s=96&d=mm&r=g","caption":"Equipe G\u00e1vea News"}}]}},"_links":{"self":[{"href":"https:\/\/www.gaveanews.com\/index.php\/wp-json\/wp\/v2\/posts\/66047","targetHints":{"allow":["GET"]}}],"collection":[{"href":"https:\/\/www.gaveanews.com\/index.php\/wp-json\/wp\/v2\/posts"}],"about":[{"href":"https:\/\/www.gaveanews.com\/index.php\/wp-json\/wp\/v2\/types\/post"}],"author":[{"embeddable":true,"href":"https:\/\/www.gaveanews.com\/index.php\/wp-json\/wp\/v2\/users\/1"}],"replies":[{"embeddable":true,"href":"https:\/\/www.gaveanews.com\/index.php\/wp-json\/wp\/v2\/comments?post=66047"}],"version-history":[{"count":0,"href":"https:\/\/www.gaveanews.com\/index.php\/wp-json\/wp\/v2\/posts\/66047\/revisions"}],"wp:featuredmedia":[{"embeddable":true,"href":"https:\/\/www.gaveanews.com\/index.php\/wp-json\/wp\/v2\/media\/62334"}],"wp:attachment":[{"href":"https:\/\/www.gaveanews.com\/index.php\/wp-json\/wp\/v2\/media?parent=66047"}],"wp:term":[{"taxonomy":"category","embeddable":true,"href":"https:\/\/www.gaveanews.com\/index.php\/wp-json\/wp\/v2\/categories?post=66047"},{"taxonomy":"post_tag","embeddable":true,"href":"https:\/\/www.gaveanews.com\/index.php\/wp-json\/wp\/v2\/tags?post=66047"}],"curies":[{"name":"wp","href":"https:\/\/api.w.org\/{rel}","templated":true}]}}