{"id":66053,"date":"2021-08-16T07:29:21","date_gmt":"2021-08-16T10:29:21","guid":{"rendered":"https:\/\/www.gaveanews.com\/?p=66053"},"modified":"2021-08-16T07:38:03","modified_gmt":"2021-08-16T10:38:03","slug":"flamengo-acelera-e-tenta-todas-as-contratacoes-possiveis","status":"publish","type":"post","link":"https:\/\/www.gaveanews.com\/index.php\/2021\/08\/16\/flamengo-acelera-e-tenta-todas-as-contratacoes-possiveis\/","title":{"rendered":"Flamengo acelera e tenta &#8216;todas as contrata\u00e7\u00f5es poss\u00edveis&#8217;"},"content":{"rendered":"\n<p>O Flamengo pisou no acelerador e tende a subir as marchas nesta reta final de m\u00eas, com a proximidade do fim da janela de transfer\u00eancias. Por empr\u00e9stimo de um ano, Kenedy est\u00e1 a caminho do Rio de Janeiro para assinar o v\u00ednculo, e o clube est\u00e1 esperan\u00e7oso para encerrar o m\u00eas com at\u00e9 mais duas contrata\u00e7\u00f5es.<\/p>\n\n\n\n<p>Conforme informado inicialmente pelo &#8220;TNT Sports&#8221;, o Flamengo, que j\u00e1 formalizou uma proposta tamb\u00e9m de empr\u00e9stimo at\u00e9 junho de 2022 e op\u00e7\u00e3o de compra, est\u00e1 ciente do interesse de Andreas Pereira, atualmente vinculado ao Manchester United, em atuar no Rubro-Negro.<\/p>\n\n\n\n<p>Everton e Fenerbah\u00e7e s\u00e3o outros clubes que est\u00e3o no p\u00e1reo, mas Andreas Pereira v\u00ea com bons olhos a oportunidade de atuar em uma vitrine luxuosa no futebol sul-americano, tendo a Sele\u00e7\u00e3o Brasileira como escopo. O Fla est\u00e1 ciente da natural dificuldade em recrutar um talentoso jogador de 25 anos do Velho Continente, s\u00f3 que aposta no desejo do jogador e na boa rela\u00e7\u00e3o com agentes do meio-campista para assinar contrato.<\/p>\n\n\n\n<p>O United ainda aguarda uma proposta em definitivo, assim como o Lyon, no caso de Thiago Mendes, que o Flamengo ainda n\u00e3o desistiu e ofereceu pagar 1 milh\u00e3o de euros pelo empr\u00e9stimo &#8211; ao Kenedy, cabe destacar, desembolsar\u00e1 500 mil euros.<\/p>\n\n\n\n<p>Andreas Pereira tem 25 anos e est\u00e1 no futebol europeu desde 2007, quando se juntou \u00e0s divis\u00f5es de base do PSV, da Holanda. Foi contratado pelo Manchester United ainda na base, em 2012, e, como profissional, j\u00e1 foi emprestado ao Granada e ao Valencia, da Espanha, e, na \u00faltima temporada, \u00e0 Lazio, da It\u00e1lia.<\/p>\n\n\n\n<h2 class=\"wp-block-heading\" id=\"h-mais-refor-os-a-vista\">Mais refor\u00e7os a vista<\/h2>\n\n\n\n<p>O Flamengo tamb\u00e9m n\u00e3o esconde a necessidade de contratar um zagueiro, um dos setores mais carentes desde a sa\u00edda de Pablo Mar\u00ed. Em entrevista recente ao canal &#8216;RaFla Mello&#8217;, Marcos Braz avisou que o Flamengo tentar\u00e1 &#8220;fazer todas as contrata\u00e7\u00f5es poss\u00edveis&#8221;.<\/p>\n\n\n\n<p><strong><em>\u2014 A gente est\u00e1 bem servido (na zaga), mas precisa ainda de contrata\u00e7\u00e3o. A gente gostaria de contratar, ainda mais para essa posi\u00e7\u00e3o. N\u00e3o sei se ser\u00e1 poss\u00edvel nesse momento, mas, at\u00e9 o dia 28, tentaremos fazer todas as contrata\u00e7\u00f5es poss\u00edveis que se possam fazer<\/em><\/strong> &#8211; disse o vice-presidente de futebol do Fla.<\/p>\n\n\n\n<p>Uma das cartas na mesa da diretoria, Lyanco, do Torino, \u00e9 um jogador que foi oferecido e \u00e9 bem avaliado internamente. O mercado j\u00e1 est\u00e1 ciente de que o clube italiano pede cerca de 9 milh\u00f5es de euros pelo zagueiro de 24 anos, por\u00e9m o Flamengo, no momento, s\u00f3 est\u00e1 interessado em negocia\u00e7\u00f5es que sejam por empr\u00e9stimo e seguir\u00e1 antenado a essa e outras possibilidades at\u00e9 o fim do m\u00eas.<\/p>\n\n\n\n<h2 class=\"wp-block-heading\">De olho na semifinal da Libertadores<\/h2>\n\n\n\n<p>Caso o Flamengo tenha sucesso nas tratativas, os refor\u00e7os poder\u00e3o ser inscritos em uma poss\u00edvel fase de semifinal da Libertadores, por exemplo, se o Rubro-Negro confirmar o amplo favoritismo e eliminar o Olimpia nas quartas. Pensando no torneio continental, principalmente, al\u00e9m de Copa do Brasil e segunda metade do Brasileir\u00e3o, o clube cr\u00ea que pelo menos tr\u00eas nomes encorpar\u00e3o o elenco de Renato Ga\u00facho a partir de setembro.<\/p>\n\n\n\n<p>O regulamento da Libertadores permite a troca de at\u00e9 tr\u00eas atletas da lista de inscritos para as semifinais, sendo que isso deve ser concretizado at\u00e9 72 horas antes do in\u00edcio desta fase. Vale lembrar que, ap\u00f3s a semi, n\u00e3o ser\u00e1 poss\u00edvel realizar mudan\u00e7as para uma poss\u00edvel decis\u00e3o.<\/p>\n\n\n\n<p>Retirado de: Lance<\/p>\n","protected":false},"excerpt":{"rendered":"<p>O Flamengo pisou no acelerador e tende a subir as marchas nesta reta final de m\u00eas, com a proximidade do fim da janela de transfer\u00eancias. Por empr\u00e9stimo de um ano, Kenedy est\u00e1 a caminho do Rio de Janeiro para assinar o v\u00ednculo, e o clube est\u00e1 esperan\u00e7oso para encerrar o m\u00eas com at\u00e9 mais duas [&hellip;]<\/p>\n","protected":false},"author":1,"featured_media":64346,"comment_status":"open","ping_status":"closed","sticky":false,"template":"","format":"standard","meta":{"footnotes":""},"categories":[48],"tags":[],"class_list":["post-66053","post","type-post","status-publish","format-standard","has-post-thumbnail","hentry","category-negociacoes"],"yoast_head":"<!-- This site is optimized with the Yoast SEO Premium plugin v24.2 (Yoast SEO v26.9) - https:\/\/yoast.com\/product\/yoast-seo-premium-wordpress\/ -->\n<title>Flamengo acelera e tenta &#039;todas as contrata\u00e7\u00f5es poss\u00edveis&#039;<\/title>\n<meta name=\"robots\" content=\"index, follow, max-snippet:-1, max-image-preview:large, max-video-preview:-1\" \/>\n<link rel=\"canonical\" href=\"https:\/\/www.gaveanews.com\/index.php\/2021\/08\/16\/flamengo-acelera-e-tenta-todas-as-contratacoes-possiveis\/\" \/>\n<meta property=\"og:locale\" content=\"pt_BR\" \/>\n<meta property=\"og:type\" content=\"article\" \/>\n<meta property=\"og:title\" content=\"Flamengo acelera e tenta &#039;todas as contrata\u00e7\u00f5es poss\u00edveis&#039;\" \/>\n<meta property=\"og:description\" content=\"O Flamengo pisou no acelerador e tende a subir as marchas nesta reta final de m\u00eas, com a proximidade do fim da janela de transfer\u00eancias. Por empr\u00e9stimo de um ano, Kenedy est\u00e1 a caminho do Rio de Janeiro para assinar o v\u00ednculo, e o clube est\u00e1 esperan\u00e7oso para encerrar o m\u00eas com at\u00e9 mais duas [&hellip;]\" \/>\n<meta property=\"og:url\" content=\"https:\/\/www.gaveanews.com\/index.php\/2021\/08\/16\/flamengo-acelera-e-tenta-todas-as-contratacoes-possiveis\/\" \/>\n<meta property=\"og:site_name\" content=\"G\u00e1vea News\" \/>\n<meta property=\"article:publisher\" content=\"https:\/\/facebook.com\/gaveaNews\/\" \/>\n<meta property=\"article:published_time\" content=\"2021-08-16T10:29:21+00:00\" \/>\n<meta property=\"article:modified_time\" content=\"2021-08-16T10:38:03+00:00\" \/>\n<meta property=\"og:image\" content=\"https:\/\/www.gaveanews.com\/wp-content\/uploads\/Marcos-Braz-em-entrevista-coletiva-no-Ninho-do-Urubu.webp\" \/>\n\t<meta property=\"og:image:width\" content=\"799\" \/>\n\t<meta property=\"og:image:height\" content=\"532\" \/>\n\t<meta property=\"og:image:type\" content=\"image\/jpeg\" \/>\n<meta name=\"author\" content=\"Equipe G\u00e1vea News\" \/>\n<meta name=\"twitter:card\" content=\"summary_large_image\" \/>\n<meta name=\"twitter:label1\" content=\"Escrito por\" \/>\n\t<meta name=\"twitter:data1\" content=\"Equipe G\u00e1vea News\" \/>\n\t<meta name=\"twitter:label2\" content=\"Est. tempo de leitura\" \/>\n\t<meta name=\"twitter:data2\" content=\"3 minutos\" \/>\n<script type=\"application\/ld+json\" class=\"yoast-schema-graph\">{\"@context\":\"https:\/\/schema.org\",\"@graph\":[{\"@type\":\"NewsArticle\",\"@id\":\"https:\/\/www.gaveanews.com\/index.php\/2021\/08\/16\/flamengo-acelera-e-tenta-todas-as-contratacoes-possiveis\/#article\",\"isPartOf\":{\"@id\":\"https:\/\/www.gaveanews.com\/index.php\/2021\/08\/16\/flamengo-acelera-e-tenta-todas-as-contratacoes-possiveis\/\"},\"author\":{\"name\":\"Equipe G\u00e1vea News\",\"@id\":\"https:\/\/www.gaveanews.com\/#\/schema\/person\/2ec14f73fb96be2caf28f91afb14749d\"},\"headline\":\"Flamengo acelera e tenta &#8216;todas as contrata\u00e7\u00f5es poss\u00edveis&#8217;\",\"datePublished\":\"2021-08-16T10:29:21+00:00\",\"dateModified\":\"2021-08-16T10:38:03+00:00\",\"mainEntityOfPage\":{\"@id\":\"https:\/\/www.gaveanews.com\/index.php\/2021\/08\/16\/flamengo-acelera-e-tenta-todas-as-contratacoes-possiveis\/\"},\"wordCount\":602,\"commentCount\":2,\"image\":{\"@id\":\"https:\/\/www.gaveanews.com\/index.php\/2021\/08\/16\/flamengo-acelera-e-tenta-todas-as-contratacoes-possiveis\/#primaryimage\"},\"thumbnailUrl\":\"https:\/\/www.gaveanews.com\/wp-content\/uploads\/Marcos-Braz-em-entrevista-coletiva-no-Ninho-do-Urubu.webp\",\"articleSection\":[\"Negocia\u00e7\u00f5es\"],\"inLanguage\":\"pt-BR\",\"potentialAction\":[{\"@type\":\"CommentAction\",\"name\":\"Comment\",\"target\":[\"https:\/\/www.gaveanews.com\/index.php\/2021\/08\/16\/flamengo-acelera-e-tenta-todas-as-contratacoes-possiveis\/#respond\"]}],\"copyrightYear\":\"2021\",\"copyrightHolder\":{\"@id\":\"https:\/\/www.gaveanews.com\/#organization\"}},{\"@type\":\"WebPage\",\"@id\":\"https:\/\/www.gaveanews.com\/index.php\/2021\/08\/16\/flamengo-acelera-e-tenta-todas-as-contratacoes-possiveis\/\",\"url\":\"https:\/\/www.gaveanews.com\/index.php\/2021\/08\/16\/flamengo-acelera-e-tenta-todas-as-contratacoes-possiveis\/\",\"name\":\"Flamengo acelera e tenta 'todas as contrata\u00e7\u00f5es poss\u00edveis'\",\"isPartOf\":{\"@id\":\"https:\/\/www.gaveanews.com\/#website\"},\"primaryImageOfPage\":{\"@id\":\"https:\/\/www.gaveanews.com\/index.php\/2021\/08\/16\/flamengo-acelera-e-tenta-todas-as-contratacoes-possiveis\/#primaryimage\"},\"image\":{\"@id\":\"https:\/\/www.gaveanews.com\/index.php\/2021\/08\/16\/flamengo-acelera-e-tenta-todas-as-contratacoes-possiveis\/#primaryimage\"},\"thumbnailUrl\":\"https:\/\/www.gaveanews.com\/wp-content\/uploads\/Marcos-Braz-em-entrevista-coletiva-no-Ninho-do-Urubu.webp\",\"datePublished\":\"2021-08-16T10:29:21+00:00\",\"dateModified\":\"2021-08-16T10:38:03+00:00\",\"author\":{\"@id\":\"https:\/\/www.gaveanews.com\/#\/schema\/person\/2ec14f73fb96be2caf28f91afb14749d\"},\"breadcrumb\":{\"@id\":\"https:\/\/www.gaveanews.com\/index.php\/2021\/08\/16\/flamengo-acelera-e-tenta-todas-as-contratacoes-possiveis\/#breadcrumb\"},\"inLanguage\":\"pt-BR\",\"potentialAction\":[{\"@type\":\"ReadAction\",\"target\":[\"https:\/\/www.gaveanews.com\/index.php\/2021\/08\/16\/flamengo-acelera-e-tenta-todas-as-contratacoes-possiveis\/\"]}]},{\"@type\":\"ImageObject\",\"inLanguage\":\"pt-BR\",\"@id\":\"https:\/\/www.gaveanews.com\/index.php\/2021\/08\/16\/flamengo-acelera-e-tenta-todas-as-contratacoes-possiveis\/#primaryimage\",\"url\":\"https:\/\/www.gaveanews.com\/wp-content\/uploads\/Marcos-Braz-em-entrevista-coletiva-no-Ninho-do-Urubu.webp\",\"contentUrl\":\"https:\/\/www.gaveanews.com\/wp-content\/uploads\/Marcos-Braz-em-entrevista-coletiva-no-Ninho-do-Urubu.webp\",\"width\":799,\"height\":532,\"caption\":\"Marcos Braz em entrevista coletiva no Ninho do Urubu (Foto: Alexandre Vidal\/Flamengo)\"},{\"@type\":\"BreadcrumbList\",\"@id\":\"https:\/\/www.gaveanews.com\/index.php\/2021\/08\/16\/flamengo-acelera-e-tenta-todas-as-contratacoes-possiveis\/#breadcrumb\",\"itemListElement\":[{\"@type\":\"ListItem\",\"position\":1,\"name\":\"Home\",\"item\":\"https:\/\/www.gaveanews.com\/\"},{\"@type\":\"ListItem\",\"position\":2,\"name\":\"Flamengo acelera e tenta &#8216;todas as contrata\u00e7\u00f5es poss\u00edveis&#8217;\"}]},{\"@type\":\"WebSite\",\"@id\":\"https:\/\/www.gaveanews.com\/#website\",\"url\":\"https:\/\/www.gaveanews.com\/\",\"name\":\"G\u00e1vea News\",\"description\":\"Veja todas as not\u00edcias sobre o Flamengo: Contrata\u00e7\u00f5es, categorias de base, resultados das partidas, tabela de classifica\u00e7\u00e3o, pr\u00f3ximos jogos!\",\"potentialAction\":[{\"@type\":\"SearchAction\",\"target\":{\"@type\":\"EntryPoint\",\"urlTemplate\":\"https:\/\/www.gaveanews.com\/?s={search_term_string}\"},\"query-input\":{\"@type\":\"PropertyValueSpecification\",\"valueRequired\":true,\"valueName\":\"search_term_string\"}}],\"inLanguage\":\"pt-BR\"},{\"@type\":\"Person\",\"@id\":\"https:\/\/www.gaveanews.com\/#\/schema\/person\/2ec14f73fb96be2caf28f91afb14749d\",\"name\":\"Equipe G\u00e1vea News\",\"image\":{\"@type\":\"ImageObject\",\"inLanguage\":\"pt-BR\",\"@id\":\"https:\/\/www.gaveanews.com\/#\/schema\/person\/image\/\",\"url\":\"https:\/\/secure.gravatar.com\/avatar\/1e1956f1facbffd3f8fa53a326721950116b3b9dc9bd44939c01180fd4a745a9?s=96&d=mm&r=g\",\"contentUrl\":\"https:\/\/secure.gravatar.com\/avatar\/1e1956f1facbffd3f8fa53a326721950116b3b9dc9bd44939c01180fd4a745a9?s=96&d=mm&r=g\",\"caption\":\"Equipe G\u00e1vea News\"}}]}<\/script>\n<!-- \/ Yoast SEO Premium plugin. -->","yoast_head_json":{"title":"Flamengo acelera e tenta 'todas as contrata\u00e7\u00f5es poss\u00edveis'","robots":{"index":"index","follow":"follow","max-snippet":"max-snippet:-1","max-image-preview":"max-image-preview:large","max-video-preview":"max-video-preview:-1"},"canonical":"https:\/\/www.gaveanews.com\/index.php\/2021\/08\/16\/flamengo-acelera-e-tenta-todas-as-contratacoes-possiveis\/","og_locale":"pt_BR","og_type":"article","og_title":"Flamengo acelera e tenta 'todas as contrata\u00e7\u00f5es poss\u00edveis'","og_description":"O Flamengo pisou no acelerador e tende a subir as marchas nesta reta final de m\u00eas, com a proximidade do fim da janela de transfer\u00eancias. Por empr\u00e9stimo de um ano, Kenedy est\u00e1 a caminho do Rio de Janeiro para assinar o v\u00ednculo, e o clube est\u00e1 esperan\u00e7oso para encerrar o m\u00eas com at\u00e9 mais duas [&hellip;]","og_url":"https:\/\/www.gaveanews.com\/index.php\/2021\/08\/16\/flamengo-acelera-e-tenta-todas-as-contratacoes-possiveis\/","og_site_name":"G\u00e1vea News","article_publisher":"https:\/\/facebook.com\/gaveaNews\/","article_published_time":"2021-08-16T10:29:21+00:00","article_modified_time":"2021-08-16T10:38:03+00:00","og_image":[{"width":799,"height":532,"url":"https:\/\/www.gaveanews.com\/wp-content\/uploads\/Marcos-Braz-em-entrevista-coletiva-no-Ninho-do-Urubu.webp","type":"image\/jpeg"}],"author":"Equipe G\u00e1vea News","twitter_card":"summary_large_image","twitter_misc":{"Escrito por":"Equipe G\u00e1vea News","Est. tempo de leitura":"3 minutos"},"schema":{"@context":"https:\/\/schema.org","@graph":[{"@type":"NewsArticle","@id":"https:\/\/www.gaveanews.com\/index.php\/2021\/08\/16\/flamengo-acelera-e-tenta-todas-as-contratacoes-possiveis\/#article","isPartOf":{"@id":"https:\/\/www.gaveanews.com\/index.php\/2021\/08\/16\/flamengo-acelera-e-tenta-todas-as-contratacoes-possiveis\/"},"author":{"name":"Equipe G\u00e1vea News","@id":"https:\/\/www.gaveanews.com\/#\/schema\/person\/2ec14f73fb96be2caf28f91afb14749d"},"headline":"Flamengo acelera e tenta &#8216;todas as contrata\u00e7\u00f5es poss\u00edveis&#8217;","datePublished":"2021-08-16T10:29:21+00:00","dateModified":"2021-08-16T10:38:03+00:00","mainEntityOfPage":{"@id":"https:\/\/www.gaveanews.com\/index.php\/2021\/08\/16\/flamengo-acelera-e-tenta-todas-as-contratacoes-possiveis\/"},"wordCount":602,"commentCount":2,"image":{"@id":"https:\/\/www.gaveanews.com\/index.php\/2021\/08\/16\/flamengo-acelera-e-tenta-todas-as-contratacoes-possiveis\/#primaryimage"},"thumbnailUrl":"https:\/\/www.gaveanews.com\/wp-content\/uploads\/Marcos-Braz-em-entrevista-coletiva-no-Ninho-do-Urubu.webp","articleSection":["Negocia\u00e7\u00f5es"],"inLanguage":"pt-BR","potentialAction":[{"@type":"CommentAction","name":"Comment","target":["https:\/\/www.gaveanews.com\/index.php\/2021\/08\/16\/flamengo-acelera-e-tenta-todas-as-contratacoes-possiveis\/#respond"]}],"copyrightYear":"2021","copyrightHolder":{"@id":"https:\/\/www.gaveanews.com\/#organization"}},{"@type":"WebPage","@id":"https:\/\/www.gaveanews.com\/index.php\/2021\/08\/16\/flamengo-acelera-e-tenta-todas-as-contratacoes-possiveis\/","url":"https:\/\/www.gaveanews.com\/index.php\/2021\/08\/16\/flamengo-acelera-e-tenta-todas-as-contratacoes-possiveis\/","name":"Flamengo acelera e tenta 'todas as contrata\u00e7\u00f5es poss\u00edveis'","isPartOf":{"@id":"https:\/\/www.gaveanews.com\/#website"},"primaryImageOfPage":{"@id":"https:\/\/www.gaveanews.com\/index.php\/2021\/08\/16\/flamengo-acelera-e-tenta-todas-as-contratacoes-possiveis\/#primaryimage"},"image":{"@id":"https:\/\/www.gaveanews.com\/index.php\/2021\/08\/16\/flamengo-acelera-e-tenta-todas-as-contratacoes-possiveis\/#primaryimage"},"thumbnailUrl":"https:\/\/www.gaveanews.com\/wp-content\/uploads\/Marcos-Braz-em-entrevista-coletiva-no-Ninho-do-Urubu.webp","datePublished":"2021-08-16T10:29:21+00:00","dateModified":"2021-08-16T10:38:03+00:00","author":{"@id":"https:\/\/www.gaveanews.com\/#\/schema\/person\/2ec14f73fb96be2caf28f91afb14749d"},"breadcrumb":{"@id":"https:\/\/www.gaveanews.com\/index.php\/2021\/08\/16\/flamengo-acelera-e-tenta-todas-as-contratacoes-possiveis\/#breadcrumb"},"inLanguage":"pt-BR","potentialAction":[{"@type":"ReadAction","target":["https:\/\/www.gaveanews.com\/index.php\/2021\/08\/16\/flamengo-acelera-e-tenta-todas-as-contratacoes-possiveis\/"]}]},{"@type":"ImageObject","inLanguage":"pt-BR","@id":"https:\/\/www.gaveanews.com\/index.php\/2021\/08\/16\/flamengo-acelera-e-tenta-todas-as-contratacoes-possiveis\/#primaryimage","url":"https:\/\/www.gaveanews.com\/wp-content\/uploads\/Marcos-Braz-em-entrevista-coletiva-no-Ninho-do-Urubu.webp","contentUrl":"https:\/\/www.gaveanews.com\/wp-content\/uploads\/Marcos-Braz-em-entrevista-coletiva-no-Ninho-do-Urubu.webp","width":799,"height":532,"caption":"Marcos Braz em entrevista coletiva no Ninho do Urubu (Foto: Alexandre Vidal\/Flamengo)"},{"@type":"BreadcrumbList","@id":"https:\/\/www.gaveanews.com\/index.php\/2021\/08\/16\/flamengo-acelera-e-tenta-todas-as-contratacoes-possiveis\/#breadcrumb","itemListElement":[{"@type":"ListItem","position":1,"name":"Home","item":"https:\/\/www.gaveanews.com\/"},{"@type":"ListItem","position":2,"name":"Flamengo acelera e tenta &#8216;todas as contrata\u00e7\u00f5es poss\u00edveis&#8217;"}]},{"@type":"WebSite","@id":"https:\/\/www.gaveanews.com\/#website","url":"https:\/\/www.gaveanews.com\/","name":"G\u00e1vea News","description":"Veja todas as not\u00edcias sobre o Flamengo: Contrata\u00e7\u00f5es, categorias de base, resultados das partidas, tabela de classifica\u00e7\u00e3o, pr\u00f3ximos jogos!","potentialAction":[{"@type":"SearchAction","target":{"@type":"EntryPoint","urlTemplate":"https:\/\/www.gaveanews.com\/?s={search_term_string}"},"query-input":{"@type":"PropertyValueSpecification","valueRequired":true,"valueName":"search_term_string"}}],"inLanguage":"pt-BR"},{"@type":"Person","@id":"https:\/\/www.gaveanews.com\/#\/schema\/person\/2ec14f73fb96be2caf28f91afb14749d","name":"Equipe G\u00e1vea News","image":{"@type":"ImageObject","inLanguage":"pt-BR","@id":"https:\/\/www.gaveanews.com\/#\/schema\/person\/image\/","url":"https:\/\/secure.gravatar.com\/avatar\/1e1956f1facbffd3f8fa53a326721950116b3b9dc9bd44939c01180fd4a745a9?s=96&d=mm&r=g","contentUrl":"https:\/\/secure.gravatar.com\/avatar\/1e1956f1facbffd3f8fa53a326721950116b3b9dc9bd44939c01180fd4a745a9?s=96&d=mm&r=g","caption":"Equipe G\u00e1vea News"}}]}},"_links":{"self":[{"href":"https:\/\/www.gaveanews.com\/index.php\/wp-json\/wp\/v2\/posts\/66053","targetHints":{"allow":["GET"]}}],"collection":[{"href":"https:\/\/www.gaveanews.com\/index.php\/wp-json\/wp\/v2\/posts"}],"about":[{"href":"https:\/\/www.gaveanews.com\/index.php\/wp-json\/wp\/v2\/types\/post"}],"author":[{"embeddable":true,"href":"https:\/\/www.gaveanews.com\/index.php\/wp-json\/wp\/v2\/users\/1"}],"replies":[{"embeddable":true,"href":"https:\/\/www.gaveanews.com\/index.php\/wp-json\/wp\/v2\/comments?post=66053"}],"version-history":[{"count":0,"href":"https:\/\/www.gaveanews.com\/index.php\/wp-json\/wp\/v2\/posts\/66053\/revisions"}],"wp:featuredmedia":[{"embeddable":true,"href":"https:\/\/www.gaveanews.com\/index.php\/wp-json\/wp\/v2\/media\/64346"}],"wp:attachment":[{"href":"https:\/\/www.gaveanews.com\/index.php\/wp-json\/wp\/v2\/media?parent=66053"}],"wp:term":[{"taxonomy":"category","embeddable":true,"href":"https:\/\/www.gaveanews.com\/index.php\/wp-json\/wp\/v2\/categories?post=66053"},{"taxonomy":"post_tag","embeddable":true,"href":"https:\/\/www.gaveanews.com\/index.php\/wp-json\/wp\/v2\/tags?post=66053"}],"curies":[{"name":"wp","href":"https:\/\/api.w.org\/{rel}","templated":true}]}}