{"id":66056,"date":"2021-08-16T08:07:55","date_gmt":"2021-08-16T11:07:55","guid":{"rendered":"https:\/\/www.gaveanews.com\/?p=66056"},"modified":"2021-08-16T08:12:15","modified_gmt":"2021-08-16T11:12:15","slug":"por-clube-no-exteriorflamengo-esta-de-olho-em-3-times-de-portugal","status":"publish","type":"post","link":"https:\/\/www.gaveanews.com\/index.php\/2021\/08\/16\/por-clube-no-exteriorflamengo-esta-de-olho-em-3-times-de-portugal\/","title":{"rendered":"Por clube no exterior, Flamengo est\u00e1 de olho em 3 times de Portugal"},"content":{"rendered":"\n<p>A agenda de trabalho de Rodrigo Tostes, Vice-Presidente de Finan\u00e7as do Flamengo, foi agitada nos \u00faltimos dias: duas semanas em T\u00f3quio, prestando consultoria ao Comit\u00ea Ol\u00edmpico Internacional, o COI, durante as Olimp\u00edadas, e uma semana na Europa, onde se reuniu com bancos, investidores e dirigentes de times que est\u00e3o em negocia\u00e7\u00e3o com o Rubro-Negro para se tornar um &#8220;clube filial&#8221; no Velho Continente.<\/p>\n\n\n\n<p>Depois de um longo e \u00e1rduo per\u00edodo de trabalho, Rodrigo Tostes desembarca no Rio de Janeiro com a mala cheio de novidades a respeito do projeto e pronto para dar mais um passo que pode ser um marco no futebol brasileiro e um passo gigantesco para a expans\u00e3o da marca do Flamengo.<\/p>\n\n\n\n<p>Rodrigo Tostes ir\u00e1 se reunir com o presidente Rodolfo Landim para alinhar as ideias e decidir qual caminho seguir daqui para frente. A d\u00favida neste momento \u00e9: buscar um time de Segunda Divis\u00e3o ou um clube da elite de determinado pa\u00eds, mas que obrigar\u00e1 a ter um investimento maior? As cartas est\u00e3o na mesa, op\u00e7\u00f5es dispon\u00edveis ao Flamengo, e a decis\u00e3o ser\u00e1 tomada em breve, ap\u00f3s a conversa entre o VP Financeiro e o mandat\u00e1rio.<\/p>\n\n\n\n<p>A \u00fanica certeza \u00e9 que o projeto n\u00e3o ter\u00e1 nenhum aporte financeiro do Flamengo. Ou seja, a discuss\u00e3o &#8220;tem dinheiro para &#8216;comprar&#8217; clube no exterior, mas n\u00e3o tem dinheiro para contratar?&#8221; n\u00e3o cabe no momento, na vis\u00e3o do Conselho Diretor, que apoia 100% a ideia de ter um &#8216;time filial&#8217; no exterior.<\/p>\n\n\n\n<p>A visita de Rodrigo Tostes aos clubes e investidores interessados na Europa foi a parte final de um plano que come\u00e7ou h\u00e1 mais de 12 meses sob o maior sigilo poss\u00edvel. O VP Financeiro, que n\u00e3o responde a mensagens e telefonemas e se nega a falar com jornalistas, trata sobre o assunto diretamente com Rodolfo Landim, justamente para evitar que o assunto vaze e atrapalhe as negocia\u00e7\u00f5es.<\/p>\n\n\n\n<p>A reportagem apurou que os tr\u00eas times que, em Portugal, conversaram com o Flamengo sobre a possibilidade de fechar parceria foram: Tondela, Vizela e Mafra. Todos esses times t\u00eam potencial, assim como outros que est\u00e3o em contato com Rodrigo Tostes. Mas vale ressaltar que at\u00e9 o momento n\u00e3o existe compra nem qualquer acordo assinado.<\/p>\n\n\n\n<p>A ideia inicial era fechar parceria com algum clube dos Estados Unidos, mercado que est\u00e1 crescendo cada vez mais e pa\u00eds que Rodrigo Tostes morava at\u00e9 um tempo atr\u00e1s. As conversas, por\u00e9m, n\u00e3o avan\u00e7aram por conta da pandemia da Covid-19, e a mira foi voltada para a Europa, com foco maior em Portugal.<\/p>\n\n\n\n<p>O sentimento internamente \u00e9 que o projeto de ter uma filial no exterior, caso saia de fato do papel, seja concretizado apenas em 2022, independentemente de quem seja o presidente no pr\u00f3ximo tri\u00eanio (tem elei\u00e7\u00e3o presidencial no Flamengo em dezembro deste ano). A atual gest\u00e3o acredita que esse plano \u00e9 algo ben\u00e9fico para o clube independentemente de quem ganhe o pleito.<\/p>\n\n\n\n<p>Retirado de: O Dia<\/p>\n","protected":false},"excerpt":{"rendered":"<p>A agenda de trabalho de Rodrigo Tostes, Vice-Presidente de Finan\u00e7as do Flamengo, foi agitada nos \u00faltimos dias: duas semanas em T\u00f3quio, prestando consultoria ao Comit\u00ea Ol\u00edmpico Internacional, o COI, durante as Olimp\u00edadas, e uma semana na Europa, onde se reuniu com bancos, investidores e dirigentes de times que est\u00e3o em negocia\u00e7\u00e3o com o Rubro-Negro para [&hellip;]<\/p>\n","protected":false},"author":1,"featured_media":64406,"comment_status":"open","ping_status":"closed","sticky":false,"template":"","format":"standard","meta":{"footnotes":""},"categories":[47],"tags":[],"class_list":["post-66056","post","type-post","status-publish","format-standard","has-post-thumbnail","hentry","category-destaques"],"yoast_head":"<!-- This site is optimized with the Yoast SEO Premium plugin v24.2 (Yoast SEO v26.9) - https:\/\/yoast.com\/product\/yoast-seo-premium-wordpress\/ -->\n<title>Por clube no exterior, Flamengo est\u00e1 de olho em 3 times de Portugal<\/title>\n<meta name=\"robots\" content=\"index, follow, max-snippet:-1, max-image-preview:large, max-video-preview:-1\" \/>\n<link rel=\"canonical\" href=\"https:\/\/www.gaveanews.com\/index.php\/2021\/08\/16\/por-clube-no-exteriorflamengo-esta-de-olho-em-3-times-de-portugal\/\" \/>\n<meta property=\"og:locale\" content=\"pt_BR\" \/>\n<meta property=\"og:type\" content=\"article\" \/>\n<meta property=\"og:title\" content=\"Por clube no exterior, Flamengo est\u00e1 de olho em 3 times de Portugal\" \/>\n<meta property=\"og:description\" content=\"A agenda de trabalho de Rodrigo Tostes, Vice-Presidente de Finan\u00e7as do Flamengo, foi agitada nos \u00faltimos dias: duas semanas em T\u00f3quio, prestando consultoria ao Comit\u00ea Ol\u00edmpico Internacional, o COI, durante as Olimp\u00edadas, e uma semana na Europa, onde se reuniu com bancos, investidores e dirigentes de times que est\u00e3o em negocia\u00e7\u00e3o com o Rubro-Negro para [&hellip;]\" \/>\n<meta property=\"og:url\" content=\"https:\/\/www.gaveanews.com\/index.php\/2021\/08\/16\/por-clube-no-exteriorflamengo-esta-de-olho-em-3-times-de-portugal\/\" \/>\n<meta property=\"og:site_name\" content=\"G\u00e1vea News\" \/>\n<meta property=\"article:publisher\" content=\"https:\/\/facebook.com\/gaveaNews\/\" \/>\n<meta property=\"article:published_time\" content=\"2021-08-16T11:07:55+00:00\" \/>\n<meta property=\"article:modified_time\" content=\"2021-08-16T11:12:15+00:00\" \/>\n<meta property=\"og:image\" content=\"https:\/\/www.gaveanews.com\/wp-content\/uploads\/Rodolfo-Landim-em-entrevista-coletiva-no-Ninho-do-Urubu.webp\" \/>\n\t<meta property=\"og:image:width\" content=\"799\" \/>\n\t<meta property=\"og:image:height\" content=\"532\" \/>\n\t<meta property=\"og:image:type\" content=\"image\/jpeg\" \/>\n<meta name=\"author\" content=\"Equipe G\u00e1vea News\" \/>\n<meta name=\"twitter:card\" content=\"summary_large_image\" \/>\n<meta name=\"twitter:label1\" content=\"Escrito por\" \/>\n\t<meta name=\"twitter:data1\" content=\"Equipe G\u00e1vea News\" \/>\n\t<meta name=\"twitter:label2\" content=\"Est. tempo de leitura\" \/>\n\t<meta name=\"twitter:data2\" content=\"3 minutos\" \/>\n<script type=\"application\/ld+json\" class=\"yoast-schema-graph\">{\"@context\":\"https:\/\/schema.org\",\"@graph\":[{\"@type\":\"NewsArticle\",\"@id\":\"https:\/\/www.gaveanews.com\/index.php\/2021\/08\/16\/por-clube-no-exteriorflamengo-esta-de-olho-em-3-times-de-portugal\/#article\",\"isPartOf\":{\"@id\":\"https:\/\/www.gaveanews.com\/index.php\/2021\/08\/16\/por-clube-no-exteriorflamengo-esta-de-olho-em-3-times-de-portugal\/\"},\"author\":{\"name\":\"Equipe G\u00e1vea News\",\"@id\":\"https:\/\/www.gaveanews.com\/#\/schema\/person\/2ec14f73fb96be2caf28f91afb14749d\"},\"headline\":\"Por clube no exterior, Flamengo est\u00e1 de olho em 3 times de Portugal\",\"datePublished\":\"2021-08-16T11:07:55+00:00\",\"dateModified\":\"2021-08-16T11:12:15+00:00\",\"mainEntityOfPage\":{\"@id\":\"https:\/\/www.gaveanews.com\/index.php\/2021\/08\/16\/por-clube-no-exteriorflamengo-esta-de-olho-em-3-times-de-portugal\/\"},\"wordCount\":526,\"commentCount\":26,\"image\":{\"@id\":\"https:\/\/www.gaveanews.com\/index.php\/2021\/08\/16\/por-clube-no-exteriorflamengo-esta-de-olho-em-3-times-de-portugal\/#primaryimage\"},\"thumbnailUrl\":\"https:\/\/www.gaveanews.com\/wp-content\/uploads\/Rodolfo-Landim-em-entrevista-coletiva-no-Ninho-do-Urubu.webp\",\"articleSection\":[\"Destaques\"],\"inLanguage\":\"pt-BR\",\"potentialAction\":[{\"@type\":\"CommentAction\",\"name\":\"Comment\",\"target\":[\"https:\/\/www.gaveanews.com\/index.php\/2021\/08\/16\/por-clube-no-exteriorflamengo-esta-de-olho-em-3-times-de-portugal\/#respond\"]}],\"copyrightYear\":\"2021\",\"copyrightHolder\":{\"@id\":\"https:\/\/www.gaveanews.com\/#organization\"}},{\"@type\":\"WebPage\",\"@id\":\"https:\/\/www.gaveanews.com\/index.php\/2021\/08\/16\/por-clube-no-exteriorflamengo-esta-de-olho-em-3-times-de-portugal\/\",\"url\":\"https:\/\/www.gaveanews.com\/index.php\/2021\/08\/16\/por-clube-no-exteriorflamengo-esta-de-olho-em-3-times-de-portugal\/\",\"name\":\"Por clube no exterior, Flamengo est\u00e1 de olho em 3 times de Portugal\",\"isPartOf\":{\"@id\":\"https:\/\/www.gaveanews.com\/#website\"},\"primaryImageOfPage\":{\"@id\":\"https:\/\/www.gaveanews.com\/index.php\/2021\/08\/16\/por-clube-no-exteriorflamengo-esta-de-olho-em-3-times-de-portugal\/#primaryimage\"},\"image\":{\"@id\":\"https:\/\/www.gaveanews.com\/index.php\/2021\/08\/16\/por-clube-no-exteriorflamengo-esta-de-olho-em-3-times-de-portugal\/#primaryimage\"},\"thumbnailUrl\":\"https:\/\/www.gaveanews.com\/wp-content\/uploads\/Rodolfo-Landim-em-entrevista-coletiva-no-Ninho-do-Urubu.webp\",\"datePublished\":\"2021-08-16T11:07:55+00:00\",\"dateModified\":\"2021-08-16T11:12:15+00:00\",\"author\":{\"@id\":\"https:\/\/www.gaveanews.com\/#\/schema\/person\/2ec14f73fb96be2caf28f91afb14749d\"},\"breadcrumb\":{\"@id\":\"https:\/\/www.gaveanews.com\/index.php\/2021\/08\/16\/por-clube-no-exteriorflamengo-esta-de-olho-em-3-times-de-portugal\/#breadcrumb\"},\"inLanguage\":\"pt-BR\",\"potentialAction\":[{\"@type\":\"ReadAction\",\"target\":[\"https:\/\/www.gaveanews.com\/index.php\/2021\/08\/16\/por-clube-no-exteriorflamengo-esta-de-olho-em-3-times-de-portugal\/\"]}]},{\"@type\":\"ImageObject\",\"inLanguage\":\"pt-BR\",\"@id\":\"https:\/\/www.gaveanews.com\/index.php\/2021\/08\/16\/por-clube-no-exteriorflamengo-esta-de-olho-em-3-times-de-portugal\/#primaryimage\",\"url\":\"https:\/\/www.gaveanews.com\/wp-content\/uploads\/Rodolfo-Landim-em-entrevista-coletiva-no-Ninho-do-Urubu.webp\",\"contentUrl\":\"https:\/\/www.gaveanews.com\/wp-content\/uploads\/Rodolfo-Landim-em-entrevista-coletiva-no-Ninho-do-Urubu.webp\",\"width\":799,\"height\":532,\"caption\":\"Rodolfo Landim em entrevista coletiva no Ninho do Urubu (Foto: Alexandre Vidal\/Flamengo)\"},{\"@type\":\"BreadcrumbList\",\"@id\":\"https:\/\/www.gaveanews.com\/index.php\/2021\/08\/16\/por-clube-no-exteriorflamengo-esta-de-olho-em-3-times-de-portugal\/#breadcrumb\",\"itemListElement\":[{\"@type\":\"ListItem\",\"position\":1,\"name\":\"Home\",\"item\":\"https:\/\/www.gaveanews.com\/\"},{\"@type\":\"ListItem\",\"position\":2,\"name\":\"Por clube no exterior, Flamengo est\u00e1 de olho em 3 times de Portugal\"}]},{\"@type\":\"WebSite\",\"@id\":\"https:\/\/www.gaveanews.com\/#website\",\"url\":\"https:\/\/www.gaveanews.com\/\",\"name\":\"G\u00e1vea News\",\"description\":\"Veja todas as not\u00edcias sobre o Flamengo: Contrata\u00e7\u00f5es, categorias de base, resultados das partidas, tabela de classifica\u00e7\u00e3o, pr\u00f3ximos jogos!\",\"potentialAction\":[{\"@type\":\"SearchAction\",\"target\":{\"@type\":\"EntryPoint\",\"urlTemplate\":\"https:\/\/www.gaveanews.com\/?s={search_term_string}\"},\"query-input\":{\"@type\":\"PropertyValueSpecification\",\"valueRequired\":true,\"valueName\":\"search_term_string\"}}],\"inLanguage\":\"pt-BR\"},{\"@type\":\"Person\",\"@id\":\"https:\/\/www.gaveanews.com\/#\/schema\/person\/2ec14f73fb96be2caf28f91afb14749d\",\"name\":\"Equipe G\u00e1vea News\",\"image\":{\"@type\":\"ImageObject\",\"inLanguage\":\"pt-BR\",\"@id\":\"https:\/\/www.gaveanews.com\/#\/schema\/person\/image\/\",\"url\":\"https:\/\/secure.gravatar.com\/avatar\/1e1956f1facbffd3f8fa53a326721950116b3b9dc9bd44939c01180fd4a745a9?s=96&d=mm&r=g\",\"contentUrl\":\"https:\/\/secure.gravatar.com\/avatar\/1e1956f1facbffd3f8fa53a326721950116b3b9dc9bd44939c01180fd4a745a9?s=96&d=mm&r=g\",\"caption\":\"Equipe G\u00e1vea News\"}}]}<\/script>\n<!-- \/ Yoast SEO Premium plugin. -->","yoast_head_json":{"title":"Por clube no exterior, Flamengo est\u00e1 de olho em 3 times de Portugal","robots":{"index":"index","follow":"follow","max-snippet":"max-snippet:-1","max-image-preview":"max-image-preview:large","max-video-preview":"max-video-preview:-1"},"canonical":"https:\/\/www.gaveanews.com\/index.php\/2021\/08\/16\/por-clube-no-exteriorflamengo-esta-de-olho-em-3-times-de-portugal\/","og_locale":"pt_BR","og_type":"article","og_title":"Por clube no exterior, Flamengo est\u00e1 de olho em 3 times de Portugal","og_description":"A agenda de trabalho de Rodrigo Tostes, Vice-Presidente de Finan\u00e7as do Flamengo, foi agitada nos \u00faltimos dias: duas semanas em T\u00f3quio, prestando consultoria ao Comit\u00ea Ol\u00edmpico Internacional, o COI, durante as Olimp\u00edadas, e uma semana na Europa, onde se reuniu com bancos, investidores e dirigentes de times que est\u00e3o em negocia\u00e7\u00e3o com o Rubro-Negro para [&hellip;]","og_url":"https:\/\/www.gaveanews.com\/index.php\/2021\/08\/16\/por-clube-no-exteriorflamengo-esta-de-olho-em-3-times-de-portugal\/","og_site_name":"G\u00e1vea News","article_publisher":"https:\/\/facebook.com\/gaveaNews\/","article_published_time":"2021-08-16T11:07:55+00:00","article_modified_time":"2021-08-16T11:12:15+00:00","og_image":[{"width":799,"height":532,"url":"https:\/\/www.gaveanews.com\/wp-content\/uploads\/Rodolfo-Landim-em-entrevista-coletiva-no-Ninho-do-Urubu.webp","type":"image\/jpeg"}],"author":"Equipe G\u00e1vea News","twitter_card":"summary_large_image","twitter_misc":{"Escrito por":"Equipe G\u00e1vea News","Est. tempo de leitura":"3 minutos"},"schema":{"@context":"https:\/\/schema.org","@graph":[{"@type":"NewsArticle","@id":"https:\/\/www.gaveanews.com\/index.php\/2021\/08\/16\/por-clube-no-exteriorflamengo-esta-de-olho-em-3-times-de-portugal\/#article","isPartOf":{"@id":"https:\/\/www.gaveanews.com\/index.php\/2021\/08\/16\/por-clube-no-exteriorflamengo-esta-de-olho-em-3-times-de-portugal\/"},"author":{"name":"Equipe G\u00e1vea News","@id":"https:\/\/www.gaveanews.com\/#\/schema\/person\/2ec14f73fb96be2caf28f91afb14749d"},"headline":"Por clube no exterior, Flamengo est\u00e1 de olho em 3 times de Portugal","datePublished":"2021-08-16T11:07:55+00:00","dateModified":"2021-08-16T11:12:15+00:00","mainEntityOfPage":{"@id":"https:\/\/www.gaveanews.com\/index.php\/2021\/08\/16\/por-clube-no-exteriorflamengo-esta-de-olho-em-3-times-de-portugal\/"},"wordCount":526,"commentCount":26,"image":{"@id":"https:\/\/www.gaveanews.com\/index.php\/2021\/08\/16\/por-clube-no-exteriorflamengo-esta-de-olho-em-3-times-de-portugal\/#primaryimage"},"thumbnailUrl":"https:\/\/www.gaveanews.com\/wp-content\/uploads\/Rodolfo-Landim-em-entrevista-coletiva-no-Ninho-do-Urubu.webp","articleSection":["Destaques"],"inLanguage":"pt-BR","potentialAction":[{"@type":"CommentAction","name":"Comment","target":["https:\/\/www.gaveanews.com\/index.php\/2021\/08\/16\/por-clube-no-exteriorflamengo-esta-de-olho-em-3-times-de-portugal\/#respond"]}],"copyrightYear":"2021","copyrightHolder":{"@id":"https:\/\/www.gaveanews.com\/#organization"}},{"@type":"WebPage","@id":"https:\/\/www.gaveanews.com\/index.php\/2021\/08\/16\/por-clube-no-exteriorflamengo-esta-de-olho-em-3-times-de-portugal\/","url":"https:\/\/www.gaveanews.com\/index.php\/2021\/08\/16\/por-clube-no-exteriorflamengo-esta-de-olho-em-3-times-de-portugal\/","name":"Por clube no exterior, Flamengo est\u00e1 de olho em 3 times de Portugal","isPartOf":{"@id":"https:\/\/www.gaveanews.com\/#website"},"primaryImageOfPage":{"@id":"https:\/\/www.gaveanews.com\/index.php\/2021\/08\/16\/por-clube-no-exteriorflamengo-esta-de-olho-em-3-times-de-portugal\/#primaryimage"},"image":{"@id":"https:\/\/www.gaveanews.com\/index.php\/2021\/08\/16\/por-clube-no-exteriorflamengo-esta-de-olho-em-3-times-de-portugal\/#primaryimage"},"thumbnailUrl":"https:\/\/www.gaveanews.com\/wp-content\/uploads\/Rodolfo-Landim-em-entrevista-coletiva-no-Ninho-do-Urubu.webp","datePublished":"2021-08-16T11:07:55+00:00","dateModified":"2021-08-16T11:12:15+00:00","author":{"@id":"https:\/\/www.gaveanews.com\/#\/schema\/person\/2ec14f73fb96be2caf28f91afb14749d"},"breadcrumb":{"@id":"https:\/\/www.gaveanews.com\/index.php\/2021\/08\/16\/por-clube-no-exteriorflamengo-esta-de-olho-em-3-times-de-portugal\/#breadcrumb"},"inLanguage":"pt-BR","potentialAction":[{"@type":"ReadAction","target":["https:\/\/www.gaveanews.com\/index.php\/2021\/08\/16\/por-clube-no-exteriorflamengo-esta-de-olho-em-3-times-de-portugal\/"]}]},{"@type":"ImageObject","inLanguage":"pt-BR","@id":"https:\/\/www.gaveanews.com\/index.php\/2021\/08\/16\/por-clube-no-exteriorflamengo-esta-de-olho-em-3-times-de-portugal\/#primaryimage","url":"https:\/\/www.gaveanews.com\/wp-content\/uploads\/Rodolfo-Landim-em-entrevista-coletiva-no-Ninho-do-Urubu.webp","contentUrl":"https:\/\/www.gaveanews.com\/wp-content\/uploads\/Rodolfo-Landim-em-entrevista-coletiva-no-Ninho-do-Urubu.webp","width":799,"height":532,"caption":"Rodolfo Landim em entrevista coletiva no Ninho do Urubu (Foto: Alexandre Vidal\/Flamengo)"},{"@type":"BreadcrumbList","@id":"https:\/\/www.gaveanews.com\/index.php\/2021\/08\/16\/por-clube-no-exteriorflamengo-esta-de-olho-em-3-times-de-portugal\/#breadcrumb","itemListElement":[{"@type":"ListItem","position":1,"name":"Home","item":"https:\/\/www.gaveanews.com\/"},{"@type":"ListItem","position":2,"name":"Por clube no exterior, Flamengo est\u00e1 de olho em 3 times de Portugal"}]},{"@type":"WebSite","@id":"https:\/\/www.gaveanews.com\/#website","url":"https:\/\/www.gaveanews.com\/","name":"G\u00e1vea News","description":"Veja todas as not\u00edcias sobre o Flamengo: Contrata\u00e7\u00f5es, categorias de base, resultados das partidas, tabela de classifica\u00e7\u00e3o, pr\u00f3ximos jogos!","potentialAction":[{"@type":"SearchAction","target":{"@type":"EntryPoint","urlTemplate":"https:\/\/www.gaveanews.com\/?s={search_term_string}"},"query-input":{"@type":"PropertyValueSpecification","valueRequired":true,"valueName":"search_term_string"}}],"inLanguage":"pt-BR"},{"@type":"Person","@id":"https:\/\/www.gaveanews.com\/#\/schema\/person\/2ec14f73fb96be2caf28f91afb14749d","name":"Equipe G\u00e1vea News","image":{"@type":"ImageObject","inLanguage":"pt-BR","@id":"https:\/\/www.gaveanews.com\/#\/schema\/person\/image\/","url":"https:\/\/secure.gravatar.com\/avatar\/1e1956f1facbffd3f8fa53a326721950116b3b9dc9bd44939c01180fd4a745a9?s=96&d=mm&r=g","contentUrl":"https:\/\/secure.gravatar.com\/avatar\/1e1956f1facbffd3f8fa53a326721950116b3b9dc9bd44939c01180fd4a745a9?s=96&d=mm&r=g","caption":"Equipe G\u00e1vea News"}}]}},"_links":{"self":[{"href":"https:\/\/www.gaveanews.com\/index.php\/wp-json\/wp\/v2\/posts\/66056","targetHints":{"allow":["GET"]}}],"collection":[{"href":"https:\/\/www.gaveanews.com\/index.php\/wp-json\/wp\/v2\/posts"}],"about":[{"href":"https:\/\/www.gaveanews.com\/index.php\/wp-json\/wp\/v2\/types\/post"}],"author":[{"embeddable":true,"href":"https:\/\/www.gaveanews.com\/index.php\/wp-json\/wp\/v2\/users\/1"}],"replies":[{"embeddable":true,"href":"https:\/\/www.gaveanews.com\/index.php\/wp-json\/wp\/v2\/comments?post=66056"}],"version-history":[{"count":0,"href":"https:\/\/www.gaveanews.com\/index.php\/wp-json\/wp\/v2\/posts\/66056\/revisions"}],"wp:featuredmedia":[{"embeddable":true,"href":"https:\/\/www.gaveanews.com\/index.php\/wp-json\/wp\/v2\/media\/64406"}],"wp:attachment":[{"href":"https:\/\/www.gaveanews.com\/index.php\/wp-json\/wp\/v2\/media?parent=66056"}],"wp:term":[{"taxonomy":"category","embeddable":true,"href":"https:\/\/www.gaveanews.com\/index.php\/wp-json\/wp\/v2\/categories?post=66056"},{"taxonomy":"post_tag","embeddable":true,"href":"https:\/\/www.gaveanews.com\/index.php\/wp-json\/wp\/v2\/tags?post=66056"}],"curies":[{"name":"wp","href":"https:\/\/api.w.org\/{rel}","templated":true}]}}