{"id":66064,"date":"2021-08-16T09:52:38","date_gmt":"2021-08-16T12:52:38","guid":{"rendered":"https:\/\/www.gaveanews.com\/?p=66064"},"modified":"2021-08-16T09:52:41","modified_gmt":"2021-08-16T12:52:41","slug":"everton-ribeiro-renato-sempre-pede-para-a-gente-atacar-marcando","status":"publish","type":"post","link":"https:\/\/www.gaveanews.com\/index.php\/2021\/08\/16\/everton-ribeiro-renato-sempre-pede-para-a-gente-atacar-marcando\/","title":{"rendered":"\u00c9verton Ribeiro: &#8220;Renato sempre pede para a gente atacar marcando&#8221;"},"content":{"rendered":"\n<p>O Flamengo venceu o Sport por 2\u00d70 no est\u00e1dio Raulino de Oliveira em partida v\u00e1lida pelo Brasileir\u00e3o. O Mais Querido criou muitas chances e poderia ter ganho o jogo por um placar ainda mais el\u00e1stico. Autor do segundo gol rubro-negro, \u00c9verton Ribeiro analisou a partida do Flamengo na \u2018Fla TV\u2019, falou sobre os pedidos de Renato Ga\u00facho e projetou o confronto da pr\u00f3xima quarta-feira.<\/p>\n\n\n\n<p><strong><em>\u2014 Partida dif\u00edcil n\u00e9, a proposta deles era marcar e a gente conseguiu controlar o jogo ali. Eles tiveram poucos chutes no gol. Isso a gente vem aprimorando cada vez mais, o Renato sempre pede para a gente atacar marcando e vem dando certo. A gente conseguiu fazer os gols, poderia ter feito mais, ent\u00e3o \u00e9 caprichar melhor ali na frente para a gente ter uma tranquilidade maior, mas, fico muito feliz de poder ter feito o gol, ajudado a equipe e agora quarta-feira temos mais um grande jogo e contamos com a nossa Na\u00e7\u00e3o do nosso lado<\/em><\/strong>, disse \u00c9verton Ribeiro.<\/p>\n\n\n\n<figure class=\"wp-block-embed is-type-rich is-provider-twitter wp-block-embed-twitter\"><div class=\"wp-block-embed__wrapper\">\n<blockquote class=\"twitter-tweet\" data-width=\"550\" data-dnt=\"true\"><p lang=\"pt\" dir=\"ltr\">.<a href=\"https:\/\/twitter.com\/evertonri?ref_src=twsrc%5Etfw\">@evertonri<\/a> fala sobre sua participa\u00e7\u00e3o em mais um gol do Flamengo e comentou o resultado positivo do Meng\u00e3o. <a href=\"https:\/\/twitter.com\/hashtag\/VamosFlamengo?src=hash&amp;ref_src=twsrc%5Etfw\">#VamosFlamengo<\/a> <a href=\"https:\/\/twitter.com\/hashtag\/CRF?src=hash&amp;ref_src=twsrc%5Etfw\">#CRF<\/a> <a href=\"https:\/\/t.co\/SgR7q7I65w\">pic.twitter.com\/SgR7q7I65w<\/a><\/p>&mdash; Flamengo (@Flamengo) <a href=\"https:\/\/twitter.com\/Flamengo\/status\/1427023988191023105?ref_src=twsrc%5Etfw\">August 15, 2021<\/a><\/blockquote><script async src=\"https:\/\/platform.twitter.com\/widgets.js\" charset=\"utf-8\"><\/script>\n<\/div><\/figure>\n\n\n\n<p>O Flamengo volta a campo na pr\u00f3xima quarta-feira, contra o Olimpia, \u00e1s 19h15, pelo jogo de volta das quartas de final da Libertadores. A partida ser\u00e1 realizada no Man\u00e9 Garrincha, com presen\u00e7a de torcida no est\u00e1dio.,<\/p>\n\n\n\n<p>Retirado de: Di\u00e1rio do Fla<\/p>\n","protected":false},"excerpt":{"rendered":"<p>O Flamengo venceu o Sport por 2\u00d70 no est\u00e1dio Raulino de Oliveira em partida v\u00e1lida pelo Brasileir\u00e3o. O Mais Querido criou muitas chances e poderia ter ganho o jogo por um placar ainda mais el\u00e1stico. Autor do segundo gol rubro-negro, \u00c9verton Ribeiro analisou a partida do Flamengo na \u2018Fla TV\u2019, falou sobre os pedidos de [&hellip;]<\/p>\n","protected":false},"author":1,"featured_media":66066,"comment_status":"open","ping_status":"closed","sticky":false,"template":"","format":"standard","meta":{"footnotes":""},"categories":[40],"tags":[],"class_list":["post-66064","post","type-post","status-publish","format-standard","has-post-thumbnail","hentry","category-video"],"yoast_head":"<!-- This site is optimized with the Yoast SEO Premium plugin v24.2 (Yoast SEO v26.9) - https:\/\/yoast.com\/product\/yoast-seo-premium-wordpress\/ -->\n<title>\u00c9verton Ribeiro: &quot;Renato sempre pede para a gente atacar marcando&quot;<\/title>\n<meta name=\"robots\" content=\"index, follow, max-snippet:-1, max-image-preview:large, max-video-preview:-1\" \/>\n<link rel=\"canonical\" href=\"https:\/\/www.gaveanews.com\/index.php\/2021\/08\/16\/everton-ribeiro-renato-sempre-pede-para-a-gente-atacar-marcando\/\" \/>\n<meta property=\"og:locale\" content=\"pt_BR\" \/>\n<meta property=\"og:type\" content=\"article\" \/>\n<meta property=\"og:title\" content=\"\u00c9verton Ribeiro: &quot;Renato sempre pede para a gente atacar marcando&quot;\" \/>\n<meta property=\"og:description\" content=\"O Flamengo venceu o Sport por 2\u00d70 no est\u00e1dio Raulino de Oliveira em partida v\u00e1lida pelo Brasileir\u00e3o. O Mais Querido criou muitas chances e poderia ter ganho o jogo por um placar ainda mais el\u00e1stico. Autor do segundo gol rubro-negro, \u00c9verton Ribeiro analisou a partida do Flamengo na \u2018Fla TV\u2019, falou sobre os pedidos de [&hellip;]\" \/>\n<meta property=\"og:url\" content=\"https:\/\/www.gaveanews.com\/index.php\/2021\/08\/16\/everton-ribeiro-renato-sempre-pede-para-a-gente-atacar-marcando\/\" \/>\n<meta property=\"og:site_name\" content=\"G\u00e1vea News\" \/>\n<meta property=\"article:publisher\" content=\"https:\/\/facebook.com\/gaveaNews\/\" \/>\n<meta property=\"article:published_time\" content=\"2021-08-16T12:52:38+00:00\" \/>\n<meta property=\"article:modified_time\" content=\"2021-08-16T12:52:41+00:00\" \/>\n<meta property=\"og:image\" content=\"https:\/\/www.gaveanews.com\/wp-content\/uploads\/Everton-Ribeiro-em-acao-pelo-Flamengo-durante-a-partida-contra-o-Sport-pelo-Campeonato-Brasileiro-da-temporada-de-2021.webp\" \/>\n\t<meta property=\"og:image:width\" content=\"800\" \/>\n\t<meta property=\"og:image:height\" content=\"533\" \/>\n\t<meta property=\"og:image:type\" content=\"image\/jpeg\" \/>\n<meta name=\"author\" content=\"Equipe G\u00e1vea News\" \/>\n<meta name=\"twitter:card\" content=\"summary_large_image\" \/>\n<meta name=\"twitter:label1\" content=\"Escrito por\" \/>\n\t<meta name=\"twitter:data1\" content=\"Equipe G\u00e1vea News\" \/>\n\t<meta name=\"twitter:label2\" content=\"Est. tempo de leitura\" \/>\n\t<meta name=\"twitter:data2\" content=\"1 minuto\" \/>\n<script type=\"application\/ld+json\" class=\"yoast-schema-graph\">{\"@context\":\"https:\/\/schema.org\",\"@graph\":[{\"@type\":\"NewsArticle\",\"@id\":\"https:\/\/www.gaveanews.com\/index.php\/2021\/08\/16\/everton-ribeiro-renato-sempre-pede-para-a-gente-atacar-marcando\/#article\",\"isPartOf\":{\"@id\":\"https:\/\/www.gaveanews.com\/index.php\/2021\/08\/16\/everton-ribeiro-renato-sempre-pede-para-a-gente-atacar-marcando\/\"},\"author\":{\"name\":\"Equipe G\u00e1vea News\",\"@id\":\"https:\/\/www.gaveanews.com\/#\/schema\/person\/2ec14f73fb96be2caf28f91afb14749d\"},\"headline\":\"\u00c9verton Ribeiro: &#8220;Renato sempre pede para a gente atacar marcando&#8221;\",\"datePublished\":\"2021-08-16T12:52:38+00:00\",\"dateModified\":\"2021-08-16T12:52:41+00:00\",\"mainEntityOfPage\":{\"@id\":\"https:\/\/www.gaveanews.com\/index.php\/2021\/08\/16\/everton-ribeiro-renato-sempre-pede-para-a-gente-atacar-marcando\/\"},\"wordCount\":231,\"commentCount\":1,\"image\":{\"@id\":\"https:\/\/www.gaveanews.com\/index.php\/2021\/08\/16\/everton-ribeiro-renato-sempre-pede-para-a-gente-atacar-marcando\/#primaryimage\"},\"thumbnailUrl\":\"https:\/\/www.gaveanews.com\/wp-content\/uploads\/Everton-Ribeiro-em-acao-pelo-Flamengo-durante-a-partida-contra-o-Sport-pelo-Campeonato-Brasileiro-da-temporada-de-2021.webp\",\"articleSection\":[\"V\u00eddeos\"],\"inLanguage\":\"pt-BR\",\"potentialAction\":[{\"@type\":\"CommentAction\",\"name\":\"Comment\",\"target\":[\"https:\/\/www.gaveanews.com\/index.php\/2021\/08\/16\/everton-ribeiro-renato-sempre-pede-para-a-gente-atacar-marcando\/#respond\"]}],\"copyrightYear\":\"2021\",\"copyrightHolder\":{\"@id\":\"https:\/\/www.gaveanews.com\/#organization\"}},{\"@type\":\"WebPage\",\"@id\":\"https:\/\/www.gaveanews.com\/index.php\/2021\/08\/16\/everton-ribeiro-renato-sempre-pede-para-a-gente-atacar-marcando\/\",\"url\":\"https:\/\/www.gaveanews.com\/index.php\/2021\/08\/16\/everton-ribeiro-renato-sempre-pede-para-a-gente-atacar-marcando\/\",\"name\":\"\u00c9verton Ribeiro: \\\"Renato sempre pede para a gente atacar marcando\\\"\",\"isPartOf\":{\"@id\":\"https:\/\/www.gaveanews.com\/#website\"},\"primaryImageOfPage\":{\"@id\":\"https:\/\/www.gaveanews.com\/index.php\/2021\/08\/16\/everton-ribeiro-renato-sempre-pede-para-a-gente-atacar-marcando\/#primaryimage\"},\"image\":{\"@id\":\"https:\/\/www.gaveanews.com\/index.php\/2021\/08\/16\/everton-ribeiro-renato-sempre-pede-para-a-gente-atacar-marcando\/#primaryimage\"},\"thumbnailUrl\":\"https:\/\/www.gaveanews.com\/wp-content\/uploads\/Everton-Ribeiro-em-acao-pelo-Flamengo-durante-a-partida-contra-o-Sport-pelo-Campeonato-Brasileiro-da-temporada-de-2021.webp\",\"datePublished\":\"2021-08-16T12:52:38+00:00\",\"dateModified\":\"2021-08-16T12:52:41+00:00\",\"author\":{\"@id\":\"https:\/\/www.gaveanews.com\/#\/schema\/person\/2ec14f73fb96be2caf28f91afb14749d\"},\"breadcrumb\":{\"@id\":\"https:\/\/www.gaveanews.com\/index.php\/2021\/08\/16\/everton-ribeiro-renato-sempre-pede-para-a-gente-atacar-marcando\/#breadcrumb\"},\"inLanguage\":\"pt-BR\",\"potentialAction\":[{\"@type\":\"ReadAction\",\"target\":[\"https:\/\/www.gaveanews.com\/index.php\/2021\/08\/16\/everton-ribeiro-renato-sempre-pede-para-a-gente-atacar-marcando\/\"]}]},{\"@type\":\"ImageObject\",\"inLanguage\":\"pt-BR\",\"@id\":\"https:\/\/www.gaveanews.com\/index.php\/2021\/08\/16\/everton-ribeiro-renato-sempre-pede-para-a-gente-atacar-marcando\/#primaryimage\",\"url\":\"https:\/\/www.gaveanews.com\/wp-content\/uploads\/Everton-Ribeiro-em-acao-pelo-Flamengo-durante-a-partida-contra-o-Sport-pelo-Campeonato-Brasileiro-da-temporada-de-2021.webp\",\"contentUrl\":\"https:\/\/www.gaveanews.com\/wp-content\/uploads\/Everton-Ribeiro-em-acao-pelo-Flamengo-durante-a-partida-contra-o-Sport-pelo-Campeonato-Brasileiro-da-temporada-de-2021.webp\",\"width\":800,\"height\":533,\"caption\":\"\u00c9verton Ribeiro em a\u00e7\u00e3o pelo Flamengo durante a partida contra o Sport pelo Campeonato Brasileiro da temporada de 2021 (Foto: Marcelo Cortes\/Flamengo)\"},{\"@type\":\"BreadcrumbList\",\"@id\":\"https:\/\/www.gaveanews.com\/index.php\/2021\/08\/16\/everton-ribeiro-renato-sempre-pede-para-a-gente-atacar-marcando\/#breadcrumb\",\"itemListElement\":[{\"@type\":\"ListItem\",\"position\":1,\"name\":\"Home\",\"item\":\"https:\/\/www.gaveanews.com\/\"},{\"@type\":\"ListItem\",\"position\":2,\"name\":\"\u00c9verton Ribeiro: &#8220;Renato sempre pede para a gente atacar marcando&#8221;\"}]},{\"@type\":\"WebSite\",\"@id\":\"https:\/\/www.gaveanews.com\/#website\",\"url\":\"https:\/\/www.gaveanews.com\/\",\"name\":\"G\u00e1vea News\",\"description\":\"Veja todas as not\u00edcias sobre o Flamengo: Contrata\u00e7\u00f5es, categorias de base, resultados das partidas, tabela de classifica\u00e7\u00e3o, pr\u00f3ximos jogos!\",\"potentialAction\":[{\"@type\":\"SearchAction\",\"target\":{\"@type\":\"EntryPoint\",\"urlTemplate\":\"https:\/\/www.gaveanews.com\/?s={search_term_string}\"},\"query-input\":{\"@type\":\"PropertyValueSpecification\",\"valueRequired\":true,\"valueName\":\"search_term_string\"}}],\"inLanguage\":\"pt-BR\"},{\"@type\":\"Person\",\"@id\":\"https:\/\/www.gaveanews.com\/#\/schema\/person\/2ec14f73fb96be2caf28f91afb14749d\",\"name\":\"Equipe G\u00e1vea News\",\"image\":{\"@type\":\"ImageObject\",\"inLanguage\":\"pt-BR\",\"@id\":\"https:\/\/www.gaveanews.com\/#\/schema\/person\/image\/\",\"url\":\"https:\/\/secure.gravatar.com\/avatar\/1e1956f1facbffd3f8fa53a326721950116b3b9dc9bd44939c01180fd4a745a9?s=96&d=mm&r=g\",\"contentUrl\":\"https:\/\/secure.gravatar.com\/avatar\/1e1956f1facbffd3f8fa53a326721950116b3b9dc9bd44939c01180fd4a745a9?s=96&d=mm&r=g\",\"caption\":\"Equipe G\u00e1vea News\"}}]}<\/script>\n<!-- \/ Yoast SEO Premium plugin. -->","yoast_head_json":{"title":"\u00c9verton Ribeiro: \"Renato sempre pede para a gente atacar marcando\"","robots":{"index":"index","follow":"follow","max-snippet":"max-snippet:-1","max-image-preview":"max-image-preview:large","max-video-preview":"max-video-preview:-1"},"canonical":"https:\/\/www.gaveanews.com\/index.php\/2021\/08\/16\/everton-ribeiro-renato-sempre-pede-para-a-gente-atacar-marcando\/","og_locale":"pt_BR","og_type":"article","og_title":"\u00c9verton Ribeiro: \"Renato sempre pede para a gente atacar marcando\"","og_description":"O Flamengo venceu o Sport por 2\u00d70 no est\u00e1dio Raulino de Oliveira em partida v\u00e1lida pelo Brasileir\u00e3o. O Mais Querido criou muitas chances e poderia ter ganho o jogo por um placar ainda mais el\u00e1stico. Autor do segundo gol rubro-negro, \u00c9verton Ribeiro analisou a partida do Flamengo na \u2018Fla TV\u2019, falou sobre os pedidos de [&hellip;]","og_url":"https:\/\/www.gaveanews.com\/index.php\/2021\/08\/16\/everton-ribeiro-renato-sempre-pede-para-a-gente-atacar-marcando\/","og_site_name":"G\u00e1vea News","article_publisher":"https:\/\/facebook.com\/gaveaNews\/","article_published_time":"2021-08-16T12:52:38+00:00","article_modified_time":"2021-08-16T12:52:41+00:00","og_image":[{"width":800,"height":533,"url":"https:\/\/www.gaveanews.com\/wp-content\/uploads\/Everton-Ribeiro-em-acao-pelo-Flamengo-durante-a-partida-contra-o-Sport-pelo-Campeonato-Brasileiro-da-temporada-de-2021.webp","type":"image\/jpeg"}],"author":"Equipe G\u00e1vea News","twitter_card":"summary_large_image","twitter_misc":{"Escrito por":"Equipe G\u00e1vea News","Est. tempo de leitura":"1 minuto"},"schema":{"@context":"https:\/\/schema.org","@graph":[{"@type":"NewsArticle","@id":"https:\/\/www.gaveanews.com\/index.php\/2021\/08\/16\/everton-ribeiro-renato-sempre-pede-para-a-gente-atacar-marcando\/#article","isPartOf":{"@id":"https:\/\/www.gaveanews.com\/index.php\/2021\/08\/16\/everton-ribeiro-renato-sempre-pede-para-a-gente-atacar-marcando\/"},"author":{"name":"Equipe G\u00e1vea News","@id":"https:\/\/www.gaveanews.com\/#\/schema\/person\/2ec14f73fb96be2caf28f91afb14749d"},"headline":"\u00c9verton Ribeiro: &#8220;Renato sempre pede para a gente atacar marcando&#8221;","datePublished":"2021-08-16T12:52:38+00:00","dateModified":"2021-08-16T12:52:41+00:00","mainEntityOfPage":{"@id":"https:\/\/www.gaveanews.com\/index.php\/2021\/08\/16\/everton-ribeiro-renato-sempre-pede-para-a-gente-atacar-marcando\/"},"wordCount":231,"commentCount":1,"image":{"@id":"https:\/\/www.gaveanews.com\/index.php\/2021\/08\/16\/everton-ribeiro-renato-sempre-pede-para-a-gente-atacar-marcando\/#primaryimage"},"thumbnailUrl":"https:\/\/www.gaveanews.com\/wp-content\/uploads\/Everton-Ribeiro-em-acao-pelo-Flamengo-durante-a-partida-contra-o-Sport-pelo-Campeonato-Brasileiro-da-temporada-de-2021.webp","articleSection":["V\u00eddeos"],"inLanguage":"pt-BR","potentialAction":[{"@type":"CommentAction","name":"Comment","target":["https:\/\/www.gaveanews.com\/index.php\/2021\/08\/16\/everton-ribeiro-renato-sempre-pede-para-a-gente-atacar-marcando\/#respond"]}],"copyrightYear":"2021","copyrightHolder":{"@id":"https:\/\/www.gaveanews.com\/#organization"}},{"@type":"WebPage","@id":"https:\/\/www.gaveanews.com\/index.php\/2021\/08\/16\/everton-ribeiro-renato-sempre-pede-para-a-gente-atacar-marcando\/","url":"https:\/\/www.gaveanews.com\/index.php\/2021\/08\/16\/everton-ribeiro-renato-sempre-pede-para-a-gente-atacar-marcando\/","name":"\u00c9verton Ribeiro: \"Renato sempre pede para a gente atacar marcando\"","isPartOf":{"@id":"https:\/\/www.gaveanews.com\/#website"},"primaryImageOfPage":{"@id":"https:\/\/www.gaveanews.com\/index.php\/2021\/08\/16\/everton-ribeiro-renato-sempre-pede-para-a-gente-atacar-marcando\/#primaryimage"},"image":{"@id":"https:\/\/www.gaveanews.com\/index.php\/2021\/08\/16\/everton-ribeiro-renato-sempre-pede-para-a-gente-atacar-marcando\/#primaryimage"},"thumbnailUrl":"https:\/\/www.gaveanews.com\/wp-content\/uploads\/Everton-Ribeiro-em-acao-pelo-Flamengo-durante-a-partida-contra-o-Sport-pelo-Campeonato-Brasileiro-da-temporada-de-2021.webp","datePublished":"2021-08-16T12:52:38+00:00","dateModified":"2021-08-16T12:52:41+00:00","author":{"@id":"https:\/\/www.gaveanews.com\/#\/schema\/person\/2ec14f73fb96be2caf28f91afb14749d"},"breadcrumb":{"@id":"https:\/\/www.gaveanews.com\/index.php\/2021\/08\/16\/everton-ribeiro-renato-sempre-pede-para-a-gente-atacar-marcando\/#breadcrumb"},"inLanguage":"pt-BR","potentialAction":[{"@type":"ReadAction","target":["https:\/\/www.gaveanews.com\/index.php\/2021\/08\/16\/everton-ribeiro-renato-sempre-pede-para-a-gente-atacar-marcando\/"]}]},{"@type":"ImageObject","inLanguage":"pt-BR","@id":"https:\/\/www.gaveanews.com\/index.php\/2021\/08\/16\/everton-ribeiro-renato-sempre-pede-para-a-gente-atacar-marcando\/#primaryimage","url":"https:\/\/www.gaveanews.com\/wp-content\/uploads\/Everton-Ribeiro-em-acao-pelo-Flamengo-durante-a-partida-contra-o-Sport-pelo-Campeonato-Brasileiro-da-temporada-de-2021.webp","contentUrl":"https:\/\/www.gaveanews.com\/wp-content\/uploads\/Everton-Ribeiro-em-acao-pelo-Flamengo-durante-a-partida-contra-o-Sport-pelo-Campeonato-Brasileiro-da-temporada-de-2021.webp","width":800,"height":533,"caption":"\u00c9verton Ribeiro em a\u00e7\u00e3o pelo Flamengo durante a partida contra o Sport pelo Campeonato Brasileiro da temporada de 2021 (Foto: Marcelo Cortes\/Flamengo)"},{"@type":"BreadcrumbList","@id":"https:\/\/www.gaveanews.com\/index.php\/2021\/08\/16\/everton-ribeiro-renato-sempre-pede-para-a-gente-atacar-marcando\/#breadcrumb","itemListElement":[{"@type":"ListItem","position":1,"name":"Home","item":"https:\/\/www.gaveanews.com\/"},{"@type":"ListItem","position":2,"name":"\u00c9verton Ribeiro: &#8220;Renato sempre pede para a gente atacar marcando&#8221;"}]},{"@type":"WebSite","@id":"https:\/\/www.gaveanews.com\/#website","url":"https:\/\/www.gaveanews.com\/","name":"G\u00e1vea News","description":"Veja todas as not\u00edcias sobre o Flamengo: Contrata\u00e7\u00f5es, categorias de base, resultados das partidas, tabela de classifica\u00e7\u00e3o, pr\u00f3ximos jogos!","potentialAction":[{"@type":"SearchAction","target":{"@type":"EntryPoint","urlTemplate":"https:\/\/www.gaveanews.com\/?s={search_term_string}"},"query-input":{"@type":"PropertyValueSpecification","valueRequired":true,"valueName":"search_term_string"}}],"inLanguage":"pt-BR"},{"@type":"Person","@id":"https:\/\/www.gaveanews.com\/#\/schema\/person\/2ec14f73fb96be2caf28f91afb14749d","name":"Equipe G\u00e1vea News","image":{"@type":"ImageObject","inLanguage":"pt-BR","@id":"https:\/\/www.gaveanews.com\/#\/schema\/person\/image\/","url":"https:\/\/secure.gravatar.com\/avatar\/1e1956f1facbffd3f8fa53a326721950116b3b9dc9bd44939c01180fd4a745a9?s=96&d=mm&r=g","contentUrl":"https:\/\/secure.gravatar.com\/avatar\/1e1956f1facbffd3f8fa53a326721950116b3b9dc9bd44939c01180fd4a745a9?s=96&d=mm&r=g","caption":"Equipe G\u00e1vea News"}}]}},"_links":{"self":[{"href":"https:\/\/www.gaveanews.com\/index.php\/wp-json\/wp\/v2\/posts\/66064","targetHints":{"allow":["GET"]}}],"collection":[{"href":"https:\/\/www.gaveanews.com\/index.php\/wp-json\/wp\/v2\/posts"}],"about":[{"href":"https:\/\/www.gaveanews.com\/index.php\/wp-json\/wp\/v2\/types\/post"}],"author":[{"embeddable":true,"href":"https:\/\/www.gaveanews.com\/index.php\/wp-json\/wp\/v2\/users\/1"}],"replies":[{"embeddable":true,"href":"https:\/\/www.gaveanews.com\/index.php\/wp-json\/wp\/v2\/comments?post=66064"}],"version-history":[{"count":0,"href":"https:\/\/www.gaveanews.com\/index.php\/wp-json\/wp\/v2\/posts\/66064\/revisions"}],"wp:featuredmedia":[{"embeddable":true,"href":"https:\/\/www.gaveanews.com\/index.php\/wp-json\/wp\/v2\/media\/66066"}],"wp:attachment":[{"href":"https:\/\/www.gaveanews.com\/index.php\/wp-json\/wp\/v2\/media?parent=66064"}],"wp:term":[{"taxonomy":"category","embeddable":true,"href":"https:\/\/www.gaveanews.com\/index.php\/wp-json\/wp\/v2\/categories?post=66064"},{"taxonomy":"post_tag","embeddable":true,"href":"https:\/\/www.gaveanews.com\/index.php\/wp-json\/wp\/v2\/tags?post=66064"}],"curies":[{"name":"wp","href":"https:\/\/api.w.org\/{rel}","templated":true}]}}