{"id":66071,"date":"2021-08-16T13:08:11","date_gmt":"2021-08-16T16:08:11","guid":{"rendered":"https:\/\/www.gaveanews.com\/?p=66071"},"modified":"2021-08-16T13:10:07","modified_gmt":"2021-08-16T16:10:07","slug":"flamengo-encaminha-a-contratacao-de-seu-segundo-reforco","status":"publish","type":"post","link":"https:\/\/www.gaveanews.com\/index.php\/2021\/08\/16\/flamengo-encaminha-a-contratacao-de-seu-segundo-reforco\/","title":{"rendered":"Flamengo encaminha a contrata\u00e7\u00e3o de seu segundo refor\u00e7o"},"content":{"rendered":"\n<p>O Flamengo segue atento ao mercado e buscando novos refor\u00e7os. Ap\u00f3s fechar com Kenedy, e encaminhar a vinda de Andreas Pereira, agora o Rubro-Negro est\u00e1 atr\u00e1s de um novo zagueiro e j\u00e1 tem nome definido: Rodrigo Ely, que estava no Alav\u00e9s, da Espanha, e est\u00e1 livre no mercado desde o fim do m\u00eas passado.<\/p>\n\n\n\n<p>Sem clube, o jogador ainda est\u00e1 na Espanha e aguarda novos contatos. De acordo com a apura\u00e7\u00e3o da reportagem, as conversas entre Flamengo e jogador j\u00e1 foram iniciadas e o zagueiro de 27 anos tem o desejo de voltar ao Brasil. Inclusive, o jogador topou o projeto apresentado pelo Flamengo e aceita jogar pelo Rubro-Negro.<\/p>\n\n\n\n<p>Natural de Lajeado, no Rio Grande do Sul, o zagueiro saiu do Brasil ainda cedo, com 17 anos e foi rumo ao gigante italiano Milan. Ainda na base, Ely defendeu a sele\u00e7\u00e3o da It\u00e1lia, mas acabou optando por vestir a camisa da amarelinha. A vinda para o Flamengo pode reaproximar o jogador da sele\u00e7\u00e3o brasileira.<\/p>\n\n\n\n<p>Retirado de: O Dia<\/p>\n","protected":false},"excerpt":{"rendered":"<p>O Flamengo segue atento ao mercado e buscando novos refor\u00e7os. Ap\u00f3s fechar com Kenedy, e encaminhar a vinda de Andreas Pereira, agora o Rubro-Negro est\u00e1 atr\u00e1s de um novo zagueiro e j\u00e1 tem nome definido: Rodrigo Ely, que estava no Alav\u00e9s, da Espanha, e est\u00e1 livre no mercado desde o fim do m\u00eas passado. Sem [&hellip;]<\/p>\n","protected":false},"author":1,"featured_media":66072,"comment_status":"open","ping_status":"closed","sticky":false,"template":"","format":"standard","meta":{"footnotes":""},"categories":[48],"tags":[],"class_list":["post-66071","post","type-post","status-publish","format-standard","has-post-thumbnail","hentry","category-negociacoes"],"yoast_head":"<!-- This site is optimized with the Yoast SEO Premium plugin v24.2 (Yoast SEO v26.9) - https:\/\/yoast.com\/product\/yoast-seo-premium-wordpress\/ -->\n<title>Flamengo encaminha a contrata\u00e7\u00e3o de seu segundo refor\u00e7o<\/title>\n<meta name=\"robots\" content=\"index, follow, max-snippet:-1, max-image-preview:large, max-video-preview:-1\" \/>\n<link rel=\"canonical\" href=\"https:\/\/www.gaveanews.com\/index.php\/2021\/08\/16\/flamengo-encaminha-a-contratacao-de-seu-segundo-reforco\/\" \/>\n<meta property=\"og:locale\" content=\"pt_BR\" \/>\n<meta property=\"og:type\" content=\"article\" \/>\n<meta property=\"og:title\" content=\"Flamengo encaminha a contrata\u00e7\u00e3o de seu segundo refor\u00e7o\" \/>\n<meta property=\"og:description\" content=\"O Flamengo segue atento ao mercado e buscando novos refor\u00e7os. Ap\u00f3s fechar com Kenedy, e encaminhar a vinda de Andreas Pereira, agora o Rubro-Negro est\u00e1 atr\u00e1s de um novo zagueiro e j\u00e1 tem nome definido: Rodrigo Ely, que estava no Alav\u00e9s, da Espanha, e est\u00e1 livre no mercado desde o fim do m\u00eas passado. Sem [&hellip;]\" \/>\n<meta property=\"og:url\" content=\"https:\/\/www.gaveanews.com\/index.php\/2021\/08\/16\/flamengo-encaminha-a-contratacao-de-seu-segundo-reforco\/\" \/>\n<meta property=\"og:site_name\" content=\"G\u00e1vea News\" \/>\n<meta property=\"article:publisher\" content=\"https:\/\/facebook.com\/gaveaNews\/\" \/>\n<meta property=\"article:published_time\" content=\"2021-08-16T16:08:11+00:00\" \/>\n<meta property=\"article:modified_time\" content=\"2021-08-16T16:10:07+00:00\" \/>\n<meta property=\"og:image\" content=\"https:\/\/www.gaveanews.com\/wp-content\/uploads\/Rodrigo-Ely-durante-uma-partida-do-Alaves.webp\" \/>\n\t<meta property=\"og:image:width\" content=\"720\" \/>\n\t<meta property=\"og:image:height\" content=\"405\" \/>\n\t<meta property=\"og:image:type\" content=\"image\/jpeg\" \/>\n<meta name=\"author\" content=\"Equipe G\u00e1vea News\" \/>\n<meta name=\"twitter:card\" content=\"summary_large_image\" \/>\n<meta name=\"twitter:label1\" content=\"Escrito por\" \/>\n\t<meta name=\"twitter:data1\" content=\"Equipe G\u00e1vea News\" \/>\n\t<meta name=\"twitter:label2\" content=\"Est. tempo de leitura\" \/>\n\t<meta name=\"twitter:data2\" content=\"1 minuto\" \/>\n<script type=\"application\/ld+json\" class=\"yoast-schema-graph\">{\"@context\":\"https:\/\/schema.org\",\"@graph\":[{\"@type\":\"NewsArticle\",\"@id\":\"https:\/\/www.gaveanews.com\/index.php\/2021\/08\/16\/flamengo-encaminha-a-contratacao-de-seu-segundo-reforco\/#article\",\"isPartOf\":{\"@id\":\"https:\/\/www.gaveanews.com\/index.php\/2021\/08\/16\/flamengo-encaminha-a-contratacao-de-seu-segundo-reforco\/\"},\"author\":{\"name\":\"Equipe G\u00e1vea News\",\"@id\":\"https:\/\/www.gaveanews.com\/#\/schema\/person\/2ec14f73fb96be2caf28f91afb14749d\"},\"headline\":\"Flamengo encaminha a contrata\u00e7\u00e3o de seu segundo refor\u00e7o\",\"datePublished\":\"2021-08-16T16:08:11+00:00\",\"dateModified\":\"2021-08-16T16:10:07+00:00\",\"mainEntityOfPage\":{\"@id\":\"https:\/\/www.gaveanews.com\/index.php\/2021\/08\/16\/flamengo-encaminha-a-contratacao-de-seu-segundo-reforco\/\"},\"wordCount\":185,\"commentCount\":33,\"image\":{\"@id\":\"https:\/\/www.gaveanews.com\/index.php\/2021\/08\/16\/flamengo-encaminha-a-contratacao-de-seu-segundo-reforco\/#primaryimage\"},\"thumbnailUrl\":\"https:\/\/www.gaveanews.com\/wp-content\/uploads\/Rodrigo-Ely-durante-uma-partida-do-Alaves.webp\",\"articleSection\":[\"Negocia\u00e7\u00f5es\"],\"inLanguage\":\"pt-BR\",\"potentialAction\":[{\"@type\":\"CommentAction\",\"name\":\"Comment\",\"target\":[\"https:\/\/www.gaveanews.com\/index.php\/2021\/08\/16\/flamengo-encaminha-a-contratacao-de-seu-segundo-reforco\/#respond\"]}],\"copyrightYear\":\"2021\",\"copyrightHolder\":{\"@id\":\"https:\/\/www.gaveanews.com\/#organization\"}},{\"@type\":\"WebPage\",\"@id\":\"https:\/\/www.gaveanews.com\/index.php\/2021\/08\/16\/flamengo-encaminha-a-contratacao-de-seu-segundo-reforco\/\",\"url\":\"https:\/\/www.gaveanews.com\/index.php\/2021\/08\/16\/flamengo-encaminha-a-contratacao-de-seu-segundo-reforco\/\",\"name\":\"Flamengo encaminha a contrata\u00e7\u00e3o de seu segundo refor\u00e7o\",\"isPartOf\":{\"@id\":\"https:\/\/www.gaveanews.com\/#website\"},\"primaryImageOfPage\":{\"@id\":\"https:\/\/www.gaveanews.com\/index.php\/2021\/08\/16\/flamengo-encaminha-a-contratacao-de-seu-segundo-reforco\/#primaryimage\"},\"image\":{\"@id\":\"https:\/\/www.gaveanews.com\/index.php\/2021\/08\/16\/flamengo-encaminha-a-contratacao-de-seu-segundo-reforco\/#primaryimage\"},\"thumbnailUrl\":\"https:\/\/www.gaveanews.com\/wp-content\/uploads\/Rodrigo-Ely-durante-uma-partida-do-Alaves.webp\",\"datePublished\":\"2021-08-16T16:08:11+00:00\",\"dateModified\":\"2021-08-16T16:10:07+00:00\",\"author\":{\"@id\":\"https:\/\/www.gaveanews.com\/#\/schema\/person\/2ec14f73fb96be2caf28f91afb14749d\"},\"breadcrumb\":{\"@id\":\"https:\/\/www.gaveanews.com\/index.php\/2021\/08\/16\/flamengo-encaminha-a-contratacao-de-seu-segundo-reforco\/#breadcrumb\"},\"inLanguage\":\"pt-BR\",\"potentialAction\":[{\"@type\":\"ReadAction\",\"target\":[\"https:\/\/www.gaveanews.com\/index.php\/2021\/08\/16\/flamengo-encaminha-a-contratacao-de-seu-segundo-reforco\/\"]}]},{\"@type\":\"ImageObject\",\"inLanguage\":\"pt-BR\",\"@id\":\"https:\/\/www.gaveanews.com\/index.php\/2021\/08\/16\/flamengo-encaminha-a-contratacao-de-seu-segundo-reforco\/#primaryimage\",\"url\":\"https:\/\/www.gaveanews.com\/wp-content\/uploads\/Rodrigo-Ely-durante-uma-partida-do-Alaves.webp\",\"contentUrl\":\"https:\/\/www.gaveanews.com\/wp-content\/uploads\/Rodrigo-Ely-durante-uma-partida-do-Alaves.webp\",\"width\":720,\"height\":405,\"caption\":\"Rodrigo Ely durante uma partida do Alav\u00e9s (Foto: Divulga\u00e7\u00e3o\/Alav\u00e9s)\"},{\"@type\":\"BreadcrumbList\",\"@id\":\"https:\/\/www.gaveanews.com\/index.php\/2021\/08\/16\/flamengo-encaminha-a-contratacao-de-seu-segundo-reforco\/#breadcrumb\",\"itemListElement\":[{\"@type\":\"ListItem\",\"position\":1,\"name\":\"Home\",\"item\":\"https:\/\/www.gaveanews.com\/\"},{\"@type\":\"ListItem\",\"position\":2,\"name\":\"Flamengo encaminha a contrata\u00e7\u00e3o de seu segundo refor\u00e7o\"}]},{\"@type\":\"WebSite\",\"@id\":\"https:\/\/www.gaveanews.com\/#website\",\"url\":\"https:\/\/www.gaveanews.com\/\",\"name\":\"G\u00e1vea News\",\"description\":\"Veja todas as not\u00edcias sobre o Flamengo: Contrata\u00e7\u00f5es, categorias de base, resultados das partidas, tabela de classifica\u00e7\u00e3o, pr\u00f3ximos jogos!\",\"potentialAction\":[{\"@type\":\"SearchAction\",\"target\":{\"@type\":\"EntryPoint\",\"urlTemplate\":\"https:\/\/www.gaveanews.com\/?s={search_term_string}\"},\"query-input\":{\"@type\":\"PropertyValueSpecification\",\"valueRequired\":true,\"valueName\":\"search_term_string\"}}],\"inLanguage\":\"pt-BR\"},{\"@type\":\"Person\",\"@id\":\"https:\/\/www.gaveanews.com\/#\/schema\/person\/2ec14f73fb96be2caf28f91afb14749d\",\"name\":\"Equipe G\u00e1vea News\",\"image\":{\"@type\":\"ImageObject\",\"inLanguage\":\"pt-BR\",\"@id\":\"https:\/\/www.gaveanews.com\/#\/schema\/person\/image\/\",\"url\":\"https:\/\/secure.gravatar.com\/avatar\/1e1956f1facbffd3f8fa53a326721950116b3b9dc9bd44939c01180fd4a745a9?s=96&d=mm&r=g\",\"contentUrl\":\"https:\/\/secure.gravatar.com\/avatar\/1e1956f1facbffd3f8fa53a326721950116b3b9dc9bd44939c01180fd4a745a9?s=96&d=mm&r=g\",\"caption\":\"Equipe G\u00e1vea News\"}}]}<\/script>\n<!-- \/ Yoast SEO Premium plugin. -->","yoast_head_json":{"title":"Flamengo encaminha a contrata\u00e7\u00e3o de seu segundo refor\u00e7o","robots":{"index":"index","follow":"follow","max-snippet":"max-snippet:-1","max-image-preview":"max-image-preview:large","max-video-preview":"max-video-preview:-1"},"canonical":"https:\/\/www.gaveanews.com\/index.php\/2021\/08\/16\/flamengo-encaminha-a-contratacao-de-seu-segundo-reforco\/","og_locale":"pt_BR","og_type":"article","og_title":"Flamengo encaminha a contrata\u00e7\u00e3o de seu segundo refor\u00e7o","og_description":"O Flamengo segue atento ao mercado e buscando novos refor\u00e7os. Ap\u00f3s fechar com Kenedy, e encaminhar a vinda de Andreas Pereira, agora o Rubro-Negro est\u00e1 atr\u00e1s de um novo zagueiro e j\u00e1 tem nome definido: Rodrigo Ely, que estava no Alav\u00e9s, da Espanha, e est\u00e1 livre no mercado desde o fim do m\u00eas passado. Sem [&hellip;]","og_url":"https:\/\/www.gaveanews.com\/index.php\/2021\/08\/16\/flamengo-encaminha-a-contratacao-de-seu-segundo-reforco\/","og_site_name":"G\u00e1vea News","article_publisher":"https:\/\/facebook.com\/gaveaNews\/","article_published_time":"2021-08-16T16:08:11+00:00","article_modified_time":"2021-08-16T16:10:07+00:00","og_image":[{"width":720,"height":405,"url":"https:\/\/www.gaveanews.com\/wp-content\/uploads\/Rodrigo-Ely-durante-uma-partida-do-Alaves.webp","type":"image\/jpeg"}],"author":"Equipe G\u00e1vea News","twitter_card":"summary_large_image","twitter_misc":{"Escrito por":"Equipe G\u00e1vea News","Est. tempo de leitura":"1 minuto"},"schema":{"@context":"https:\/\/schema.org","@graph":[{"@type":"NewsArticle","@id":"https:\/\/www.gaveanews.com\/index.php\/2021\/08\/16\/flamengo-encaminha-a-contratacao-de-seu-segundo-reforco\/#article","isPartOf":{"@id":"https:\/\/www.gaveanews.com\/index.php\/2021\/08\/16\/flamengo-encaminha-a-contratacao-de-seu-segundo-reforco\/"},"author":{"name":"Equipe G\u00e1vea News","@id":"https:\/\/www.gaveanews.com\/#\/schema\/person\/2ec14f73fb96be2caf28f91afb14749d"},"headline":"Flamengo encaminha a contrata\u00e7\u00e3o de seu segundo refor\u00e7o","datePublished":"2021-08-16T16:08:11+00:00","dateModified":"2021-08-16T16:10:07+00:00","mainEntityOfPage":{"@id":"https:\/\/www.gaveanews.com\/index.php\/2021\/08\/16\/flamengo-encaminha-a-contratacao-de-seu-segundo-reforco\/"},"wordCount":185,"commentCount":33,"image":{"@id":"https:\/\/www.gaveanews.com\/index.php\/2021\/08\/16\/flamengo-encaminha-a-contratacao-de-seu-segundo-reforco\/#primaryimage"},"thumbnailUrl":"https:\/\/www.gaveanews.com\/wp-content\/uploads\/Rodrigo-Ely-durante-uma-partida-do-Alaves.webp","articleSection":["Negocia\u00e7\u00f5es"],"inLanguage":"pt-BR","potentialAction":[{"@type":"CommentAction","name":"Comment","target":["https:\/\/www.gaveanews.com\/index.php\/2021\/08\/16\/flamengo-encaminha-a-contratacao-de-seu-segundo-reforco\/#respond"]}],"copyrightYear":"2021","copyrightHolder":{"@id":"https:\/\/www.gaveanews.com\/#organization"}},{"@type":"WebPage","@id":"https:\/\/www.gaveanews.com\/index.php\/2021\/08\/16\/flamengo-encaminha-a-contratacao-de-seu-segundo-reforco\/","url":"https:\/\/www.gaveanews.com\/index.php\/2021\/08\/16\/flamengo-encaminha-a-contratacao-de-seu-segundo-reforco\/","name":"Flamengo encaminha a contrata\u00e7\u00e3o de seu segundo refor\u00e7o","isPartOf":{"@id":"https:\/\/www.gaveanews.com\/#website"},"primaryImageOfPage":{"@id":"https:\/\/www.gaveanews.com\/index.php\/2021\/08\/16\/flamengo-encaminha-a-contratacao-de-seu-segundo-reforco\/#primaryimage"},"image":{"@id":"https:\/\/www.gaveanews.com\/index.php\/2021\/08\/16\/flamengo-encaminha-a-contratacao-de-seu-segundo-reforco\/#primaryimage"},"thumbnailUrl":"https:\/\/www.gaveanews.com\/wp-content\/uploads\/Rodrigo-Ely-durante-uma-partida-do-Alaves.webp","datePublished":"2021-08-16T16:08:11+00:00","dateModified":"2021-08-16T16:10:07+00:00","author":{"@id":"https:\/\/www.gaveanews.com\/#\/schema\/person\/2ec14f73fb96be2caf28f91afb14749d"},"breadcrumb":{"@id":"https:\/\/www.gaveanews.com\/index.php\/2021\/08\/16\/flamengo-encaminha-a-contratacao-de-seu-segundo-reforco\/#breadcrumb"},"inLanguage":"pt-BR","potentialAction":[{"@type":"ReadAction","target":["https:\/\/www.gaveanews.com\/index.php\/2021\/08\/16\/flamengo-encaminha-a-contratacao-de-seu-segundo-reforco\/"]}]},{"@type":"ImageObject","inLanguage":"pt-BR","@id":"https:\/\/www.gaveanews.com\/index.php\/2021\/08\/16\/flamengo-encaminha-a-contratacao-de-seu-segundo-reforco\/#primaryimage","url":"https:\/\/www.gaveanews.com\/wp-content\/uploads\/Rodrigo-Ely-durante-uma-partida-do-Alaves.webp","contentUrl":"https:\/\/www.gaveanews.com\/wp-content\/uploads\/Rodrigo-Ely-durante-uma-partida-do-Alaves.webp","width":720,"height":405,"caption":"Rodrigo Ely durante uma partida do Alav\u00e9s (Foto: Divulga\u00e7\u00e3o\/Alav\u00e9s)"},{"@type":"BreadcrumbList","@id":"https:\/\/www.gaveanews.com\/index.php\/2021\/08\/16\/flamengo-encaminha-a-contratacao-de-seu-segundo-reforco\/#breadcrumb","itemListElement":[{"@type":"ListItem","position":1,"name":"Home","item":"https:\/\/www.gaveanews.com\/"},{"@type":"ListItem","position":2,"name":"Flamengo encaminha a contrata\u00e7\u00e3o de seu segundo refor\u00e7o"}]},{"@type":"WebSite","@id":"https:\/\/www.gaveanews.com\/#website","url":"https:\/\/www.gaveanews.com\/","name":"G\u00e1vea News","description":"Veja todas as not\u00edcias sobre o Flamengo: Contrata\u00e7\u00f5es, categorias de base, resultados das partidas, tabela de classifica\u00e7\u00e3o, pr\u00f3ximos jogos!","potentialAction":[{"@type":"SearchAction","target":{"@type":"EntryPoint","urlTemplate":"https:\/\/www.gaveanews.com\/?s={search_term_string}"},"query-input":{"@type":"PropertyValueSpecification","valueRequired":true,"valueName":"search_term_string"}}],"inLanguage":"pt-BR"},{"@type":"Person","@id":"https:\/\/www.gaveanews.com\/#\/schema\/person\/2ec14f73fb96be2caf28f91afb14749d","name":"Equipe G\u00e1vea News","image":{"@type":"ImageObject","inLanguage":"pt-BR","@id":"https:\/\/www.gaveanews.com\/#\/schema\/person\/image\/","url":"https:\/\/secure.gravatar.com\/avatar\/1e1956f1facbffd3f8fa53a326721950116b3b9dc9bd44939c01180fd4a745a9?s=96&d=mm&r=g","contentUrl":"https:\/\/secure.gravatar.com\/avatar\/1e1956f1facbffd3f8fa53a326721950116b3b9dc9bd44939c01180fd4a745a9?s=96&d=mm&r=g","caption":"Equipe G\u00e1vea News"}}]}},"_links":{"self":[{"href":"https:\/\/www.gaveanews.com\/index.php\/wp-json\/wp\/v2\/posts\/66071","targetHints":{"allow":["GET"]}}],"collection":[{"href":"https:\/\/www.gaveanews.com\/index.php\/wp-json\/wp\/v2\/posts"}],"about":[{"href":"https:\/\/www.gaveanews.com\/index.php\/wp-json\/wp\/v2\/types\/post"}],"author":[{"embeddable":true,"href":"https:\/\/www.gaveanews.com\/index.php\/wp-json\/wp\/v2\/users\/1"}],"replies":[{"embeddable":true,"href":"https:\/\/www.gaveanews.com\/index.php\/wp-json\/wp\/v2\/comments?post=66071"}],"version-history":[{"count":0,"href":"https:\/\/www.gaveanews.com\/index.php\/wp-json\/wp\/v2\/posts\/66071\/revisions"}],"wp:featuredmedia":[{"embeddable":true,"href":"https:\/\/www.gaveanews.com\/index.php\/wp-json\/wp\/v2\/media\/66072"}],"wp:attachment":[{"href":"https:\/\/www.gaveanews.com\/index.php\/wp-json\/wp\/v2\/media?parent=66071"}],"wp:term":[{"taxonomy":"category","embeddable":true,"href":"https:\/\/www.gaveanews.com\/index.php\/wp-json\/wp\/v2\/categories?post=66071"},{"taxonomy":"post_tag","embeddable":true,"href":"https:\/\/www.gaveanews.com\/index.php\/wp-json\/wp\/v2\/tags?post=66071"}],"curies":[{"name":"wp","href":"https:\/\/api.w.org\/{rel}","templated":true}]}}