{"id":66080,"date":"2021-08-16T23:18:58","date_gmt":"2021-08-17T02:18:58","guid":{"rendered":"https:\/\/www.gaveanews.com\/?p=66080"},"modified":"2021-08-16T23:19:01","modified_gmt":"2021-08-17T02:19:01","slug":"rubro-negros-invadem-redes-sociais-do-tondela-e-brincam-com-emprestimo-de-atleta","status":"publish","type":"post","link":"https:\/\/www.gaveanews.com\/index.php\/2021\/08\/16\/rubro-negros-invadem-redes-sociais-do-tondela-e-brincam-com-emprestimo-de-atleta\/","title":{"rendered":"Rubro-negros invadem redes sociais do Tondela e brincam com empr\u00e9stimo de atleta"},"content":{"rendered":"\n<p>O Flamengo busca equipes que podem se tornar &#8220;sede&#8221; do rubro-negro em Portugal. Dentre os clubes mais comentados, o Tondela foi o qual mais ganhou for\u00e7a no meio flamenguista. Desta forma, alguns torcedores &#8220;invadiram&#8221; as redes sociais do time portugu\u00eas para &#8220;criticar&#8221; as movimenta\u00e7\u00f5es no elenco.<\/p>\n\n\n\n<p>Em clima de descontra\u00e7\u00e3o, muitos comentaram sobre um empr\u00e9stimo feito pelo clube e fizeram cobran\u00e7as, como a torcida costuma fazer com o Fla. Al\u00e9m de questionarem a contrata\u00e7\u00e3o do atleta, teve at\u00e9 quem pedisse a mudan\u00e7a nas cores do escudo do clube.<\/p>\n\n\n\n<h2 class=\"wp-block-heading\" id=\"h-confira-os-coment-rios\">Confira os coment\u00e1rios:<\/h2>\n\n\n\n<figure class=\"wp-block-embed is-type-rich is-provider-twitter wp-block-embed-twitter\"><div class=\"wp-block-embed__wrapper\">\nhttps:\/\/twitter.com\/meloxss\/status\/1427239751829139458?s=20\n<\/div><\/figure>\n\n\n\n<blockquote class=\"twitter-tweet\" data-conversation=\"none\"><p lang=\"pt\" dir=\"ltr\"><a href=\"https:\/\/twitter.com\/mugnidanacao\/status\/1427261653062672398?s=20\"><\/a><\/blockquote> <BR>\n\n\n\n<blockquote class=\"twitter-tweet\" data-conversation=\"none\"><p lang=\"pt\" dir=\"ltr\"><a href=\"https:\/\/twitter.com\/OctaIvanCRF\/status\/1427256972227883019?s=20\"><\/a><\/blockquote> <BR>\n\n\n\n<blockquote class=\"twitter-tweet\" data-conversation=\"none\"><p lang=\"pt\" dir=\"ltr\"><a href=\"https:\/\/twitter.com\/migu3lcrf\/status\/1427253594860965894?s=20\"><\/a><\/blockquote> <BR>\n\n\n\n<blockquote class=\"twitter-tweet\" data-conversation=\"none\"><p lang=\"pt\" dir=\"ltr\"><a href=\"https:\/\/twitter.com\/arthurcrfx\/status\/1427252898468089858?s=20\"><\/a><\/blockquote> <BR>\n\n\n\n<blockquote class=\"twitter-tweet\" data-conversation=\"none\"><p lang=\"pt\" dir=\"ltr\"><a href=\"https:\/\/twitter.com\/brcrframos\/status\/1427250892651302922?s=20\"><\/a><\/blockquote> <BR>\n\n\n\n<blockquote class=\"twitter-tweet\" data-conversation=\"none\"><p lang=\"pt\" dir=\"ltr\"><a href=\"https:\/\/twitter.com\/eric8119k\/status\/1427255027345903616?s=20\"><\/a><\/blockquote> <BR>\n\n\n\n<blockquote class=\"twitter-tweet\" data-conversation=\"none\"><p lang=\"pt\" dir=\"ltr\"><a href=\"https:\/\/twitter.com\/fsantos091\/status\/1427251791981330438?s=20\"><\/a><\/blockquote> <BR>\n\n\n\n<blockquote class=\"twitter-tweet\" data-conversation=\"none\"><p lang=\"pt\" dir=\"ltr\"><a href=\"https:\/\/twitter.com\/SuelAvelino\/status\/1427256301571264518?s=20\"><\/a><\/blockquote> <BR>\n\n\n\n<p>Contudo, \u00e9 importante salientar que ainda n\u00e3o h\u00e1 nenhum tipo de acordo selado entre Flamengo o Tondela. Uma garantia \u00e9 o fato de o <a href=\"https:\/\/www.gaveanews.com\/index.php\/2021\/08\/16\/flamengo-portugues-presidente-de-clube-revela-como-esta-negociacao-de-venda\/\">presidente da equipe portuguesa ter ido \u00e0 p\u00fablico nesta segunda-feira (16)<\/a> para questionar as not\u00edcias de uma poss\u00edvel venda do time ao rubro-negro.<\/p>\n\n\n\n<p>Enquanto isso, o Mais Querido segue seus planos e visa algumas contrata\u00e7\u00f5es ainda para esta temporada. E por falar no assunto, o Fla aguarda a chegada de seu mais novo refor\u00e7o, Kenedy, ao Brasil para a realiza\u00e7\u00e3o de exames.<\/p>\n","protected":false},"excerpt":{"rendered":"<p>O Flamengo busca equipes que podem se tornar &#8220;sede&#8221; do rubro-negro em Portugal. Dentre os clubes mais comentados, o Tondela foi o qual mais ganhou for\u00e7a no meio flamenguista. Desta forma, alguns torcedores &#8220;invadiram&#8221; as redes sociais do time portugu\u00eas para &#8220;criticar&#8221; as movimenta\u00e7\u00f5es no elenco. Em clima de descontra\u00e7\u00e3o, muitos comentaram sobre um empr\u00e9stimo [&hellip;]<\/p>\n","protected":false},"author":4,"featured_media":23890,"comment_status":"open","ping_status":"closed","sticky":false,"template":"","format":"standard","meta":{"footnotes":""},"categories":[1],"tags":[],"class_list":["post-66080","post","type-post","status-publish","format-standard","has-post-thumbnail","hentry","category-flamengo"],"yoast_head":"<!-- This site is optimized with the Yoast SEO Premium plugin v24.2 (Yoast SEO v26.9) - https:\/\/yoast.com\/product\/yoast-seo-premium-wordpress\/ -->\n<title>Rubro-negros invadem perfil do Tondela e brincam com empr\u00e9stimo<\/title>\n<meta name=\"robots\" content=\"index, follow, max-snippet:-1, max-image-preview:large, max-video-preview:-1\" \/>\n<link rel=\"canonical\" href=\"https:\/\/www.gaveanews.com\/index.php\/2021\/08\/16\/rubro-negros-invadem-redes-sociais-do-tondela-e-brincam-com-emprestimo-de-atleta\/\" \/>\n<meta property=\"og:locale\" content=\"pt_BR\" \/>\n<meta property=\"og:type\" content=\"article\" \/>\n<meta property=\"og:title\" content=\"Rubro-negros invadem redes sociais do Tondela e brincam com empr\u00e9stimo de atleta\" \/>\n<meta property=\"og:description\" content=\"O Flamengo busca equipes que podem se tornar &#8220;sede&#8221; do rubro-negro em Portugal. Dentre os clubes mais comentados, o Tondela foi o qual mais ganhou for\u00e7a no meio flamenguista. Desta forma, alguns torcedores &#8220;invadiram&#8221; as redes sociais do time portugu\u00eas para &#8220;criticar&#8221; as movimenta\u00e7\u00f5es no elenco. Em clima de descontra\u00e7\u00e3o, muitos comentaram sobre um empr\u00e9stimo [&hellip;]\" \/>\n<meta property=\"og:url\" content=\"https:\/\/www.gaveanews.com\/index.php\/2021\/08\/16\/rubro-negros-invadem-redes-sociais-do-tondela-e-brincam-com-emprestimo-de-atleta\/\" \/>\n<meta property=\"og:site_name\" content=\"G\u00e1vea News\" \/>\n<meta property=\"article:publisher\" content=\"https:\/\/facebook.com\/gaveaNews\/\" \/>\n<meta property=\"article:published_time\" content=\"2021-08-17T02:18:58+00:00\" \/>\n<meta property=\"article:modified_time\" content=\"2021-08-17T02:19:01+00:00\" \/>\n<meta property=\"og:image\" content=\"https:\/\/www.gaveanews.com\/wp-content\/uploads\/2019\/08\/Torcedores-fazem-a-festa-no-Maracana-durante-partida-do-Flamengo.webp\" \/>\n\t<meta property=\"og:image:width\" content=\"1\" \/>\n\t<meta property=\"og:image:height\" content=\"1\" \/>\n\t<meta property=\"og:image:type\" content=\"image\/jpeg\" \/>\n<meta name=\"author\" content=\"Let\u00edcia Gerheim\" \/>\n<meta name=\"twitter:card\" content=\"summary_large_image\" \/>\n<meta name=\"twitter:label1\" content=\"Escrito por\" \/>\n\t<meta name=\"twitter:data1\" content=\"Let\u00edcia Gerheim\" \/>\n\t<meta name=\"twitter:label2\" content=\"Est. tempo de leitura\" \/>\n\t<meta name=\"twitter:data2\" content=\"1 minuto\" \/>\n<script type=\"application\/ld+json\" class=\"yoast-schema-graph\">{\"@context\":\"https:\/\/schema.org\",\"@graph\":[{\"@type\":\"NewsArticle\",\"@id\":\"https:\/\/www.gaveanews.com\/index.php\/2021\/08\/16\/rubro-negros-invadem-redes-sociais-do-tondela-e-brincam-com-emprestimo-de-atleta\/#article\",\"isPartOf\":{\"@id\":\"https:\/\/www.gaveanews.com\/index.php\/2021\/08\/16\/rubro-negros-invadem-redes-sociais-do-tondela-e-brincam-com-emprestimo-de-atleta\/\"},\"author\":{\"name\":\"Let\u00edcia Gerheim\",\"@id\":\"https:\/\/www.gaveanews.com\/#\/schema\/person\/714c67050b836198af2450ba1c142a67\"},\"headline\":\"Rubro-negros invadem redes sociais do Tondela e brincam com empr\u00e9stimo de atleta\",\"datePublished\":\"2021-08-17T02:18:58+00:00\",\"dateModified\":\"2021-08-17T02:19:01+00:00\",\"mainEntityOfPage\":{\"@id\":\"https:\/\/www.gaveanews.com\/index.php\/2021\/08\/16\/rubro-negros-invadem-redes-sociais-do-tondela-e-brincam-com-emprestimo-de-atleta\/\"},\"wordCount\":209,\"commentCount\":0,\"image\":{\"@id\":\"https:\/\/www.gaveanews.com\/index.php\/2021\/08\/16\/rubro-negros-invadem-redes-sociais-do-tondela-e-brincam-com-emprestimo-de-atleta\/#primaryimage\"},\"thumbnailUrl\":\"https:\/\/www.gaveanews.com\/wp-content\/uploads\/2019\/08\/Torcedores-fazem-a-festa-no-Maracana-durante-partida-do-Flamengo.webp\",\"articleSection\":[\"Flamengo\"],\"inLanguage\":\"pt-BR\",\"potentialAction\":[{\"@type\":\"CommentAction\",\"name\":\"Comment\",\"target\":[\"https:\/\/www.gaveanews.com\/index.php\/2021\/08\/16\/rubro-negros-invadem-redes-sociais-do-tondela-e-brincam-com-emprestimo-de-atleta\/#respond\"]}],\"copyrightYear\":\"2021\",\"copyrightHolder\":{\"@id\":\"https:\/\/www.gaveanews.com\/#organization\"}},{\"@type\":\"WebPage\",\"@id\":\"https:\/\/www.gaveanews.com\/index.php\/2021\/08\/16\/rubro-negros-invadem-redes-sociais-do-tondela-e-brincam-com-emprestimo-de-atleta\/\",\"url\":\"https:\/\/www.gaveanews.com\/index.php\/2021\/08\/16\/rubro-negros-invadem-redes-sociais-do-tondela-e-brincam-com-emprestimo-de-atleta\/\",\"name\":\"Rubro-negros invadem perfil do Tondela e brincam com empr\u00e9stimo\",\"isPartOf\":{\"@id\":\"https:\/\/www.gaveanews.com\/#website\"},\"primaryImageOfPage\":{\"@id\":\"https:\/\/www.gaveanews.com\/index.php\/2021\/08\/16\/rubro-negros-invadem-redes-sociais-do-tondela-e-brincam-com-emprestimo-de-atleta\/#primaryimage\"},\"image\":{\"@id\":\"https:\/\/www.gaveanews.com\/index.php\/2021\/08\/16\/rubro-negros-invadem-redes-sociais-do-tondela-e-brincam-com-emprestimo-de-atleta\/#primaryimage\"},\"thumbnailUrl\":\"https:\/\/www.gaveanews.com\/wp-content\/uploads\/2019\/08\/Torcedores-fazem-a-festa-no-Maracana-durante-partida-do-Flamengo.webp\",\"datePublished\":\"2021-08-17T02:18:58+00:00\",\"dateModified\":\"2021-08-17T02:19:01+00:00\",\"author\":{\"@id\":\"https:\/\/www.gaveanews.com\/#\/schema\/person\/714c67050b836198af2450ba1c142a67\"},\"breadcrumb\":{\"@id\":\"https:\/\/www.gaveanews.com\/index.php\/2021\/08\/16\/rubro-negros-invadem-redes-sociais-do-tondela-e-brincam-com-emprestimo-de-atleta\/#breadcrumb\"},\"inLanguage\":\"pt-BR\",\"potentialAction\":[{\"@type\":\"ReadAction\",\"target\":[\"https:\/\/www.gaveanews.com\/index.php\/2021\/08\/16\/rubro-negros-invadem-redes-sociais-do-tondela-e-brincam-com-emprestimo-de-atleta\/\"]}]},{\"@type\":\"ImageObject\",\"inLanguage\":\"pt-BR\",\"@id\":\"https:\/\/www.gaveanews.com\/index.php\/2021\/08\/16\/rubro-negros-invadem-redes-sociais-do-tondela-e-brincam-com-emprestimo-de-atleta\/#primaryimage\",\"url\":\"https:\/\/www.gaveanews.com\/wp-content\/uploads\/2019\/08\/Torcedores-fazem-a-festa-no-Maracana-durante-partida-do-Flamengo.webp\",\"contentUrl\":\"https:\/\/www.gaveanews.com\/wp-content\/uploads\/2019\/08\/Torcedores-fazem-a-festa-no-Maracana-durante-partida-do-Flamengo.webp\",\"width\":901,\"height\":600,\"caption\":\"Torcedores fazem a festa no Maracan\u00e3 durante partida do Flamengo (Foto: Alexandre Vidal e Marcelo Cortes\/Flamengo)\"},{\"@type\":\"BreadcrumbList\",\"@id\":\"https:\/\/www.gaveanews.com\/index.php\/2021\/08\/16\/rubro-negros-invadem-redes-sociais-do-tondela-e-brincam-com-emprestimo-de-atleta\/#breadcrumb\",\"itemListElement\":[{\"@type\":\"ListItem\",\"position\":1,\"name\":\"Home\",\"item\":\"https:\/\/www.gaveanews.com\/\"},{\"@type\":\"ListItem\",\"position\":2,\"name\":\"Rubro-negros invadem redes sociais do Tondela e brincam com empr\u00e9stimo de atleta\"}]},{\"@type\":\"WebSite\",\"@id\":\"https:\/\/www.gaveanews.com\/#website\",\"url\":\"https:\/\/www.gaveanews.com\/\",\"name\":\"G\u00e1vea News\",\"description\":\"Veja todas as not\u00edcias sobre o Flamengo: Contrata\u00e7\u00f5es, categorias de base, resultados das partidas, tabela de classifica\u00e7\u00e3o, pr\u00f3ximos jogos!\",\"potentialAction\":[{\"@type\":\"SearchAction\",\"target\":{\"@type\":\"EntryPoint\",\"urlTemplate\":\"https:\/\/www.gaveanews.com\/?s={search_term_string}\"},\"query-input\":{\"@type\":\"PropertyValueSpecification\",\"valueRequired\":true,\"valueName\":\"search_term_string\"}}],\"inLanguage\":\"pt-BR\"},{\"@type\":\"Person\",\"@id\":\"https:\/\/www.gaveanews.com\/#\/schema\/person\/714c67050b836198af2450ba1c142a67\",\"name\":\"Let\u00edcia Gerheim\",\"image\":{\"@type\":\"ImageObject\",\"inLanguage\":\"pt-BR\",\"@id\":\"https:\/\/www.gaveanews.com\/#\/schema\/person\/image\/\",\"url\":\"https:\/\/secure.gravatar.com\/avatar\/60734739c50fcebfbac509e2a826ccd0ff405c019bc73aab9354f19ecad1dcb4?s=96&d=mm&r=g\",\"contentUrl\":\"https:\/\/secure.gravatar.com\/avatar\/60734739c50fcebfbac509e2a826ccd0ff405c019bc73aab9354f19ecad1dcb4?s=96&d=mm&r=g\",\"caption\":\"Let\u00edcia Gerheim\"}}]}<\/script>\n<!-- \/ Yoast SEO Premium plugin. -->","yoast_head_json":{"title":"Rubro-negros invadem perfil do Tondela e brincam com empr\u00e9stimo","robots":{"index":"index","follow":"follow","max-snippet":"max-snippet:-1","max-image-preview":"max-image-preview:large","max-video-preview":"max-video-preview:-1"},"canonical":"https:\/\/www.gaveanews.com\/index.php\/2021\/08\/16\/rubro-negros-invadem-redes-sociais-do-tondela-e-brincam-com-emprestimo-de-atleta\/","og_locale":"pt_BR","og_type":"article","og_title":"Rubro-negros invadem redes sociais do Tondela e brincam com empr\u00e9stimo de atleta","og_description":"O Flamengo busca equipes que podem se tornar &#8220;sede&#8221; do rubro-negro em Portugal. Dentre os clubes mais comentados, o Tondela foi o qual mais ganhou for\u00e7a no meio flamenguista. Desta forma, alguns torcedores &#8220;invadiram&#8221; as redes sociais do time portugu\u00eas para &#8220;criticar&#8221; as movimenta\u00e7\u00f5es no elenco. Em clima de descontra\u00e7\u00e3o, muitos comentaram sobre um empr\u00e9stimo [&hellip;]","og_url":"https:\/\/www.gaveanews.com\/index.php\/2021\/08\/16\/rubro-negros-invadem-redes-sociais-do-tondela-e-brincam-com-emprestimo-de-atleta\/","og_site_name":"G\u00e1vea News","article_publisher":"https:\/\/facebook.com\/gaveaNews\/","article_published_time":"2021-08-17T02:18:58+00:00","article_modified_time":"2021-08-17T02:19:01+00:00","og_image":[{"url":"https:\/\/www.gaveanews.com\/wp-content\/uploads\/2019\/08\/Torcedores-fazem-a-festa-no-Maracana-durante-partida-do-Flamengo.webp","width":1,"height":1,"type":"image\/jpeg"}],"author":"Let\u00edcia Gerheim","twitter_card":"summary_large_image","twitter_misc":{"Escrito por":"Let\u00edcia Gerheim","Est. tempo de leitura":"1 minuto"},"schema":{"@context":"https:\/\/schema.org","@graph":[{"@type":"NewsArticle","@id":"https:\/\/www.gaveanews.com\/index.php\/2021\/08\/16\/rubro-negros-invadem-redes-sociais-do-tondela-e-brincam-com-emprestimo-de-atleta\/#article","isPartOf":{"@id":"https:\/\/www.gaveanews.com\/index.php\/2021\/08\/16\/rubro-negros-invadem-redes-sociais-do-tondela-e-brincam-com-emprestimo-de-atleta\/"},"author":{"name":"Let\u00edcia Gerheim","@id":"https:\/\/www.gaveanews.com\/#\/schema\/person\/714c67050b836198af2450ba1c142a67"},"headline":"Rubro-negros invadem redes sociais do Tondela e brincam com empr\u00e9stimo de atleta","datePublished":"2021-08-17T02:18:58+00:00","dateModified":"2021-08-17T02:19:01+00:00","mainEntityOfPage":{"@id":"https:\/\/www.gaveanews.com\/index.php\/2021\/08\/16\/rubro-negros-invadem-redes-sociais-do-tondela-e-brincam-com-emprestimo-de-atleta\/"},"wordCount":209,"commentCount":0,"image":{"@id":"https:\/\/www.gaveanews.com\/index.php\/2021\/08\/16\/rubro-negros-invadem-redes-sociais-do-tondela-e-brincam-com-emprestimo-de-atleta\/#primaryimage"},"thumbnailUrl":"https:\/\/www.gaveanews.com\/wp-content\/uploads\/2019\/08\/Torcedores-fazem-a-festa-no-Maracana-durante-partida-do-Flamengo.webp","articleSection":["Flamengo"],"inLanguage":"pt-BR","potentialAction":[{"@type":"CommentAction","name":"Comment","target":["https:\/\/www.gaveanews.com\/index.php\/2021\/08\/16\/rubro-negros-invadem-redes-sociais-do-tondela-e-brincam-com-emprestimo-de-atleta\/#respond"]}],"copyrightYear":"2021","copyrightHolder":{"@id":"https:\/\/www.gaveanews.com\/#organization"}},{"@type":"WebPage","@id":"https:\/\/www.gaveanews.com\/index.php\/2021\/08\/16\/rubro-negros-invadem-redes-sociais-do-tondela-e-brincam-com-emprestimo-de-atleta\/","url":"https:\/\/www.gaveanews.com\/index.php\/2021\/08\/16\/rubro-negros-invadem-redes-sociais-do-tondela-e-brincam-com-emprestimo-de-atleta\/","name":"Rubro-negros invadem perfil do Tondela e brincam com empr\u00e9stimo","isPartOf":{"@id":"https:\/\/www.gaveanews.com\/#website"},"primaryImageOfPage":{"@id":"https:\/\/www.gaveanews.com\/index.php\/2021\/08\/16\/rubro-negros-invadem-redes-sociais-do-tondela-e-brincam-com-emprestimo-de-atleta\/#primaryimage"},"image":{"@id":"https:\/\/www.gaveanews.com\/index.php\/2021\/08\/16\/rubro-negros-invadem-redes-sociais-do-tondela-e-brincam-com-emprestimo-de-atleta\/#primaryimage"},"thumbnailUrl":"https:\/\/www.gaveanews.com\/wp-content\/uploads\/2019\/08\/Torcedores-fazem-a-festa-no-Maracana-durante-partida-do-Flamengo.webp","datePublished":"2021-08-17T02:18:58+00:00","dateModified":"2021-08-17T02:19:01+00:00","author":{"@id":"https:\/\/www.gaveanews.com\/#\/schema\/person\/714c67050b836198af2450ba1c142a67"},"breadcrumb":{"@id":"https:\/\/www.gaveanews.com\/index.php\/2021\/08\/16\/rubro-negros-invadem-redes-sociais-do-tondela-e-brincam-com-emprestimo-de-atleta\/#breadcrumb"},"inLanguage":"pt-BR","potentialAction":[{"@type":"ReadAction","target":["https:\/\/www.gaveanews.com\/index.php\/2021\/08\/16\/rubro-negros-invadem-redes-sociais-do-tondela-e-brincam-com-emprestimo-de-atleta\/"]}]},{"@type":"ImageObject","inLanguage":"pt-BR","@id":"https:\/\/www.gaveanews.com\/index.php\/2021\/08\/16\/rubro-negros-invadem-redes-sociais-do-tondela-e-brincam-com-emprestimo-de-atleta\/#primaryimage","url":"https:\/\/www.gaveanews.com\/wp-content\/uploads\/2019\/08\/Torcedores-fazem-a-festa-no-Maracana-durante-partida-do-Flamengo.webp","contentUrl":"https:\/\/www.gaveanews.com\/wp-content\/uploads\/2019\/08\/Torcedores-fazem-a-festa-no-Maracana-durante-partida-do-Flamengo.webp","width":901,"height":600,"caption":"Torcedores fazem a festa no Maracan\u00e3 durante partida do Flamengo (Foto: Alexandre Vidal e Marcelo Cortes\/Flamengo)"},{"@type":"BreadcrumbList","@id":"https:\/\/www.gaveanews.com\/index.php\/2021\/08\/16\/rubro-negros-invadem-redes-sociais-do-tondela-e-brincam-com-emprestimo-de-atleta\/#breadcrumb","itemListElement":[{"@type":"ListItem","position":1,"name":"Home","item":"https:\/\/www.gaveanews.com\/"},{"@type":"ListItem","position":2,"name":"Rubro-negros invadem redes sociais do Tondela e brincam com empr\u00e9stimo de atleta"}]},{"@type":"WebSite","@id":"https:\/\/www.gaveanews.com\/#website","url":"https:\/\/www.gaveanews.com\/","name":"G\u00e1vea News","description":"Veja todas as not\u00edcias sobre o Flamengo: Contrata\u00e7\u00f5es, categorias de base, resultados das partidas, tabela de classifica\u00e7\u00e3o, pr\u00f3ximos jogos!","potentialAction":[{"@type":"SearchAction","target":{"@type":"EntryPoint","urlTemplate":"https:\/\/www.gaveanews.com\/?s={search_term_string}"},"query-input":{"@type":"PropertyValueSpecification","valueRequired":true,"valueName":"search_term_string"}}],"inLanguage":"pt-BR"},{"@type":"Person","@id":"https:\/\/www.gaveanews.com\/#\/schema\/person\/714c67050b836198af2450ba1c142a67","name":"Let\u00edcia Gerheim","image":{"@type":"ImageObject","inLanguage":"pt-BR","@id":"https:\/\/www.gaveanews.com\/#\/schema\/person\/image\/","url":"https:\/\/secure.gravatar.com\/avatar\/60734739c50fcebfbac509e2a826ccd0ff405c019bc73aab9354f19ecad1dcb4?s=96&d=mm&r=g","contentUrl":"https:\/\/secure.gravatar.com\/avatar\/60734739c50fcebfbac509e2a826ccd0ff405c019bc73aab9354f19ecad1dcb4?s=96&d=mm&r=g","caption":"Let\u00edcia Gerheim"}}]}},"_links":{"self":[{"href":"https:\/\/www.gaveanews.com\/index.php\/wp-json\/wp\/v2\/posts\/66080","targetHints":{"allow":["GET"]}}],"collection":[{"href":"https:\/\/www.gaveanews.com\/index.php\/wp-json\/wp\/v2\/posts"}],"about":[{"href":"https:\/\/www.gaveanews.com\/index.php\/wp-json\/wp\/v2\/types\/post"}],"author":[{"embeddable":true,"href":"https:\/\/www.gaveanews.com\/index.php\/wp-json\/wp\/v2\/users\/4"}],"replies":[{"embeddable":true,"href":"https:\/\/www.gaveanews.com\/index.php\/wp-json\/wp\/v2\/comments?post=66080"}],"version-history":[{"count":0,"href":"https:\/\/www.gaveanews.com\/index.php\/wp-json\/wp\/v2\/posts\/66080\/revisions"}],"wp:featuredmedia":[{"embeddable":true,"href":"https:\/\/www.gaveanews.com\/index.php\/wp-json\/wp\/v2\/media\/23890"}],"wp:attachment":[{"href":"https:\/\/www.gaveanews.com\/index.php\/wp-json\/wp\/v2\/media?parent=66080"}],"wp:term":[{"taxonomy":"category","embeddable":true,"href":"https:\/\/www.gaveanews.com\/index.php\/wp-json\/wp\/v2\/categories?post=66080"},{"taxonomy":"post_tag","embeddable":true,"href":"https:\/\/www.gaveanews.com\/index.php\/wp-json\/wp\/v2\/tags?post=66080"}],"curies":[{"name":"wp","href":"https:\/\/api.w.org\/{rel}","templated":true}]}}