{"id":66095,"date":"2021-08-16T19:49:05","date_gmt":"2021-08-16T22:49:05","guid":{"rendered":"https:\/\/www.gaveanews.com\/?p=66095"},"modified":"2021-08-16T19:49:07","modified_gmt":"2021-08-16T22:49:07","slug":"em-meio-a-imbroglio-por-renovacao-arrascaeta-enaltece-o-flamengo","status":"publish","type":"post","link":"https:\/\/www.gaveanews.com\/index.php\/2021\/08\/16\/em-meio-a-imbroglio-por-renovacao-arrascaeta-enaltece-o-flamengo\/","title":{"rendered":"Em meio a imbr\u00f3glio por renova\u00e7\u00e3o, Arrascaeta enaltece o Flamengo"},"content":{"rendered":"\n<p>A &#8220;queda de bra\u00e7o&#8221; por detalhes da renova\u00e7\u00e3o de Arrascaeta com o Flamengo preocupa os milh\u00f5es de torcedores que ainda desejam ver o uruguaio vestindo o Manto Sagrado por bastante tempo. Desta forma, muitos est\u00e3o apreensivos e aguardam um final feliz para o imbr\u00f3glio entre o jogador e o clube.<\/p>\n\n\n\n<p>Contudo, o meia fez uma afirma\u00e7\u00e3o que tranquiliza um pouco a parcela da torcida que temia a possibilidade de um mal-estar entre as partes. O atleta, eleito &#8220;Craque do jogo&#8221; no \u00faltimo confronto contra o Sport, concedeu entrevista p\u00f3s-jogo e deixou claro que deseja permanecer no Mais Querido.<\/p>\n\n\n\n<p><em><strong>\u2014&nbsp;Acho que vai ficar entre eu e o Flamengo (a renova\u00e7<\/strong><\/em><strong><em>\u00e3o). Todos queremos o melhor para todos, eu estou muito feliz aqui no Flamengo, quero ficar aqui, mas isso \u00e9 outro tema. Em rela\u00e7\u00e3o \u00e0 liberdade, ele (Renato) tem me dado muita liberdade, estou me sentindo bem e \u00e0 vontade para ajudar o time.<\/em><\/strong><\/p>\n\n\n\n<p>Depois disso, Arrasca utilizou de suas redes sociais para enaltecer o rubro-negro. Em seu perfil do <em>Instagram<\/em>, ele publicou uma foto da partida da \u00faltimo domingo (15) e escreveu a seguinte legenda: <em><strong>&#8220;Que privil\u00e9gio, meu Flamengo&#8221;<\/strong><\/em>.<\/p>\n\n\n\n<h2 class=\"wp-block-heading\" id=\"h-confira-a-publica-o\">Confira a publica\u00e7\u00e3o:<\/h2>\n\n\n\n<figure class=\"wp-block-image size-large\"><img decoding=\"async\" src=\"https:\/\/colunadofla.com\/wp-content\/uploads\/2021\/08\/arrascaeta-instagram-flamengo-x-sport-campeonato-brasileiro.webp\" alt=\"\"\/><\/figure>\n\n\n\n<p>Enquanto as partes n\u00e3o entram em acordo, o uruguaio se prepara com o restante do elenco rubro-negro para enfrentar o Olimpia no confronto de volta pelas quartas de final da Copa Libertadores. A partida ocorrer\u00e1 nesta quarta-feira (18), \u00e0s 19h15 (hor\u00e1rio de Bras\u00edlia), no Est\u00e1dio Man\u00e9 Garrincha.<\/p>\n","protected":false},"excerpt":{"rendered":"<p>A &#8220;queda de bra\u00e7o&#8221; por detalhes da renova\u00e7\u00e3o de Arrascaeta com o Flamengo preocupa os milh\u00f5es de torcedores que ainda desejam ver o uruguaio vestindo o Manto Sagrado por bastante tempo. Desta forma, muitos est\u00e3o apreensivos e aguardam um final feliz para o imbr\u00f3glio entre o jogador e o clube. Contudo, o meia fez uma [&hellip;]<\/p>\n","protected":false},"author":4,"featured_media":65630,"comment_status":"open","ping_status":"closed","sticky":false,"template":"","format":"standard","meta":{"footnotes":""},"categories":[1],"tags":[],"class_list":["post-66095","post","type-post","status-publish","format-standard","has-post-thumbnail","hentry","category-flamengo"],"yoast_head":"<!-- This site is optimized with the Yoast SEO Premium plugin v24.2 (Yoast SEO v26.9) - https:\/\/yoast.com\/product\/yoast-seo-premium-wordpress\/ -->\n<title>Em meio a imbr\u00f3glio por renova\u00e7\u00e3o, Arrascaeta enaltece o Flamengo<\/title>\n<meta name=\"robots\" content=\"index, follow, max-snippet:-1, max-image-preview:large, max-video-preview:-1\" \/>\n<link rel=\"canonical\" href=\"https:\/\/www.gaveanews.com\/index.php\/2021\/08\/16\/em-meio-a-imbroglio-por-renovacao-arrascaeta-enaltece-o-flamengo\/\" \/>\n<meta property=\"og:locale\" content=\"pt_BR\" \/>\n<meta property=\"og:type\" content=\"article\" \/>\n<meta property=\"og:title\" content=\"Em meio a imbr\u00f3glio por renova\u00e7\u00e3o, Arrascaeta enaltece o Flamengo\" \/>\n<meta property=\"og:description\" content=\"A &#8220;queda de bra\u00e7o&#8221; por detalhes da renova\u00e7\u00e3o de Arrascaeta com o Flamengo preocupa os milh\u00f5es de torcedores que ainda desejam ver o uruguaio vestindo o Manto Sagrado por bastante tempo. Desta forma, muitos est\u00e3o apreensivos e aguardam um final feliz para o imbr\u00f3glio entre o jogador e o clube. Contudo, o meia fez uma [&hellip;]\" \/>\n<meta property=\"og:url\" content=\"https:\/\/www.gaveanews.com\/index.php\/2021\/08\/16\/em-meio-a-imbroglio-por-renovacao-arrascaeta-enaltece-o-flamengo\/\" \/>\n<meta property=\"og:site_name\" content=\"G\u00e1vea News\" \/>\n<meta property=\"article:publisher\" content=\"https:\/\/facebook.com\/gaveaNews\/\" \/>\n<meta property=\"article:published_time\" content=\"2021-08-16T22:49:05+00:00\" \/>\n<meta property=\"article:modified_time\" content=\"2021-08-16T22:49:07+00:00\" \/>\n<meta property=\"og:image\" content=\"https:\/\/www.gaveanews.com\/wp-content\/uploads\/Arrascaeta-em-acao-pelo-Flamengo-durante-a-partida-contra-o-Olimpia-pela-Copa-Libertadores-da-temporada-de-2021.webp\" \/>\n\t<meta property=\"og:image:width\" content=\"799\" \/>\n\t<meta property=\"og:image:height\" content=\"533\" \/>\n\t<meta property=\"og:image:type\" content=\"image\/jpeg\" \/>\n<meta name=\"author\" content=\"Let\u00edcia Gerheim\" \/>\n<meta name=\"twitter:card\" content=\"summary_large_image\" \/>\n<meta name=\"twitter:label1\" content=\"Escrito por\" \/>\n\t<meta name=\"twitter:data1\" content=\"Let\u00edcia Gerheim\" \/>\n\t<meta name=\"twitter:label2\" content=\"Est. tempo de leitura\" \/>\n\t<meta name=\"twitter:data2\" content=\"2 minutos\" \/>\n<script type=\"application\/ld+json\" class=\"yoast-schema-graph\">{\"@context\":\"https:\/\/schema.org\",\"@graph\":[{\"@type\":\"NewsArticle\",\"@id\":\"https:\/\/www.gaveanews.com\/index.php\/2021\/08\/16\/em-meio-a-imbroglio-por-renovacao-arrascaeta-enaltece-o-flamengo\/#article\",\"isPartOf\":{\"@id\":\"https:\/\/www.gaveanews.com\/index.php\/2021\/08\/16\/em-meio-a-imbroglio-por-renovacao-arrascaeta-enaltece-o-flamengo\/\"},\"author\":{\"name\":\"Let\u00edcia Gerheim\",\"@id\":\"https:\/\/www.gaveanews.com\/#\/schema\/person\/714c67050b836198af2450ba1c142a67\"},\"headline\":\"Em meio a imbr\u00f3glio por renova\u00e7\u00e3o, Arrascaeta enaltece o Flamengo\",\"datePublished\":\"2021-08-16T22:49:05+00:00\",\"dateModified\":\"2021-08-16T22:49:07+00:00\",\"mainEntityOfPage\":{\"@id\":\"https:\/\/www.gaveanews.com\/index.php\/2021\/08\/16\/em-meio-a-imbroglio-por-renovacao-arrascaeta-enaltece-o-flamengo\/\"},\"wordCount\":261,\"commentCount\":3,\"image\":{\"@id\":\"https:\/\/www.gaveanews.com\/index.php\/2021\/08\/16\/em-meio-a-imbroglio-por-renovacao-arrascaeta-enaltece-o-flamengo\/#primaryimage\"},\"thumbnailUrl\":\"https:\/\/www.gaveanews.com\/wp-content\/uploads\/Arrascaeta-em-acao-pelo-Flamengo-durante-a-partida-contra-o-Olimpia-pela-Copa-Libertadores-da-temporada-de-2021.webp\",\"articleSection\":[\"Flamengo\"],\"inLanguage\":\"pt-BR\",\"potentialAction\":[{\"@type\":\"CommentAction\",\"name\":\"Comment\",\"target\":[\"https:\/\/www.gaveanews.com\/index.php\/2021\/08\/16\/em-meio-a-imbroglio-por-renovacao-arrascaeta-enaltece-o-flamengo\/#respond\"]}],\"copyrightYear\":\"2021\",\"copyrightHolder\":{\"@id\":\"https:\/\/www.gaveanews.com\/#organization\"}},{\"@type\":\"WebPage\",\"@id\":\"https:\/\/www.gaveanews.com\/index.php\/2021\/08\/16\/em-meio-a-imbroglio-por-renovacao-arrascaeta-enaltece-o-flamengo\/\",\"url\":\"https:\/\/www.gaveanews.com\/index.php\/2021\/08\/16\/em-meio-a-imbroglio-por-renovacao-arrascaeta-enaltece-o-flamengo\/\",\"name\":\"Em meio a imbr\u00f3glio por renova\u00e7\u00e3o, Arrascaeta enaltece o Flamengo\",\"isPartOf\":{\"@id\":\"https:\/\/www.gaveanews.com\/#website\"},\"primaryImageOfPage\":{\"@id\":\"https:\/\/www.gaveanews.com\/index.php\/2021\/08\/16\/em-meio-a-imbroglio-por-renovacao-arrascaeta-enaltece-o-flamengo\/#primaryimage\"},\"image\":{\"@id\":\"https:\/\/www.gaveanews.com\/index.php\/2021\/08\/16\/em-meio-a-imbroglio-por-renovacao-arrascaeta-enaltece-o-flamengo\/#primaryimage\"},\"thumbnailUrl\":\"https:\/\/www.gaveanews.com\/wp-content\/uploads\/Arrascaeta-em-acao-pelo-Flamengo-durante-a-partida-contra-o-Olimpia-pela-Copa-Libertadores-da-temporada-de-2021.webp\",\"datePublished\":\"2021-08-16T22:49:05+00:00\",\"dateModified\":\"2021-08-16T22:49:07+00:00\",\"author\":{\"@id\":\"https:\/\/www.gaveanews.com\/#\/schema\/person\/714c67050b836198af2450ba1c142a67\"},\"breadcrumb\":{\"@id\":\"https:\/\/www.gaveanews.com\/index.php\/2021\/08\/16\/em-meio-a-imbroglio-por-renovacao-arrascaeta-enaltece-o-flamengo\/#breadcrumb\"},\"inLanguage\":\"pt-BR\",\"potentialAction\":[{\"@type\":\"ReadAction\",\"target\":[\"https:\/\/www.gaveanews.com\/index.php\/2021\/08\/16\/em-meio-a-imbroglio-por-renovacao-arrascaeta-enaltece-o-flamengo\/\"]}]},{\"@type\":\"ImageObject\",\"inLanguage\":\"pt-BR\",\"@id\":\"https:\/\/www.gaveanews.com\/index.php\/2021\/08\/16\/em-meio-a-imbroglio-por-renovacao-arrascaeta-enaltece-o-flamengo\/#primaryimage\",\"url\":\"https:\/\/www.gaveanews.com\/wp-content\/uploads\/Arrascaeta-em-acao-pelo-Flamengo-durante-a-partida-contra-o-Olimpia-pela-Copa-Libertadores-da-temporada-de-2021.webp\",\"contentUrl\":\"https:\/\/www.gaveanews.com\/wp-content\/uploads\/Arrascaeta-em-acao-pelo-Flamengo-durante-a-partida-contra-o-Olimpia-pela-Copa-Libertadores-da-temporada-de-2021.webp\",\"width\":799,\"height\":533,\"caption\":\"Arrascaeta em a\u00e7\u00e3o pelo Flamengo durante a partida contra o Olimpia pela Copa Libertadores da temporada de 2021 (Foto: Alexandre Vidal\/Flamengo)\"},{\"@type\":\"BreadcrumbList\",\"@id\":\"https:\/\/www.gaveanews.com\/index.php\/2021\/08\/16\/em-meio-a-imbroglio-por-renovacao-arrascaeta-enaltece-o-flamengo\/#breadcrumb\",\"itemListElement\":[{\"@type\":\"ListItem\",\"position\":1,\"name\":\"Home\",\"item\":\"https:\/\/www.gaveanews.com\/\"},{\"@type\":\"ListItem\",\"position\":2,\"name\":\"Em meio a imbr\u00f3glio por renova\u00e7\u00e3o, Arrascaeta enaltece o Flamengo\"}]},{\"@type\":\"WebSite\",\"@id\":\"https:\/\/www.gaveanews.com\/#website\",\"url\":\"https:\/\/www.gaveanews.com\/\",\"name\":\"G\u00e1vea News\",\"description\":\"Veja todas as not\u00edcias sobre o Flamengo: Contrata\u00e7\u00f5es, categorias de base, resultados das partidas, tabela de classifica\u00e7\u00e3o, pr\u00f3ximos jogos!\",\"potentialAction\":[{\"@type\":\"SearchAction\",\"target\":{\"@type\":\"EntryPoint\",\"urlTemplate\":\"https:\/\/www.gaveanews.com\/?s={search_term_string}\"},\"query-input\":{\"@type\":\"PropertyValueSpecification\",\"valueRequired\":true,\"valueName\":\"search_term_string\"}}],\"inLanguage\":\"pt-BR\"},{\"@type\":\"Person\",\"@id\":\"https:\/\/www.gaveanews.com\/#\/schema\/person\/714c67050b836198af2450ba1c142a67\",\"name\":\"Let\u00edcia Gerheim\",\"image\":{\"@type\":\"ImageObject\",\"inLanguage\":\"pt-BR\",\"@id\":\"https:\/\/www.gaveanews.com\/#\/schema\/person\/image\/\",\"url\":\"https:\/\/secure.gravatar.com\/avatar\/60734739c50fcebfbac509e2a826ccd0ff405c019bc73aab9354f19ecad1dcb4?s=96&d=mm&r=g\",\"contentUrl\":\"https:\/\/secure.gravatar.com\/avatar\/60734739c50fcebfbac509e2a826ccd0ff405c019bc73aab9354f19ecad1dcb4?s=96&d=mm&r=g\",\"caption\":\"Let\u00edcia Gerheim\"}}]}<\/script>\n<!-- \/ Yoast SEO Premium plugin. -->","yoast_head_json":{"title":"Em meio a imbr\u00f3glio por renova\u00e7\u00e3o, Arrascaeta enaltece o Flamengo","robots":{"index":"index","follow":"follow","max-snippet":"max-snippet:-1","max-image-preview":"max-image-preview:large","max-video-preview":"max-video-preview:-1"},"canonical":"https:\/\/www.gaveanews.com\/index.php\/2021\/08\/16\/em-meio-a-imbroglio-por-renovacao-arrascaeta-enaltece-o-flamengo\/","og_locale":"pt_BR","og_type":"article","og_title":"Em meio a imbr\u00f3glio por renova\u00e7\u00e3o, Arrascaeta enaltece o Flamengo","og_description":"A &#8220;queda de bra\u00e7o&#8221; por detalhes da renova\u00e7\u00e3o de Arrascaeta com o Flamengo preocupa os milh\u00f5es de torcedores que ainda desejam ver o uruguaio vestindo o Manto Sagrado por bastante tempo. Desta forma, muitos est\u00e3o apreensivos e aguardam um final feliz para o imbr\u00f3glio entre o jogador e o clube. Contudo, o meia fez uma [&hellip;]","og_url":"https:\/\/www.gaveanews.com\/index.php\/2021\/08\/16\/em-meio-a-imbroglio-por-renovacao-arrascaeta-enaltece-o-flamengo\/","og_site_name":"G\u00e1vea News","article_publisher":"https:\/\/facebook.com\/gaveaNews\/","article_published_time":"2021-08-16T22:49:05+00:00","article_modified_time":"2021-08-16T22:49:07+00:00","og_image":[{"width":799,"height":533,"url":"https:\/\/www.gaveanews.com\/wp-content\/uploads\/Arrascaeta-em-acao-pelo-Flamengo-durante-a-partida-contra-o-Olimpia-pela-Copa-Libertadores-da-temporada-de-2021.webp","type":"image\/jpeg"}],"author":"Let\u00edcia Gerheim","twitter_card":"summary_large_image","twitter_misc":{"Escrito por":"Let\u00edcia Gerheim","Est. tempo de leitura":"2 minutos"},"schema":{"@context":"https:\/\/schema.org","@graph":[{"@type":"NewsArticle","@id":"https:\/\/www.gaveanews.com\/index.php\/2021\/08\/16\/em-meio-a-imbroglio-por-renovacao-arrascaeta-enaltece-o-flamengo\/#article","isPartOf":{"@id":"https:\/\/www.gaveanews.com\/index.php\/2021\/08\/16\/em-meio-a-imbroglio-por-renovacao-arrascaeta-enaltece-o-flamengo\/"},"author":{"name":"Let\u00edcia Gerheim","@id":"https:\/\/www.gaveanews.com\/#\/schema\/person\/714c67050b836198af2450ba1c142a67"},"headline":"Em meio a imbr\u00f3glio por renova\u00e7\u00e3o, Arrascaeta enaltece o Flamengo","datePublished":"2021-08-16T22:49:05+00:00","dateModified":"2021-08-16T22:49:07+00:00","mainEntityOfPage":{"@id":"https:\/\/www.gaveanews.com\/index.php\/2021\/08\/16\/em-meio-a-imbroglio-por-renovacao-arrascaeta-enaltece-o-flamengo\/"},"wordCount":261,"commentCount":3,"image":{"@id":"https:\/\/www.gaveanews.com\/index.php\/2021\/08\/16\/em-meio-a-imbroglio-por-renovacao-arrascaeta-enaltece-o-flamengo\/#primaryimage"},"thumbnailUrl":"https:\/\/www.gaveanews.com\/wp-content\/uploads\/Arrascaeta-em-acao-pelo-Flamengo-durante-a-partida-contra-o-Olimpia-pela-Copa-Libertadores-da-temporada-de-2021.webp","articleSection":["Flamengo"],"inLanguage":"pt-BR","potentialAction":[{"@type":"CommentAction","name":"Comment","target":["https:\/\/www.gaveanews.com\/index.php\/2021\/08\/16\/em-meio-a-imbroglio-por-renovacao-arrascaeta-enaltece-o-flamengo\/#respond"]}],"copyrightYear":"2021","copyrightHolder":{"@id":"https:\/\/www.gaveanews.com\/#organization"}},{"@type":"WebPage","@id":"https:\/\/www.gaveanews.com\/index.php\/2021\/08\/16\/em-meio-a-imbroglio-por-renovacao-arrascaeta-enaltece-o-flamengo\/","url":"https:\/\/www.gaveanews.com\/index.php\/2021\/08\/16\/em-meio-a-imbroglio-por-renovacao-arrascaeta-enaltece-o-flamengo\/","name":"Em meio a imbr\u00f3glio por renova\u00e7\u00e3o, Arrascaeta enaltece o Flamengo","isPartOf":{"@id":"https:\/\/www.gaveanews.com\/#website"},"primaryImageOfPage":{"@id":"https:\/\/www.gaveanews.com\/index.php\/2021\/08\/16\/em-meio-a-imbroglio-por-renovacao-arrascaeta-enaltece-o-flamengo\/#primaryimage"},"image":{"@id":"https:\/\/www.gaveanews.com\/index.php\/2021\/08\/16\/em-meio-a-imbroglio-por-renovacao-arrascaeta-enaltece-o-flamengo\/#primaryimage"},"thumbnailUrl":"https:\/\/www.gaveanews.com\/wp-content\/uploads\/Arrascaeta-em-acao-pelo-Flamengo-durante-a-partida-contra-o-Olimpia-pela-Copa-Libertadores-da-temporada-de-2021.webp","datePublished":"2021-08-16T22:49:05+00:00","dateModified":"2021-08-16T22:49:07+00:00","author":{"@id":"https:\/\/www.gaveanews.com\/#\/schema\/person\/714c67050b836198af2450ba1c142a67"},"breadcrumb":{"@id":"https:\/\/www.gaveanews.com\/index.php\/2021\/08\/16\/em-meio-a-imbroglio-por-renovacao-arrascaeta-enaltece-o-flamengo\/#breadcrumb"},"inLanguage":"pt-BR","potentialAction":[{"@type":"ReadAction","target":["https:\/\/www.gaveanews.com\/index.php\/2021\/08\/16\/em-meio-a-imbroglio-por-renovacao-arrascaeta-enaltece-o-flamengo\/"]}]},{"@type":"ImageObject","inLanguage":"pt-BR","@id":"https:\/\/www.gaveanews.com\/index.php\/2021\/08\/16\/em-meio-a-imbroglio-por-renovacao-arrascaeta-enaltece-o-flamengo\/#primaryimage","url":"https:\/\/www.gaveanews.com\/wp-content\/uploads\/Arrascaeta-em-acao-pelo-Flamengo-durante-a-partida-contra-o-Olimpia-pela-Copa-Libertadores-da-temporada-de-2021.webp","contentUrl":"https:\/\/www.gaveanews.com\/wp-content\/uploads\/Arrascaeta-em-acao-pelo-Flamengo-durante-a-partida-contra-o-Olimpia-pela-Copa-Libertadores-da-temporada-de-2021.webp","width":799,"height":533,"caption":"Arrascaeta em a\u00e7\u00e3o pelo Flamengo durante a partida contra o Olimpia pela Copa Libertadores da temporada de 2021 (Foto: Alexandre Vidal\/Flamengo)"},{"@type":"BreadcrumbList","@id":"https:\/\/www.gaveanews.com\/index.php\/2021\/08\/16\/em-meio-a-imbroglio-por-renovacao-arrascaeta-enaltece-o-flamengo\/#breadcrumb","itemListElement":[{"@type":"ListItem","position":1,"name":"Home","item":"https:\/\/www.gaveanews.com\/"},{"@type":"ListItem","position":2,"name":"Em meio a imbr\u00f3glio por renova\u00e7\u00e3o, Arrascaeta enaltece o Flamengo"}]},{"@type":"WebSite","@id":"https:\/\/www.gaveanews.com\/#website","url":"https:\/\/www.gaveanews.com\/","name":"G\u00e1vea News","description":"Veja todas as not\u00edcias sobre o Flamengo: Contrata\u00e7\u00f5es, categorias de base, resultados das partidas, tabela de classifica\u00e7\u00e3o, pr\u00f3ximos jogos!","potentialAction":[{"@type":"SearchAction","target":{"@type":"EntryPoint","urlTemplate":"https:\/\/www.gaveanews.com\/?s={search_term_string}"},"query-input":{"@type":"PropertyValueSpecification","valueRequired":true,"valueName":"search_term_string"}}],"inLanguage":"pt-BR"},{"@type":"Person","@id":"https:\/\/www.gaveanews.com\/#\/schema\/person\/714c67050b836198af2450ba1c142a67","name":"Let\u00edcia Gerheim","image":{"@type":"ImageObject","inLanguage":"pt-BR","@id":"https:\/\/www.gaveanews.com\/#\/schema\/person\/image\/","url":"https:\/\/secure.gravatar.com\/avatar\/60734739c50fcebfbac509e2a826ccd0ff405c019bc73aab9354f19ecad1dcb4?s=96&d=mm&r=g","contentUrl":"https:\/\/secure.gravatar.com\/avatar\/60734739c50fcebfbac509e2a826ccd0ff405c019bc73aab9354f19ecad1dcb4?s=96&d=mm&r=g","caption":"Let\u00edcia Gerheim"}}]}},"_links":{"self":[{"href":"https:\/\/www.gaveanews.com\/index.php\/wp-json\/wp\/v2\/posts\/66095","targetHints":{"allow":["GET"]}}],"collection":[{"href":"https:\/\/www.gaveanews.com\/index.php\/wp-json\/wp\/v2\/posts"}],"about":[{"href":"https:\/\/www.gaveanews.com\/index.php\/wp-json\/wp\/v2\/types\/post"}],"author":[{"embeddable":true,"href":"https:\/\/www.gaveanews.com\/index.php\/wp-json\/wp\/v2\/users\/4"}],"replies":[{"embeddable":true,"href":"https:\/\/www.gaveanews.com\/index.php\/wp-json\/wp\/v2\/comments?post=66095"}],"version-history":[{"count":0,"href":"https:\/\/www.gaveanews.com\/index.php\/wp-json\/wp\/v2\/posts\/66095\/revisions"}],"wp:featuredmedia":[{"embeddable":true,"href":"https:\/\/www.gaveanews.com\/index.php\/wp-json\/wp\/v2\/media\/65630"}],"wp:attachment":[{"href":"https:\/\/www.gaveanews.com\/index.php\/wp-json\/wp\/v2\/media?parent=66095"}],"wp:term":[{"taxonomy":"category","embeddable":true,"href":"https:\/\/www.gaveanews.com\/index.php\/wp-json\/wp\/v2\/categories?post=66095"},{"taxonomy":"post_tag","embeddable":true,"href":"https:\/\/www.gaveanews.com\/index.php\/wp-json\/wp\/v2\/tags?post=66095"}],"curies":[{"name":"wp","href":"https:\/\/api.w.org\/{rel}","templated":true}]}}