{"id":66106,"date":"2021-08-16T18:55:00","date_gmt":"2021-08-16T21:55:00","guid":{"rendered":"https:\/\/www.gaveanews.com\/?p=66106"},"modified":"2021-08-16T18:57:34","modified_gmt":"2021-08-16T21:57:34","slug":"flamengo-mira-ex-zagueiro-do-santos-e-do-athletico","status":"publish","type":"post","link":"https:\/\/www.gaveanews.com\/index.php\/2021\/08\/16\/flamengo-mira-ex-zagueiro-do-santos-e-do-athletico\/","title":{"rendered":"Flamengo mira ex-zagueiro do Santos e do Athletico"},"content":{"rendered":"\n<p>De olho em um refor\u00e7o para a zaga, o Flamengo tem em pauta o empr\u00e9stimo do zagueiro Robson Bambu, do Nice, da Fran\u00e7a. Os franceses t\u00eam conhecimento do interesse, mas tamb\u00e9m analisam outras possibilidades no mercado europeu.<\/p>\n\n\n\n<p>Jogador com passagem por Santos e Athletico, o defensor chegaria para suprir a car\u00eancia do setor, que conta com poucas alternativas e tem sido uma dor de cabe\u00e7a na temporada.<\/p>\n\n\n\n<p>Al\u00e9m de preencher uma lacuna, o Fla tamb\u00e9m entende que Bambu se encaixa no perfil de neg\u00f3cios desejados no clube: jogador de pouca idade, com rodagem no futebol europeu e potencial de lucros futuros em caso de compra.<\/p>\n\n\n\n<p>Os rubro-negros j\u00e1 acertaram a chegada de Kenedy, que ser\u00e1 cedido por empr\u00e9stimo por um ano pelo Chelsea (ING). Andreas Pereira, do Manchester United (ING), \u00e9 um neg\u00f3cio visto com muito otimismo. Thiago Mendes, do Lyon (FRA), ficou um pouco mais distante.<\/p>\n\n\n\n<p>O nome do zagueiro Lyanco, do Torino (ITA), tamb\u00e9m entrou em debate, mas a transa\u00e7\u00e3o \u00e9 considerada complicada pela c\u00fapula rubro-negra no momento.<\/p>\n\n\n\n<p>Retirado de: UOL<\/p>\n","protected":false},"excerpt":{"rendered":"<p>De olho em um refor\u00e7o para a zaga, o Flamengo tem em pauta o empr\u00e9stimo do zagueiro Robson Bambu, do Nice, da Fran\u00e7a. Os franceses t\u00eam conhecimento do interesse, mas tamb\u00e9m analisam outras possibilidades no mercado europeu. Jogador com passagem por Santos e Athletico, o defensor chegaria para suprir a car\u00eancia do setor, que conta [&hellip;]<\/p>\n","protected":false},"author":1,"featured_media":66107,"comment_status":"open","ping_status":"closed","sticky":false,"template":"","format":"standard","meta":{"footnotes":""},"categories":[48],"tags":[],"class_list":["post-66106","post","type-post","status-publish","format-standard","has-post-thumbnail","hentry","category-negociacoes"],"yoast_head":"<!-- This site is optimized with the Yoast SEO Premium plugin v24.2 (Yoast SEO v26.9) - https:\/\/yoast.com\/product\/yoast-seo-premium-wordpress\/ -->\n<title>Flamengo mira ex-zagueiro do Santos e do Athletico<\/title>\n<meta name=\"robots\" content=\"index, follow, max-snippet:-1, max-image-preview:large, max-video-preview:-1\" \/>\n<link rel=\"canonical\" href=\"https:\/\/www.gaveanews.com\/index.php\/2021\/08\/16\/flamengo-mira-ex-zagueiro-do-santos-e-do-athletico\/\" \/>\n<meta property=\"og:locale\" content=\"pt_BR\" \/>\n<meta property=\"og:type\" content=\"article\" \/>\n<meta property=\"og:title\" content=\"Flamengo mira ex-zagueiro do Santos e do Athletico\" \/>\n<meta property=\"og:description\" content=\"De olho em um refor\u00e7o para a zaga, o Flamengo tem em pauta o empr\u00e9stimo do zagueiro Robson Bambu, do Nice, da Fran\u00e7a. Os franceses t\u00eam conhecimento do interesse, mas tamb\u00e9m analisam outras possibilidades no mercado europeu. Jogador com passagem por Santos e Athletico, o defensor chegaria para suprir a car\u00eancia do setor, que conta [&hellip;]\" \/>\n<meta property=\"og:url\" content=\"https:\/\/www.gaveanews.com\/index.php\/2021\/08\/16\/flamengo-mira-ex-zagueiro-do-santos-e-do-athletico\/\" \/>\n<meta property=\"og:site_name\" content=\"G\u00e1vea News\" \/>\n<meta property=\"article:publisher\" content=\"https:\/\/facebook.com\/gaveaNews\/\" \/>\n<meta property=\"article:published_time\" content=\"2021-08-16T21:55:00+00:00\" \/>\n<meta property=\"article:modified_time\" content=\"2021-08-16T21:57:34+00:00\" \/>\n<meta property=\"og:image\" content=\"https:\/\/www.gaveanews.com\/wp-content\/uploads\/Robson-Bambu-durante-uma-coletiva-de-imprensa-antes-de-um-jogo-da-Copa-Libertadores.webp\" \/>\n\t<meta property=\"og:image:width\" content=\"900\" \/>\n\t<meta property=\"og:image:height\" content=\"506\" \/>\n\t<meta property=\"og:image:type\" content=\"image\/webp\" \/>\n<meta name=\"author\" content=\"Equipe G\u00e1vea News\" \/>\n<meta name=\"twitter:card\" content=\"summary_large_image\" \/>\n<meta name=\"twitter:label1\" content=\"Escrito por\" \/>\n\t<meta name=\"twitter:data1\" content=\"Equipe G\u00e1vea News\" \/>\n\t<meta name=\"twitter:label2\" content=\"Est. tempo de leitura\" \/>\n\t<meta name=\"twitter:data2\" content=\"1 minuto\" \/>\n<script type=\"application\/ld+json\" class=\"yoast-schema-graph\">{\"@context\":\"https:\/\/schema.org\",\"@graph\":[{\"@type\":\"NewsArticle\",\"@id\":\"https:\/\/www.gaveanews.com\/index.php\/2021\/08\/16\/flamengo-mira-ex-zagueiro-do-santos-e-do-athletico\/#article\",\"isPartOf\":{\"@id\":\"https:\/\/www.gaveanews.com\/index.php\/2021\/08\/16\/flamengo-mira-ex-zagueiro-do-santos-e-do-athletico\/\"},\"author\":{\"name\":\"Equipe G\u00e1vea News\",\"@id\":\"https:\/\/www.gaveanews.com\/#\/schema\/person\/2ec14f73fb96be2caf28f91afb14749d\"},\"headline\":\"Flamengo mira ex-zagueiro do Santos e do Athletico\",\"datePublished\":\"2021-08-16T21:55:00+00:00\",\"dateModified\":\"2021-08-16T21:57:34+00:00\",\"mainEntityOfPage\":{\"@id\":\"https:\/\/www.gaveanews.com\/index.php\/2021\/08\/16\/flamengo-mira-ex-zagueiro-do-santos-e-do-athletico\/\"},\"wordCount\":194,\"commentCount\":6,\"image\":{\"@id\":\"https:\/\/www.gaveanews.com\/index.php\/2021\/08\/16\/flamengo-mira-ex-zagueiro-do-santos-e-do-athletico\/#primaryimage\"},\"thumbnailUrl\":\"https:\/\/www.gaveanews.com\/wp-content\/uploads\/Robson-Bambu-durante-uma-coletiva-de-imprensa-antes-de-um-jogo-da-Copa-Libertadores.webp\",\"articleSection\":[\"Negocia\u00e7\u00f5es\"],\"inLanguage\":\"pt-BR\",\"potentialAction\":[{\"@type\":\"CommentAction\",\"name\":\"Comment\",\"target\":[\"https:\/\/www.gaveanews.com\/index.php\/2021\/08\/16\/flamengo-mira-ex-zagueiro-do-santos-e-do-athletico\/#respond\"]}],\"copyrightYear\":\"2021\",\"copyrightHolder\":{\"@id\":\"https:\/\/www.gaveanews.com\/#organization\"}},{\"@type\":\"WebPage\",\"@id\":\"https:\/\/www.gaveanews.com\/index.php\/2021\/08\/16\/flamengo-mira-ex-zagueiro-do-santos-e-do-athletico\/\",\"url\":\"https:\/\/www.gaveanews.com\/index.php\/2021\/08\/16\/flamengo-mira-ex-zagueiro-do-santos-e-do-athletico\/\",\"name\":\"Flamengo mira ex-zagueiro do Santos e do Athletico\",\"isPartOf\":{\"@id\":\"https:\/\/www.gaveanews.com\/#website\"},\"primaryImageOfPage\":{\"@id\":\"https:\/\/www.gaveanews.com\/index.php\/2021\/08\/16\/flamengo-mira-ex-zagueiro-do-santos-e-do-athletico\/#primaryimage\"},\"image\":{\"@id\":\"https:\/\/www.gaveanews.com\/index.php\/2021\/08\/16\/flamengo-mira-ex-zagueiro-do-santos-e-do-athletico\/#primaryimage\"},\"thumbnailUrl\":\"https:\/\/www.gaveanews.com\/wp-content\/uploads\/Robson-Bambu-durante-uma-coletiva-de-imprensa-antes-de-um-jogo-da-Copa-Libertadores.webp\",\"datePublished\":\"2021-08-16T21:55:00+00:00\",\"dateModified\":\"2021-08-16T21:57:34+00:00\",\"author\":{\"@id\":\"https:\/\/www.gaveanews.com\/#\/schema\/person\/2ec14f73fb96be2caf28f91afb14749d\"},\"breadcrumb\":{\"@id\":\"https:\/\/www.gaveanews.com\/index.php\/2021\/08\/16\/flamengo-mira-ex-zagueiro-do-santos-e-do-athletico\/#breadcrumb\"},\"inLanguage\":\"pt-BR\",\"potentialAction\":[{\"@type\":\"ReadAction\",\"target\":[\"https:\/\/www.gaveanews.com\/index.php\/2021\/08\/16\/flamengo-mira-ex-zagueiro-do-santos-e-do-athletico\/\"]}]},{\"@type\":\"ImageObject\",\"inLanguage\":\"pt-BR\",\"@id\":\"https:\/\/www.gaveanews.com\/index.php\/2021\/08\/16\/flamengo-mira-ex-zagueiro-do-santos-e-do-athletico\/#primaryimage\",\"url\":\"https:\/\/www.gaveanews.com\/wp-content\/uploads\/Robson-Bambu-durante-uma-coletiva-de-imprensa-antes-de-um-jogo-da-Copa-Libertadores.webp\",\"contentUrl\":\"https:\/\/www.gaveanews.com\/wp-content\/uploads\/Robson-Bambu-durante-uma-coletiva-de-imprensa-antes-de-um-jogo-da-Copa-Libertadores.webp\",\"width\":900,\"height\":506,\"caption\":\"Robson Bambu durante uma coletiva de imprensa antes de um jogo da Copa Libertadores (Foto: Mauricio Mano\/Athletico)\"},{\"@type\":\"BreadcrumbList\",\"@id\":\"https:\/\/www.gaveanews.com\/index.php\/2021\/08\/16\/flamengo-mira-ex-zagueiro-do-santos-e-do-athletico\/#breadcrumb\",\"itemListElement\":[{\"@type\":\"ListItem\",\"position\":1,\"name\":\"Home\",\"item\":\"https:\/\/www.gaveanews.com\/\"},{\"@type\":\"ListItem\",\"position\":2,\"name\":\"Flamengo mira ex-zagueiro do Santos e do Athletico\"}]},{\"@type\":\"WebSite\",\"@id\":\"https:\/\/www.gaveanews.com\/#website\",\"url\":\"https:\/\/www.gaveanews.com\/\",\"name\":\"G\u00e1vea News\",\"description\":\"Veja todas as not\u00edcias sobre o Flamengo: Contrata\u00e7\u00f5es, categorias de base, resultados das partidas, tabela de classifica\u00e7\u00e3o, pr\u00f3ximos jogos!\",\"potentialAction\":[{\"@type\":\"SearchAction\",\"target\":{\"@type\":\"EntryPoint\",\"urlTemplate\":\"https:\/\/www.gaveanews.com\/?s={search_term_string}\"},\"query-input\":{\"@type\":\"PropertyValueSpecification\",\"valueRequired\":true,\"valueName\":\"search_term_string\"}}],\"inLanguage\":\"pt-BR\"},{\"@type\":\"Person\",\"@id\":\"https:\/\/www.gaveanews.com\/#\/schema\/person\/2ec14f73fb96be2caf28f91afb14749d\",\"name\":\"Equipe G\u00e1vea News\",\"image\":{\"@type\":\"ImageObject\",\"inLanguage\":\"pt-BR\",\"@id\":\"https:\/\/www.gaveanews.com\/#\/schema\/person\/image\/\",\"url\":\"https:\/\/secure.gravatar.com\/avatar\/1e1956f1facbffd3f8fa53a326721950116b3b9dc9bd44939c01180fd4a745a9?s=96&d=mm&r=g\",\"contentUrl\":\"https:\/\/secure.gravatar.com\/avatar\/1e1956f1facbffd3f8fa53a326721950116b3b9dc9bd44939c01180fd4a745a9?s=96&d=mm&r=g\",\"caption\":\"Equipe G\u00e1vea News\"}}]}<\/script>\n<!-- \/ Yoast SEO Premium plugin. -->","yoast_head_json":{"title":"Flamengo mira ex-zagueiro do Santos e do Athletico","robots":{"index":"index","follow":"follow","max-snippet":"max-snippet:-1","max-image-preview":"max-image-preview:large","max-video-preview":"max-video-preview:-1"},"canonical":"https:\/\/www.gaveanews.com\/index.php\/2021\/08\/16\/flamengo-mira-ex-zagueiro-do-santos-e-do-athletico\/","og_locale":"pt_BR","og_type":"article","og_title":"Flamengo mira ex-zagueiro do Santos e do Athletico","og_description":"De olho em um refor\u00e7o para a zaga, o Flamengo tem em pauta o empr\u00e9stimo do zagueiro Robson Bambu, do Nice, da Fran\u00e7a. Os franceses t\u00eam conhecimento do interesse, mas tamb\u00e9m analisam outras possibilidades no mercado europeu. Jogador com passagem por Santos e Athletico, o defensor chegaria para suprir a car\u00eancia do setor, que conta [&hellip;]","og_url":"https:\/\/www.gaveanews.com\/index.php\/2021\/08\/16\/flamengo-mira-ex-zagueiro-do-santos-e-do-athletico\/","og_site_name":"G\u00e1vea News","article_publisher":"https:\/\/facebook.com\/gaveaNews\/","article_published_time":"2021-08-16T21:55:00+00:00","article_modified_time":"2021-08-16T21:57:34+00:00","og_image":[{"width":900,"height":506,"url":"https:\/\/www.gaveanews.com\/wp-content\/uploads\/Robson-Bambu-durante-uma-coletiva-de-imprensa-antes-de-um-jogo-da-Copa-Libertadores.webp","type":"image\/webp"}],"author":"Equipe G\u00e1vea News","twitter_card":"summary_large_image","twitter_misc":{"Escrito por":"Equipe G\u00e1vea News","Est. tempo de leitura":"1 minuto"},"schema":{"@context":"https:\/\/schema.org","@graph":[{"@type":"NewsArticle","@id":"https:\/\/www.gaveanews.com\/index.php\/2021\/08\/16\/flamengo-mira-ex-zagueiro-do-santos-e-do-athletico\/#article","isPartOf":{"@id":"https:\/\/www.gaveanews.com\/index.php\/2021\/08\/16\/flamengo-mira-ex-zagueiro-do-santos-e-do-athletico\/"},"author":{"name":"Equipe G\u00e1vea News","@id":"https:\/\/www.gaveanews.com\/#\/schema\/person\/2ec14f73fb96be2caf28f91afb14749d"},"headline":"Flamengo mira ex-zagueiro do Santos e do Athletico","datePublished":"2021-08-16T21:55:00+00:00","dateModified":"2021-08-16T21:57:34+00:00","mainEntityOfPage":{"@id":"https:\/\/www.gaveanews.com\/index.php\/2021\/08\/16\/flamengo-mira-ex-zagueiro-do-santos-e-do-athletico\/"},"wordCount":194,"commentCount":6,"image":{"@id":"https:\/\/www.gaveanews.com\/index.php\/2021\/08\/16\/flamengo-mira-ex-zagueiro-do-santos-e-do-athletico\/#primaryimage"},"thumbnailUrl":"https:\/\/www.gaveanews.com\/wp-content\/uploads\/Robson-Bambu-durante-uma-coletiva-de-imprensa-antes-de-um-jogo-da-Copa-Libertadores.webp","articleSection":["Negocia\u00e7\u00f5es"],"inLanguage":"pt-BR","potentialAction":[{"@type":"CommentAction","name":"Comment","target":["https:\/\/www.gaveanews.com\/index.php\/2021\/08\/16\/flamengo-mira-ex-zagueiro-do-santos-e-do-athletico\/#respond"]}],"copyrightYear":"2021","copyrightHolder":{"@id":"https:\/\/www.gaveanews.com\/#organization"}},{"@type":"WebPage","@id":"https:\/\/www.gaveanews.com\/index.php\/2021\/08\/16\/flamengo-mira-ex-zagueiro-do-santos-e-do-athletico\/","url":"https:\/\/www.gaveanews.com\/index.php\/2021\/08\/16\/flamengo-mira-ex-zagueiro-do-santos-e-do-athletico\/","name":"Flamengo mira ex-zagueiro do Santos e do Athletico","isPartOf":{"@id":"https:\/\/www.gaveanews.com\/#website"},"primaryImageOfPage":{"@id":"https:\/\/www.gaveanews.com\/index.php\/2021\/08\/16\/flamengo-mira-ex-zagueiro-do-santos-e-do-athletico\/#primaryimage"},"image":{"@id":"https:\/\/www.gaveanews.com\/index.php\/2021\/08\/16\/flamengo-mira-ex-zagueiro-do-santos-e-do-athletico\/#primaryimage"},"thumbnailUrl":"https:\/\/www.gaveanews.com\/wp-content\/uploads\/Robson-Bambu-durante-uma-coletiva-de-imprensa-antes-de-um-jogo-da-Copa-Libertadores.webp","datePublished":"2021-08-16T21:55:00+00:00","dateModified":"2021-08-16T21:57:34+00:00","author":{"@id":"https:\/\/www.gaveanews.com\/#\/schema\/person\/2ec14f73fb96be2caf28f91afb14749d"},"breadcrumb":{"@id":"https:\/\/www.gaveanews.com\/index.php\/2021\/08\/16\/flamengo-mira-ex-zagueiro-do-santos-e-do-athletico\/#breadcrumb"},"inLanguage":"pt-BR","potentialAction":[{"@type":"ReadAction","target":["https:\/\/www.gaveanews.com\/index.php\/2021\/08\/16\/flamengo-mira-ex-zagueiro-do-santos-e-do-athletico\/"]}]},{"@type":"ImageObject","inLanguage":"pt-BR","@id":"https:\/\/www.gaveanews.com\/index.php\/2021\/08\/16\/flamengo-mira-ex-zagueiro-do-santos-e-do-athletico\/#primaryimage","url":"https:\/\/www.gaveanews.com\/wp-content\/uploads\/Robson-Bambu-durante-uma-coletiva-de-imprensa-antes-de-um-jogo-da-Copa-Libertadores.webp","contentUrl":"https:\/\/www.gaveanews.com\/wp-content\/uploads\/Robson-Bambu-durante-uma-coletiva-de-imprensa-antes-de-um-jogo-da-Copa-Libertadores.webp","width":900,"height":506,"caption":"Robson Bambu durante uma coletiva de imprensa antes de um jogo da Copa Libertadores (Foto: Mauricio Mano\/Athletico)"},{"@type":"BreadcrumbList","@id":"https:\/\/www.gaveanews.com\/index.php\/2021\/08\/16\/flamengo-mira-ex-zagueiro-do-santos-e-do-athletico\/#breadcrumb","itemListElement":[{"@type":"ListItem","position":1,"name":"Home","item":"https:\/\/www.gaveanews.com\/"},{"@type":"ListItem","position":2,"name":"Flamengo mira ex-zagueiro do Santos e do Athletico"}]},{"@type":"WebSite","@id":"https:\/\/www.gaveanews.com\/#website","url":"https:\/\/www.gaveanews.com\/","name":"G\u00e1vea News","description":"Veja todas as not\u00edcias sobre o Flamengo: Contrata\u00e7\u00f5es, categorias de base, resultados das partidas, tabela de classifica\u00e7\u00e3o, pr\u00f3ximos jogos!","potentialAction":[{"@type":"SearchAction","target":{"@type":"EntryPoint","urlTemplate":"https:\/\/www.gaveanews.com\/?s={search_term_string}"},"query-input":{"@type":"PropertyValueSpecification","valueRequired":true,"valueName":"search_term_string"}}],"inLanguage":"pt-BR"},{"@type":"Person","@id":"https:\/\/www.gaveanews.com\/#\/schema\/person\/2ec14f73fb96be2caf28f91afb14749d","name":"Equipe G\u00e1vea News","image":{"@type":"ImageObject","inLanguage":"pt-BR","@id":"https:\/\/www.gaveanews.com\/#\/schema\/person\/image\/","url":"https:\/\/secure.gravatar.com\/avatar\/1e1956f1facbffd3f8fa53a326721950116b3b9dc9bd44939c01180fd4a745a9?s=96&d=mm&r=g","contentUrl":"https:\/\/secure.gravatar.com\/avatar\/1e1956f1facbffd3f8fa53a326721950116b3b9dc9bd44939c01180fd4a745a9?s=96&d=mm&r=g","caption":"Equipe G\u00e1vea News"}}]}},"_links":{"self":[{"href":"https:\/\/www.gaveanews.com\/index.php\/wp-json\/wp\/v2\/posts\/66106","targetHints":{"allow":["GET"]}}],"collection":[{"href":"https:\/\/www.gaveanews.com\/index.php\/wp-json\/wp\/v2\/posts"}],"about":[{"href":"https:\/\/www.gaveanews.com\/index.php\/wp-json\/wp\/v2\/types\/post"}],"author":[{"embeddable":true,"href":"https:\/\/www.gaveanews.com\/index.php\/wp-json\/wp\/v2\/users\/1"}],"replies":[{"embeddable":true,"href":"https:\/\/www.gaveanews.com\/index.php\/wp-json\/wp\/v2\/comments?post=66106"}],"version-history":[{"count":0,"href":"https:\/\/www.gaveanews.com\/index.php\/wp-json\/wp\/v2\/posts\/66106\/revisions"}],"wp:featuredmedia":[{"embeddable":true,"href":"https:\/\/www.gaveanews.com\/index.php\/wp-json\/wp\/v2\/media\/66107"}],"wp:attachment":[{"href":"https:\/\/www.gaveanews.com\/index.php\/wp-json\/wp\/v2\/media?parent=66106"}],"wp:term":[{"taxonomy":"category","embeddable":true,"href":"https:\/\/www.gaveanews.com\/index.php\/wp-json\/wp\/v2\/categories?post=66106"},{"taxonomy":"post_tag","embeddable":true,"href":"https:\/\/www.gaveanews.com\/index.php\/wp-json\/wp\/v2\/tags?post=66106"}],"curies":[{"name":"wp","href":"https:\/\/api.w.org\/{rel}","templated":true}]}}