{"id":66121,"date":"2021-08-16T23:07:52","date_gmt":"2021-08-17T02:07:52","guid":{"rendered":"https:\/\/www.gaveanews.com\/?p=66121"},"modified":"2021-08-16T23:16:19","modified_gmt":"2021-08-17T02:16:19","slug":"torcida-do-flamengo-provoca-o-vasco-apos-goleada-e-titulo-no-sub-17","status":"publish","type":"post","link":"https:\/\/www.gaveanews.com\/index.php\/2021\/08\/16\/torcida-do-flamengo-provoca-o-vasco-apos-goleada-e-titulo-no-sub-17\/","title":{"rendered":"Torcida do Flamengo provoca o Vasco ap\u00f3s goleada e t\u00edtulo no sub-17"},"content":{"rendered":"\n<p>O Flamengo \u00e9 o campe\u00e3o do Campeonato Brasileiro sub-17 2021! A equipe venceu o arquirrival Vasco por 4 a 1 e reverteu a derrota por 3 a 1 no jogo de ida. O Rubro-Negro, com o t\u00edtulo sagrou-se bicampe\u00e3o da competi\u00e7\u00e3o.<\/p>\n\n\n\n<p>\u00c9 claro que o flamenguista n\u00e3o ia deixar passar essa e o t\u00edtulo repercutiu no <em>Twitter<\/em>. Muitas provoca\u00e7\u00f5es foram feitas ao torcedor vasca\u00edno, que agora vai ter que arcar com mais essa vit\u00f3ria Rubro-Negra.<\/p>\n\n\n\n<p>Ah, s\u00f3 foi coincid\u00eancia\u2026<\/p>\n\n\n\n<blockquote class=\"twitter-tweet\" data-conversation=\"none\"><p lang=\"pt\" dir=\"ltr\">KKKKKKKKK<br><br>Campe\u00e3o de novo!<br><br>Em 3 edi\u00e7\u00f5es do brasileiro sub-17 Flamengo j\u00e1 ganhou 2, bi campe\u00e3o,daqui a uns anos os invejosos v\u00e3o falar que n\u00e3o vale nada,v\u00e3o inventar outros brasileiros sub-17 por Fax <br><br>E a SporTV at\u00e9 convidou o Cano do Vasco porque pensou q ia ganhar do Flamengo<\/p>&mdash; Anderson \u1d9c\u02b3\u1da0 (@anderson99203) <a href=\"https:\/\/twitter.com\/anderson99203\/status\/1427442246333476867?ref_src=twsrc%5Etfw\">August 17, 2021<\/a><\/blockquote> <script async src=\"https:\/\/platform.twitter.com\/widgets.js\" charset=\"utf-8\"><\/script>\n\n\n\n<p>\u00c9 complicado pro vasca\u00edno\u2026<\/p>\n\n\n\n<blockquote class=\"twitter-tweet\" data-conversation=\"none\"><p lang=\"pt\" dir=\"ltr\">FLAMENGO X VASCO EM FINAIS \u00c9 SEMPRE ISSO IRM\u00c3O<br><br>PODE SER CAMPEONATO AT\u00c9 DE CUSPE A DIST\u00c2NCIA<br><br>O CAMPE\u00c3O E O VICE S\u00c3O SEMPRE OS MESMOS<\/p>&mdash; Ricardo Alexandre (@Ricardo68517195) <a href=\"https:\/\/twitter.com\/Ricardo68517195\/status\/1427441791872163841?ref_src=twsrc%5Etfw\">August 17, 2021<\/a><\/blockquote> <script async src=\"https:\/\/platform.twitter.com\/widgets.js\" charset=\"utf-8\"><\/script>\n\n\n\n<p>Mas nem no sub-17\u2026<\/p>\n\n\n\n<figure class=\"wp-block-embed is-type-rich is-provider-twitter wp-block-embed-twitter\"><div class=\"wp-block-embed__wrapper\">\n<blockquote class=\"twitter-tweet\" data-width=\"550\" data-dnt=\"true\"><p lang=\"pt\" dir=\"ltr\">Tudo que eu fa\u00e7o t\u00e1 errado<br>Se eu vou pra s\u00e9rie A eu caio<br>Se eu vou pra s\u00e9rie B passo sufoco<br>Se eu tento no sub 20 eu perco<br>Se eu tento no sub 17 eu sou vice<br><br>Vasco falando KKKKKKKKKKKKKKKK <a href=\"https:\/\/t.co\/Xez1J8y3lD\">pic.twitter.com\/Xez1J8y3lD<\/a><\/p>&mdash; ZueiraFla\u1d9c\u02b3\u1da0 (@zueira_fla) <a href=\"https:\/\/twitter.com\/zueira_fla\/status\/1427444107018919938?ref_src=twsrc%5Etfw\">August 17, 2021<\/a><\/blockquote><script async src=\"https:\/\/platform.twitter.com\/widgets.js\" charset=\"utf-8\"><\/script>\n<\/div><\/figure>\n\n\n\n<p>Mais uma coincid\u00eancia\u2026<\/p>\n\n\n\n<figure class=\"wp-block-embed is-type-rich is-provider-twitter wp-block-embed-twitter\"><div class=\"wp-block-embed__wrapper\">\n<blockquote class=\"twitter-tweet\" data-width=\"550\" data-dnt=\"true\"><p lang=\"pt\" dir=\"ltr\">O Flamengo foi campe\u00e3o no sub-17 em cima do Vasco<br>O gol foi aos 43 por um jogador cujo apelido \u00e9 Pet.<br>Descri\u00e7\u00e3o da imagem: Vi Cid Novo <a href=\"https:\/\/t.co\/UAtjwHqHM8\">pic.twitter.com\/UAtjwHqHM8<\/a><\/p>&mdash; Carter (@essediafoilouco) <a href=\"https:\/\/twitter.com\/essediafoilouco\/status\/1427437572888965121?ref_src=twsrc%5Etfw\">August 17, 2021<\/a><\/blockquote><script async src=\"https:\/\/platform.twitter.com\/widgets.js\" charset=\"utf-8\"><\/script>\n<\/div><\/figure>\n\n\n\n<p>Realmente, era uma \u00f3tima campanha do Vasco, mas\u2026<\/p>\n\n\n\n<figure class=\"wp-block-embed is-type-rich is-provider-twitter wp-block-embed-twitter\"><div class=\"wp-block-embed__wrapper\">\n<blockquote class=\"twitter-tweet\" data-width=\"550\" data-dnt=\"true\"><p lang=\"pt\" dir=\"ltr\">Flamengo Bi Campe\u00e3o \ud83c\udfc6\ud83c\udfc6 sub 17.<br><br>4&#215;1 &#8211; Peterson faz um gola\u00e7o aos 43 do segundo tempo.<br><br>Vasco havia perdido apenas um jogo no campeonato e hoje \u00e9 goleado na grande final&#8230;<br><br>Flamengo e Vasco em final&#8230;<br>Esquecccceeeeee&#8230; <a href=\"https:\/\/t.co\/BMw5KANg0J\">pic.twitter.com\/BMw5KANg0J<\/a><\/p>&mdash; Hugo Ara\u00fajo! \u1d9c\u02b3\u1da0 \u00b9\u2078\u2079\u2075 (@hugoaraujojf) <a href=\"https:\/\/twitter.com\/hugoaraujojf\/status\/1427436454008041477?ref_src=twsrc%5Etfw\">August 17, 2021<\/a><\/blockquote><script async src=\"https:\/\/platform.twitter.com\/widgets.js\" charset=\"utf-8\"><\/script>\n<\/div><\/figure>\n\n\n\n<p>A piada do vice n\u00e3o envelhece\u2026<\/p>\n\n\n\n<figure class=\"wp-block-embed is-type-rich is-provider-twitter wp-block-embed-twitter\"><div class=\"wp-block-embed__wrapper\">\n<blockquote class=\"twitter-tweet\" data-width=\"550\" data-dnt=\"true\"><p lang=\"pt\" dir=\"ltr\">Meu Sub 17 \u00c9 FODA<br>E<br>Como sempre BBBBasco<br>VICE de novo <a href=\"https:\/\/t.co\/ljKhQrx9kI\">pic.twitter.com\/ljKhQrx9kI<\/a><\/p>&mdash; Baba Yaga Rubro Negro (@XandeMengao2019) <a href=\"https:\/\/twitter.com\/XandeMengao2019\/status\/1427434652705476610?ref_src=twsrc%5Etfw\">August 17, 2021<\/a><\/blockquote><script async src=\"https:\/\/platform.twitter.com\/widgets.js\" charset=\"utf-8\"><\/script>\n<\/div><\/figure>\n\n\n\n<figure class=\"wp-block-embed is-type-rich is-provider-twitter wp-block-embed-twitter\"><div class=\"wp-block-embed__wrapper\">\nhttps:\/\/twitter.com\/GeovaniGSo\/status\/1427435713180704768\n<\/div><\/figure>\n\n\n\n<p>E n\u00e3o acaba por a\u00ed\u2026<\/p>\n\n\n\n<figure class=\"wp-block-embed is-type-rich is-provider-twitter wp-block-embed-twitter\"><div class=\"wp-block-embed__wrapper\">\nhttps:\/\/twitter.com\/Red_RubroNegra\/status\/1427444378730127364\n<\/div><\/figure>\n\n\n\n<p>Retirado de: Torcedores<\/p>\n","protected":false},"excerpt":{"rendered":"<p>O Flamengo \u00e9 o campe\u00e3o do Campeonato Brasileiro sub-17 2021! A equipe venceu o arquirrival Vasco por 4 a 1 e reverteu a derrota por 3 a 1 no jogo de ida. O Rubro-Negro, com o t\u00edtulo sagrou-se bicampe\u00e3o da competi\u00e7\u00e3o. \u00c9 claro que o flamenguista n\u00e3o ia deixar passar essa e o t\u00edtulo repercutiu [&hellip;]<\/p>\n","protected":false},"author":1,"featured_media":57957,"comment_status":"open","ping_status":"closed","sticky":false,"template":"","format":"standard","meta":{"footnotes":""},"categories":[1],"tags":[],"class_list":["post-66121","post","type-post","status-publish","format-standard","has-post-thumbnail","hentry","category-flamengo"],"yoast_head":"<!-- This site is optimized with the Yoast SEO Premium plugin v24.2 (Yoast SEO v26.9) - https:\/\/yoast.com\/product\/yoast-seo-premium-wordpress\/ -->\n<title>Torcida do Flamengo provoca o Vasco ap\u00f3s goleada e t\u00edtulo no sub-17<\/title>\n<meta name=\"robots\" content=\"index, follow, max-snippet:-1, max-image-preview:large, max-video-preview:-1\" \/>\n<link rel=\"canonical\" href=\"https:\/\/www.gaveanews.com\/index.php\/2021\/08\/16\/torcida-do-flamengo-provoca-o-vasco-apos-goleada-e-titulo-no-sub-17\/\" \/>\n<meta property=\"og:locale\" content=\"pt_BR\" \/>\n<meta property=\"og:type\" content=\"article\" \/>\n<meta property=\"og:title\" content=\"Torcida do Flamengo provoca o Vasco ap\u00f3s goleada e t\u00edtulo no sub-17\" \/>\n<meta property=\"og:description\" content=\"O Flamengo \u00e9 o campe\u00e3o do Campeonato Brasileiro sub-17 2021! A equipe venceu o arquirrival Vasco por 4 a 1 e reverteu a derrota por 3 a 1 no jogo de ida. O Rubro-Negro, com o t\u00edtulo sagrou-se bicampe\u00e3o da competi\u00e7\u00e3o. \u00c9 claro que o flamenguista n\u00e3o ia deixar passar essa e o t\u00edtulo repercutiu [&hellip;]\" \/>\n<meta property=\"og:url\" content=\"https:\/\/www.gaveanews.com\/index.php\/2021\/08\/16\/torcida-do-flamengo-provoca-o-vasco-apos-goleada-e-titulo-no-sub-17\/\" \/>\n<meta property=\"og:site_name\" content=\"G\u00e1vea News\" \/>\n<meta property=\"article:publisher\" content=\"https:\/\/facebook.com\/gaveaNews\/\" \/>\n<meta property=\"article:published_time\" content=\"2021-08-17T02:07:52+00:00\" \/>\n<meta property=\"article:modified_time\" content=\"2021-08-17T02:16:19+00:00\" \/>\n<meta property=\"og:image\" content=\"https:\/\/www.gaveanews.com\/wp-content\/uploads\/Gabigol-rindo-durante-treinamento-do-Flamengo-no-Ninho-do-Urubu.webp\" \/>\n\t<meta property=\"og:image:width\" content=\"1024\" \/>\n\t<meta property=\"og:image:height\" content=\"681\" \/>\n\t<meta property=\"og:image:type\" content=\"image\/jpeg\" \/>\n<meta name=\"author\" content=\"Equipe G\u00e1vea News\" \/>\n<meta name=\"twitter:card\" content=\"summary_large_image\" \/>\n<meta name=\"twitter:label1\" content=\"Escrito por\" \/>\n\t<meta name=\"twitter:data1\" content=\"Equipe G\u00e1vea News\" \/>\n\t<meta name=\"twitter:label2\" content=\"Est. tempo de leitura\" \/>\n\t<meta name=\"twitter:data2\" content=\"1 minuto\" \/>\n<script type=\"application\/ld+json\" class=\"yoast-schema-graph\">{\"@context\":\"https:\/\/schema.org\",\"@graph\":[{\"@type\":\"NewsArticle\",\"@id\":\"https:\/\/www.gaveanews.com\/index.php\/2021\/08\/16\/torcida-do-flamengo-provoca-o-vasco-apos-goleada-e-titulo-no-sub-17\/#article\",\"isPartOf\":{\"@id\":\"https:\/\/www.gaveanews.com\/index.php\/2021\/08\/16\/torcida-do-flamengo-provoca-o-vasco-apos-goleada-e-titulo-no-sub-17\/\"},\"author\":{\"name\":\"Equipe G\u00e1vea News\",\"@id\":\"https:\/\/www.gaveanews.com\/#\/schema\/person\/2ec14f73fb96be2caf28f91afb14749d\"},\"headline\":\"Torcida do Flamengo provoca o Vasco ap\u00f3s goleada e t\u00edtulo no sub-17\",\"datePublished\":\"2021-08-17T02:07:52+00:00\",\"dateModified\":\"2021-08-17T02:16:19+00:00\",\"mainEntityOfPage\":{\"@id\":\"https:\/\/www.gaveanews.com\/index.php\/2021\/08\/16\/torcida-do-flamengo-provoca-o-vasco-apos-goleada-e-titulo-no-sub-17\/\"},\"wordCount\":257,\"commentCount\":5,\"image\":{\"@id\":\"https:\/\/www.gaveanews.com\/index.php\/2021\/08\/16\/torcida-do-flamengo-provoca-o-vasco-apos-goleada-e-titulo-no-sub-17\/#primaryimage\"},\"thumbnailUrl\":\"https:\/\/www.gaveanews.com\/wp-content\/uploads\/Gabigol-rindo-durante-treinamento-do-Flamengo-no-Ninho-do-Urubu.webp\",\"articleSection\":[\"Flamengo\"],\"inLanguage\":\"pt-BR\",\"potentialAction\":[{\"@type\":\"CommentAction\",\"name\":\"Comment\",\"target\":[\"https:\/\/www.gaveanews.com\/index.php\/2021\/08\/16\/torcida-do-flamengo-provoca-o-vasco-apos-goleada-e-titulo-no-sub-17\/#respond\"]}],\"copyrightYear\":\"2021\",\"copyrightHolder\":{\"@id\":\"https:\/\/www.gaveanews.com\/#organization\"}},{\"@type\":\"WebPage\",\"@id\":\"https:\/\/www.gaveanews.com\/index.php\/2021\/08\/16\/torcida-do-flamengo-provoca-o-vasco-apos-goleada-e-titulo-no-sub-17\/\",\"url\":\"https:\/\/www.gaveanews.com\/index.php\/2021\/08\/16\/torcida-do-flamengo-provoca-o-vasco-apos-goleada-e-titulo-no-sub-17\/\",\"name\":\"Torcida do Flamengo provoca o Vasco ap\u00f3s goleada e t\u00edtulo no sub-17\",\"isPartOf\":{\"@id\":\"https:\/\/www.gaveanews.com\/#website\"},\"primaryImageOfPage\":{\"@id\":\"https:\/\/www.gaveanews.com\/index.php\/2021\/08\/16\/torcida-do-flamengo-provoca-o-vasco-apos-goleada-e-titulo-no-sub-17\/#primaryimage\"},\"image\":{\"@id\":\"https:\/\/www.gaveanews.com\/index.php\/2021\/08\/16\/torcida-do-flamengo-provoca-o-vasco-apos-goleada-e-titulo-no-sub-17\/#primaryimage\"},\"thumbnailUrl\":\"https:\/\/www.gaveanews.com\/wp-content\/uploads\/Gabigol-rindo-durante-treinamento-do-Flamengo-no-Ninho-do-Urubu.webp\",\"datePublished\":\"2021-08-17T02:07:52+00:00\",\"dateModified\":\"2021-08-17T02:16:19+00:00\",\"author\":{\"@id\":\"https:\/\/www.gaveanews.com\/#\/schema\/person\/2ec14f73fb96be2caf28f91afb14749d\"},\"breadcrumb\":{\"@id\":\"https:\/\/www.gaveanews.com\/index.php\/2021\/08\/16\/torcida-do-flamengo-provoca-o-vasco-apos-goleada-e-titulo-no-sub-17\/#breadcrumb\"},\"inLanguage\":\"pt-BR\",\"potentialAction\":[{\"@type\":\"ReadAction\",\"target\":[\"https:\/\/www.gaveanews.com\/index.php\/2021\/08\/16\/torcida-do-flamengo-provoca-o-vasco-apos-goleada-e-titulo-no-sub-17\/\"]}]},{\"@type\":\"ImageObject\",\"inLanguage\":\"pt-BR\",\"@id\":\"https:\/\/www.gaveanews.com\/index.php\/2021\/08\/16\/torcida-do-flamengo-provoca-o-vasco-apos-goleada-e-titulo-no-sub-17\/#primaryimage\",\"url\":\"https:\/\/www.gaveanews.com\/wp-content\/uploads\/Gabigol-rindo-durante-treinamento-do-Flamengo-no-Ninho-do-Urubu.webp\",\"contentUrl\":\"https:\/\/www.gaveanews.com\/wp-content\/uploads\/Gabigol-rindo-durante-treinamento-do-Flamengo-no-Ninho-do-Urubu.webp\",\"width\":1024,\"height\":681,\"caption\":\"Gabigol rindo durante treinamento do Flamengo no Ninho do Urubu (Foto: Alexandre Vidal\/Flamengo)\"},{\"@type\":\"BreadcrumbList\",\"@id\":\"https:\/\/www.gaveanews.com\/index.php\/2021\/08\/16\/torcida-do-flamengo-provoca-o-vasco-apos-goleada-e-titulo-no-sub-17\/#breadcrumb\",\"itemListElement\":[{\"@type\":\"ListItem\",\"position\":1,\"name\":\"Home\",\"item\":\"https:\/\/www.gaveanews.com\/\"},{\"@type\":\"ListItem\",\"position\":2,\"name\":\"Torcida do Flamengo provoca o Vasco ap\u00f3s goleada e t\u00edtulo no sub-17\"}]},{\"@type\":\"WebSite\",\"@id\":\"https:\/\/www.gaveanews.com\/#website\",\"url\":\"https:\/\/www.gaveanews.com\/\",\"name\":\"G\u00e1vea News\",\"description\":\"Veja todas as not\u00edcias sobre o Flamengo: Contrata\u00e7\u00f5es, categorias de base, resultados das partidas, tabela de classifica\u00e7\u00e3o, pr\u00f3ximos jogos!\",\"potentialAction\":[{\"@type\":\"SearchAction\",\"target\":{\"@type\":\"EntryPoint\",\"urlTemplate\":\"https:\/\/www.gaveanews.com\/?s={search_term_string}\"},\"query-input\":{\"@type\":\"PropertyValueSpecification\",\"valueRequired\":true,\"valueName\":\"search_term_string\"}}],\"inLanguage\":\"pt-BR\"},{\"@type\":\"Person\",\"@id\":\"https:\/\/www.gaveanews.com\/#\/schema\/person\/2ec14f73fb96be2caf28f91afb14749d\",\"name\":\"Equipe G\u00e1vea News\",\"image\":{\"@type\":\"ImageObject\",\"inLanguage\":\"pt-BR\",\"@id\":\"https:\/\/www.gaveanews.com\/#\/schema\/person\/image\/\",\"url\":\"https:\/\/secure.gravatar.com\/avatar\/1e1956f1facbffd3f8fa53a326721950116b3b9dc9bd44939c01180fd4a745a9?s=96&d=mm&r=g\",\"contentUrl\":\"https:\/\/secure.gravatar.com\/avatar\/1e1956f1facbffd3f8fa53a326721950116b3b9dc9bd44939c01180fd4a745a9?s=96&d=mm&r=g\",\"caption\":\"Equipe G\u00e1vea News\"}}]}<\/script>\n<!-- \/ Yoast SEO Premium plugin. -->","yoast_head_json":{"title":"Torcida do Flamengo provoca o Vasco ap\u00f3s goleada e t\u00edtulo no sub-17","robots":{"index":"index","follow":"follow","max-snippet":"max-snippet:-1","max-image-preview":"max-image-preview:large","max-video-preview":"max-video-preview:-1"},"canonical":"https:\/\/www.gaveanews.com\/index.php\/2021\/08\/16\/torcida-do-flamengo-provoca-o-vasco-apos-goleada-e-titulo-no-sub-17\/","og_locale":"pt_BR","og_type":"article","og_title":"Torcida do Flamengo provoca o Vasco ap\u00f3s goleada e t\u00edtulo no sub-17","og_description":"O Flamengo \u00e9 o campe\u00e3o do Campeonato Brasileiro sub-17 2021! A equipe venceu o arquirrival Vasco por 4 a 1 e reverteu a derrota por 3 a 1 no jogo de ida. O Rubro-Negro, com o t\u00edtulo sagrou-se bicampe\u00e3o da competi\u00e7\u00e3o. \u00c9 claro que o flamenguista n\u00e3o ia deixar passar essa e o t\u00edtulo repercutiu [&hellip;]","og_url":"https:\/\/www.gaveanews.com\/index.php\/2021\/08\/16\/torcida-do-flamengo-provoca-o-vasco-apos-goleada-e-titulo-no-sub-17\/","og_site_name":"G\u00e1vea News","article_publisher":"https:\/\/facebook.com\/gaveaNews\/","article_published_time":"2021-08-17T02:07:52+00:00","article_modified_time":"2021-08-17T02:16:19+00:00","og_image":[{"width":1024,"height":681,"url":"https:\/\/www.gaveanews.com\/wp-content\/uploads\/Gabigol-rindo-durante-treinamento-do-Flamengo-no-Ninho-do-Urubu.webp","type":"image\/jpeg"}],"author":"Equipe G\u00e1vea News","twitter_card":"summary_large_image","twitter_misc":{"Escrito por":"Equipe G\u00e1vea News","Est. tempo de leitura":"1 minuto"},"schema":{"@context":"https:\/\/schema.org","@graph":[{"@type":"NewsArticle","@id":"https:\/\/www.gaveanews.com\/index.php\/2021\/08\/16\/torcida-do-flamengo-provoca-o-vasco-apos-goleada-e-titulo-no-sub-17\/#article","isPartOf":{"@id":"https:\/\/www.gaveanews.com\/index.php\/2021\/08\/16\/torcida-do-flamengo-provoca-o-vasco-apos-goleada-e-titulo-no-sub-17\/"},"author":{"name":"Equipe G\u00e1vea News","@id":"https:\/\/www.gaveanews.com\/#\/schema\/person\/2ec14f73fb96be2caf28f91afb14749d"},"headline":"Torcida do Flamengo provoca o Vasco ap\u00f3s goleada e t\u00edtulo no sub-17","datePublished":"2021-08-17T02:07:52+00:00","dateModified":"2021-08-17T02:16:19+00:00","mainEntityOfPage":{"@id":"https:\/\/www.gaveanews.com\/index.php\/2021\/08\/16\/torcida-do-flamengo-provoca-o-vasco-apos-goleada-e-titulo-no-sub-17\/"},"wordCount":257,"commentCount":5,"image":{"@id":"https:\/\/www.gaveanews.com\/index.php\/2021\/08\/16\/torcida-do-flamengo-provoca-o-vasco-apos-goleada-e-titulo-no-sub-17\/#primaryimage"},"thumbnailUrl":"https:\/\/www.gaveanews.com\/wp-content\/uploads\/Gabigol-rindo-durante-treinamento-do-Flamengo-no-Ninho-do-Urubu.webp","articleSection":["Flamengo"],"inLanguage":"pt-BR","potentialAction":[{"@type":"CommentAction","name":"Comment","target":["https:\/\/www.gaveanews.com\/index.php\/2021\/08\/16\/torcida-do-flamengo-provoca-o-vasco-apos-goleada-e-titulo-no-sub-17\/#respond"]}],"copyrightYear":"2021","copyrightHolder":{"@id":"https:\/\/www.gaveanews.com\/#organization"}},{"@type":"WebPage","@id":"https:\/\/www.gaveanews.com\/index.php\/2021\/08\/16\/torcida-do-flamengo-provoca-o-vasco-apos-goleada-e-titulo-no-sub-17\/","url":"https:\/\/www.gaveanews.com\/index.php\/2021\/08\/16\/torcida-do-flamengo-provoca-o-vasco-apos-goleada-e-titulo-no-sub-17\/","name":"Torcida do Flamengo provoca o Vasco ap\u00f3s goleada e t\u00edtulo no sub-17","isPartOf":{"@id":"https:\/\/www.gaveanews.com\/#website"},"primaryImageOfPage":{"@id":"https:\/\/www.gaveanews.com\/index.php\/2021\/08\/16\/torcida-do-flamengo-provoca-o-vasco-apos-goleada-e-titulo-no-sub-17\/#primaryimage"},"image":{"@id":"https:\/\/www.gaveanews.com\/index.php\/2021\/08\/16\/torcida-do-flamengo-provoca-o-vasco-apos-goleada-e-titulo-no-sub-17\/#primaryimage"},"thumbnailUrl":"https:\/\/www.gaveanews.com\/wp-content\/uploads\/Gabigol-rindo-durante-treinamento-do-Flamengo-no-Ninho-do-Urubu.webp","datePublished":"2021-08-17T02:07:52+00:00","dateModified":"2021-08-17T02:16:19+00:00","author":{"@id":"https:\/\/www.gaveanews.com\/#\/schema\/person\/2ec14f73fb96be2caf28f91afb14749d"},"breadcrumb":{"@id":"https:\/\/www.gaveanews.com\/index.php\/2021\/08\/16\/torcida-do-flamengo-provoca-o-vasco-apos-goleada-e-titulo-no-sub-17\/#breadcrumb"},"inLanguage":"pt-BR","potentialAction":[{"@type":"ReadAction","target":["https:\/\/www.gaveanews.com\/index.php\/2021\/08\/16\/torcida-do-flamengo-provoca-o-vasco-apos-goleada-e-titulo-no-sub-17\/"]}]},{"@type":"ImageObject","inLanguage":"pt-BR","@id":"https:\/\/www.gaveanews.com\/index.php\/2021\/08\/16\/torcida-do-flamengo-provoca-o-vasco-apos-goleada-e-titulo-no-sub-17\/#primaryimage","url":"https:\/\/www.gaveanews.com\/wp-content\/uploads\/Gabigol-rindo-durante-treinamento-do-Flamengo-no-Ninho-do-Urubu.webp","contentUrl":"https:\/\/www.gaveanews.com\/wp-content\/uploads\/Gabigol-rindo-durante-treinamento-do-Flamengo-no-Ninho-do-Urubu.webp","width":1024,"height":681,"caption":"Gabigol rindo durante treinamento do Flamengo no Ninho do Urubu (Foto: Alexandre Vidal\/Flamengo)"},{"@type":"BreadcrumbList","@id":"https:\/\/www.gaveanews.com\/index.php\/2021\/08\/16\/torcida-do-flamengo-provoca-o-vasco-apos-goleada-e-titulo-no-sub-17\/#breadcrumb","itemListElement":[{"@type":"ListItem","position":1,"name":"Home","item":"https:\/\/www.gaveanews.com\/"},{"@type":"ListItem","position":2,"name":"Torcida do Flamengo provoca o Vasco ap\u00f3s goleada e t\u00edtulo no sub-17"}]},{"@type":"WebSite","@id":"https:\/\/www.gaveanews.com\/#website","url":"https:\/\/www.gaveanews.com\/","name":"G\u00e1vea News","description":"Veja todas as not\u00edcias sobre o Flamengo: Contrata\u00e7\u00f5es, categorias de base, resultados das partidas, tabela de classifica\u00e7\u00e3o, pr\u00f3ximos jogos!","potentialAction":[{"@type":"SearchAction","target":{"@type":"EntryPoint","urlTemplate":"https:\/\/www.gaveanews.com\/?s={search_term_string}"},"query-input":{"@type":"PropertyValueSpecification","valueRequired":true,"valueName":"search_term_string"}}],"inLanguage":"pt-BR"},{"@type":"Person","@id":"https:\/\/www.gaveanews.com\/#\/schema\/person\/2ec14f73fb96be2caf28f91afb14749d","name":"Equipe G\u00e1vea News","image":{"@type":"ImageObject","inLanguage":"pt-BR","@id":"https:\/\/www.gaveanews.com\/#\/schema\/person\/image\/","url":"https:\/\/secure.gravatar.com\/avatar\/1e1956f1facbffd3f8fa53a326721950116b3b9dc9bd44939c01180fd4a745a9?s=96&d=mm&r=g","contentUrl":"https:\/\/secure.gravatar.com\/avatar\/1e1956f1facbffd3f8fa53a326721950116b3b9dc9bd44939c01180fd4a745a9?s=96&d=mm&r=g","caption":"Equipe G\u00e1vea News"}}]}},"_links":{"self":[{"href":"https:\/\/www.gaveanews.com\/index.php\/wp-json\/wp\/v2\/posts\/66121","targetHints":{"allow":["GET"]}}],"collection":[{"href":"https:\/\/www.gaveanews.com\/index.php\/wp-json\/wp\/v2\/posts"}],"about":[{"href":"https:\/\/www.gaveanews.com\/index.php\/wp-json\/wp\/v2\/types\/post"}],"author":[{"embeddable":true,"href":"https:\/\/www.gaveanews.com\/index.php\/wp-json\/wp\/v2\/users\/1"}],"replies":[{"embeddable":true,"href":"https:\/\/www.gaveanews.com\/index.php\/wp-json\/wp\/v2\/comments?post=66121"}],"version-history":[{"count":0,"href":"https:\/\/www.gaveanews.com\/index.php\/wp-json\/wp\/v2\/posts\/66121\/revisions"}],"wp:featuredmedia":[{"embeddable":true,"href":"https:\/\/www.gaveanews.com\/index.php\/wp-json\/wp\/v2\/media\/57957"}],"wp:attachment":[{"href":"https:\/\/www.gaveanews.com\/index.php\/wp-json\/wp\/v2\/media?parent=66121"}],"wp:term":[{"taxonomy":"category","embeddable":true,"href":"https:\/\/www.gaveanews.com\/index.php\/wp-json\/wp\/v2\/categories?post=66121"},{"taxonomy":"post_tag","embeddable":true,"href":"https:\/\/www.gaveanews.com\/index.php\/wp-json\/wp\/v2\/tags?post=66121"}],"curies":[{"name":"wp","href":"https:\/\/api.w.org\/{rel}","templated":true}]}}