{"id":66723,"date":"2021-08-24T19:26:50","date_gmt":"2021-08-24T22:26:50","guid":{"rendered":"https:\/\/www.gaveanews.com\/?p=66723"},"modified":"2021-08-24T19:28:20","modified_gmt":"2021-08-24T22:28:20","slug":"jornal-ingles-escala-flamengo-ideal-com-kenedy-e-andreas-pereira","status":"publish","type":"post","link":"https:\/\/www.gaveanews.com\/index.php\/2021\/08\/24\/jornal-ingles-escala-flamengo-ideal-com-kenedy-e-andreas-pereira\/","title":{"rendered":"Jornal ingl\u00eas escala Flamengo ideal com Kenedy e Andreas Pereira"},"content":{"rendered":"\n<p>O Flamengo possui elenco muito t\u00e9cnico e qualificado para defender o escudo rubro-negro. Agora, com dois refor\u00e7os de peso garantidos, o clube elevou ainda mais seu n\u00edvel para disputar o restante desta temporada.<\/p>\n\n\n\n<p>No entanto, ainda que o p\u00fablico brasileiro tenha seus favoritos no time, alguns nomes s\u00e3o mais comentados que outros externamente e acabam sendo mais famosos na Europa. Desta forma, o <em>The Sun<\/em>, um dos portais mais tradicionais da Inglaterra, montou sua vers\u00e3o da escala\u00e7\u00e3o ideal do Flamengo ap\u00f3s a chegada de refor\u00e7os.<\/p>\n\n\n\n<p>A configura\u00e7\u00e3o feita pelo jornal chama aten\u00e7\u00e3o pela aus\u00eancia de alguns nomes importantes para a torcida brasileira. Dentre os principais atletas que n\u00e3o foram citados, as aus\u00eancias de Arrascaeta, Bruno Henrique e Ar\u00e3o s\u00e3o as mais sentidas.<\/p>\n\n\n\n<p>Contudo, outros jogadores titulares tamb\u00e9m n\u00e3o foram mencionados. Este \u00e9 o caso de Everton Ribeiro, Rodrigo Caio, <a href=\"https:\/\/www.gaveanews.com\/index.php\/2021\/08\/22\/gustavo-henrique-do-flamengo-recebe-proposta-do-al-ettifaq-veja-valores\/\">Gustavo Henrique<\/a> e Isla. Por\u00e9m, a presen\u00e7a de dois dos Garotos do Ninho, Jo\u00e3o Gomes e Matheuzinho, na escala\u00e7\u00e3o ideal demonstram a visibilidade que os jovens j\u00e1 possuem no Velho Continente.<\/p>\n\n\n\n<p>Al\u00e9m de tudo, outro ponto interessante \u00e9 o fato que que o portal incluiu David Luiz nos planos do Flamengo para esta temporada. Vale destacar que a escala\u00e7\u00e3o sofre interven\u00e7\u00e3o direta das informa\u00e7\u00f5es que s\u00e3o noticiadas nas terras inglesas.<\/p>\n\n\n\n<p>Desta forma, o time ideal do Mais Querido segundo o <em>The Sun<\/em> \u00e9 a seguinte: <strong>Diego Alves, Matheuzinho, Bruno Viana, David Luiz e Filipe Luiz; Diego, Jo\u00e3o Gomes, Andreas Pereira, Vitinho e Kenedy; Gabigol.<\/strong><\/p>\n\n\n\n<h2 class=\"wp-block-heading\" id=\"h-veja-a-escala-o\">Veja a escala\u00e7\u00e3o:<\/h2>\n\n\n\n<div class=\"wp-block-image\"><figure class=\"aligncenter size-large\"><img decoding=\"async\" src=\"https:\/\/pbs.twimg.com\/media\/E9fPnQvWYAkEP7t?format=jpg&amp;name=900x900\" alt=\"\"\/><\/figure><\/div>\n\n\n\n<p><\/p>\n","protected":false},"excerpt":{"rendered":"<p>O Flamengo possui elenco muito t\u00e9cnico e qualificado para defender o escudo rubro-negro. Agora, com dois refor\u00e7os de peso garantidos, o clube elevou ainda mais seu n\u00edvel para disputar o restante desta temporada. No entanto, ainda que o p\u00fablico brasileiro tenha seus favoritos no time, alguns nomes s\u00e3o mais comentados que outros externamente e acabam [&hellip;]<\/p>\n","protected":false},"author":4,"featured_media":66724,"comment_status":"open","ping_status":"closed","sticky":false,"template":"","format":"standard","meta":{"footnotes":""},"categories":[1],"tags":[],"class_list":["post-66723","post","type-post","status-publish","format-standard","has-post-thumbnail","hentry","category-flamengo"],"yoast_head":"<!-- This site is optimized with the Yoast SEO Premium plugin v24.2 (Yoast SEO v26.9) - https:\/\/yoast.com\/product\/yoast-seo-premium-wordpress\/ -->\n<title>Jornal ingl\u00eas escala Flamengo ideal com Kenedy e Andreas Pereira<\/title>\n<meta name=\"robots\" content=\"index, follow, max-snippet:-1, max-image-preview:large, max-video-preview:-1\" \/>\n<link rel=\"canonical\" href=\"https:\/\/www.gaveanews.com\/index.php\/2021\/08\/24\/jornal-ingles-escala-flamengo-ideal-com-kenedy-e-andreas-pereira\/\" \/>\n<meta property=\"og:locale\" content=\"pt_BR\" \/>\n<meta property=\"og:type\" content=\"article\" \/>\n<meta property=\"og:title\" content=\"Jornal ingl\u00eas escala Flamengo ideal com Kenedy e Andreas Pereira\" \/>\n<meta property=\"og:description\" content=\"O Flamengo possui elenco muito t\u00e9cnico e qualificado para defender o escudo rubro-negro. Agora, com dois refor\u00e7os de peso garantidos, o clube elevou ainda mais seu n\u00edvel para disputar o restante desta temporada. No entanto, ainda que o p\u00fablico brasileiro tenha seus favoritos no time, alguns nomes s\u00e3o mais comentados que outros externamente e acabam [&hellip;]\" \/>\n<meta property=\"og:url\" content=\"https:\/\/www.gaveanews.com\/index.php\/2021\/08\/24\/jornal-ingles-escala-flamengo-ideal-com-kenedy-e-andreas-pereira\/\" \/>\n<meta property=\"og:site_name\" content=\"G\u00e1vea News\" \/>\n<meta property=\"article:publisher\" content=\"https:\/\/facebook.com\/gaveaNews\/\" \/>\n<meta property=\"article:published_time\" content=\"2021-08-24T22:26:50+00:00\" \/>\n<meta property=\"article:modified_time\" content=\"2021-08-24T22:28:20+00:00\" \/>\n<meta property=\"og:image\" content=\"https:\/\/www.gaveanews.com\/wp-content\/uploads\/Andreas-Pereira-em-apresentacao-no-Ninho-do-Urubu.webp\" \/>\n\t<meta property=\"og:image:width\" content=\"799\" \/>\n\t<meta property=\"og:image:height\" content=\"532\" \/>\n\t<meta property=\"og:image:type\" content=\"image\/jpeg\" \/>\n<meta name=\"author\" content=\"Let\u00edcia Gerheim\" \/>\n<meta name=\"twitter:card\" content=\"summary_large_image\" \/>\n<meta name=\"twitter:label1\" content=\"Escrito por\" \/>\n\t<meta name=\"twitter:data1\" content=\"Let\u00edcia Gerheim\" \/>\n\t<meta name=\"twitter:label2\" content=\"Est. tempo de leitura\" \/>\n\t<meta name=\"twitter:data2\" content=\"2 minutos\" \/>\n<script type=\"application\/ld+json\" class=\"yoast-schema-graph\">{\"@context\":\"https:\/\/schema.org\",\"@graph\":[{\"@type\":\"NewsArticle\",\"@id\":\"https:\/\/www.gaveanews.com\/index.php\/2021\/08\/24\/jornal-ingles-escala-flamengo-ideal-com-kenedy-e-andreas-pereira\/#article\",\"isPartOf\":{\"@id\":\"https:\/\/www.gaveanews.com\/index.php\/2021\/08\/24\/jornal-ingles-escala-flamengo-ideal-com-kenedy-e-andreas-pereira\/\"},\"author\":{\"name\":\"Let\u00edcia Gerheim\",\"@id\":\"https:\/\/www.gaveanews.com\/#\/schema\/person\/714c67050b836198af2450ba1c142a67\"},\"headline\":\"Jornal ingl\u00eas escala Flamengo ideal com Kenedy e Andreas Pereira\",\"datePublished\":\"2021-08-24T22:26:50+00:00\",\"dateModified\":\"2021-08-24T22:28:20+00:00\",\"mainEntityOfPage\":{\"@id\":\"https:\/\/www.gaveanews.com\/index.php\/2021\/08\/24\/jornal-ingles-escala-flamengo-ideal-com-kenedy-e-andreas-pereira\/\"},\"wordCount\":283,\"commentCount\":32,\"image\":{\"@id\":\"https:\/\/www.gaveanews.com\/index.php\/2021\/08\/24\/jornal-ingles-escala-flamengo-ideal-com-kenedy-e-andreas-pereira\/#primaryimage\"},\"thumbnailUrl\":\"https:\/\/www.gaveanews.com\/wp-content\/uploads\/Andreas-Pereira-em-apresentacao-no-Ninho-do-Urubu.webp\",\"articleSection\":[\"Flamengo\"],\"inLanguage\":\"pt-BR\",\"potentialAction\":[{\"@type\":\"CommentAction\",\"name\":\"Comment\",\"target\":[\"https:\/\/www.gaveanews.com\/index.php\/2021\/08\/24\/jornal-ingles-escala-flamengo-ideal-com-kenedy-e-andreas-pereira\/#respond\"]}],\"copyrightYear\":\"2021\",\"copyrightHolder\":{\"@id\":\"https:\/\/www.gaveanews.com\/#organization\"}},{\"@type\":\"WebPage\",\"@id\":\"https:\/\/www.gaveanews.com\/index.php\/2021\/08\/24\/jornal-ingles-escala-flamengo-ideal-com-kenedy-e-andreas-pereira\/\",\"url\":\"https:\/\/www.gaveanews.com\/index.php\/2021\/08\/24\/jornal-ingles-escala-flamengo-ideal-com-kenedy-e-andreas-pereira\/\",\"name\":\"Jornal ingl\u00eas escala Flamengo ideal com Kenedy e Andreas Pereira\",\"isPartOf\":{\"@id\":\"https:\/\/www.gaveanews.com\/#website\"},\"primaryImageOfPage\":{\"@id\":\"https:\/\/www.gaveanews.com\/index.php\/2021\/08\/24\/jornal-ingles-escala-flamengo-ideal-com-kenedy-e-andreas-pereira\/#primaryimage\"},\"image\":{\"@id\":\"https:\/\/www.gaveanews.com\/index.php\/2021\/08\/24\/jornal-ingles-escala-flamengo-ideal-com-kenedy-e-andreas-pereira\/#primaryimage\"},\"thumbnailUrl\":\"https:\/\/www.gaveanews.com\/wp-content\/uploads\/Andreas-Pereira-em-apresentacao-no-Ninho-do-Urubu.webp\",\"datePublished\":\"2021-08-24T22:26:50+00:00\",\"dateModified\":\"2021-08-24T22:28:20+00:00\",\"author\":{\"@id\":\"https:\/\/www.gaveanews.com\/#\/schema\/person\/714c67050b836198af2450ba1c142a67\"},\"breadcrumb\":{\"@id\":\"https:\/\/www.gaveanews.com\/index.php\/2021\/08\/24\/jornal-ingles-escala-flamengo-ideal-com-kenedy-e-andreas-pereira\/#breadcrumb\"},\"inLanguage\":\"pt-BR\",\"potentialAction\":[{\"@type\":\"ReadAction\",\"target\":[\"https:\/\/www.gaveanews.com\/index.php\/2021\/08\/24\/jornal-ingles-escala-flamengo-ideal-com-kenedy-e-andreas-pereira\/\"]}]},{\"@type\":\"ImageObject\",\"inLanguage\":\"pt-BR\",\"@id\":\"https:\/\/www.gaveanews.com\/index.php\/2021\/08\/24\/jornal-ingles-escala-flamengo-ideal-com-kenedy-e-andreas-pereira\/#primaryimage\",\"url\":\"https:\/\/www.gaveanews.com\/wp-content\/uploads\/Andreas-Pereira-em-apresentacao-no-Ninho-do-Urubu.webp\",\"contentUrl\":\"https:\/\/www.gaveanews.com\/wp-content\/uploads\/Andreas-Pereira-em-apresentacao-no-Ninho-do-Urubu.webp\",\"width\":799,\"height\":532,\"caption\":\"Andreas Pereira em apresenta\u00e7\u00e3o no Ninho do Urubu (Foto: Alexandre Vidal\/Flamengo)\"},{\"@type\":\"BreadcrumbList\",\"@id\":\"https:\/\/www.gaveanews.com\/index.php\/2021\/08\/24\/jornal-ingles-escala-flamengo-ideal-com-kenedy-e-andreas-pereira\/#breadcrumb\",\"itemListElement\":[{\"@type\":\"ListItem\",\"position\":1,\"name\":\"Home\",\"item\":\"https:\/\/www.gaveanews.com\/\"},{\"@type\":\"ListItem\",\"position\":2,\"name\":\"Jornal ingl\u00eas escala Flamengo ideal com Kenedy e Andreas Pereira\"}]},{\"@type\":\"WebSite\",\"@id\":\"https:\/\/www.gaveanews.com\/#website\",\"url\":\"https:\/\/www.gaveanews.com\/\",\"name\":\"G\u00e1vea News\",\"description\":\"Veja todas as not\u00edcias sobre o Flamengo: Contrata\u00e7\u00f5es, categorias de base, resultados das partidas, tabela de classifica\u00e7\u00e3o, pr\u00f3ximos jogos!\",\"potentialAction\":[{\"@type\":\"SearchAction\",\"target\":{\"@type\":\"EntryPoint\",\"urlTemplate\":\"https:\/\/www.gaveanews.com\/?s={search_term_string}\"},\"query-input\":{\"@type\":\"PropertyValueSpecification\",\"valueRequired\":true,\"valueName\":\"search_term_string\"}}],\"inLanguage\":\"pt-BR\"},{\"@type\":\"Person\",\"@id\":\"https:\/\/www.gaveanews.com\/#\/schema\/person\/714c67050b836198af2450ba1c142a67\",\"name\":\"Let\u00edcia Gerheim\",\"image\":{\"@type\":\"ImageObject\",\"inLanguage\":\"pt-BR\",\"@id\":\"https:\/\/www.gaveanews.com\/#\/schema\/person\/image\/\",\"url\":\"https:\/\/secure.gravatar.com\/avatar\/60734739c50fcebfbac509e2a826ccd0ff405c019bc73aab9354f19ecad1dcb4?s=96&d=mm&r=g\",\"contentUrl\":\"https:\/\/secure.gravatar.com\/avatar\/60734739c50fcebfbac509e2a826ccd0ff405c019bc73aab9354f19ecad1dcb4?s=96&d=mm&r=g\",\"caption\":\"Let\u00edcia Gerheim\"}}]}<\/script>\n<!-- \/ Yoast SEO Premium plugin. -->","yoast_head_json":{"title":"Jornal ingl\u00eas escala Flamengo ideal com Kenedy e Andreas Pereira","robots":{"index":"index","follow":"follow","max-snippet":"max-snippet:-1","max-image-preview":"max-image-preview:large","max-video-preview":"max-video-preview:-1"},"canonical":"https:\/\/www.gaveanews.com\/index.php\/2021\/08\/24\/jornal-ingles-escala-flamengo-ideal-com-kenedy-e-andreas-pereira\/","og_locale":"pt_BR","og_type":"article","og_title":"Jornal ingl\u00eas escala Flamengo ideal com Kenedy e Andreas Pereira","og_description":"O Flamengo possui elenco muito t\u00e9cnico e qualificado para defender o escudo rubro-negro. Agora, com dois refor\u00e7os de peso garantidos, o clube elevou ainda mais seu n\u00edvel para disputar o restante desta temporada. No entanto, ainda que o p\u00fablico brasileiro tenha seus favoritos no time, alguns nomes s\u00e3o mais comentados que outros externamente e acabam [&hellip;]","og_url":"https:\/\/www.gaveanews.com\/index.php\/2021\/08\/24\/jornal-ingles-escala-flamengo-ideal-com-kenedy-e-andreas-pereira\/","og_site_name":"G\u00e1vea News","article_publisher":"https:\/\/facebook.com\/gaveaNews\/","article_published_time":"2021-08-24T22:26:50+00:00","article_modified_time":"2021-08-24T22:28:20+00:00","og_image":[{"width":799,"height":532,"url":"https:\/\/www.gaveanews.com\/wp-content\/uploads\/Andreas-Pereira-em-apresentacao-no-Ninho-do-Urubu.webp","type":"image\/jpeg"}],"author":"Let\u00edcia Gerheim","twitter_card":"summary_large_image","twitter_misc":{"Escrito por":"Let\u00edcia Gerheim","Est. tempo de leitura":"2 minutos"},"schema":{"@context":"https:\/\/schema.org","@graph":[{"@type":"NewsArticle","@id":"https:\/\/www.gaveanews.com\/index.php\/2021\/08\/24\/jornal-ingles-escala-flamengo-ideal-com-kenedy-e-andreas-pereira\/#article","isPartOf":{"@id":"https:\/\/www.gaveanews.com\/index.php\/2021\/08\/24\/jornal-ingles-escala-flamengo-ideal-com-kenedy-e-andreas-pereira\/"},"author":{"name":"Let\u00edcia Gerheim","@id":"https:\/\/www.gaveanews.com\/#\/schema\/person\/714c67050b836198af2450ba1c142a67"},"headline":"Jornal ingl\u00eas escala Flamengo ideal com Kenedy e Andreas Pereira","datePublished":"2021-08-24T22:26:50+00:00","dateModified":"2021-08-24T22:28:20+00:00","mainEntityOfPage":{"@id":"https:\/\/www.gaveanews.com\/index.php\/2021\/08\/24\/jornal-ingles-escala-flamengo-ideal-com-kenedy-e-andreas-pereira\/"},"wordCount":283,"commentCount":32,"image":{"@id":"https:\/\/www.gaveanews.com\/index.php\/2021\/08\/24\/jornal-ingles-escala-flamengo-ideal-com-kenedy-e-andreas-pereira\/#primaryimage"},"thumbnailUrl":"https:\/\/www.gaveanews.com\/wp-content\/uploads\/Andreas-Pereira-em-apresentacao-no-Ninho-do-Urubu.webp","articleSection":["Flamengo"],"inLanguage":"pt-BR","potentialAction":[{"@type":"CommentAction","name":"Comment","target":["https:\/\/www.gaveanews.com\/index.php\/2021\/08\/24\/jornal-ingles-escala-flamengo-ideal-com-kenedy-e-andreas-pereira\/#respond"]}],"copyrightYear":"2021","copyrightHolder":{"@id":"https:\/\/www.gaveanews.com\/#organization"}},{"@type":"WebPage","@id":"https:\/\/www.gaveanews.com\/index.php\/2021\/08\/24\/jornal-ingles-escala-flamengo-ideal-com-kenedy-e-andreas-pereira\/","url":"https:\/\/www.gaveanews.com\/index.php\/2021\/08\/24\/jornal-ingles-escala-flamengo-ideal-com-kenedy-e-andreas-pereira\/","name":"Jornal ingl\u00eas escala Flamengo ideal com Kenedy e Andreas Pereira","isPartOf":{"@id":"https:\/\/www.gaveanews.com\/#website"},"primaryImageOfPage":{"@id":"https:\/\/www.gaveanews.com\/index.php\/2021\/08\/24\/jornal-ingles-escala-flamengo-ideal-com-kenedy-e-andreas-pereira\/#primaryimage"},"image":{"@id":"https:\/\/www.gaveanews.com\/index.php\/2021\/08\/24\/jornal-ingles-escala-flamengo-ideal-com-kenedy-e-andreas-pereira\/#primaryimage"},"thumbnailUrl":"https:\/\/www.gaveanews.com\/wp-content\/uploads\/Andreas-Pereira-em-apresentacao-no-Ninho-do-Urubu.webp","datePublished":"2021-08-24T22:26:50+00:00","dateModified":"2021-08-24T22:28:20+00:00","author":{"@id":"https:\/\/www.gaveanews.com\/#\/schema\/person\/714c67050b836198af2450ba1c142a67"},"breadcrumb":{"@id":"https:\/\/www.gaveanews.com\/index.php\/2021\/08\/24\/jornal-ingles-escala-flamengo-ideal-com-kenedy-e-andreas-pereira\/#breadcrumb"},"inLanguage":"pt-BR","potentialAction":[{"@type":"ReadAction","target":["https:\/\/www.gaveanews.com\/index.php\/2021\/08\/24\/jornal-ingles-escala-flamengo-ideal-com-kenedy-e-andreas-pereira\/"]}]},{"@type":"ImageObject","inLanguage":"pt-BR","@id":"https:\/\/www.gaveanews.com\/index.php\/2021\/08\/24\/jornal-ingles-escala-flamengo-ideal-com-kenedy-e-andreas-pereira\/#primaryimage","url":"https:\/\/www.gaveanews.com\/wp-content\/uploads\/Andreas-Pereira-em-apresentacao-no-Ninho-do-Urubu.webp","contentUrl":"https:\/\/www.gaveanews.com\/wp-content\/uploads\/Andreas-Pereira-em-apresentacao-no-Ninho-do-Urubu.webp","width":799,"height":532,"caption":"Andreas Pereira em apresenta\u00e7\u00e3o no Ninho do Urubu (Foto: Alexandre Vidal\/Flamengo)"},{"@type":"BreadcrumbList","@id":"https:\/\/www.gaveanews.com\/index.php\/2021\/08\/24\/jornal-ingles-escala-flamengo-ideal-com-kenedy-e-andreas-pereira\/#breadcrumb","itemListElement":[{"@type":"ListItem","position":1,"name":"Home","item":"https:\/\/www.gaveanews.com\/"},{"@type":"ListItem","position":2,"name":"Jornal ingl\u00eas escala Flamengo ideal com Kenedy e Andreas Pereira"}]},{"@type":"WebSite","@id":"https:\/\/www.gaveanews.com\/#website","url":"https:\/\/www.gaveanews.com\/","name":"G\u00e1vea News","description":"Veja todas as not\u00edcias sobre o Flamengo: Contrata\u00e7\u00f5es, categorias de base, resultados das partidas, tabela de classifica\u00e7\u00e3o, pr\u00f3ximos jogos!","potentialAction":[{"@type":"SearchAction","target":{"@type":"EntryPoint","urlTemplate":"https:\/\/www.gaveanews.com\/?s={search_term_string}"},"query-input":{"@type":"PropertyValueSpecification","valueRequired":true,"valueName":"search_term_string"}}],"inLanguage":"pt-BR"},{"@type":"Person","@id":"https:\/\/www.gaveanews.com\/#\/schema\/person\/714c67050b836198af2450ba1c142a67","name":"Let\u00edcia Gerheim","image":{"@type":"ImageObject","inLanguage":"pt-BR","@id":"https:\/\/www.gaveanews.com\/#\/schema\/person\/image\/","url":"https:\/\/secure.gravatar.com\/avatar\/60734739c50fcebfbac509e2a826ccd0ff405c019bc73aab9354f19ecad1dcb4?s=96&d=mm&r=g","contentUrl":"https:\/\/secure.gravatar.com\/avatar\/60734739c50fcebfbac509e2a826ccd0ff405c019bc73aab9354f19ecad1dcb4?s=96&d=mm&r=g","caption":"Let\u00edcia Gerheim"}}]}},"_links":{"self":[{"href":"https:\/\/www.gaveanews.com\/index.php\/wp-json\/wp\/v2\/posts\/66723","targetHints":{"allow":["GET"]}}],"collection":[{"href":"https:\/\/www.gaveanews.com\/index.php\/wp-json\/wp\/v2\/posts"}],"about":[{"href":"https:\/\/www.gaveanews.com\/index.php\/wp-json\/wp\/v2\/types\/post"}],"author":[{"embeddable":true,"href":"https:\/\/www.gaveanews.com\/index.php\/wp-json\/wp\/v2\/users\/4"}],"replies":[{"embeddable":true,"href":"https:\/\/www.gaveanews.com\/index.php\/wp-json\/wp\/v2\/comments?post=66723"}],"version-history":[{"count":0,"href":"https:\/\/www.gaveanews.com\/index.php\/wp-json\/wp\/v2\/posts\/66723\/revisions"}],"wp:featuredmedia":[{"embeddable":true,"href":"https:\/\/www.gaveanews.com\/index.php\/wp-json\/wp\/v2\/media\/66724"}],"wp:attachment":[{"href":"https:\/\/www.gaveanews.com\/index.php\/wp-json\/wp\/v2\/media?parent=66723"}],"wp:term":[{"taxonomy":"category","embeddable":true,"href":"https:\/\/www.gaveanews.com\/index.php\/wp-json\/wp\/v2\/categories?post=66723"},{"taxonomy":"post_tag","embeddable":true,"href":"https:\/\/www.gaveanews.com\/index.php\/wp-json\/wp\/v2\/tags?post=66723"}],"curies":[{"name":"wp","href":"https:\/\/api.w.org\/{rel}","templated":true}]}}