{"id":67207,"date":"2021-08-31T18:29:52","date_gmt":"2021-08-31T21:29:52","guid":{"rendered":"https:\/\/www.gaveanews.com\/?p=67207"},"modified":"2021-08-31T18:31:01","modified_gmt":"2021-08-31T21:31:01","slug":"presidente-do-corinthians-nega-rumores-de-negociacao-por-david-luiz","status":"publish","type":"post","link":"https:\/\/www.gaveanews.com\/index.php\/2021\/08\/31\/presidente-do-corinthians-nega-rumores-de-negociacao-por-david-luiz\/","title":{"rendered":"Presidente do Corinthians nega rumores de negocia\u00e7\u00e3o por David Luiz"},"content":{"rendered":"\n<p>Com o passar dos dias, a expectativa de torcedores sobre o futuro de David Luiz s\u00f3 aumenta. O zagueiro ainda avalia suas possibilidades e n\u00e3o informou para qual clube deseja rumar.<\/p>\n\n\n\n<p>Por isso, quanto mais o tempo passa, mais rumores surgem em rela\u00e7\u00e3o a poss\u00edveis interessados no jogador. Nesta ter\u00e7a-feira (31), <a href=\"https:\/\/www.gaveanews.com\/index.php\/2021\/08\/31\/atletico-mg-e-corinthians-entram-na-briga-pela-contratacao-de-david-luiz\/\">um jornalista informou que Corinthians e Atl\u00e9tico Mineiro entraram na briga pela contrata\u00e7\u00e3o<\/a> do defensor. De acordo com ele, o Tim\u00e3o chegou a formalizar uma proposta ao staff do ex-Arsenal.<\/p>\n\n\n\n<p>Contudo, um dos dirigentes do time paulista foi entrevistado no <em>Sele\u00e7\u00e3o SporTV<\/em> nesta tarde e deu um ponto final no assunto. Em participa\u00e7\u00e3o no programa, Duilio Monteiro Alves, presidente do Corinthians, negou qualquer negocia\u00e7\u00e3o com o atleta e descartou a possibilidade de qualquer outra chegada na equipe.<\/p>\n\n\n\n<p><strong><em>\u2014 N\u00e3o existe David Luiz. N\u00e3o est\u00e1 em andamento. N\u00e3o existe. Estamos muito satisfeitos com as pe\u00e7as que chegaram. Jo\u00e3o Pedro vem de empr\u00e9stimo do Porto. Deve estar subindo no BID, o Porto mandou a documenta\u00e7\u00e3o ontem e vamos anunciar ainda hoje. Refor\u00e7ar a reserva do Fagner.<\/em><\/strong><\/p>\n\n\n\n<p>Desta forma, o Flamengo permanece aguardando uma resposta de David Luiz. Contudo, o clube n\u00e3o perde tempo e <a href=\"https:\/\/www.gaveanews.com\/index.php\/2021\/08\/31\/bom-nome-flamengo-avalia-investida-em-goleiro-do-santos\/\">continua atento no mercado<\/a>, em busca de contrata\u00e7\u00f5es pontuais.<\/p>\n","protected":false},"excerpt":{"rendered":"<p>Com o passar dos dias, a expectativa de torcedores sobre o futuro de David Luiz s\u00f3 aumenta. O zagueiro ainda avalia suas possibilidades e n\u00e3o informou para qual clube deseja rumar. Por isso, quanto mais o tempo passa, mais rumores surgem em rela\u00e7\u00e3o a poss\u00edveis interessados no jogador. Nesta ter\u00e7a-feira (31), um jornalista informou que [&hellip;]<\/p>\n","protected":false},"author":4,"featured_media":61403,"comment_status":"open","ping_status":"closed","sticky":false,"template":"","format":"standard","meta":{"footnotes":""},"categories":[48],"tags":[],"class_list":["post-67207","post","type-post","status-publish","format-standard","has-post-thumbnail","hentry","category-negociacoes"],"yoast_head":"<!-- This site is optimized with the Yoast SEO Premium plugin v24.2 (Yoast SEO v26.9) - https:\/\/yoast.com\/product\/yoast-seo-premium-wordpress\/ -->\n<title>Presidente do Corinthians nega rumores de negocia\u00e7\u00e3o por David Luiz<\/title>\n<meta name=\"robots\" content=\"index, follow, max-snippet:-1, max-image-preview:large, max-video-preview:-1\" \/>\n<link rel=\"canonical\" href=\"https:\/\/www.gaveanews.com\/index.php\/2021\/08\/31\/presidente-do-corinthians-nega-rumores-de-negociacao-por-david-luiz\/\" \/>\n<meta property=\"og:locale\" content=\"pt_BR\" \/>\n<meta property=\"og:type\" content=\"article\" \/>\n<meta property=\"og:title\" content=\"Presidente do Corinthians nega rumores de negocia\u00e7\u00e3o por David Luiz\" \/>\n<meta property=\"og:description\" content=\"Com o passar dos dias, a expectativa de torcedores sobre o futuro de David Luiz s\u00f3 aumenta. O zagueiro ainda avalia suas possibilidades e n\u00e3o informou para qual clube deseja rumar. Por isso, quanto mais o tempo passa, mais rumores surgem em rela\u00e7\u00e3o a poss\u00edveis interessados no jogador. Nesta ter\u00e7a-feira (31), um jornalista informou que [&hellip;]\" \/>\n<meta property=\"og:url\" content=\"https:\/\/www.gaveanews.com\/index.php\/2021\/08\/31\/presidente-do-corinthians-nega-rumores-de-negociacao-por-david-luiz\/\" \/>\n<meta property=\"og:site_name\" content=\"G\u00e1vea News\" \/>\n<meta property=\"article:publisher\" content=\"https:\/\/facebook.com\/gaveaNews\/\" \/>\n<meta property=\"article:published_time\" content=\"2021-08-31T21:29:52+00:00\" \/>\n<meta property=\"article:modified_time\" content=\"2021-08-31T21:31:01+00:00\" \/>\n<meta property=\"og:image\" content=\"https:\/\/www.gaveanews.com\/wp-content\/uploads\/David-Luiz-em-acao-pelo-Arsenal.webp\" \/>\n\t<meta property=\"og:image:width\" content=\"700\" \/>\n\t<meta property=\"og:image:height\" content=\"394\" \/>\n\t<meta property=\"og:image:type\" content=\"image\/jpeg\" \/>\n<meta name=\"author\" content=\"Let\u00edcia Gerheim\" \/>\n<meta name=\"twitter:card\" content=\"summary_large_image\" \/>\n<meta name=\"twitter:label1\" content=\"Escrito por\" \/>\n\t<meta name=\"twitter:data1\" content=\"Let\u00edcia Gerheim\" \/>\n\t<meta name=\"twitter:label2\" content=\"Est. tempo de leitura\" \/>\n\t<meta name=\"twitter:data2\" content=\"1 minuto\" \/>\n<script type=\"application\/ld+json\" class=\"yoast-schema-graph\">{\"@context\":\"https:\/\/schema.org\",\"@graph\":[{\"@type\":\"NewsArticle\",\"@id\":\"https:\/\/www.gaveanews.com\/index.php\/2021\/08\/31\/presidente-do-corinthians-nega-rumores-de-negociacao-por-david-luiz\/#article\",\"isPartOf\":{\"@id\":\"https:\/\/www.gaveanews.com\/index.php\/2021\/08\/31\/presidente-do-corinthians-nega-rumores-de-negociacao-por-david-luiz\/\"},\"author\":{\"name\":\"Let\u00edcia Gerheim\",\"@id\":\"https:\/\/www.gaveanews.com\/#\/schema\/person\/714c67050b836198af2450ba1c142a67\"},\"headline\":\"Presidente do Corinthians nega rumores de negocia\u00e7\u00e3o por David Luiz\",\"datePublished\":\"2021-08-31T21:29:52+00:00\",\"dateModified\":\"2021-08-31T21:31:01+00:00\",\"mainEntityOfPage\":{\"@id\":\"https:\/\/www.gaveanews.com\/index.php\/2021\/08\/31\/presidente-do-corinthians-nega-rumores-de-negociacao-por-david-luiz\/\"},\"wordCount\":231,\"commentCount\":3,\"image\":{\"@id\":\"https:\/\/www.gaveanews.com\/index.php\/2021\/08\/31\/presidente-do-corinthians-nega-rumores-de-negociacao-por-david-luiz\/#primaryimage\"},\"thumbnailUrl\":\"https:\/\/www.gaveanews.com\/wp-content\/uploads\/David-Luiz-em-acao-pelo-Arsenal.webp\",\"articleSection\":[\"Negocia\u00e7\u00f5es\"],\"inLanguage\":\"pt-BR\",\"potentialAction\":[{\"@type\":\"CommentAction\",\"name\":\"Comment\",\"target\":[\"https:\/\/www.gaveanews.com\/index.php\/2021\/08\/31\/presidente-do-corinthians-nega-rumores-de-negociacao-por-david-luiz\/#respond\"]}],\"copyrightYear\":\"2021\",\"copyrightHolder\":{\"@id\":\"https:\/\/www.gaveanews.com\/#organization\"}},{\"@type\":\"WebPage\",\"@id\":\"https:\/\/www.gaveanews.com\/index.php\/2021\/08\/31\/presidente-do-corinthians-nega-rumores-de-negociacao-por-david-luiz\/\",\"url\":\"https:\/\/www.gaveanews.com\/index.php\/2021\/08\/31\/presidente-do-corinthians-nega-rumores-de-negociacao-por-david-luiz\/\",\"name\":\"Presidente do Corinthians nega rumores de negocia\u00e7\u00e3o por David Luiz\",\"isPartOf\":{\"@id\":\"https:\/\/www.gaveanews.com\/#website\"},\"primaryImageOfPage\":{\"@id\":\"https:\/\/www.gaveanews.com\/index.php\/2021\/08\/31\/presidente-do-corinthians-nega-rumores-de-negociacao-por-david-luiz\/#primaryimage\"},\"image\":{\"@id\":\"https:\/\/www.gaveanews.com\/index.php\/2021\/08\/31\/presidente-do-corinthians-nega-rumores-de-negociacao-por-david-luiz\/#primaryimage\"},\"thumbnailUrl\":\"https:\/\/www.gaveanews.com\/wp-content\/uploads\/David-Luiz-em-acao-pelo-Arsenal.webp\",\"datePublished\":\"2021-08-31T21:29:52+00:00\",\"dateModified\":\"2021-08-31T21:31:01+00:00\",\"author\":{\"@id\":\"https:\/\/www.gaveanews.com\/#\/schema\/person\/714c67050b836198af2450ba1c142a67\"},\"breadcrumb\":{\"@id\":\"https:\/\/www.gaveanews.com\/index.php\/2021\/08\/31\/presidente-do-corinthians-nega-rumores-de-negociacao-por-david-luiz\/#breadcrumb\"},\"inLanguage\":\"pt-BR\",\"potentialAction\":[{\"@type\":\"ReadAction\",\"target\":[\"https:\/\/www.gaveanews.com\/index.php\/2021\/08\/31\/presidente-do-corinthians-nega-rumores-de-negociacao-por-david-luiz\/\"]}]},{\"@type\":\"ImageObject\",\"inLanguage\":\"pt-BR\",\"@id\":\"https:\/\/www.gaveanews.com\/index.php\/2021\/08\/31\/presidente-do-corinthians-nega-rumores-de-negociacao-por-david-luiz\/#primaryimage\",\"url\":\"https:\/\/www.gaveanews.com\/wp-content\/uploads\/David-Luiz-em-acao-pelo-Arsenal.webp\",\"contentUrl\":\"https:\/\/www.gaveanews.com\/wp-content\/uploads\/David-Luiz-em-acao-pelo-Arsenal.webp\",\"width\":700,\"height\":394,\"caption\":\"David Luiz em a\u00e7\u00e3o pelo Arsenal (Foto: Getty Images)\"},{\"@type\":\"BreadcrumbList\",\"@id\":\"https:\/\/www.gaveanews.com\/index.php\/2021\/08\/31\/presidente-do-corinthians-nega-rumores-de-negociacao-por-david-luiz\/#breadcrumb\",\"itemListElement\":[{\"@type\":\"ListItem\",\"position\":1,\"name\":\"Home\",\"item\":\"https:\/\/www.gaveanews.com\/\"},{\"@type\":\"ListItem\",\"position\":2,\"name\":\"Presidente do Corinthians nega rumores de negocia\u00e7\u00e3o por David Luiz\"}]},{\"@type\":\"WebSite\",\"@id\":\"https:\/\/www.gaveanews.com\/#website\",\"url\":\"https:\/\/www.gaveanews.com\/\",\"name\":\"G\u00e1vea News\",\"description\":\"Veja todas as not\u00edcias sobre o Flamengo: Contrata\u00e7\u00f5es, categorias de base, resultados das partidas, tabela de classifica\u00e7\u00e3o, pr\u00f3ximos jogos!\",\"potentialAction\":[{\"@type\":\"SearchAction\",\"target\":{\"@type\":\"EntryPoint\",\"urlTemplate\":\"https:\/\/www.gaveanews.com\/?s={search_term_string}\"},\"query-input\":{\"@type\":\"PropertyValueSpecification\",\"valueRequired\":true,\"valueName\":\"search_term_string\"}}],\"inLanguage\":\"pt-BR\"},{\"@type\":\"Person\",\"@id\":\"https:\/\/www.gaveanews.com\/#\/schema\/person\/714c67050b836198af2450ba1c142a67\",\"name\":\"Let\u00edcia Gerheim\",\"image\":{\"@type\":\"ImageObject\",\"inLanguage\":\"pt-BR\",\"@id\":\"https:\/\/www.gaveanews.com\/#\/schema\/person\/image\/\",\"url\":\"https:\/\/secure.gravatar.com\/avatar\/60734739c50fcebfbac509e2a826ccd0ff405c019bc73aab9354f19ecad1dcb4?s=96&d=mm&r=g\",\"contentUrl\":\"https:\/\/secure.gravatar.com\/avatar\/60734739c50fcebfbac509e2a826ccd0ff405c019bc73aab9354f19ecad1dcb4?s=96&d=mm&r=g\",\"caption\":\"Let\u00edcia Gerheim\"}}]}<\/script>\n<!-- \/ Yoast SEO Premium plugin. -->","yoast_head_json":{"title":"Presidente do Corinthians nega rumores de negocia\u00e7\u00e3o por David Luiz","robots":{"index":"index","follow":"follow","max-snippet":"max-snippet:-1","max-image-preview":"max-image-preview:large","max-video-preview":"max-video-preview:-1"},"canonical":"https:\/\/www.gaveanews.com\/index.php\/2021\/08\/31\/presidente-do-corinthians-nega-rumores-de-negociacao-por-david-luiz\/","og_locale":"pt_BR","og_type":"article","og_title":"Presidente do Corinthians nega rumores de negocia\u00e7\u00e3o por David Luiz","og_description":"Com o passar dos dias, a expectativa de torcedores sobre o futuro de David Luiz s\u00f3 aumenta. O zagueiro ainda avalia suas possibilidades e n\u00e3o informou para qual clube deseja rumar. Por isso, quanto mais o tempo passa, mais rumores surgem em rela\u00e7\u00e3o a poss\u00edveis interessados no jogador. Nesta ter\u00e7a-feira (31), um jornalista informou que [&hellip;]","og_url":"https:\/\/www.gaveanews.com\/index.php\/2021\/08\/31\/presidente-do-corinthians-nega-rumores-de-negociacao-por-david-luiz\/","og_site_name":"G\u00e1vea News","article_publisher":"https:\/\/facebook.com\/gaveaNews\/","article_published_time":"2021-08-31T21:29:52+00:00","article_modified_time":"2021-08-31T21:31:01+00:00","og_image":[{"width":700,"height":394,"url":"https:\/\/www.gaveanews.com\/wp-content\/uploads\/David-Luiz-em-acao-pelo-Arsenal.webp","type":"image\/jpeg"}],"author":"Let\u00edcia Gerheim","twitter_card":"summary_large_image","twitter_misc":{"Escrito por":"Let\u00edcia Gerheim","Est. tempo de leitura":"1 minuto"},"schema":{"@context":"https:\/\/schema.org","@graph":[{"@type":"NewsArticle","@id":"https:\/\/www.gaveanews.com\/index.php\/2021\/08\/31\/presidente-do-corinthians-nega-rumores-de-negociacao-por-david-luiz\/#article","isPartOf":{"@id":"https:\/\/www.gaveanews.com\/index.php\/2021\/08\/31\/presidente-do-corinthians-nega-rumores-de-negociacao-por-david-luiz\/"},"author":{"name":"Let\u00edcia Gerheim","@id":"https:\/\/www.gaveanews.com\/#\/schema\/person\/714c67050b836198af2450ba1c142a67"},"headline":"Presidente do Corinthians nega rumores de negocia\u00e7\u00e3o por David Luiz","datePublished":"2021-08-31T21:29:52+00:00","dateModified":"2021-08-31T21:31:01+00:00","mainEntityOfPage":{"@id":"https:\/\/www.gaveanews.com\/index.php\/2021\/08\/31\/presidente-do-corinthians-nega-rumores-de-negociacao-por-david-luiz\/"},"wordCount":231,"commentCount":3,"image":{"@id":"https:\/\/www.gaveanews.com\/index.php\/2021\/08\/31\/presidente-do-corinthians-nega-rumores-de-negociacao-por-david-luiz\/#primaryimage"},"thumbnailUrl":"https:\/\/www.gaveanews.com\/wp-content\/uploads\/David-Luiz-em-acao-pelo-Arsenal.webp","articleSection":["Negocia\u00e7\u00f5es"],"inLanguage":"pt-BR","potentialAction":[{"@type":"CommentAction","name":"Comment","target":["https:\/\/www.gaveanews.com\/index.php\/2021\/08\/31\/presidente-do-corinthians-nega-rumores-de-negociacao-por-david-luiz\/#respond"]}],"copyrightYear":"2021","copyrightHolder":{"@id":"https:\/\/www.gaveanews.com\/#organization"}},{"@type":"WebPage","@id":"https:\/\/www.gaveanews.com\/index.php\/2021\/08\/31\/presidente-do-corinthians-nega-rumores-de-negociacao-por-david-luiz\/","url":"https:\/\/www.gaveanews.com\/index.php\/2021\/08\/31\/presidente-do-corinthians-nega-rumores-de-negociacao-por-david-luiz\/","name":"Presidente do Corinthians nega rumores de negocia\u00e7\u00e3o por David Luiz","isPartOf":{"@id":"https:\/\/www.gaveanews.com\/#website"},"primaryImageOfPage":{"@id":"https:\/\/www.gaveanews.com\/index.php\/2021\/08\/31\/presidente-do-corinthians-nega-rumores-de-negociacao-por-david-luiz\/#primaryimage"},"image":{"@id":"https:\/\/www.gaveanews.com\/index.php\/2021\/08\/31\/presidente-do-corinthians-nega-rumores-de-negociacao-por-david-luiz\/#primaryimage"},"thumbnailUrl":"https:\/\/www.gaveanews.com\/wp-content\/uploads\/David-Luiz-em-acao-pelo-Arsenal.webp","datePublished":"2021-08-31T21:29:52+00:00","dateModified":"2021-08-31T21:31:01+00:00","author":{"@id":"https:\/\/www.gaveanews.com\/#\/schema\/person\/714c67050b836198af2450ba1c142a67"},"breadcrumb":{"@id":"https:\/\/www.gaveanews.com\/index.php\/2021\/08\/31\/presidente-do-corinthians-nega-rumores-de-negociacao-por-david-luiz\/#breadcrumb"},"inLanguage":"pt-BR","potentialAction":[{"@type":"ReadAction","target":["https:\/\/www.gaveanews.com\/index.php\/2021\/08\/31\/presidente-do-corinthians-nega-rumores-de-negociacao-por-david-luiz\/"]}]},{"@type":"ImageObject","inLanguage":"pt-BR","@id":"https:\/\/www.gaveanews.com\/index.php\/2021\/08\/31\/presidente-do-corinthians-nega-rumores-de-negociacao-por-david-luiz\/#primaryimage","url":"https:\/\/www.gaveanews.com\/wp-content\/uploads\/David-Luiz-em-acao-pelo-Arsenal.webp","contentUrl":"https:\/\/www.gaveanews.com\/wp-content\/uploads\/David-Luiz-em-acao-pelo-Arsenal.webp","width":700,"height":394,"caption":"David Luiz em a\u00e7\u00e3o pelo Arsenal (Foto: Getty Images)"},{"@type":"BreadcrumbList","@id":"https:\/\/www.gaveanews.com\/index.php\/2021\/08\/31\/presidente-do-corinthians-nega-rumores-de-negociacao-por-david-luiz\/#breadcrumb","itemListElement":[{"@type":"ListItem","position":1,"name":"Home","item":"https:\/\/www.gaveanews.com\/"},{"@type":"ListItem","position":2,"name":"Presidente do Corinthians nega rumores de negocia\u00e7\u00e3o por David Luiz"}]},{"@type":"WebSite","@id":"https:\/\/www.gaveanews.com\/#website","url":"https:\/\/www.gaveanews.com\/","name":"G\u00e1vea News","description":"Veja todas as not\u00edcias sobre o Flamengo: Contrata\u00e7\u00f5es, categorias de base, resultados das partidas, tabela de classifica\u00e7\u00e3o, pr\u00f3ximos jogos!","potentialAction":[{"@type":"SearchAction","target":{"@type":"EntryPoint","urlTemplate":"https:\/\/www.gaveanews.com\/?s={search_term_string}"},"query-input":{"@type":"PropertyValueSpecification","valueRequired":true,"valueName":"search_term_string"}}],"inLanguage":"pt-BR"},{"@type":"Person","@id":"https:\/\/www.gaveanews.com\/#\/schema\/person\/714c67050b836198af2450ba1c142a67","name":"Let\u00edcia Gerheim","image":{"@type":"ImageObject","inLanguage":"pt-BR","@id":"https:\/\/www.gaveanews.com\/#\/schema\/person\/image\/","url":"https:\/\/secure.gravatar.com\/avatar\/60734739c50fcebfbac509e2a826ccd0ff405c019bc73aab9354f19ecad1dcb4?s=96&d=mm&r=g","contentUrl":"https:\/\/secure.gravatar.com\/avatar\/60734739c50fcebfbac509e2a826ccd0ff405c019bc73aab9354f19ecad1dcb4?s=96&d=mm&r=g","caption":"Let\u00edcia Gerheim"}}]}},"_links":{"self":[{"href":"https:\/\/www.gaveanews.com\/index.php\/wp-json\/wp\/v2\/posts\/67207","targetHints":{"allow":["GET"]}}],"collection":[{"href":"https:\/\/www.gaveanews.com\/index.php\/wp-json\/wp\/v2\/posts"}],"about":[{"href":"https:\/\/www.gaveanews.com\/index.php\/wp-json\/wp\/v2\/types\/post"}],"author":[{"embeddable":true,"href":"https:\/\/www.gaveanews.com\/index.php\/wp-json\/wp\/v2\/users\/4"}],"replies":[{"embeddable":true,"href":"https:\/\/www.gaveanews.com\/index.php\/wp-json\/wp\/v2\/comments?post=67207"}],"version-history":[{"count":0,"href":"https:\/\/www.gaveanews.com\/index.php\/wp-json\/wp\/v2\/posts\/67207\/revisions"}],"wp:featuredmedia":[{"embeddable":true,"href":"https:\/\/www.gaveanews.com\/index.php\/wp-json\/wp\/v2\/media\/61403"}],"wp:attachment":[{"href":"https:\/\/www.gaveanews.com\/index.php\/wp-json\/wp\/v2\/media?parent=67207"}],"wp:term":[{"taxonomy":"category","embeddable":true,"href":"https:\/\/www.gaveanews.com\/index.php\/wp-json\/wp\/v2\/categories?post=67207"},{"taxonomy":"post_tag","embeddable":true,"href":"https:\/\/www.gaveanews.com\/index.php\/wp-json\/wp\/v2\/tags?post=67207"}],"curies":[{"name":"wp","href":"https:\/\/api.w.org\/{rel}","templated":true}]}}