{"id":67215,"date":"2021-08-31T21:47:29","date_gmt":"2021-09-01T00:47:29","guid":{"rendered":"https:\/\/www.gaveanews.com\/?p=67215"},"modified":"2021-08-31T21:47:32","modified_gmt":"2021-09-01T00:47:32","slug":"caso-acerte-com-o-flamengo-david-luiz-nao-podera-jogar-a-copa-do-br","status":"publish","type":"post","link":"https:\/\/www.gaveanews.com\/index.php\/2021\/08\/31\/caso-acerte-com-o-flamengo-david-luiz-nao-podera-jogar-a-copa-do-br\/","title":{"rendered":"Caso acerte com o Flamengo, David Luiz n\u00e3o poder\u00e1 jogar a Copa do BR"},"content":{"rendered":"\n<p>O Flamengo intensificou seus esfor\u00e7os nas \u00faltimas semanas e realizou contrata\u00e7\u00f5es que agradaram bastante a torcida. Ap\u00f3s trazer Andreas Pereira e Kenedy, o clube agora foca em outras prioridades e tenta contratar atletas para suprir as car\u00eancias do time no setor defensivo.<\/p>\n\n\n\n<p>Com isso, o nome de David Luiz tem ganhado cada vez mais for\u00e7a. Al\u00e9m de o jogador estar livre no mercado, o fato que mais faz com que a negocia\u00e7\u00e3o seja vi\u00e1vel \u00e9 a instabilidade da atual zaga rubro-negra.<\/p>\n\n\n\n<p>Por\u00e9m, caso o defensor opte por aceitar a proposta feita pelo Fla, ele n\u00e3o poder\u00e1 atuar em todas competi\u00e7\u00f5es as quais o Mais Querido disputa. Isso porque o o prazo para inscri\u00e7\u00e3o de novos jogadores na Copa do Brasil termina no \u00faltimo dia \u00fatil antes das quartas de final da competi\u00e7\u00e3o.<\/p>\n\n\n\n<p>Assim, o per\u00edodo finalizou na \u00faltima ter\u00e7a-feira (24). Dede ent\u00e3o, nenhum novo atleta pode ser inscrito nesta edi\u00e7\u00e3o da competi\u00e7\u00e3o nacional. A medida est\u00e1 prevista no regulamento do torneio, artigo 6\u00ba,&nbsp;<em>par\u00e1grafo 1\u00ba<\/em>.<\/p>\n\n\n\n<p><em>&#8220;Contratos de novos atletas para utiliza\u00e7\u00e3o na Copa dever\u00e3o estar publicados no BID at\u00e9 o \u00faltimo dia \u00fatil anterior ao in\u00edcio da quinta fase (quartas de final).&#8221;<\/em><\/p>\n\n\n\n<p>Contudo, \u00e9 importante salientar que o zagueiro poderia ser inscrito normalmente na Copa Libertadores e no Campeonato Brasileiro. Na competi\u00e7\u00e3o nacional, as equipes t\u00eam at\u00e9 o dia 24 de setembro para publicar novos atletas no BID. J\u00e1 no torneio continental, os clubes podem realizar altera\u00e7\u00f5es em suas respectivas listas de jogadores at\u00e9 72 horas antes da semifinal, ou seja, 19 de setembro.<\/p>\n","protected":false},"excerpt":{"rendered":"<p>O Flamengo intensificou seus esfor\u00e7os nas \u00faltimas semanas e realizou contrata\u00e7\u00f5es que agradaram bastante a torcida. Ap\u00f3s trazer Andreas Pereira e Kenedy, o clube agora foca em outras prioridades e tenta contratar atletas para suprir as car\u00eancias do time no setor defensivo. Com isso, o nome de David Luiz tem ganhado cada vez mais for\u00e7a. [&hellip;]<\/p>\n","protected":false},"author":4,"featured_media":67216,"comment_status":"open","ping_status":"closed","sticky":false,"template":"","format":"standard","meta":{"footnotes":""},"categories":[1],"tags":[],"class_list":["post-67215","post","type-post","status-publish","format-standard","has-post-thumbnail","hentry","category-flamengo"],"yoast_head":"<!-- This site is optimized with the Yoast SEO Premium plugin v24.2 (Yoast SEO v26.9) - https:\/\/yoast.com\/product\/yoast-seo-premium-wordpress\/ -->\n<title>Caso acerte com o Flamengo, David Luiz n\u00e3o poder\u00e1 jogar a Copa do BR<\/title>\n<meta name=\"robots\" content=\"index, follow, max-snippet:-1, max-image-preview:large, max-video-preview:-1\" \/>\n<link rel=\"canonical\" href=\"https:\/\/www.gaveanews.com\/index.php\/2021\/08\/31\/caso-acerte-com-o-flamengo-david-luiz-nao-podera-jogar-a-copa-do-br\/\" \/>\n<meta property=\"og:locale\" content=\"pt_BR\" \/>\n<meta property=\"og:type\" content=\"article\" \/>\n<meta property=\"og:title\" content=\"Caso acerte com o Flamengo, David Luiz n\u00e3o poder\u00e1 jogar a Copa do BR\" \/>\n<meta property=\"og:description\" content=\"O Flamengo intensificou seus esfor\u00e7os nas \u00faltimas semanas e realizou contrata\u00e7\u00f5es que agradaram bastante a torcida. Ap\u00f3s trazer Andreas Pereira e Kenedy, o clube agora foca em outras prioridades e tenta contratar atletas para suprir as car\u00eancias do time no setor defensivo. Com isso, o nome de David Luiz tem ganhado cada vez mais for\u00e7a. [&hellip;]\" \/>\n<meta property=\"og:url\" content=\"https:\/\/www.gaveanews.com\/index.php\/2021\/08\/31\/caso-acerte-com-o-flamengo-david-luiz-nao-podera-jogar-a-copa-do-br\/\" \/>\n<meta property=\"og:site_name\" content=\"G\u00e1vea News\" \/>\n<meta property=\"article:publisher\" content=\"https:\/\/facebook.com\/gaveaNews\/\" \/>\n<meta property=\"article:published_time\" content=\"2021-09-01T00:47:29+00:00\" \/>\n<meta property=\"article:modified_time\" content=\"2021-09-01T00:47:32+00:00\" \/>\n<meta property=\"og:image\" content=\"https:\/\/www.gaveanews.com\/wp-content\/uploads\/David-Luiz-em-acao-pelo-Arsenal.webp\" \/>\n\t<meta property=\"og:image:width\" content=\"846\" \/>\n\t<meta property=\"og:image:height\" content=\"564\" \/>\n\t<meta property=\"og:image:type\" content=\"image\/jpeg\" \/>\n<meta name=\"author\" content=\"Let\u00edcia Gerheim\" \/>\n<meta name=\"twitter:card\" content=\"summary_large_image\" \/>\n<meta name=\"twitter:label1\" content=\"Escrito por\" \/>\n\t<meta name=\"twitter:data1\" content=\"Let\u00edcia Gerheim\" \/>\n\t<meta name=\"twitter:label2\" content=\"Est. tempo de leitura\" \/>\n\t<meta name=\"twitter:data2\" content=\"2 minutos\" \/>\n<script type=\"application\/ld+json\" class=\"yoast-schema-graph\">{\"@context\":\"https:\/\/schema.org\",\"@graph\":[{\"@type\":\"NewsArticle\",\"@id\":\"https:\/\/www.gaveanews.com\/index.php\/2021\/08\/31\/caso-acerte-com-o-flamengo-david-luiz-nao-podera-jogar-a-copa-do-br\/#article\",\"isPartOf\":{\"@id\":\"https:\/\/www.gaveanews.com\/index.php\/2021\/08\/31\/caso-acerte-com-o-flamengo-david-luiz-nao-podera-jogar-a-copa-do-br\/\"},\"author\":{\"name\":\"Let\u00edcia Gerheim\",\"@id\":\"https:\/\/www.gaveanews.com\/#\/schema\/person\/714c67050b836198af2450ba1c142a67\"},\"headline\":\"Caso acerte com o Flamengo, David Luiz n\u00e3o poder\u00e1 jogar a Copa do BR\",\"datePublished\":\"2021-09-01T00:47:29+00:00\",\"dateModified\":\"2021-09-01T00:47:32+00:00\",\"mainEntityOfPage\":{\"@id\":\"https:\/\/www.gaveanews.com\/index.php\/2021\/08\/31\/caso-acerte-com-o-flamengo-david-luiz-nao-podera-jogar-a-copa-do-br\/\"},\"wordCount\":287,\"commentCount\":15,\"image\":{\"@id\":\"https:\/\/www.gaveanews.com\/index.php\/2021\/08\/31\/caso-acerte-com-o-flamengo-david-luiz-nao-podera-jogar-a-copa-do-br\/#primaryimage\"},\"thumbnailUrl\":\"https:\/\/www.gaveanews.com\/wp-content\/uploads\/David-Luiz-em-acao-pelo-Arsenal.webp\",\"articleSection\":[\"Flamengo\"],\"inLanguage\":\"pt-BR\",\"potentialAction\":[{\"@type\":\"CommentAction\",\"name\":\"Comment\",\"target\":[\"https:\/\/www.gaveanews.com\/index.php\/2021\/08\/31\/caso-acerte-com-o-flamengo-david-luiz-nao-podera-jogar-a-copa-do-br\/#respond\"]}],\"copyrightYear\":\"2021\",\"copyrightHolder\":{\"@id\":\"https:\/\/www.gaveanews.com\/#organization\"}},{\"@type\":\"WebPage\",\"@id\":\"https:\/\/www.gaveanews.com\/index.php\/2021\/08\/31\/caso-acerte-com-o-flamengo-david-luiz-nao-podera-jogar-a-copa-do-br\/\",\"url\":\"https:\/\/www.gaveanews.com\/index.php\/2021\/08\/31\/caso-acerte-com-o-flamengo-david-luiz-nao-podera-jogar-a-copa-do-br\/\",\"name\":\"Caso acerte com o Flamengo, David Luiz n\u00e3o poder\u00e1 jogar a Copa do BR\",\"isPartOf\":{\"@id\":\"https:\/\/www.gaveanews.com\/#website\"},\"primaryImageOfPage\":{\"@id\":\"https:\/\/www.gaveanews.com\/index.php\/2021\/08\/31\/caso-acerte-com-o-flamengo-david-luiz-nao-podera-jogar-a-copa-do-br\/#primaryimage\"},\"image\":{\"@id\":\"https:\/\/www.gaveanews.com\/index.php\/2021\/08\/31\/caso-acerte-com-o-flamengo-david-luiz-nao-podera-jogar-a-copa-do-br\/#primaryimage\"},\"thumbnailUrl\":\"https:\/\/www.gaveanews.com\/wp-content\/uploads\/David-Luiz-em-acao-pelo-Arsenal.webp\",\"datePublished\":\"2021-09-01T00:47:29+00:00\",\"dateModified\":\"2021-09-01T00:47:32+00:00\",\"author\":{\"@id\":\"https:\/\/www.gaveanews.com\/#\/schema\/person\/714c67050b836198af2450ba1c142a67\"},\"breadcrumb\":{\"@id\":\"https:\/\/www.gaveanews.com\/index.php\/2021\/08\/31\/caso-acerte-com-o-flamengo-david-luiz-nao-podera-jogar-a-copa-do-br\/#breadcrumb\"},\"inLanguage\":\"pt-BR\",\"potentialAction\":[{\"@type\":\"ReadAction\",\"target\":[\"https:\/\/www.gaveanews.com\/index.php\/2021\/08\/31\/caso-acerte-com-o-flamengo-david-luiz-nao-podera-jogar-a-copa-do-br\/\"]}]},{\"@type\":\"ImageObject\",\"inLanguage\":\"pt-BR\",\"@id\":\"https:\/\/www.gaveanews.com\/index.php\/2021\/08\/31\/caso-acerte-com-o-flamengo-david-luiz-nao-podera-jogar-a-copa-do-br\/#primaryimage\",\"url\":\"https:\/\/www.gaveanews.com\/wp-content\/uploads\/David-Luiz-em-acao-pelo-Arsenal.webp\",\"contentUrl\":\"https:\/\/www.gaveanews.com\/wp-content\/uploads\/David-Luiz-em-acao-pelo-Arsenal.webp\",\"width\":846,\"height\":564,\"caption\":\"David Luiz em a\u00e7\u00e3o pelo Arsenal (Foto: Shaun Botterill\/AFP)\"},{\"@type\":\"BreadcrumbList\",\"@id\":\"https:\/\/www.gaveanews.com\/index.php\/2021\/08\/31\/caso-acerte-com-o-flamengo-david-luiz-nao-podera-jogar-a-copa-do-br\/#breadcrumb\",\"itemListElement\":[{\"@type\":\"ListItem\",\"position\":1,\"name\":\"Home\",\"item\":\"https:\/\/www.gaveanews.com\/\"},{\"@type\":\"ListItem\",\"position\":2,\"name\":\"Caso acerte com o Flamengo, David Luiz n\u00e3o poder\u00e1 jogar a Copa do BR\"}]},{\"@type\":\"WebSite\",\"@id\":\"https:\/\/www.gaveanews.com\/#website\",\"url\":\"https:\/\/www.gaveanews.com\/\",\"name\":\"G\u00e1vea News\",\"description\":\"Veja todas as not\u00edcias sobre o Flamengo: Contrata\u00e7\u00f5es, categorias de base, resultados das partidas, tabela de classifica\u00e7\u00e3o, pr\u00f3ximos jogos!\",\"potentialAction\":[{\"@type\":\"SearchAction\",\"target\":{\"@type\":\"EntryPoint\",\"urlTemplate\":\"https:\/\/www.gaveanews.com\/?s={search_term_string}\"},\"query-input\":{\"@type\":\"PropertyValueSpecification\",\"valueRequired\":true,\"valueName\":\"search_term_string\"}}],\"inLanguage\":\"pt-BR\"},{\"@type\":\"Person\",\"@id\":\"https:\/\/www.gaveanews.com\/#\/schema\/person\/714c67050b836198af2450ba1c142a67\",\"name\":\"Let\u00edcia Gerheim\",\"image\":{\"@type\":\"ImageObject\",\"inLanguage\":\"pt-BR\",\"@id\":\"https:\/\/www.gaveanews.com\/#\/schema\/person\/image\/\",\"url\":\"https:\/\/secure.gravatar.com\/avatar\/60734739c50fcebfbac509e2a826ccd0ff405c019bc73aab9354f19ecad1dcb4?s=96&d=mm&r=g\",\"contentUrl\":\"https:\/\/secure.gravatar.com\/avatar\/60734739c50fcebfbac509e2a826ccd0ff405c019bc73aab9354f19ecad1dcb4?s=96&d=mm&r=g\",\"caption\":\"Let\u00edcia Gerheim\"}}]}<\/script>\n<!-- \/ Yoast SEO Premium plugin. -->","yoast_head_json":{"title":"Caso acerte com o Flamengo, David Luiz n\u00e3o poder\u00e1 jogar a Copa do BR","robots":{"index":"index","follow":"follow","max-snippet":"max-snippet:-1","max-image-preview":"max-image-preview:large","max-video-preview":"max-video-preview:-1"},"canonical":"https:\/\/www.gaveanews.com\/index.php\/2021\/08\/31\/caso-acerte-com-o-flamengo-david-luiz-nao-podera-jogar-a-copa-do-br\/","og_locale":"pt_BR","og_type":"article","og_title":"Caso acerte com o Flamengo, David Luiz n\u00e3o poder\u00e1 jogar a Copa do BR","og_description":"O Flamengo intensificou seus esfor\u00e7os nas \u00faltimas semanas e realizou contrata\u00e7\u00f5es que agradaram bastante a torcida. Ap\u00f3s trazer Andreas Pereira e Kenedy, o clube agora foca em outras prioridades e tenta contratar atletas para suprir as car\u00eancias do time no setor defensivo. Com isso, o nome de David Luiz tem ganhado cada vez mais for\u00e7a. [&hellip;]","og_url":"https:\/\/www.gaveanews.com\/index.php\/2021\/08\/31\/caso-acerte-com-o-flamengo-david-luiz-nao-podera-jogar-a-copa-do-br\/","og_site_name":"G\u00e1vea News","article_publisher":"https:\/\/facebook.com\/gaveaNews\/","article_published_time":"2021-09-01T00:47:29+00:00","article_modified_time":"2021-09-01T00:47:32+00:00","og_image":[{"width":846,"height":564,"url":"https:\/\/www.gaveanews.com\/wp-content\/uploads\/David-Luiz-em-acao-pelo-Arsenal.webp","type":"image\/jpeg"}],"author":"Let\u00edcia Gerheim","twitter_card":"summary_large_image","twitter_misc":{"Escrito por":"Let\u00edcia Gerheim","Est. tempo de leitura":"2 minutos"},"schema":{"@context":"https:\/\/schema.org","@graph":[{"@type":"NewsArticle","@id":"https:\/\/www.gaveanews.com\/index.php\/2021\/08\/31\/caso-acerte-com-o-flamengo-david-luiz-nao-podera-jogar-a-copa-do-br\/#article","isPartOf":{"@id":"https:\/\/www.gaveanews.com\/index.php\/2021\/08\/31\/caso-acerte-com-o-flamengo-david-luiz-nao-podera-jogar-a-copa-do-br\/"},"author":{"name":"Let\u00edcia Gerheim","@id":"https:\/\/www.gaveanews.com\/#\/schema\/person\/714c67050b836198af2450ba1c142a67"},"headline":"Caso acerte com o Flamengo, David Luiz n\u00e3o poder\u00e1 jogar a Copa do BR","datePublished":"2021-09-01T00:47:29+00:00","dateModified":"2021-09-01T00:47:32+00:00","mainEntityOfPage":{"@id":"https:\/\/www.gaveanews.com\/index.php\/2021\/08\/31\/caso-acerte-com-o-flamengo-david-luiz-nao-podera-jogar-a-copa-do-br\/"},"wordCount":287,"commentCount":15,"image":{"@id":"https:\/\/www.gaveanews.com\/index.php\/2021\/08\/31\/caso-acerte-com-o-flamengo-david-luiz-nao-podera-jogar-a-copa-do-br\/#primaryimage"},"thumbnailUrl":"https:\/\/www.gaveanews.com\/wp-content\/uploads\/David-Luiz-em-acao-pelo-Arsenal.webp","articleSection":["Flamengo"],"inLanguage":"pt-BR","potentialAction":[{"@type":"CommentAction","name":"Comment","target":["https:\/\/www.gaveanews.com\/index.php\/2021\/08\/31\/caso-acerte-com-o-flamengo-david-luiz-nao-podera-jogar-a-copa-do-br\/#respond"]}],"copyrightYear":"2021","copyrightHolder":{"@id":"https:\/\/www.gaveanews.com\/#organization"}},{"@type":"WebPage","@id":"https:\/\/www.gaveanews.com\/index.php\/2021\/08\/31\/caso-acerte-com-o-flamengo-david-luiz-nao-podera-jogar-a-copa-do-br\/","url":"https:\/\/www.gaveanews.com\/index.php\/2021\/08\/31\/caso-acerte-com-o-flamengo-david-luiz-nao-podera-jogar-a-copa-do-br\/","name":"Caso acerte com o Flamengo, David Luiz n\u00e3o poder\u00e1 jogar a Copa do BR","isPartOf":{"@id":"https:\/\/www.gaveanews.com\/#website"},"primaryImageOfPage":{"@id":"https:\/\/www.gaveanews.com\/index.php\/2021\/08\/31\/caso-acerte-com-o-flamengo-david-luiz-nao-podera-jogar-a-copa-do-br\/#primaryimage"},"image":{"@id":"https:\/\/www.gaveanews.com\/index.php\/2021\/08\/31\/caso-acerte-com-o-flamengo-david-luiz-nao-podera-jogar-a-copa-do-br\/#primaryimage"},"thumbnailUrl":"https:\/\/www.gaveanews.com\/wp-content\/uploads\/David-Luiz-em-acao-pelo-Arsenal.webp","datePublished":"2021-09-01T00:47:29+00:00","dateModified":"2021-09-01T00:47:32+00:00","author":{"@id":"https:\/\/www.gaveanews.com\/#\/schema\/person\/714c67050b836198af2450ba1c142a67"},"breadcrumb":{"@id":"https:\/\/www.gaveanews.com\/index.php\/2021\/08\/31\/caso-acerte-com-o-flamengo-david-luiz-nao-podera-jogar-a-copa-do-br\/#breadcrumb"},"inLanguage":"pt-BR","potentialAction":[{"@type":"ReadAction","target":["https:\/\/www.gaveanews.com\/index.php\/2021\/08\/31\/caso-acerte-com-o-flamengo-david-luiz-nao-podera-jogar-a-copa-do-br\/"]}]},{"@type":"ImageObject","inLanguage":"pt-BR","@id":"https:\/\/www.gaveanews.com\/index.php\/2021\/08\/31\/caso-acerte-com-o-flamengo-david-luiz-nao-podera-jogar-a-copa-do-br\/#primaryimage","url":"https:\/\/www.gaveanews.com\/wp-content\/uploads\/David-Luiz-em-acao-pelo-Arsenal.webp","contentUrl":"https:\/\/www.gaveanews.com\/wp-content\/uploads\/David-Luiz-em-acao-pelo-Arsenal.webp","width":846,"height":564,"caption":"David Luiz em a\u00e7\u00e3o pelo Arsenal (Foto: Shaun Botterill\/AFP)"},{"@type":"BreadcrumbList","@id":"https:\/\/www.gaveanews.com\/index.php\/2021\/08\/31\/caso-acerte-com-o-flamengo-david-luiz-nao-podera-jogar-a-copa-do-br\/#breadcrumb","itemListElement":[{"@type":"ListItem","position":1,"name":"Home","item":"https:\/\/www.gaveanews.com\/"},{"@type":"ListItem","position":2,"name":"Caso acerte com o Flamengo, David Luiz n\u00e3o poder\u00e1 jogar a Copa do BR"}]},{"@type":"WebSite","@id":"https:\/\/www.gaveanews.com\/#website","url":"https:\/\/www.gaveanews.com\/","name":"G\u00e1vea News","description":"Veja todas as not\u00edcias sobre o Flamengo: Contrata\u00e7\u00f5es, categorias de base, resultados das partidas, tabela de classifica\u00e7\u00e3o, pr\u00f3ximos jogos!","potentialAction":[{"@type":"SearchAction","target":{"@type":"EntryPoint","urlTemplate":"https:\/\/www.gaveanews.com\/?s={search_term_string}"},"query-input":{"@type":"PropertyValueSpecification","valueRequired":true,"valueName":"search_term_string"}}],"inLanguage":"pt-BR"},{"@type":"Person","@id":"https:\/\/www.gaveanews.com\/#\/schema\/person\/714c67050b836198af2450ba1c142a67","name":"Let\u00edcia Gerheim","image":{"@type":"ImageObject","inLanguage":"pt-BR","@id":"https:\/\/www.gaveanews.com\/#\/schema\/person\/image\/","url":"https:\/\/secure.gravatar.com\/avatar\/60734739c50fcebfbac509e2a826ccd0ff405c019bc73aab9354f19ecad1dcb4?s=96&d=mm&r=g","contentUrl":"https:\/\/secure.gravatar.com\/avatar\/60734739c50fcebfbac509e2a826ccd0ff405c019bc73aab9354f19ecad1dcb4?s=96&d=mm&r=g","caption":"Let\u00edcia Gerheim"}}]}},"_links":{"self":[{"href":"https:\/\/www.gaveanews.com\/index.php\/wp-json\/wp\/v2\/posts\/67215","targetHints":{"allow":["GET"]}}],"collection":[{"href":"https:\/\/www.gaveanews.com\/index.php\/wp-json\/wp\/v2\/posts"}],"about":[{"href":"https:\/\/www.gaveanews.com\/index.php\/wp-json\/wp\/v2\/types\/post"}],"author":[{"embeddable":true,"href":"https:\/\/www.gaveanews.com\/index.php\/wp-json\/wp\/v2\/users\/4"}],"replies":[{"embeddable":true,"href":"https:\/\/www.gaveanews.com\/index.php\/wp-json\/wp\/v2\/comments?post=67215"}],"version-history":[{"count":0,"href":"https:\/\/www.gaveanews.com\/index.php\/wp-json\/wp\/v2\/posts\/67215\/revisions"}],"wp:featuredmedia":[{"embeddable":true,"href":"https:\/\/www.gaveanews.com\/index.php\/wp-json\/wp\/v2\/media\/67216"}],"wp:attachment":[{"href":"https:\/\/www.gaveanews.com\/index.php\/wp-json\/wp\/v2\/media?parent=67215"}],"wp:term":[{"taxonomy":"category","embeddable":true,"href":"https:\/\/www.gaveanews.com\/index.php\/wp-json\/wp\/v2\/categories?post=67215"},{"taxonomy":"post_tag","embeddable":true,"href":"https:\/\/www.gaveanews.com\/index.php\/wp-json\/wp\/v2\/tags?post=67215"}],"curies":[{"name":"wp","href":"https:\/\/api.w.org\/{rel}","templated":true}]}}