{"id":67238,"date":"2021-08-31T23:24:21","date_gmt":"2021-09-01T02:24:21","guid":{"rendered":"https:\/\/www.gaveanews.com\/?p=67238"},"modified":"2021-08-31T23:25:09","modified_gmt":"2021-09-01T02:25:09","slug":"david-luiz-deixa-flamengo-de-lado-e-promete-ir-ate-o-fim-da-janela-por-um-clube-europeu","status":"publish","type":"post","link":"https:\/\/www.gaveanews.com\/index.php\/2021\/08\/31\/david-luiz-deixa-flamengo-de-lado-e-promete-ir-ate-o-fim-da-janela-por-um-clube-europeu\/","title":{"rendered":"David Luiz deixa Flamengo de lado e promete ir at\u00e9 o fim da janela por um clube europeu"},"content":{"rendered":"\n<p>Mesmo com o fim da janela de transfer\u00eancias no Brasil e na Europa, David Luiz n\u00e3o tem nenhum tipo de obst\u00e1culo para fechar com clubes dos dois lugares. O estafe do jogador diz haver ofertas de v\u00e1rios clubes e analisa o pr\u00f3ximo passo do atleta de 34 anos.<\/p>\n\n\n\n<p>De acordo com Bichara Neto, advogado especialista em direito esportivo, n\u00e3o h\u00e1 qualquer empecilho para que David Luiz assine contrato com um novo clube, seja no Brasil ou na Europa, gra\u00e7as ao fato de estar livre de contrato desde que rescindiu com o Arsenal no in\u00edcio de julho.<\/p>\n\n\n\n<h2 class=\"wp-block-heading\" id=\"h-mas-de-onde-s-o-as-ofertas\">Mas de onde s\u00e3o as ofertas?<\/h2>\n\n\n\n<p>Nenhum clube confirma oficialmente que tenha apresentado uma proposta a David Luiz, mas o seu estafe diz ter ofertas tanto do futebol brasileiro quanto da Europa. De acordo com os representantes do atleta, o Olympique de Marselha, da Fran\u00e7a, apresentou uma proposta ao veterano, que disputou a Copa do Mundo de 2014.<\/p>\n\n\n\n<p>O site <em>Goal<\/em> consultou uma fonte ligada \u00e0 comiss\u00e3o t\u00e9cnica de Jorge Sampaoli. O argentino, de fato, \u00e9 admirador do futebol do defensor e o v\u00ea como uma boa possibilidade, mas o membro da equipe do treinador n\u00e3o confirma uma oferta por sua contrata\u00e7\u00e3o.<\/p>\n\n\n\n<p>Al\u00e9m dos franceses, Benfica e Sporting tamb\u00e9m t\u00eam interesse por David Luiz. O Benfica foi o primeiro a fazer uma oferta, mas viu o Sporting apresentar uma proposta 50% maior em termos salariais. O clube do est\u00e1dio Jos\u00e9 Alvalade ainda conta com R\u00faben Amorim no banco de reservas. O t\u00e9cnico foi companheiro de David Luiz nos tempos de Est\u00e1dio da Luz, entre 2007 e 2011.<\/p>\n\n\n\n<p>Clubes europeus t\u00eam at\u00e9 2 de setembro \u2014 quinta-feira \u2014 para inscrever jogadores em competi\u00e7\u00f5es europeias. Os dois portugueses disputar\u00e3o a UEFA Champions League, enquanto o franc\u00eas jogar\u00e1 a UEFA Europa League.<\/p>\n\n\n\n<p>No Brasil, o Flamengo \u00e9 o \u00fanico a monitorar a situa\u00e7\u00e3o do jogador. Os cariocas chegaram a fazer contato com seu estafe, mas n\u00e3o apresentaram propostas para que ele chegue ao Ninho do Urubu. O clube entende que n\u00e3o pode competir com os europeus no mercado da bola neste momento. Um dos motivos \u00e9 a desvaloriza\u00e7\u00e3o do real em rela\u00e7\u00e3o \u00e0 moeda do continente.<\/p>\n\n\n\n<p>O Corinthians nega, por meio do presidente Duilio Monteiro Alves, que tenha feito cogitado uma investida no atleta: \u201cN\u00e3o, n\u00e3o existe. David Luiz, eu estou sendo perguntado aqui a cada dez minutos por colegas de voc\u00eas e setoristas do clube. Se existe a possibilidade, n\u00e3o, esta negocia\u00e7\u00e3o n\u00e3o est\u00e1 em andamento, n\u00e3o existe. Pra gente n\u00e3o gerar mais expectativa na torcida, n\u00f3s estamos muito satisfeitos com os atletas que chegaram\u201d, disse o mandat\u00e1rio em entrevista ao canal SporTV.<\/p>\n\n\n\n<p>Sem clube desde que deixou o Arsenal, em julho passado, David Luiz sonhava em permanecer na Europa nesta janela de transfer\u00eancias. O jogador tratou o futebol brasileiro como \u00faltima op\u00e7\u00e3o desde o in\u00edcio, mas jamais teve propostas convincentes para permanecer no Velho Continente.<\/p>\n\n\n\n<p>Retirado de: Goal<\/p>\n","protected":false},"excerpt":{"rendered":"<p>Mesmo com o fim da janela de transfer\u00eancias no Brasil e na Europa, David Luiz n\u00e3o tem nenhum tipo de obst\u00e1culo para fechar com clubes dos dois lugares. O estafe do jogador diz haver ofertas de v\u00e1rios clubes e analisa o pr\u00f3ximo passo do atleta de 34 anos. De acordo com Bichara Neto, advogado especialista [&hellip;]<\/p>\n","protected":false},"author":1,"featured_media":36912,"comment_status":"open","ping_status":"closed","sticky":false,"template":"","format":"standard","meta":{"footnotes":""},"categories":[1],"tags":[],"class_list":["post-67238","post","type-post","status-publish","format-standard","has-post-thumbnail","hentry","category-flamengo"],"yoast_head":"<!-- This site is optimized with the Yoast SEO Premium plugin v24.2 (Yoast SEO v26.9) - https:\/\/yoast.com\/product\/yoast-seo-premium-wordpress\/ -->\n<title>David Luiz deixa Flamengo de lado e ir\u00e1 at\u00e9 o fim da janela na Europa<\/title>\n<meta name=\"robots\" content=\"index, follow, max-snippet:-1, max-image-preview:large, max-video-preview:-1\" \/>\n<link rel=\"canonical\" href=\"https:\/\/www.gaveanews.com\/index.php\/2021\/08\/31\/david-luiz-deixa-flamengo-de-lado-e-promete-ir-ate-o-fim-da-janela-por-um-clube-europeu\/\" \/>\n<meta property=\"og:locale\" content=\"pt_BR\" \/>\n<meta property=\"og:type\" content=\"article\" \/>\n<meta property=\"og:title\" content=\"David Luiz deixa Flamengo de lado e promete ir at\u00e9 o fim da janela por um clube europeu\" \/>\n<meta property=\"og:description\" content=\"Mesmo com o fim da janela de transfer\u00eancias no Brasil e na Europa, David Luiz n\u00e3o tem nenhum tipo de obst\u00e1culo para fechar com clubes dos dois lugares. O estafe do jogador diz haver ofertas de v\u00e1rios clubes e analisa o pr\u00f3ximo passo do atleta de 34 anos. De acordo com Bichara Neto, advogado especialista [&hellip;]\" \/>\n<meta property=\"og:url\" content=\"https:\/\/www.gaveanews.com\/index.php\/2021\/08\/31\/david-luiz-deixa-flamengo-de-lado-e-promete-ir-ate-o-fim-da-janela-por-um-clube-europeu\/\" \/>\n<meta property=\"og:site_name\" content=\"G\u00e1vea News\" \/>\n<meta property=\"article:publisher\" content=\"https:\/\/facebook.com\/gaveaNews\/\" \/>\n<meta property=\"article:published_time\" content=\"2021-09-01T02:24:21+00:00\" \/>\n<meta property=\"article:modified_time\" content=\"2021-09-01T02:25:09+00:00\" \/>\n<meta property=\"og:image\" content=\"https:\/\/www.gaveanews.com\/wp-content\/uploads\/David-Luiz.webp\" \/>\n\t<meta property=\"og:image:width\" content=\"1920\" \/>\n\t<meta property=\"og:image:height\" content=\"1080\" \/>\n\t<meta property=\"og:image:type\" content=\"image\/jpeg\" \/>\n<meta name=\"author\" content=\"Equipe G\u00e1vea News\" \/>\n<meta name=\"twitter:card\" content=\"summary_large_image\" \/>\n<meta name=\"twitter:label1\" content=\"Escrito por\" \/>\n\t<meta name=\"twitter:data1\" content=\"Equipe G\u00e1vea News\" \/>\n\t<meta name=\"twitter:label2\" content=\"Est. tempo de leitura\" \/>\n\t<meta name=\"twitter:data2\" content=\"3 minutos\" \/>\n<script type=\"application\/ld+json\" class=\"yoast-schema-graph\">{\"@context\":\"https:\/\/schema.org\",\"@graph\":[{\"@type\":\"NewsArticle\",\"@id\":\"https:\/\/www.gaveanews.com\/index.php\/2021\/08\/31\/david-luiz-deixa-flamengo-de-lado-e-promete-ir-ate-o-fim-da-janela-por-um-clube-europeu\/#article\",\"isPartOf\":{\"@id\":\"https:\/\/www.gaveanews.com\/index.php\/2021\/08\/31\/david-luiz-deixa-flamengo-de-lado-e-promete-ir-ate-o-fim-da-janela-por-um-clube-europeu\/\"},\"author\":{\"name\":\"Equipe G\u00e1vea News\",\"@id\":\"https:\/\/www.gaveanews.com\/#\/schema\/person\/2ec14f73fb96be2caf28f91afb14749d\"},\"headline\":\"David Luiz deixa Flamengo de lado e promete ir at\u00e9 o fim da janela por um clube europeu\",\"datePublished\":\"2021-09-01T02:24:21+00:00\",\"dateModified\":\"2021-09-01T02:25:09+00:00\",\"mainEntityOfPage\":{\"@id\":\"https:\/\/www.gaveanews.com\/index.php\/2021\/08\/31\/david-luiz-deixa-flamengo-de-lado-e-promete-ir-ate-o-fim-da-janela-por-um-clube-europeu\/\"},\"wordCount\":531,\"commentCount\":51,\"image\":{\"@id\":\"https:\/\/www.gaveanews.com\/index.php\/2021\/08\/31\/david-luiz-deixa-flamengo-de-lado-e-promete-ir-ate-o-fim-da-janela-por-um-clube-europeu\/#primaryimage\"},\"thumbnailUrl\":\"https:\/\/www.gaveanews.com\/wp-content\/uploads\/David-Luiz.webp\",\"articleSection\":[\"Flamengo\"],\"inLanguage\":\"pt-BR\",\"potentialAction\":[{\"@type\":\"CommentAction\",\"name\":\"Comment\",\"target\":[\"https:\/\/www.gaveanews.com\/index.php\/2021\/08\/31\/david-luiz-deixa-flamengo-de-lado-e-promete-ir-ate-o-fim-da-janela-por-um-clube-europeu\/#respond\"]}],\"copyrightYear\":\"2021\",\"copyrightHolder\":{\"@id\":\"https:\/\/www.gaveanews.com\/#organization\"}},{\"@type\":\"WebPage\",\"@id\":\"https:\/\/www.gaveanews.com\/index.php\/2021\/08\/31\/david-luiz-deixa-flamengo-de-lado-e-promete-ir-ate-o-fim-da-janela-por-um-clube-europeu\/\",\"url\":\"https:\/\/www.gaveanews.com\/index.php\/2021\/08\/31\/david-luiz-deixa-flamengo-de-lado-e-promete-ir-ate-o-fim-da-janela-por-um-clube-europeu\/\",\"name\":\"David Luiz deixa Flamengo de lado e ir\u00e1 at\u00e9 o fim da janela na Europa\",\"isPartOf\":{\"@id\":\"https:\/\/www.gaveanews.com\/#website\"},\"primaryImageOfPage\":{\"@id\":\"https:\/\/www.gaveanews.com\/index.php\/2021\/08\/31\/david-luiz-deixa-flamengo-de-lado-e-promete-ir-ate-o-fim-da-janela-por-um-clube-europeu\/#primaryimage\"},\"image\":{\"@id\":\"https:\/\/www.gaveanews.com\/index.php\/2021\/08\/31\/david-luiz-deixa-flamengo-de-lado-e-promete-ir-ate-o-fim-da-janela-por-um-clube-europeu\/#primaryimage\"},\"thumbnailUrl\":\"https:\/\/www.gaveanews.com\/wp-content\/uploads\/David-Luiz.webp\",\"datePublished\":\"2021-09-01T02:24:21+00:00\",\"dateModified\":\"2021-09-01T02:25:09+00:00\",\"author\":{\"@id\":\"https:\/\/www.gaveanews.com\/#\/schema\/person\/2ec14f73fb96be2caf28f91afb14749d\"},\"breadcrumb\":{\"@id\":\"https:\/\/www.gaveanews.com\/index.php\/2021\/08\/31\/david-luiz-deixa-flamengo-de-lado-e-promete-ir-ate-o-fim-da-janela-por-um-clube-europeu\/#breadcrumb\"},\"inLanguage\":\"pt-BR\",\"potentialAction\":[{\"@type\":\"ReadAction\",\"target\":[\"https:\/\/www.gaveanews.com\/index.php\/2021\/08\/31\/david-luiz-deixa-flamengo-de-lado-e-promete-ir-ate-o-fim-da-janela-por-um-clube-europeu\/\"]}]},{\"@type\":\"ImageObject\",\"inLanguage\":\"pt-BR\",\"@id\":\"https:\/\/www.gaveanews.com\/index.php\/2021\/08\/31\/david-luiz-deixa-flamengo-de-lado-e-promete-ir-ate-o-fim-da-janela-por-um-clube-europeu\/#primaryimage\",\"url\":\"https:\/\/www.gaveanews.com\/wp-content\/uploads\/David-Luiz.webp\",\"contentUrl\":\"https:\/\/www.gaveanews.com\/wp-content\/uploads\/David-Luiz.webp\",\"width\":1920,\"height\":1080},{\"@type\":\"BreadcrumbList\",\"@id\":\"https:\/\/www.gaveanews.com\/index.php\/2021\/08\/31\/david-luiz-deixa-flamengo-de-lado-e-promete-ir-ate-o-fim-da-janela-por-um-clube-europeu\/#breadcrumb\",\"itemListElement\":[{\"@type\":\"ListItem\",\"position\":1,\"name\":\"Home\",\"item\":\"https:\/\/www.gaveanews.com\/\"},{\"@type\":\"ListItem\",\"position\":2,\"name\":\"David Luiz deixa Flamengo de lado e promete ir at\u00e9 o fim da janela por um clube europeu\"}]},{\"@type\":\"WebSite\",\"@id\":\"https:\/\/www.gaveanews.com\/#website\",\"url\":\"https:\/\/www.gaveanews.com\/\",\"name\":\"G\u00e1vea News\",\"description\":\"Veja todas as not\u00edcias sobre o Flamengo: Contrata\u00e7\u00f5es, categorias de base, resultados das partidas, tabela de classifica\u00e7\u00e3o, pr\u00f3ximos jogos!\",\"potentialAction\":[{\"@type\":\"SearchAction\",\"target\":{\"@type\":\"EntryPoint\",\"urlTemplate\":\"https:\/\/www.gaveanews.com\/?s={search_term_string}\"},\"query-input\":{\"@type\":\"PropertyValueSpecification\",\"valueRequired\":true,\"valueName\":\"search_term_string\"}}],\"inLanguage\":\"pt-BR\"},{\"@type\":\"Person\",\"@id\":\"https:\/\/www.gaveanews.com\/#\/schema\/person\/2ec14f73fb96be2caf28f91afb14749d\",\"name\":\"Equipe G\u00e1vea News\",\"image\":{\"@type\":\"ImageObject\",\"inLanguage\":\"pt-BR\",\"@id\":\"https:\/\/www.gaveanews.com\/#\/schema\/person\/image\/\",\"url\":\"https:\/\/secure.gravatar.com\/avatar\/1e1956f1facbffd3f8fa53a326721950116b3b9dc9bd44939c01180fd4a745a9?s=96&d=mm&r=g\",\"contentUrl\":\"https:\/\/secure.gravatar.com\/avatar\/1e1956f1facbffd3f8fa53a326721950116b3b9dc9bd44939c01180fd4a745a9?s=96&d=mm&r=g\",\"caption\":\"Equipe G\u00e1vea News\"}}]}<\/script>\n<!-- \/ Yoast SEO Premium plugin. -->","yoast_head_json":{"title":"David Luiz deixa Flamengo de lado e ir\u00e1 at\u00e9 o fim da janela na Europa","robots":{"index":"index","follow":"follow","max-snippet":"max-snippet:-1","max-image-preview":"max-image-preview:large","max-video-preview":"max-video-preview:-1"},"canonical":"https:\/\/www.gaveanews.com\/index.php\/2021\/08\/31\/david-luiz-deixa-flamengo-de-lado-e-promete-ir-ate-o-fim-da-janela-por-um-clube-europeu\/","og_locale":"pt_BR","og_type":"article","og_title":"David Luiz deixa Flamengo de lado e promete ir at\u00e9 o fim da janela por um clube europeu","og_description":"Mesmo com o fim da janela de transfer\u00eancias no Brasil e na Europa, David Luiz n\u00e3o tem nenhum tipo de obst\u00e1culo para fechar com clubes dos dois lugares. O estafe do jogador diz haver ofertas de v\u00e1rios clubes e analisa o pr\u00f3ximo passo do atleta de 34 anos. De acordo com Bichara Neto, advogado especialista [&hellip;]","og_url":"https:\/\/www.gaveanews.com\/index.php\/2021\/08\/31\/david-luiz-deixa-flamengo-de-lado-e-promete-ir-ate-o-fim-da-janela-por-um-clube-europeu\/","og_site_name":"G\u00e1vea News","article_publisher":"https:\/\/facebook.com\/gaveaNews\/","article_published_time":"2021-09-01T02:24:21+00:00","article_modified_time":"2021-09-01T02:25:09+00:00","og_image":[{"width":1920,"height":1080,"url":"https:\/\/www.gaveanews.com\/wp-content\/uploads\/David-Luiz.webp","type":"image\/jpeg"}],"author":"Equipe G\u00e1vea News","twitter_card":"summary_large_image","twitter_misc":{"Escrito por":"Equipe G\u00e1vea News","Est. tempo de leitura":"3 minutos"},"schema":{"@context":"https:\/\/schema.org","@graph":[{"@type":"NewsArticle","@id":"https:\/\/www.gaveanews.com\/index.php\/2021\/08\/31\/david-luiz-deixa-flamengo-de-lado-e-promete-ir-ate-o-fim-da-janela-por-um-clube-europeu\/#article","isPartOf":{"@id":"https:\/\/www.gaveanews.com\/index.php\/2021\/08\/31\/david-luiz-deixa-flamengo-de-lado-e-promete-ir-ate-o-fim-da-janela-por-um-clube-europeu\/"},"author":{"name":"Equipe G\u00e1vea News","@id":"https:\/\/www.gaveanews.com\/#\/schema\/person\/2ec14f73fb96be2caf28f91afb14749d"},"headline":"David Luiz deixa Flamengo de lado e promete ir at\u00e9 o fim da janela por um clube europeu","datePublished":"2021-09-01T02:24:21+00:00","dateModified":"2021-09-01T02:25:09+00:00","mainEntityOfPage":{"@id":"https:\/\/www.gaveanews.com\/index.php\/2021\/08\/31\/david-luiz-deixa-flamengo-de-lado-e-promete-ir-ate-o-fim-da-janela-por-um-clube-europeu\/"},"wordCount":531,"commentCount":51,"image":{"@id":"https:\/\/www.gaveanews.com\/index.php\/2021\/08\/31\/david-luiz-deixa-flamengo-de-lado-e-promete-ir-ate-o-fim-da-janela-por-um-clube-europeu\/#primaryimage"},"thumbnailUrl":"https:\/\/www.gaveanews.com\/wp-content\/uploads\/David-Luiz.webp","articleSection":["Flamengo"],"inLanguage":"pt-BR","potentialAction":[{"@type":"CommentAction","name":"Comment","target":["https:\/\/www.gaveanews.com\/index.php\/2021\/08\/31\/david-luiz-deixa-flamengo-de-lado-e-promete-ir-ate-o-fim-da-janela-por-um-clube-europeu\/#respond"]}],"copyrightYear":"2021","copyrightHolder":{"@id":"https:\/\/www.gaveanews.com\/#organization"}},{"@type":"WebPage","@id":"https:\/\/www.gaveanews.com\/index.php\/2021\/08\/31\/david-luiz-deixa-flamengo-de-lado-e-promete-ir-ate-o-fim-da-janela-por-um-clube-europeu\/","url":"https:\/\/www.gaveanews.com\/index.php\/2021\/08\/31\/david-luiz-deixa-flamengo-de-lado-e-promete-ir-ate-o-fim-da-janela-por-um-clube-europeu\/","name":"David Luiz deixa Flamengo de lado e ir\u00e1 at\u00e9 o fim da janela na Europa","isPartOf":{"@id":"https:\/\/www.gaveanews.com\/#website"},"primaryImageOfPage":{"@id":"https:\/\/www.gaveanews.com\/index.php\/2021\/08\/31\/david-luiz-deixa-flamengo-de-lado-e-promete-ir-ate-o-fim-da-janela-por-um-clube-europeu\/#primaryimage"},"image":{"@id":"https:\/\/www.gaveanews.com\/index.php\/2021\/08\/31\/david-luiz-deixa-flamengo-de-lado-e-promete-ir-ate-o-fim-da-janela-por-um-clube-europeu\/#primaryimage"},"thumbnailUrl":"https:\/\/www.gaveanews.com\/wp-content\/uploads\/David-Luiz.webp","datePublished":"2021-09-01T02:24:21+00:00","dateModified":"2021-09-01T02:25:09+00:00","author":{"@id":"https:\/\/www.gaveanews.com\/#\/schema\/person\/2ec14f73fb96be2caf28f91afb14749d"},"breadcrumb":{"@id":"https:\/\/www.gaveanews.com\/index.php\/2021\/08\/31\/david-luiz-deixa-flamengo-de-lado-e-promete-ir-ate-o-fim-da-janela-por-um-clube-europeu\/#breadcrumb"},"inLanguage":"pt-BR","potentialAction":[{"@type":"ReadAction","target":["https:\/\/www.gaveanews.com\/index.php\/2021\/08\/31\/david-luiz-deixa-flamengo-de-lado-e-promete-ir-ate-o-fim-da-janela-por-um-clube-europeu\/"]}]},{"@type":"ImageObject","inLanguage":"pt-BR","@id":"https:\/\/www.gaveanews.com\/index.php\/2021\/08\/31\/david-luiz-deixa-flamengo-de-lado-e-promete-ir-ate-o-fim-da-janela-por-um-clube-europeu\/#primaryimage","url":"https:\/\/www.gaveanews.com\/wp-content\/uploads\/David-Luiz.webp","contentUrl":"https:\/\/www.gaveanews.com\/wp-content\/uploads\/David-Luiz.webp","width":1920,"height":1080},{"@type":"BreadcrumbList","@id":"https:\/\/www.gaveanews.com\/index.php\/2021\/08\/31\/david-luiz-deixa-flamengo-de-lado-e-promete-ir-ate-o-fim-da-janela-por-um-clube-europeu\/#breadcrumb","itemListElement":[{"@type":"ListItem","position":1,"name":"Home","item":"https:\/\/www.gaveanews.com\/"},{"@type":"ListItem","position":2,"name":"David Luiz deixa Flamengo de lado e promete ir at\u00e9 o fim da janela por um clube europeu"}]},{"@type":"WebSite","@id":"https:\/\/www.gaveanews.com\/#website","url":"https:\/\/www.gaveanews.com\/","name":"G\u00e1vea News","description":"Veja todas as not\u00edcias sobre o Flamengo: Contrata\u00e7\u00f5es, categorias de base, resultados das partidas, tabela de classifica\u00e7\u00e3o, pr\u00f3ximos jogos!","potentialAction":[{"@type":"SearchAction","target":{"@type":"EntryPoint","urlTemplate":"https:\/\/www.gaveanews.com\/?s={search_term_string}"},"query-input":{"@type":"PropertyValueSpecification","valueRequired":true,"valueName":"search_term_string"}}],"inLanguage":"pt-BR"},{"@type":"Person","@id":"https:\/\/www.gaveanews.com\/#\/schema\/person\/2ec14f73fb96be2caf28f91afb14749d","name":"Equipe G\u00e1vea News","image":{"@type":"ImageObject","inLanguage":"pt-BR","@id":"https:\/\/www.gaveanews.com\/#\/schema\/person\/image\/","url":"https:\/\/secure.gravatar.com\/avatar\/1e1956f1facbffd3f8fa53a326721950116b3b9dc9bd44939c01180fd4a745a9?s=96&d=mm&r=g","contentUrl":"https:\/\/secure.gravatar.com\/avatar\/1e1956f1facbffd3f8fa53a326721950116b3b9dc9bd44939c01180fd4a745a9?s=96&d=mm&r=g","caption":"Equipe G\u00e1vea News"}}]}},"_links":{"self":[{"href":"https:\/\/www.gaveanews.com\/index.php\/wp-json\/wp\/v2\/posts\/67238","targetHints":{"allow":["GET"]}}],"collection":[{"href":"https:\/\/www.gaveanews.com\/index.php\/wp-json\/wp\/v2\/posts"}],"about":[{"href":"https:\/\/www.gaveanews.com\/index.php\/wp-json\/wp\/v2\/types\/post"}],"author":[{"embeddable":true,"href":"https:\/\/www.gaveanews.com\/index.php\/wp-json\/wp\/v2\/users\/1"}],"replies":[{"embeddable":true,"href":"https:\/\/www.gaveanews.com\/index.php\/wp-json\/wp\/v2\/comments?post=67238"}],"version-history":[{"count":0,"href":"https:\/\/www.gaveanews.com\/index.php\/wp-json\/wp\/v2\/posts\/67238\/revisions"}],"wp:featuredmedia":[{"embeddable":true,"href":"https:\/\/www.gaveanews.com\/index.php\/wp-json\/wp\/v2\/media\/36912"}],"wp:attachment":[{"href":"https:\/\/www.gaveanews.com\/index.php\/wp-json\/wp\/v2\/media?parent=67238"}],"wp:term":[{"taxonomy":"category","embeddable":true,"href":"https:\/\/www.gaveanews.com\/index.php\/wp-json\/wp\/v2\/categories?post=67238"},{"taxonomy":"post_tag","embeddable":true,"href":"https:\/\/www.gaveanews.com\/index.php\/wp-json\/wp\/v2\/tags?post=67238"}],"curies":[{"name":"wp","href":"https:\/\/api.w.org\/{rel}","templated":true}]}}