{"id":67254,"date":"2021-09-01T13:02:09","date_gmt":"2021-09-01T16:02:09","guid":{"rendered":"https:\/\/www.gaveanews.com\/?p=67254"},"modified":"2021-09-01T13:02:11","modified_gmt":"2021-09-01T16:02:11","slug":"flamengo-decide-mandar-jogo-contra-o-gremio-pela-copa-do-brasil-em-brasilia","status":"publish","type":"post","link":"https:\/\/www.gaveanews.com\/index.php\/2021\/09\/01\/flamengo-decide-mandar-jogo-contra-o-gremio-pela-copa-do-brasil-em-brasilia\/","title":{"rendered":"Flamengo decide mandar jogo contra o Gr\u00eamio, pela Copa do Brasil, em Bras\u00edlia"},"content":{"rendered":"\n<p>A partida entre Flamengo e Gr\u00eamio, v\u00e1lida pelas quartas de final da Copa do Brasil, ser\u00e1 disputada no est\u00e1dio Man\u00e9 Garrincha, em Bras\u00edlia. A decis\u00e3o da diretoria rubro-negra foi tomada mesmo com o prefeito do Rio de Janeiro, Eduardo Paes, tendo cogitado a possibilidade de liberar p\u00fablico no Maracan\u00e3. O jogo est\u00e1 marcado para o dia 15 de setembro.<\/p>\n\n\n\n<p>No jogo de ida, o Flamengo goleou o Gr\u00eamio por 4 a 0 em Porto Alegre. A equipe pode perder por at\u00e9 tr\u00eas gols de diferen\u00e7a que se classificar\u00e1 para as semifinais da Copa do Brasil. Em Bras\u00edlia, o clube pode usar at\u00e9 30% da capacidade do est\u00e1dio Man\u00e9 Garrincha &#8211; cerca de 20 mil pessoas-, com base em decis\u00e3o favor\u00e1vel do STJD, que libera p\u00fablico em pra\u00e7as que assim o permitam.<\/p>\n\n\n\n<p>Em entrevista coletiva nesta quarta-feira, Paes afirmou que havia um pedido do Flamengo para o jogo no Maracan\u00e3, mas deixou claro que nada estava definido.<\/p>\n\n\n\n<p><strong><em>\u2014 Tem um pedido do Flamengo para realizar o jogo contra o Gr\u00eamio. Se voc\u00eas verem os decretos, permitimos eventos, mas atendidas as pr\u00e9-condi\u00e7\u00f5es. Vamos analisar, a secret\u00e1ria de sa\u00fade vai dar sua resposta final. Pode ou n\u00e3o pode? No \u00faltimo jogo j\u00e1 permitimos, mas o Flamengo disse que 10% era pouco. Imagino at\u00e9 que possa liberar um pouco mais <\/em><\/strong>&#8211; afirmou Paes.<\/p>\n\n\n\n<p>Em agosto, a Prefeitura chegou a liberar a presen\u00e7a de 10% de p\u00fablico no Maracan\u00e3. Na ocasi\u00e3o, por\u00e9m, as condi\u00e7\u00f5es impostas n\u00e3o agradaram ao Flamengo, que decidiu levar o jogo contra o Olimpia, pela Libertadores, para Bras\u00edlia, onde poderia usar at\u00e9 30% da capacidade do Man\u00e9 Garrincha. Logo depois, com o crescimento de casos da variante delta de Covid-19, o Rio de Janeiro voltou a vetar p\u00fablico em jogos de futebol.<\/p>\n\n\n\n<p>O \u00faltimo jogo do Flamengo no Maracan\u00e3 aconteceu no dia 8 de agosto, na derrota por 4 a 0 para o Internacional. Depois, o gramado passou por um per\u00edodo de manuten\u00e7\u00e3o e voltou a receber partidas na vit\u00f3ria do Fluminense sobre o Bahia, na \u00faltima segunda-feira.<\/p>\n\n\n\n<p>O elenco do Flamengo se reapresenta na tarde desta quarta-feira. O time inicia a prepara\u00e7\u00e3o para enfrentar o Palmeiras, no pr\u00f3ximo dia 12 de setembro, em S\u00e3o Paulo.<\/p>\n\n\n\n<p>Retirado de: Globo Esporte<\/p>\n","protected":false},"excerpt":{"rendered":"<p>A partida entre Flamengo e Gr\u00eamio, v\u00e1lida pelas quartas de final da Copa do Brasil, ser\u00e1 disputada no est\u00e1dio Man\u00e9 Garrincha, em Bras\u00edlia. A decis\u00e3o da diretoria rubro-negra foi tomada mesmo com o prefeito do Rio de Janeiro, Eduardo Paes, tendo cogitado a possibilidade de liberar p\u00fablico no Maracan\u00e3. O jogo est\u00e1 marcado para o [&hellip;]<\/p>\n","protected":false},"author":1,"featured_media":66871,"comment_status":"open","ping_status":"closed","sticky":false,"template":"","format":"standard","meta":{"footnotes":""},"categories":[1],"tags":[],"class_list":["post-67254","post","type-post","status-publish","format-standard","has-post-thumbnail","hentry","category-flamengo"],"yoast_head":"<!-- This site is optimized with the Yoast SEO Premium plugin v24.2 (Yoast SEO v26.9) - https:\/\/yoast.com\/product\/yoast-seo-premium-wordpress\/ -->\n<title>Flamengo decide mandar jogo contra o Gr\u00eamio em Bras\u00edlia<\/title>\n<meta name=\"robots\" content=\"index, follow, max-snippet:-1, max-image-preview:large, max-video-preview:-1\" \/>\n<link rel=\"canonical\" href=\"https:\/\/www.gaveanews.com\/index.php\/2021\/09\/01\/flamengo-decide-mandar-jogo-contra-o-gremio-pela-copa-do-brasil-em-brasilia\/\" \/>\n<meta property=\"og:locale\" content=\"pt_BR\" \/>\n<meta property=\"og:type\" content=\"article\" \/>\n<meta property=\"og:title\" content=\"Flamengo decide mandar jogo contra o Gr\u00eamio, pela Copa do Brasil, em Bras\u00edlia\" \/>\n<meta property=\"og:description\" content=\"A partida entre Flamengo e Gr\u00eamio, v\u00e1lida pelas quartas de final da Copa do Brasil, ser\u00e1 disputada no est\u00e1dio Man\u00e9 Garrincha, em Bras\u00edlia. A decis\u00e3o da diretoria rubro-negra foi tomada mesmo com o prefeito do Rio de Janeiro, Eduardo Paes, tendo cogitado a possibilidade de liberar p\u00fablico no Maracan\u00e3. O jogo est\u00e1 marcado para o [&hellip;]\" \/>\n<meta property=\"og:url\" content=\"https:\/\/www.gaveanews.com\/index.php\/2021\/09\/01\/flamengo-decide-mandar-jogo-contra-o-gremio-pela-copa-do-brasil-em-brasilia\/\" \/>\n<meta property=\"og:site_name\" content=\"G\u00e1vea News\" \/>\n<meta property=\"article:publisher\" content=\"https:\/\/facebook.com\/gaveaNews\/\" \/>\n<meta property=\"article:published_time\" content=\"2021-09-01T16:02:09+00:00\" \/>\n<meta property=\"article:modified_time\" content=\"2021-09-01T16:02:11+00:00\" \/>\n<meta property=\"og:image\" content=\"https:\/\/www.gaveanews.com\/wp-content\/uploads\/Bruno-Viana-em-acao-pelo-Flamengo-contra-o-Gremio-na-Copa-do-Brasil-2021.webp\" \/>\n\t<meta property=\"og:image:width\" content=\"799\" \/>\n\t<meta property=\"og:image:height\" content=\"533\" \/>\n\t<meta property=\"og:image:type\" content=\"image\/jpeg\" \/>\n<meta name=\"author\" content=\"Equipe G\u00e1vea News\" \/>\n<meta name=\"twitter:card\" content=\"summary_large_image\" \/>\n<meta name=\"twitter:label1\" content=\"Escrito por\" \/>\n\t<meta name=\"twitter:data1\" content=\"Equipe G\u00e1vea News\" \/>\n\t<meta name=\"twitter:label2\" content=\"Est. tempo de leitura\" \/>\n\t<meta name=\"twitter:data2\" content=\"2 minutos\" \/>\n<script type=\"application\/ld+json\" class=\"yoast-schema-graph\">{\"@context\":\"https:\/\/schema.org\",\"@graph\":[{\"@type\":\"NewsArticle\",\"@id\":\"https:\/\/www.gaveanews.com\/index.php\/2021\/09\/01\/flamengo-decide-mandar-jogo-contra-o-gremio-pela-copa-do-brasil-em-brasilia\/#article\",\"isPartOf\":{\"@id\":\"https:\/\/www.gaveanews.com\/index.php\/2021\/09\/01\/flamengo-decide-mandar-jogo-contra-o-gremio-pela-copa-do-brasil-em-brasilia\/\"},\"author\":{\"name\":\"Equipe G\u00e1vea News\",\"@id\":\"https:\/\/www.gaveanews.com\/#\/schema\/person\/2ec14f73fb96be2caf28f91afb14749d\"},\"headline\":\"Flamengo decide mandar jogo contra o Gr\u00eamio, pela Copa do Brasil, em Bras\u00edlia\",\"datePublished\":\"2021-09-01T16:02:09+00:00\",\"dateModified\":\"2021-09-01T16:02:11+00:00\",\"mainEntityOfPage\":{\"@id\":\"https:\/\/www.gaveanews.com\/index.php\/2021\/09\/01\/flamengo-decide-mandar-jogo-contra-o-gremio-pela-copa-do-brasil-em-brasilia\/\"},\"wordCount\":406,\"commentCount\":12,\"image\":{\"@id\":\"https:\/\/www.gaveanews.com\/index.php\/2021\/09\/01\/flamengo-decide-mandar-jogo-contra-o-gremio-pela-copa-do-brasil-em-brasilia\/#primaryimage\"},\"thumbnailUrl\":\"https:\/\/www.gaveanews.com\/wp-content\/uploads\/Bruno-Viana-em-acao-pelo-Flamengo-contra-o-Gremio-na-Copa-do-Brasil-2021.webp\",\"articleSection\":[\"Flamengo\"],\"inLanguage\":\"pt-BR\",\"potentialAction\":[{\"@type\":\"CommentAction\",\"name\":\"Comment\",\"target\":[\"https:\/\/www.gaveanews.com\/index.php\/2021\/09\/01\/flamengo-decide-mandar-jogo-contra-o-gremio-pela-copa-do-brasil-em-brasilia\/#respond\"]}],\"copyrightYear\":\"2021\",\"copyrightHolder\":{\"@id\":\"https:\/\/www.gaveanews.com\/#organization\"}},{\"@type\":\"WebPage\",\"@id\":\"https:\/\/www.gaveanews.com\/index.php\/2021\/09\/01\/flamengo-decide-mandar-jogo-contra-o-gremio-pela-copa-do-brasil-em-brasilia\/\",\"url\":\"https:\/\/www.gaveanews.com\/index.php\/2021\/09\/01\/flamengo-decide-mandar-jogo-contra-o-gremio-pela-copa-do-brasil-em-brasilia\/\",\"name\":\"Flamengo decide mandar jogo contra o Gr\u00eamio em Bras\u00edlia\",\"isPartOf\":{\"@id\":\"https:\/\/www.gaveanews.com\/#website\"},\"primaryImageOfPage\":{\"@id\":\"https:\/\/www.gaveanews.com\/index.php\/2021\/09\/01\/flamengo-decide-mandar-jogo-contra-o-gremio-pela-copa-do-brasil-em-brasilia\/#primaryimage\"},\"image\":{\"@id\":\"https:\/\/www.gaveanews.com\/index.php\/2021\/09\/01\/flamengo-decide-mandar-jogo-contra-o-gremio-pela-copa-do-brasil-em-brasilia\/#primaryimage\"},\"thumbnailUrl\":\"https:\/\/www.gaveanews.com\/wp-content\/uploads\/Bruno-Viana-em-acao-pelo-Flamengo-contra-o-Gremio-na-Copa-do-Brasil-2021.webp\",\"datePublished\":\"2021-09-01T16:02:09+00:00\",\"dateModified\":\"2021-09-01T16:02:11+00:00\",\"author\":{\"@id\":\"https:\/\/www.gaveanews.com\/#\/schema\/person\/2ec14f73fb96be2caf28f91afb14749d\"},\"breadcrumb\":{\"@id\":\"https:\/\/www.gaveanews.com\/index.php\/2021\/09\/01\/flamengo-decide-mandar-jogo-contra-o-gremio-pela-copa-do-brasil-em-brasilia\/#breadcrumb\"},\"inLanguage\":\"pt-BR\",\"potentialAction\":[{\"@type\":\"ReadAction\",\"target\":[\"https:\/\/www.gaveanews.com\/index.php\/2021\/09\/01\/flamengo-decide-mandar-jogo-contra-o-gremio-pela-copa-do-brasil-em-brasilia\/\"]}]},{\"@type\":\"ImageObject\",\"inLanguage\":\"pt-BR\",\"@id\":\"https:\/\/www.gaveanews.com\/index.php\/2021\/09\/01\/flamengo-decide-mandar-jogo-contra-o-gremio-pela-copa-do-brasil-em-brasilia\/#primaryimage\",\"url\":\"https:\/\/www.gaveanews.com\/wp-content\/uploads\/Bruno-Viana-em-acao-pelo-Flamengo-contra-o-Gremio-na-Copa-do-Brasil-2021.webp\",\"contentUrl\":\"https:\/\/www.gaveanews.com\/wp-content\/uploads\/Bruno-Viana-em-acao-pelo-Flamengo-contra-o-Gremio-na-Copa-do-Brasil-2021.webp\",\"width\":799,\"height\":533,\"caption\":\"Bruno Viana em a\u00e7\u00e3o pelo Flamengo contra o Gr\u00eamio na Copa do Brasil 2021 (Foto: Alexandre Vidal\/Flamengo)\"},{\"@type\":\"BreadcrumbList\",\"@id\":\"https:\/\/www.gaveanews.com\/index.php\/2021\/09\/01\/flamengo-decide-mandar-jogo-contra-o-gremio-pela-copa-do-brasil-em-brasilia\/#breadcrumb\",\"itemListElement\":[{\"@type\":\"ListItem\",\"position\":1,\"name\":\"Home\",\"item\":\"https:\/\/www.gaveanews.com\/\"},{\"@type\":\"ListItem\",\"position\":2,\"name\":\"Flamengo decide mandar jogo contra o Gr\u00eamio, pela Copa do Brasil, em Bras\u00edlia\"}]},{\"@type\":\"WebSite\",\"@id\":\"https:\/\/www.gaveanews.com\/#website\",\"url\":\"https:\/\/www.gaveanews.com\/\",\"name\":\"G\u00e1vea News\",\"description\":\"Veja todas as not\u00edcias sobre o Flamengo: Contrata\u00e7\u00f5es, categorias de base, resultados das partidas, tabela de classifica\u00e7\u00e3o, pr\u00f3ximos jogos!\",\"potentialAction\":[{\"@type\":\"SearchAction\",\"target\":{\"@type\":\"EntryPoint\",\"urlTemplate\":\"https:\/\/www.gaveanews.com\/?s={search_term_string}\"},\"query-input\":{\"@type\":\"PropertyValueSpecification\",\"valueRequired\":true,\"valueName\":\"search_term_string\"}}],\"inLanguage\":\"pt-BR\"},{\"@type\":\"Person\",\"@id\":\"https:\/\/www.gaveanews.com\/#\/schema\/person\/2ec14f73fb96be2caf28f91afb14749d\",\"name\":\"Equipe G\u00e1vea News\",\"image\":{\"@type\":\"ImageObject\",\"inLanguage\":\"pt-BR\",\"@id\":\"https:\/\/www.gaveanews.com\/#\/schema\/person\/image\/\",\"url\":\"https:\/\/secure.gravatar.com\/avatar\/1e1956f1facbffd3f8fa53a326721950116b3b9dc9bd44939c01180fd4a745a9?s=96&d=mm&r=g\",\"contentUrl\":\"https:\/\/secure.gravatar.com\/avatar\/1e1956f1facbffd3f8fa53a326721950116b3b9dc9bd44939c01180fd4a745a9?s=96&d=mm&r=g\",\"caption\":\"Equipe G\u00e1vea News\"}}]}<\/script>\n<!-- \/ Yoast SEO Premium plugin. -->","yoast_head_json":{"title":"Flamengo decide mandar jogo contra o Gr\u00eamio em Bras\u00edlia","robots":{"index":"index","follow":"follow","max-snippet":"max-snippet:-1","max-image-preview":"max-image-preview:large","max-video-preview":"max-video-preview:-1"},"canonical":"https:\/\/www.gaveanews.com\/index.php\/2021\/09\/01\/flamengo-decide-mandar-jogo-contra-o-gremio-pela-copa-do-brasil-em-brasilia\/","og_locale":"pt_BR","og_type":"article","og_title":"Flamengo decide mandar jogo contra o Gr\u00eamio, pela Copa do Brasil, em Bras\u00edlia","og_description":"A partida entre Flamengo e Gr\u00eamio, v\u00e1lida pelas quartas de final da Copa do Brasil, ser\u00e1 disputada no est\u00e1dio Man\u00e9 Garrincha, em Bras\u00edlia. A decis\u00e3o da diretoria rubro-negra foi tomada mesmo com o prefeito do Rio de Janeiro, Eduardo Paes, tendo cogitado a possibilidade de liberar p\u00fablico no Maracan\u00e3. O jogo est\u00e1 marcado para o [&hellip;]","og_url":"https:\/\/www.gaveanews.com\/index.php\/2021\/09\/01\/flamengo-decide-mandar-jogo-contra-o-gremio-pela-copa-do-brasil-em-brasilia\/","og_site_name":"G\u00e1vea News","article_publisher":"https:\/\/facebook.com\/gaveaNews\/","article_published_time":"2021-09-01T16:02:09+00:00","article_modified_time":"2021-09-01T16:02:11+00:00","og_image":[{"width":799,"height":533,"url":"https:\/\/www.gaveanews.com\/wp-content\/uploads\/Bruno-Viana-em-acao-pelo-Flamengo-contra-o-Gremio-na-Copa-do-Brasil-2021.webp","type":"image\/jpeg"}],"author":"Equipe G\u00e1vea News","twitter_card":"summary_large_image","twitter_misc":{"Escrito por":"Equipe G\u00e1vea News","Est. tempo de leitura":"2 minutos"},"schema":{"@context":"https:\/\/schema.org","@graph":[{"@type":"NewsArticle","@id":"https:\/\/www.gaveanews.com\/index.php\/2021\/09\/01\/flamengo-decide-mandar-jogo-contra-o-gremio-pela-copa-do-brasil-em-brasilia\/#article","isPartOf":{"@id":"https:\/\/www.gaveanews.com\/index.php\/2021\/09\/01\/flamengo-decide-mandar-jogo-contra-o-gremio-pela-copa-do-brasil-em-brasilia\/"},"author":{"name":"Equipe G\u00e1vea News","@id":"https:\/\/www.gaveanews.com\/#\/schema\/person\/2ec14f73fb96be2caf28f91afb14749d"},"headline":"Flamengo decide mandar jogo contra o Gr\u00eamio, pela Copa do Brasil, em Bras\u00edlia","datePublished":"2021-09-01T16:02:09+00:00","dateModified":"2021-09-01T16:02:11+00:00","mainEntityOfPage":{"@id":"https:\/\/www.gaveanews.com\/index.php\/2021\/09\/01\/flamengo-decide-mandar-jogo-contra-o-gremio-pela-copa-do-brasil-em-brasilia\/"},"wordCount":406,"commentCount":12,"image":{"@id":"https:\/\/www.gaveanews.com\/index.php\/2021\/09\/01\/flamengo-decide-mandar-jogo-contra-o-gremio-pela-copa-do-brasil-em-brasilia\/#primaryimage"},"thumbnailUrl":"https:\/\/www.gaveanews.com\/wp-content\/uploads\/Bruno-Viana-em-acao-pelo-Flamengo-contra-o-Gremio-na-Copa-do-Brasil-2021.webp","articleSection":["Flamengo"],"inLanguage":"pt-BR","potentialAction":[{"@type":"CommentAction","name":"Comment","target":["https:\/\/www.gaveanews.com\/index.php\/2021\/09\/01\/flamengo-decide-mandar-jogo-contra-o-gremio-pela-copa-do-brasil-em-brasilia\/#respond"]}],"copyrightYear":"2021","copyrightHolder":{"@id":"https:\/\/www.gaveanews.com\/#organization"}},{"@type":"WebPage","@id":"https:\/\/www.gaveanews.com\/index.php\/2021\/09\/01\/flamengo-decide-mandar-jogo-contra-o-gremio-pela-copa-do-brasil-em-brasilia\/","url":"https:\/\/www.gaveanews.com\/index.php\/2021\/09\/01\/flamengo-decide-mandar-jogo-contra-o-gremio-pela-copa-do-brasil-em-brasilia\/","name":"Flamengo decide mandar jogo contra o Gr\u00eamio em Bras\u00edlia","isPartOf":{"@id":"https:\/\/www.gaveanews.com\/#website"},"primaryImageOfPage":{"@id":"https:\/\/www.gaveanews.com\/index.php\/2021\/09\/01\/flamengo-decide-mandar-jogo-contra-o-gremio-pela-copa-do-brasil-em-brasilia\/#primaryimage"},"image":{"@id":"https:\/\/www.gaveanews.com\/index.php\/2021\/09\/01\/flamengo-decide-mandar-jogo-contra-o-gremio-pela-copa-do-brasil-em-brasilia\/#primaryimage"},"thumbnailUrl":"https:\/\/www.gaveanews.com\/wp-content\/uploads\/Bruno-Viana-em-acao-pelo-Flamengo-contra-o-Gremio-na-Copa-do-Brasil-2021.webp","datePublished":"2021-09-01T16:02:09+00:00","dateModified":"2021-09-01T16:02:11+00:00","author":{"@id":"https:\/\/www.gaveanews.com\/#\/schema\/person\/2ec14f73fb96be2caf28f91afb14749d"},"breadcrumb":{"@id":"https:\/\/www.gaveanews.com\/index.php\/2021\/09\/01\/flamengo-decide-mandar-jogo-contra-o-gremio-pela-copa-do-brasil-em-brasilia\/#breadcrumb"},"inLanguage":"pt-BR","potentialAction":[{"@type":"ReadAction","target":["https:\/\/www.gaveanews.com\/index.php\/2021\/09\/01\/flamengo-decide-mandar-jogo-contra-o-gremio-pela-copa-do-brasil-em-brasilia\/"]}]},{"@type":"ImageObject","inLanguage":"pt-BR","@id":"https:\/\/www.gaveanews.com\/index.php\/2021\/09\/01\/flamengo-decide-mandar-jogo-contra-o-gremio-pela-copa-do-brasil-em-brasilia\/#primaryimage","url":"https:\/\/www.gaveanews.com\/wp-content\/uploads\/Bruno-Viana-em-acao-pelo-Flamengo-contra-o-Gremio-na-Copa-do-Brasil-2021.webp","contentUrl":"https:\/\/www.gaveanews.com\/wp-content\/uploads\/Bruno-Viana-em-acao-pelo-Flamengo-contra-o-Gremio-na-Copa-do-Brasil-2021.webp","width":799,"height":533,"caption":"Bruno Viana em a\u00e7\u00e3o pelo Flamengo contra o Gr\u00eamio na Copa do Brasil 2021 (Foto: Alexandre Vidal\/Flamengo)"},{"@type":"BreadcrumbList","@id":"https:\/\/www.gaveanews.com\/index.php\/2021\/09\/01\/flamengo-decide-mandar-jogo-contra-o-gremio-pela-copa-do-brasil-em-brasilia\/#breadcrumb","itemListElement":[{"@type":"ListItem","position":1,"name":"Home","item":"https:\/\/www.gaveanews.com\/"},{"@type":"ListItem","position":2,"name":"Flamengo decide mandar jogo contra o Gr\u00eamio, pela Copa do Brasil, em Bras\u00edlia"}]},{"@type":"WebSite","@id":"https:\/\/www.gaveanews.com\/#website","url":"https:\/\/www.gaveanews.com\/","name":"G\u00e1vea News","description":"Veja todas as not\u00edcias sobre o Flamengo: Contrata\u00e7\u00f5es, categorias de base, resultados das partidas, tabela de classifica\u00e7\u00e3o, pr\u00f3ximos jogos!","potentialAction":[{"@type":"SearchAction","target":{"@type":"EntryPoint","urlTemplate":"https:\/\/www.gaveanews.com\/?s={search_term_string}"},"query-input":{"@type":"PropertyValueSpecification","valueRequired":true,"valueName":"search_term_string"}}],"inLanguage":"pt-BR"},{"@type":"Person","@id":"https:\/\/www.gaveanews.com\/#\/schema\/person\/2ec14f73fb96be2caf28f91afb14749d","name":"Equipe G\u00e1vea News","image":{"@type":"ImageObject","inLanguage":"pt-BR","@id":"https:\/\/www.gaveanews.com\/#\/schema\/person\/image\/","url":"https:\/\/secure.gravatar.com\/avatar\/1e1956f1facbffd3f8fa53a326721950116b3b9dc9bd44939c01180fd4a745a9?s=96&d=mm&r=g","contentUrl":"https:\/\/secure.gravatar.com\/avatar\/1e1956f1facbffd3f8fa53a326721950116b3b9dc9bd44939c01180fd4a745a9?s=96&d=mm&r=g","caption":"Equipe G\u00e1vea News"}}]}},"_links":{"self":[{"href":"https:\/\/www.gaveanews.com\/index.php\/wp-json\/wp\/v2\/posts\/67254","targetHints":{"allow":["GET"]}}],"collection":[{"href":"https:\/\/www.gaveanews.com\/index.php\/wp-json\/wp\/v2\/posts"}],"about":[{"href":"https:\/\/www.gaveanews.com\/index.php\/wp-json\/wp\/v2\/types\/post"}],"author":[{"embeddable":true,"href":"https:\/\/www.gaveanews.com\/index.php\/wp-json\/wp\/v2\/users\/1"}],"replies":[{"embeddable":true,"href":"https:\/\/www.gaveanews.com\/index.php\/wp-json\/wp\/v2\/comments?post=67254"}],"version-history":[{"count":0,"href":"https:\/\/www.gaveanews.com\/index.php\/wp-json\/wp\/v2\/posts\/67254\/revisions"}],"wp:featuredmedia":[{"embeddable":true,"href":"https:\/\/www.gaveanews.com\/index.php\/wp-json\/wp\/v2\/media\/66871"}],"wp:attachment":[{"href":"https:\/\/www.gaveanews.com\/index.php\/wp-json\/wp\/v2\/media?parent=67254"}],"wp:term":[{"taxonomy":"category","embeddable":true,"href":"https:\/\/www.gaveanews.com\/index.php\/wp-json\/wp\/v2\/categories?post=67254"},{"taxonomy":"post_tag","embeddable":true,"href":"https:\/\/www.gaveanews.com\/index.php\/wp-json\/wp\/v2\/tags?post=67254"}],"curies":[{"name":"wp","href":"https:\/\/api.w.org\/{rel}","templated":true}]}}