{"id":67497,"date":"2021-09-05T19:40:13","date_gmt":"2021-09-05T22:40:13","guid":{"rendered":"https:\/\/www.gaveanews.com\/?p=67497"},"modified":"2021-09-05T19:40:16","modified_gmt":"2021-09-05T22:40:16","slug":"david-luiz-no-flamengo-marcos-braz-da-resposta-inusitada-para-torcedor","status":"publish","type":"post","link":"https:\/\/www.gaveanews.com\/index.php\/2021\/09\/05\/david-luiz-no-flamengo-marcos-braz-da-resposta-inusitada-para-torcedor\/","title":{"rendered":"David Luiz no Flamengo? Marcos Braz d\u00e1 resposta \u2018inusitada\u2019 para torcedor"},"content":{"rendered":"\n<p>O torcedor do Flamengo segue na expectativa pela contrata\u00e7\u00e3o do zagueiro David Luiz, que est\u00e1 livre no mercado desde encerrou seu v\u00ednculo com Arsenal. Na madrugada deste domingo (5), Marcos Braz, vice-presidente de futebol do Rubro-negro, protagonizou situa\u00e7\u00e3o inusitada com internauta.<\/p>\n\n\n\n<p>Por volta das 4h30 da madrugada deste domingo (5), um torcedor do Flamengo fez a seguinte pergunta para Marcos Braz, no Twitter: \u201cE o David Luiz, patr\u00e3o?\u201d. Com um toque de bom humor e de forma inusitada, o dirigente respondeu com: \u201cDeve estar dormindo a essa hora\u201d.<\/p>\n\n\n\n<p>Ap\u00f3s contratar Andreas Pereira e Kenedy, emprestados por Manchester United e Chelsea, respectivamente, o Flamengo segue no marcado da bola em busca de um novo zagueiro e David Luiz \u00e9 o principal alvo.<\/p>\n\n\n\n<p>Benfica, Corinthians e Atl\u00e9tico-MG eram clubes que estavam na disputa pela contrata\u00e7\u00e3o do defensor. Mas, eles teriam descartado David Luiz e isso teria animado o Flamengo e dado uma maior esperan\u00e7a para a conclus\u00e3o do acerto.<\/p>\n\n\n\n<p>Todavia, o Besiktas entrou firme na disputa pelo zagueiro. Segundo o jornalista Jorge Nicola, o clube turcos realizou uma nova investida para contratar David Luiz. Como a janela de transfer\u00eancia no pa\u00eds ainda segue aberta, o atleta poderia chegar ao clube.<\/p>\n\n\n\n<p>Retirado de: Torcedores<\/p>\n","protected":false},"excerpt":{"rendered":"<p>O torcedor do Flamengo segue na expectativa pela contrata\u00e7\u00e3o do zagueiro David Luiz, que est\u00e1 livre no mercado desde encerrou seu v\u00ednculo com Arsenal. Na madrugada deste domingo (5), Marcos Braz, vice-presidente de futebol do Rubro-negro, protagonizou situa\u00e7\u00e3o inusitada com internauta. Por volta das 4h30 da madrugada deste domingo (5), um torcedor do Flamengo fez [&hellip;]<\/p>\n","protected":false},"author":1,"featured_media":64346,"comment_status":"open","ping_status":"closed","sticky":false,"template":"","format":"standard","meta":{"footnotes":""},"categories":[48],"tags":[],"class_list":["post-67497","post","type-post","status-publish","format-standard","has-post-thumbnail","hentry","category-negociacoes"],"yoast_head":"<!-- This site is optimized with the Yoast SEO Premium plugin v24.2 (Yoast SEO v26.9) - https:\/\/yoast.com\/product\/yoast-seo-premium-wordpress\/ -->\n<title>David Luiz no Flamengo? Braz d\u00e1 resposta \u2018inusitada\u2019 para torcedor<\/title>\n<meta name=\"robots\" content=\"index, follow, max-snippet:-1, max-image-preview:large, max-video-preview:-1\" \/>\n<link rel=\"canonical\" href=\"https:\/\/www.gaveanews.com\/index.php\/2021\/09\/05\/david-luiz-no-flamengo-marcos-braz-da-resposta-inusitada-para-torcedor\/\" \/>\n<meta property=\"og:locale\" content=\"pt_BR\" \/>\n<meta property=\"og:type\" content=\"article\" \/>\n<meta property=\"og:title\" content=\"David Luiz no Flamengo? Marcos Braz d\u00e1 resposta \u2018inusitada\u2019 para torcedor\" \/>\n<meta property=\"og:description\" content=\"O torcedor do Flamengo segue na expectativa pela contrata\u00e7\u00e3o do zagueiro David Luiz, que est\u00e1 livre no mercado desde encerrou seu v\u00ednculo com Arsenal. Na madrugada deste domingo (5), Marcos Braz, vice-presidente de futebol do Rubro-negro, protagonizou situa\u00e7\u00e3o inusitada com internauta. Por volta das 4h30 da madrugada deste domingo (5), um torcedor do Flamengo fez [&hellip;]\" \/>\n<meta property=\"og:url\" content=\"https:\/\/www.gaveanews.com\/index.php\/2021\/09\/05\/david-luiz-no-flamengo-marcos-braz-da-resposta-inusitada-para-torcedor\/\" \/>\n<meta property=\"og:site_name\" content=\"G\u00e1vea News\" \/>\n<meta property=\"article:publisher\" content=\"https:\/\/facebook.com\/gaveaNews\/\" \/>\n<meta property=\"article:published_time\" content=\"2021-09-05T22:40:13+00:00\" \/>\n<meta property=\"article:modified_time\" content=\"2021-09-05T22:40:16+00:00\" \/>\n<meta property=\"og:image\" content=\"https:\/\/www.gaveanews.com\/wp-content\/uploads\/Marcos-Braz-em-entrevista-coletiva-no-Ninho-do-Urubu.webp\" \/>\n\t<meta property=\"og:image:width\" content=\"799\" \/>\n\t<meta property=\"og:image:height\" content=\"532\" \/>\n\t<meta property=\"og:image:type\" content=\"image\/jpeg\" \/>\n<meta name=\"author\" content=\"Equipe G\u00e1vea News\" \/>\n<meta name=\"twitter:card\" content=\"summary_large_image\" \/>\n<meta name=\"twitter:label1\" content=\"Escrito por\" \/>\n\t<meta name=\"twitter:data1\" content=\"Equipe G\u00e1vea News\" \/>\n\t<meta name=\"twitter:label2\" content=\"Est. tempo de leitura\" \/>\n\t<meta name=\"twitter:data2\" content=\"1 minuto\" \/>\n<script type=\"application\/ld+json\" class=\"yoast-schema-graph\">{\"@context\":\"https:\/\/schema.org\",\"@graph\":[{\"@type\":\"NewsArticle\",\"@id\":\"https:\/\/www.gaveanews.com\/index.php\/2021\/09\/05\/david-luiz-no-flamengo-marcos-braz-da-resposta-inusitada-para-torcedor\/#article\",\"isPartOf\":{\"@id\":\"https:\/\/www.gaveanews.com\/index.php\/2021\/09\/05\/david-luiz-no-flamengo-marcos-braz-da-resposta-inusitada-para-torcedor\/\"},\"author\":{\"name\":\"Equipe G\u00e1vea News\",\"@id\":\"https:\/\/www.gaveanews.com\/#\/schema\/person\/2ec14f73fb96be2caf28f91afb14749d\"},\"headline\":\"David Luiz no Flamengo? Marcos Braz d\u00e1 resposta \u2018inusitada\u2019 para torcedor\",\"datePublished\":\"2021-09-05T22:40:13+00:00\",\"dateModified\":\"2021-09-05T22:40:16+00:00\",\"mainEntityOfPage\":{\"@id\":\"https:\/\/www.gaveanews.com\/index.php\/2021\/09\/05\/david-luiz-no-flamengo-marcos-braz-da-resposta-inusitada-para-torcedor\/\"},\"wordCount\":220,\"commentCount\":23,\"image\":{\"@id\":\"https:\/\/www.gaveanews.com\/index.php\/2021\/09\/05\/david-luiz-no-flamengo-marcos-braz-da-resposta-inusitada-para-torcedor\/#primaryimage\"},\"thumbnailUrl\":\"https:\/\/www.gaveanews.com\/wp-content\/uploads\/Marcos-Braz-em-entrevista-coletiva-no-Ninho-do-Urubu.webp\",\"articleSection\":[\"Negocia\u00e7\u00f5es\"],\"inLanguage\":\"pt-BR\",\"potentialAction\":[{\"@type\":\"CommentAction\",\"name\":\"Comment\",\"target\":[\"https:\/\/www.gaveanews.com\/index.php\/2021\/09\/05\/david-luiz-no-flamengo-marcos-braz-da-resposta-inusitada-para-torcedor\/#respond\"]}],\"copyrightYear\":\"2021\",\"copyrightHolder\":{\"@id\":\"https:\/\/www.gaveanews.com\/#organization\"}},{\"@type\":\"WebPage\",\"@id\":\"https:\/\/www.gaveanews.com\/index.php\/2021\/09\/05\/david-luiz-no-flamengo-marcos-braz-da-resposta-inusitada-para-torcedor\/\",\"url\":\"https:\/\/www.gaveanews.com\/index.php\/2021\/09\/05\/david-luiz-no-flamengo-marcos-braz-da-resposta-inusitada-para-torcedor\/\",\"name\":\"David Luiz no Flamengo? Braz d\u00e1 resposta \u2018inusitada\u2019 para torcedor\",\"isPartOf\":{\"@id\":\"https:\/\/www.gaveanews.com\/#website\"},\"primaryImageOfPage\":{\"@id\":\"https:\/\/www.gaveanews.com\/index.php\/2021\/09\/05\/david-luiz-no-flamengo-marcos-braz-da-resposta-inusitada-para-torcedor\/#primaryimage\"},\"image\":{\"@id\":\"https:\/\/www.gaveanews.com\/index.php\/2021\/09\/05\/david-luiz-no-flamengo-marcos-braz-da-resposta-inusitada-para-torcedor\/#primaryimage\"},\"thumbnailUrl\":\"https:\/\/www.gaveanews.com\/wp-content\/uploads\/Marcos-Braz-em-entrevista-coletiva-no-Ninho-do-Urubu.webp\",\"datePublished\":\"2021-09-05T22:40:13+00:00\",\"dateModified\":\"2021-09-05T22:40:16+00:00\",\"author\":{\"@id\":\"https:\/\/www.gaveanews.com\/#\/schema\/person\/2ec14f73fb96be2caf28f91afb14749d\"},\"breadcrumb\":{\"@id\":\"https:\/\/www.gaveanews.com\/index.php\/2021\/09\/05\/david-luiz-no-flamengo-marcos-braz-da-resposta-inusitada-para-torcedor\/#breadcrumb\"},\"inLanguage\":\"pt-BR\",\"potentialAction\":[{\"@type\":\"ReadAction\",\"target\":[\"https:\/\/www.gaveanews.com\/index.php\/2021\/09\/05\/david-luiz-no-flamengo-marcos-braz-da-resposta-inusitada-para-torcedor\/\"]}]},{\"@type\":\"ImageObject\",\"inLanguage\":\"pt-BR\",\"@id\":\"https:\/\/www.gaveanews.com\/index.php\/2021\/09\/05\/david-luiz-no-flamengo-marcos-braz-da-resposta-inusitada-para-torcedor\/#primaryimage\",\"url\":\"https:\/\/www.gaveanews.com\/wp-content\/uploads\/Marcos-Braz-em-entrevista-coletiva-no-Ninho-do-Urubu.webp\",\"contentUrl\":\"https:\/\/www.gaveanews.com\/wp-content\/uploads\/Marcos-Braz-em-entrevista-coletiva-no-Ninho-do-Urubu.webp\",\"width\":799,\"height\":532,\"caption\":\"Marcos Braz em entrevista coletiva no Ninho do Urubu (Foto: Alexandre Vidal\/Flamengo)\"},{\"@type\":\"BreadcrumbList\",\"@id\":\"https:\/\/www.gaveanews.com\/index.php\/2021\/09\/05\/david-luiz-no-flamengo-marcos-braz-da-resposta-inusitada-para-torcedor\/#breadcrumb\",\"itemListElement\":[{\"@type\":\"ListItem\",\"position\":1,\"name\":\"Home\",\"item\":\"https:\/\/www.gaveanews.com\/\"},{\"@type\":\"ListItem\",\"position\":2,\"name\":\"David Luiz no Flamengo? Marcos Braz d\u00e1 resposta \u2018inusitada\u2019 para torcedor\"}]},{\"@type\":\"WebSite\",\"@id\":\"https:\/\/www.gaveanews.com\/#website\",\"url\":\"https:\/\/www.gaveanews.com\/\",\"name\":\"G\u00e1vea News\",\"description\":\"Veja todas as not\u00edcias sobre o Flamengo: Contrata\u00e7\u00f5es, categorias de base, resultados das partidas, tabela de classifica\u00e7\u00e3o, pr\u00f3ximos jogos!\",\"potentialAction\":[{\"@type\":\"SearchAction\",\"target\":{\"@type\":\"EntryPoint\",\"urlTemplate\":\"https:\/\/www.gaveanews.com\/?s={search_term_string}\"},\"query-input\":{\"@type\":\"PropertyValueSpecification\",\"valueRequired\":true,\"valueName\":\"search_term_string\"}}],\"inLanguage\":\"pt-BR\"},{\"@type\":\"Person\",\"@id\":\"https:\/\/www.gaveanews.com\/#\/schema\/person\/2ec14f73fb96be2caf28f91afb14749d\",\"name\":\"Equipe G\u00e1vea News\",\"image\":{\"@type\":\"ImageObject\",\"inLanguage\":\"pt-BR\",\"@id\":\"https:\/\/www.gaveanews.com\/#\/schema\/person\/image\/\",\"url\":\"https:\/\/secure.gravatar.com\/avatar\/1e1956f1facbffd3f8fa53a326721950116b3b9dc9bd44939c01180fd4a745a9?s=96&d=mm&r=g\",\"contentUrl\":\"https:\/\/secure.gravatar.com\/avatar\/1e1956f1facbffd3f8fa53a326721950116b3b9dc9bd44939c01180fd4a745a9?s=96&d=mm&r=g\",\"caption\":\"Equipe G\u00e1vea News\"}}]}<\/script>\n<!-- \/ Yoast SEO Premium plugin. -->","yoast_head_json":{"title":"David Luiz no Flamengo? Braz d\u00e1 resposta \u2018inusitada\u2019 para torcedor","robots":{"index":"index","follow":"follow","max-snippet":"max-snippet:-1","max-image-preview":"max-image-preview:large","max-video-preview":"max-video-preview:-1"},"canonical":"https:\/\/www.gaveanews.com\/index.php\/2021\/09\/05\/david-luiz-no-flamengo-marcos-braz-da-resposta-inusitada-para-torcedor\/","og_locale":"pt_BR","og_type":"article","og_title":"David Luiz no Flamengo? Marcos Braz d\u00e1 resposta \u2018inusitada\u2019 para torcedor","og_description":"O torcedor do Flamengo segue na expectativa pela contrata\u00e7\u00e3o do zagueiro David Luiz, que est\u00e1 livre no mercado desde encerrou seu v\u00ednculo com Arsenal. Na madrugada deste domingo (5), Marcos Braz, vice-presidente de futebol do Rubro-negro, protagonizou situa\u00e7\u00e3o inusitada com internauta. Por volta das 4h30 da madrugada deste domingo (5), um torcedor do Flamengo fez [&hellip;]","og_url":"https:\/\/www.gaveanews.com\/index.php\/2021\/09\/05\/david-luiz-no-flamengo-marcos-braz-da-resposta-inusitada-para-torcedor\/","og_site_name":"G\u00e1vea News","article_publisher":"https:\/\/facebook.com\/gaveaNews\/","article_published_time":"2021-09-05T22:40:13+00:00","article_modified_time":"2021-09-05T22:40:16+00:00","og_image":[{"width":799,"height":532,"url":"https:\/\/www.gaveanews.com\/wp-content\/uploads\/Marcos-Braz-em-entrevista-coletiva-no-Ninho-do-Urubu.webp","type":"image\/jpeg"}],"author":"Equipe G\u00e1vea News","twitter_card":"summary_large_image","twitter_misc":{"Escrito por":"Equipe G\u00e1vea News","Est. tempo de leitura":"1 minuto"},"schema":{"@context":"https:\/\/schema.org","@graph":[{"@type":"NewsArticle","@id":"https:\/\/www.gaveanews.com\/index.php\/2021\/09\/05\/david-luiz-no-flamengo-marcos-braz-da-resposta-inusitada-para-torcedor\/#article","isPartOf":{"@id":"https:\/\/www.gaveanews.com\/index.php\/2021\/09\/05\/david-luiz-no-flamengo-marcos-braz-da-resposta-inusitada-para-torcedor\/"},"author":{"name":"Equipe G\u00e1vea News","@id":"https:\/\/www.gaveanews.com\/#\/schema\/person\/2ec14f73fb96be2caf28f91afb14749d"},"headline":"David Luiz no Flamengo? Marcos Braz d\u00e1 resposta \u2018inusitada\u2019 para torcedor","datePublished":"2021-09-05T22:40:13+00:00","dateModified":"2021-09-05T22:40:16+00:00","mainEntityOfPage":{"@id":"https:\/\/www.gaveanews.com\/index.php\/2021\/09\/05\/david-luiz-no-flamengo-marcos-braz-da-resposta-inusitada-para-torcedor\/"},"wordCount":220,"commentCount":23,"image":{"@id":"https:\/\/www.gaveanews.com\/index.php\/2021\/09\/05\/david-luiz-no-flamengo-marcos-braz-da-resposta-inusitada-para-torcedor\/#primaryimage"},"thumbnailUrl":"https:\/\/www.gaveanews.com\/wp-content\/uploads\/Marcos-Braz-em-entrevista-coletiva-no-Ninho-do-Urubu.webp","articleSection":["Negocia\u00e7\u00f5es"],"inLanguage":"pt-BR","potentialAction":[{"@type":"CommentAction","name":"Comment","target":["https:\/\/www.gaveanews.com\/index.php\/2021\/09\/05\/david-luiz-no-flamengo-marcos-braz-da-resposta-inusitada-para-torcedor\/#respond"]}],"copyrightYear":"2021","copyrightHolder":{"@id":"https:\/\/www.gaveanews.com\/#organization"}},{"@type":"WebPage","@id":"https:\/\/www.gaveanews.com\/index.php\/2021\/09\/05\/david-luiz-no-flamengo-marcos-braz-da-resposta-inusitada-para-torcedor\/","url":"https:\/\/www.gaveanews.com\/index.php\/2021\/09\/05\/david-luiz-no-flamengo-marcos-braz-da-resposta-inusitada-para-torcedor\/","name":"David Luiz no Flamengo? Braz d\u00e1 resposta \u2018inusitada\u2019 para torcedor","isPartOf":{"@id":"https:\/\/www.gaveanews.com\/#website"},"primaryImageOfPage":{"@id":"https:\/\/www.gaveanews.com\/index.php\/2021\/09\/05\/david-luiz-no-flamengo-marcos-braz-da-resposta-inusitada-para-torcedor\/#primaryimage"},"image":{"@id":"https:\/\/www.gaveanews.com\/index.php\/2021\/09\/05\/david-luiz-no-flamengo-marcos-braz-da-resposta-inusitada-para-torcedor\/#primaryimage"},"thumbnailUrl":"https:\/\/www.gaveanews.com\/wp-content\/uploads\/Marcos-Braz-em-entrevista-coletiva-no-Ninho-do-Urubu.webp","datePublished":"2021-09-05T22:40:13+00:00","dateModified":"2021-09-05T22:40:16+00:00","author":{"@id":"https:\/\/www.gaveanews.com\/#\/schema\/person\/2ec14f73fb96be2caf28f91afb14749d"},"breadcrumb":{"@id":"https:\/\/www.gaveanews.com\/index.php\/2021\/09\/05\/david-luiz-no-flamengo-marcos-braz-da-resposta-inusitada-para-torcedor\/#breadcrumb"},"inLanguage":"pt-BR","potentialAction":[{"@type":"ReadAction","target":["https:\/\/www.gaveanews.com\/index.php\/2021\/09\/05\/david-luiz-no-flamengo-marcos-braz-da-resposta-inusitada-para-torcedor\/"]}]},{"@type":"ImageObject","inLanguage":"pt-BR","@id":"https:\/\/www.gaveanews.com\/index.php\/2021\/09\/05\/david-luiz-no-flamengo-marcos-braz-da-resposta-inusitada-para-torcedor\/#primaryimage","url":"https:\/\/www.gaveanews.com\/wp-content\/uploads\/Marcos-Braz-em-entrevista-coletiva-no-Ninho-do-Urubu.webp","contentUrl":"https:\/\/www.gaveanews.com\/wp-content\/uploads\/Marcos-Braz-em-entrevista-coletiva-no-Ninho-do-Urubu.webp","width":799,"height":532,"caption":"Marcos Braz em entrevista coletiva no Ninho do Urubu (Foto: Alexandre Vidal\/Flamengo)"},{"@type":"BreadcrumbList","@id":"https:\/\/www.gaveanews.com\/index.php\/2021\/09\/05\/david-luiz-no-flamengo-marcos-braz-da-resposta-inusitada-para-torcedor\/#breadcrumb","itemListElement":[{"@type":"ListItem","position":1,"name":"Home","item":"https:\/\/www.gaveanews.com\/"},{"@type":"ListItem","position":2,"name":"David Luiz no Flamengo? Marcos Braz d\u00e1 resposta \u2018inusitada\u2019 para torcedor"}]},{"@type":"WebSite","@id":"https:\/\/www.gaveanews.com\/#website","url":"https:\/\/www.gaveanews.com\/","name":"G\u00e1vea News","description":"Veja todas as not\u00edcias sobre o Flamengo: Contrata\u00e7\u00f5es, categorias de base, resultados das partidas, tabela de classifica\u00e7\u00e3o, pr\u00f3ximos jogos!","potentialAction":[{"@type":"SearchAction","target":{"@type":"EntryPoint","urlTemplate":"https:\/\/www.gaveanews.com\/?s={search_term_string}"},"query-input":{"@type":"PropertyValueSpecification","valueRequired":true,"valueName":"search_term_string"}}],"inLanguage":"pt-BR"},{"@type":"Person","@id":"https:\/\/www.gaveanews.com\/#\/schema\/person\/2ec14f73fb96be2caf28f91afb14749d","name":"Equipe G\u00e1vea News","image":{"@type":"ImageObject","inLanguage":"pt-BR","@id":"https:\/\/www.gaveanews.com\/#\/schema\/person\/image\/","url":"https:\/\/secure.gravatar.com\/avatar\/1e1956f1facbffd3f8fa53a326721950116b3b9dc9bd44939c01180fd4a745a9?s=96&d=mm&r=g","contentUrl":"https:\/\/secure.gravatar.com\/avatar\/1e1956f1facbffd3f8fa53a326721950116b3b9dc9bd44939c01180fd4a745a9?s=96&d=mm&r=g","caption":"Equipe G\u00e1vea News"}}]}},"_links":{"self":[{"href":"https:\/\/www.gaveanews.com\/index.php\/wp-json\/wp\/v2\/posts\/67497","targetHints":{"allow":["GET"]}}],"collection":[{"href":"https:\/\/www.gaveanews.com\/index.php\/wp-json\/wp\/v2\/posts"}],"about":[{"href":"https:\/\/www.gaveanews.com\/index.php\/wp-json\/wp\/v2\/types\/post"}],"author":[{"embeddable":true,"href":"https:\/\/www.gaveanews.com\/index.php\/wp-json\/wp\/v2\/users\/1"}],"replies":[{"embeddable":true,"href":"https:\/\/www.gaveanews.com\/index.php\/wp-json\/wp\/v2\/comments?post=67497"}],"version-history":[{"count":0,"href":"https:\/\/www.gaveanews.com\/index.php\/wp-json\/wp\/v2\/posts\/67497\/revisions"}],"wp:featuredmedia":[{"embeddable":true,"href":"https:\/\/www.gaveanews.com\/index.php\/wp-json\/wp\/v2\/media\/64346"}],"wp:attachment":[{"href":"https:\/\/www.gaveanews.com\/index.php\/wp-json\/wp\/v2\/media?parent=67497"}],"wp:term":[{"taxonomy":"category","embeddable":true,"href":"https:\/\/www.gaveanews.com\/index.php\/wp-json\/wp\/v2\/categories?post=67497"},{"taxonomy":"post_tag","embeddable":true,"href":"https:\/\/www.gaveanews.com\/index.php\/wp-json\/wp\/v2\/tags?post=67497"}],"curies":[{"name":"wp","href":"https:\/\/api.w.org\/{rel}","templated":true}]}}