{"id":67555,"date":"2021-09-06T14:46:48","date_gmt":"2021-09-06T17:46:48","guid":{"rendered":"https:\/\/www.gaveanews.com\/?p=67555"},"modified":"2022-06-30T02:26:05","modified_gmt":"2022-06-30T05:26:05","slug":"em-meio-a-especulacoes-sobre-carreira-david-luiz-desabafa-na-web","status":"publish","type":"post","link":"https:\/\/www.gaveanews.com\/index.php\/2021\/09\/06\/em-meio-a-especulacoes-sobre-carreira-david-luiz-desabafa-na-web\/","title":{"rendered":"Em meio a especula\u00e7\u00f5es sobre sua carreira, David Luiz desabafa na web"},"content":{"rendered":"\r\n<p>A novela sobre o pr\u00f3ximo passo na carreira de David Luiz continua. Enquanto o jogador n\u00e3o decide com qual clube acertar\u00e1, diversas fontes da m\u00eddia divulgam supostas atualiza\u00e7\u00f5es sobre o caso.<\/p>\r\n\r\n\r\n\r\n<p>Desta forma, parte das informa\u00e7\u00f5es noticiadas s\u00e3o refutadas e recha\u00e7adas com frequ\u00eancia. O zagueiro, cansado da chuva de mat\u00e9rias divulgadas com conte\u00fados incorretos, foi \u00e0s suas redes sociais e publicou um pequeno texto que est\u00e1 dando o que falar.<\/p>\r\n\r\n\r\n\r\n<p>Em seu perfil oficial no <em>Instagram<\/em>, David Luiz postou uma mensagem enigm\u00e1tica. Ao que se parece, este seria um desabafo do atleta, que tem visto diversas not\u00edcias falsas sobre si na web.<\/p>\r\n\r\n\r\n\r\n<p><strong><em>&#8220;Cada dia uma fake news diferente. Cada dia um mentiroso diferente.<\/em> <em>Portanto, cabe a n\u00f3s escolhermos no que queremos acreditar.\u201d<\/em><\/strong><\/p>\r\n\r\n\r\n\r\n<h2 class=\"wp-block-heading\" id=\"h-confira-a-publica-o\">Confira a publica\u00e7\u00e3o:<\/h2>\r\n\r\n\r\n\r\n<div class=\"wp-block-image\">\r\n<figure class=\"aligncenter size-large\"><img loading=\"lazy\" decoding=\"async\" class=\"alignnone size-full\" src=\"https:\/\/pbs.twimg.com\/media\/FWehWcHXgAACW4r?format=jpg\" width=\"569\" height=\"1024\" \/><\/figure>\r\n<\/div>\r\n\r\n\r\n\r\n<p>Desejado pela torcida do Flamengo, David Luiz foi alvo de diversos mutir\u00f5es nos \u00faltimos dias. Eles s\u00e3o realizados na esperan\u00e7a de convencer o jogador a rumar ao rubro-negro. Contudo, ele ainda n\u00e3o tomou sua decis\u00e3o e segue sem clube.<\/p>\r\n\r\n\r\n\r\n<p>Vale destacar que o defensor tem um prazo para se acertar com o Fla. Isso porque o Mais Querido tem at\u00e9 dia 19 de setembro para inscrev\u00ea-lo na Libertadores e at\u00e9 o dia 24 para alterar a lista de jogadores no Campeonato Brasileiro. No entanto, os prazos n\u00e3o s\u00e3o suficientes para a Copa do Brasil, uma vez que o prazo de mudan\u00e7a dos inscritos se encerrou 24 horas antes do jogo de ida das quartas de final.<\/p>\r\n","protected":false},"excerpt":{"rendered":"<p>A novela sobre o pr\u00f3ximo passo na carreira de David Luiz continua. Enquanto o jogador n\u00e3o decide com qual clube acertar\u00e1, diversas fontes da m\u00eddia divulgam supostas atualiza\u00e7\u00f5es sobre o caso. Desta forma, parte das informa\u00e7\u00f5es noticiadas s\u00e3o refutadas e recha\u00e7adas com frequ\u00eancia. O zagueiro, cansado da chuva de mat\u00e9rias divulgadas com conte\u00fados incorretos, foi [&hellip;]<\/p>\n","protected":false},"author":4,"featured_media":67216,"comment_status":"open","ping_status":"closed","sticky":false,"template":"","format":"standard","meta":{"footnotes":""},"categories":[48],"tags":[],"class_list":["post-67555","post","type-post","status-publish","format-standard","has-post-thumbnail","hentry","category-negociacoes"],"yoast_head":"<!-- This site is optimized with the Yoast SEO Premium plugin v24.2 (Yoast SEO v26.9) - https:\/\/yoast.com\/product\/yoast-seo-premium-wordpress\/ -->\n<title>Em meio a especula\u00e7\u00f5es sobre sua carreira, David Luiz desabafa na web<\/title>\n<meta name=\"robots\" content=\"index, follow, max-snippet:-1, max-image-preview:large, max-video-preview:-1\" \/>\n<link rel=\"canonical\" href=\"https:\/\/www.gaveanews.com\/index.php\/2021\/09\/06\/em-meio-a-especulacoes-sobre-carreira-david-luiz-desabafa-na-web\/\" \/>\n<meta property=\"og:locale\" content=\"pt_BR\" \/>\n<meta property=\"og:type\" content=\"article\" \/>\n<meta property=\"og:title\" content=\"Em meio a especula\u00e7\u00f5es sobre sua carreira, David Luiz desabafa na web\" \/>\n<meta property=\"og:description\" content=\"A novela sobre o pr\u00f3ximo passo na carreira de David Luiz continua. Enquanto o jogador n\u00e3o decide com qual clube acertar\u00e1, diversas fontes da m\u00eddia divulgam supostas atualiza\u00e7\u00f5es sobre o caso. Desta forma, parte das informa\u00e7\u00f5es noticiadas s\u00e3o refutadas e recha\u00e7adas com frequ\u00eancia. O zagueiro, cansado da chuva de mat\u00e9rias divulgadas com conte\u00fados incorretos, foi [&hellip;]\" \/>\n<meta property=\"og:url\" content=\"https:\/\/www.gaveanews.com\/index.php\/2021\/09\/06\/em-meio-a-especulacoes-sobre-carreira-david-luiz-desabafa-na-web\/\" \/>\n<meta property=\"og:site_name\" content=\"G\u00e1vea News\" \/>\n<meta property=\"article:publisher\" content=\"https:\/\/facebook.com\/gaveaNews\/\" \/>\n<meta property=\"article:published_time\" content=\"2021-09-06T17:46:48+00:00\" \/>\n<meta property=\"article:modified_time\" content=\"2022-06-30T05:26:05+00:00\" \/>\n<meta property=\"og:image\" content=\"https:\/\/www.gaveanews.com\/wp-content\/uploads\/David-Luiz-em-acao-pelo-Arsenal.webp\" \/>\n\t<meta property=\"og:image:width\" content=\"846\" \/>\n\t<meta property=\"og:image:height\" content=\"564\" \/>\n\t<meta property=\"og:image:type\" content=\"image\/jpeg\" \/>\n<meta name=\"author\" content=\"Let\u00edcia Gerheim\" \/>\n<meta name=\"twitter:card\" content=\"summary_large_image\" \/>\n<meta name=\"twitter:label1\" content=\"Escrito por\" \/>\n\t<meta name=\"twitter:data1\" content=\"Let\u00edcia Gerheim\" \/>\n\t<meta name=\"twitter:label2\" content=\"Est. tempo de leitura\" \/>\n\t<meta name=\"twitter:data2\" content=\"2 minutos\" \/>\n<script type=\"application\/ld+json\" class=\"yoast-schema-graph\">{\"@context\":\"https:\/\/schema.org\",\"@graph\":[{\"@type\":\"NewsArticle\",\"@id\":\"https:\/\/www.gaveanews.com\/index.php\/2021\/09\/06\/em-meio-a-especulacoes-sobre-carreira-david-luiz-desabafa-na-web\/#article\",\"isPartOf\":{\"@id\":\"https:\/\/www.gaveanews.com\/index.php\/2021\/09\/06\/em-meio-a-especulacoes-sobre-carreira-david-luiz-desabafa-na-web\/\"},\"author\":{\"name\":\"Let\u00edcia Gerheim\",\"@id\":\"https:\/\/www.gaveanews.com\/#\/schema\/person\/714c67050b836198af2450ba1c142a67\"},\"headline\":\"Em meio a especula\u00e7\u00f5es sobre sua carreira, David Luiz desabafa na web\",\"datePublished\":\"2021-09-06T17:46:48+00:00\",\"dateModified\":\"2022-06-30T05:26:05+00:00\",\"mainEntityOfPage\":{\"@id\":\"https:\/\/www.gaveanews.com\/index.php\/2021\/09\/06\/em-meio-a-especulacoes-sobre-carreira-david-luiz-desabafa-na-web\/\"},\"wordCount\":274,\"commentCount\":19,\"image\":{\"@id\":\"https:\/\/www.gaveanews.com\/index.php\/2021\/09\/06\/em-meio-a-especulacoes-sobre-carreira-david-luiz-desabafa-na-web\/#primaryimage\"},\"thumbnailUrl\":\"https:\/\/www.gaveanews.com\/wp-content\/uploads\/David-Luiz-em-acao-pelo-Arsenal.webp\",\"articleSection\":[\"Negocia\u00e7\u00f5es\"],\"inLanguage\":\"pt-BR\",\"potentialAction\":[{\"@type\":\"CommentAction\",\"name\":\"Comment\",\"target\":[\"https:\/\/www.gaveanews.com\/index.php\/2021\/09\/06\/em-meio-a-especulacoes-sobre-carreira-david-luiz-desabafa-na-web\/#respond\"]}],\"copyrightYear\":\"2021\",\"copyrightHolder\":{\"@id\":\"https:\/\/www.gaveanews.com\/#organization\"}},{\"@type\":\"WebPage\",\"@id\":\"https:\/\/www.gaveanews.com\/index.php\/2021\/09\/06\/em-meio-a-especulacoes-sobre-carreira-david-luiz-desabafa-na-web\/\",\"url\":\"https:\/\/www.gaveanews.com\/index.php\/2021\/09\/06\/em-meio-a-especulacoes-sobre-carreira-david-luiz-desabafa-na-web\/\",\"name\":\"Em meio a especula\u00e7\u00f5es sobre sua carreira, David Luiz desabafa na web\",\"isPartOf\":{\"@id\":\"https:\/\/www.gaveanews.com\/#website\"},\"primaryImageOfPage\":{\"@id\":\"https:\/\/www.gaveanews.com\/index.php\/2021\/09\/06\/em-meio-a-especulacoes-sobre-carreira-david-luiz-desabafa-na-web\/#primaryimage\"},\"image\":{\"@id\":\"https:\/\/www.gaveanews.com\/index.php\/2021\/09\/06\/em-meio-a-especulacoes-sobre-carreira-david-luiz-desabafa-na-web\/#primaryimage\"},\"thumbnailUrl\":\"https:\/\/www.gaveanews.com\/wp-content\/uploads\/David-Luiz-em-acao-pelo-Arsenal.webp\",\"datePublished\":\"2021-09-06T17:46:48+00:00\",\"dateModified\":\"2022-06-30T05:26:05+00:00\",\"author\":{\"@id\":\"https:\/\/www.gaveanews.com\/#\/schema\/person\/714c67050b836198af2450ba1c142a67\"},\"breadcrumb\":{\"@id\":\"https:\/\/www.gaveanews.com\/index.php\/2021\/09\/06\/em-meio-a-especulacoes-sobre-carreira-david-luiz-desabafa-na-web\/#breadcrumb\"},\"inLanguage\":\"pt-BR\",\"potentialAction\":[{\"@type\":\"ReadAction\",\"target\":[\"https:\/\/www.gaveanews.com\/index.php\/2021\/09\/06\/em-meio-a-especulacoes-sobre-carreira-david-luiz-desabafa-na-web\/\"]}]},{\"@type\":\"ImageObject\",\"inLanguage\":\"pt-BR\",\"@id\":\"https:\/\/www.gaveanews.com\/index.php\/2021\/09\/06\/em-meio-a-especulacoes-sobre-carreira-david-luiz-desabafa-na-web\/#primaryimage\",\"url\":\"https:\/\/www.gaveanews.com\/wp-content\/uploads\/David-Luiz-em-acao-pelo-Arsenal.webp\",\"contentUrl\":\"https:\/\/www.gaveanews.com\/wp-content\/uploads\/David-Luiz-em-acao-pelo-Arsenal.webp\",\"width\":846,\"height\":564,\"caption\":\"David Luiz em a\u00e7\u00e3o pelo Arsenal (Foto: Shaun Botterill\/AFP)\"},{\"@type\":\"BreadcrumbList\",\"@id\":\"https:\/\/www.gaveanews.com\/index.php\/2021\/09\/06\/em-meio-a-especulacoes-sobre-carreira-david-luiz-desabafa-na-web\/#breadcrumb\",\"itemListElement\":[{\"@type\":\"ListItem\",\"position\":1,\"name\":\"Home\",\"item\":\"https:\/\/www.gaveanews.com\/\"},{\"@type\":\"ListItem\",\"position\":2,\"name\":\"Em meio a especula\u00e7\u00f5es sobre sua carreira, David Luiz desabafa na web\"}]},{\"@type\":\"WebSite\",\"@id\":\"https:\/\/www.gaveanews.com\/#website\",\"url\":\"https:\/\/www.gaveanews.com\/\",\"name\":\"G\u00e1vea News\",\"description\":\"Veja todas as not\u00edcias sobre o Flamengo: Contrata\u00e7\u00f5es, categorias de base, resultados das partidas, tabela de classifica\u00e7\u00e3o, pr\u00f3ximos jogos!\",\"potentialAction\":[{\"@type\":\"SearchAction\",\"target\":{\"@type\":\"EntryPoint\",\"urlTemplate\":\"https:\/\/www.gaveanews.com\/?s={search_term_string}\"},\"query-input\":{\"@type\":\"PropertyValueSpecification\",\"valueRequired\":true,\"valueName\":\"search_term_string\"}}],\"inLanguage\":\"pt-BR\"},{\"@type\":\"Person\",\"@id\":\"https:\/\/www.gaveanews.com\/#\/schema\/person\/714c67050b836198af2450ba1c142a67\",\"name\":\"Let\u00edcia Gerheim\",\"image\":{\"@type\":\"ImageObject\",\"inLanguage\":\"pt-BR\",\"@id\":\"https:\/\/www.gaveanews.com\/#\/schema\/person\/image\/\",\"url\":\"https:\/\/secure.gravatar.com\/avatar\/60734739c50fcebfbac509e2a826ccd0ff405c019bc73aab9354f19ecad1dcb4?s=96&d=mm&r=g\",\"contentUrl\":\"https:\/\/secure.gravatar.com\/avatar\/60734739c50fcebfbac509e2a826ccd0ff405c019bc73aab9354f19ecad1dcb4?s=96&d=mm&r=g\",\"caption\":\"Let\u00edcia Gerheim\"}}]}<\/script>\n<!-- \/ Yoast SEO Premium plugin. -->","yoast_head_json":{"title":"Em meio a especula\u00e7\u00f5es sobre sua carreira, David Luiz desabafa na web","robots":{"index":"index","follow":"follow","max-snippet":"max-snippet:-1","max-image-preview":"max-image-preview:large","max-video-preview":"max-video-preview:-1"},"canonical":"https:\/\/www.gaveanews.com\/index.php\/2021\/09\/06\/em-meio-a-especulacoes-sobre-carreira-david-luiz-desabafa-na-web\/","og_locale":"pt_BR","og_type":"article","og_title":"Em meio a especula\u00e7\u00f5es sobre sua carreira, David Luiz desabafa na web","og_description":"A novela sobre o pr\u00f3ximo passo na carreira de David Luiz continua. Enquanto o jogador n\u00e3o decide com qual clube acertar\u00e1, diversas fontes da m\u00eddia divulgam supostas atualiza\u00e7\u00f5es sobre o caso. Desta forma, parte das informa\u00e7\u00f5es noticiadas s\u00e3o refutadas e recha\u00e7adas com frequ\u00eancia. O zagueiro, cansado da chuva de mat\u00e9rias divulgadas com conte\u00fados incorretos, foi [&hellip;]","og_url":"https:\/\/www.gaveanews.com\/index.php\/2021\/09\/06\/em-meio-a-especulacoes-sobre-carreira-david-luiz-desabafa-na-web\/","og_site_name":"G\u00e1vea News","article_publisher":"https:\/\/facebook.com\/gaveaNews\/","article_published_time":"2021-09-06T17:46:48+00:00","article_modified_time":"2022-06-30T05:26:05+00:00","og_image":[{"width":846,"height":564,"url":"https:\/\/www.gaveanews.com\/wp-content\/uploads\/David-Luiz-em-acao-pelo-Arsenal.webp","type":"image\/jpeg"}],"author":"Let\u00edcia Gerheim","twitter_card":"summary_large_image","twitter_misc":{"Escrito por":"Let\u00edcia Gerheim","Est. tempo de leitura":"2 minutos"},"schema":{"@context":"https:\/\/schema.org","@graph":[{"@type":"NewsArticle","@id":"https:\/\/www.gaveanews.com\/index.php\/2021\/09\/06\/em-meio-a-especulacoes-sobre-carreira-david-luiz-desabafa-na-web\/#article","isPartOf":{"@id":"https:\/\/www.gaveanews.com\/index.php\/2021\/09\/06\/em-meio-a-especulacoes-sobre-carreira-david-luiz-desabafa-na-web\/"},"author":{"name":"Let\u00edcia Gerheim","@id":"https:\/\/www.gaveanews.com\/#\/schema\/person\/714c67050b836198af2450ba1c142a67"},"headline":"Em meio a especula\u00e7\u00f5es sobre sua carreira, David Luiz desabafa na web","datePublished":"2021-09-06T17:46:48+00:00","dateModified":"2022-06-30T05:26:05+00:00","mainEntityOfPage":{"@id":"https:\/\/www.gaveanews.com\/index.php\/2021\/09\/06\/em-meio-a-especulacoes-sobre-carreira-david-luiz-desabafa-na-web\/"},"wordCount":274,"commentCount":19,"image":{"@id":"https:\/\/www.gaveanews.com\/index.php\/2021\/09\/06\/em-meio-a-especulacoes-sobre-carreira-david-luiz-desabafa-na-web\/#primaryimage"},"thumbnailUrl":"https:\/\/www.gaveanews.com\/wp-content\/uploads\/David-Luiz-em-acao-pelo-Arsenal.webp","articleSection":["Negocia\u00e7\u00f5es"],"inLanguage":"pt-BR","potentialAction":[{"@type":"CommentAction","name":"Comment","target":["https:\/\/www.gaveanews.com\/index.php\/2021\/09\/06\/em-meio-a-especulacoes-sobre-carreira-david-luiz-desabafa-na-web\/#respond"]}],"copyrightYear":"2021","copyrightHolder":{"@id":"https:\/\/www.gaveanews.com\/#organization"}},{"@type":"WebPage","@id":"https:\/\/www.gaveanews.com\/index.php\/2021\/09\/06\/em-meio-a-especulacoes-sobre-carreira-david-luiz-desabafa-na-web\/","url":"https:\/\/www.gaveanews.com\/index.php\/2021\/09\/06\/em-meio-a-especulacoes-sobre-carreira-david-luiz-desabafa-na-web\/","name":"Em meio a especula\u00e7\u00f5es sobre sua carreira, David Luiz desabafa na web","isPartOf":{"@id":"https:\/\/www.gaveanews.com\/#website"},"primaryImageOfPage":{"@id":"https:\/\/www.gaveanews.com\/index.php\/2021\/09\/06\/em-meio-a-especulacoes-sobre-carreira-david-luiz-desabafa-na-web\/#primaryimage"},"image":{"@id":"https:\/\/www.gaveanews.com\/index.php\/2021\/09\/06\/em-meio-a-especulacoes-sobre-carreira-david-luiz-desabafa-na-web\/#primaryimage"},"thumbnailUrl":"https:\/\/www.gaveanews.com\/wp-content\/uploads\/David-Luiz-em-acao-pelo-Arsenal.webp","datePublished":"2021-09-06T17:46:48+00:00","dateModified":"2022-06-30T05:26:05+00:00","author":{"@id":"https:\/\/www.gaveanews.com\/#\/schema\/person\/714c67050b836198af2450ba1c142a67"},"breadcrumb":{"@id":"https:\/\/www.gaveanews.com\/index.php\/2021\/09\/06\/em-meio-a-especulacoes-sobre-carreira-david-luiz-desabafa-na-web\/#breadcrumb"},"inLanguage":"pt-BR","potentialAction":[{"@type":"ReadAction","target":["https:\/\/www.gaveanews.com\/index.php\/2021\/09\/06\/em-meio-a-especulacoes-sobre-carreira-david-luiz-desabafa-na-web\/"]}]},{"@type":"ImageObject","inLanguage":"pt-BR","@id":"https:\/\/www.gaveanews.com\/index.php\/2021\/09\/06\/em-meio-a-especulacoes-sobre-carreira-david-luiz-desabafa-na-web\/#primaryimage","url":"https:\/\/www.gaveanews.com\/wp-content\/uploads\/David-Luiz-em-acao-pelo-Arsenal.webp","contentUrl":"https:\/\/www.gaveanews.com\/wp-content\/uploads\/David-Luiz-em-acao-pelo-Arsenal.webp","width":846,"height":564,"caption":"David Luiz em a\u00e7\u00e3o pelo Arsenal (Foto: Shaun Botterill\/AFP)"},{"@type":"BreadcrumbList","@id":"https:\/\/www.gaveanews.com\/index.php\/2021\/09\/06\/em-meio-a-especulacoes-sobre-carreira-david-luiz-desabafa-na-web\/#breadcrumb","itemListElement":[{"@type":"ListItem","position":1,"name":"Home","item":"https:\/\/www.gaveanews.com\/"},{"@type":"ListItem","position":2,"name":"Em meio a especula\u00e7\u00f5es sobre sua carreira, David Luiz desabafa na web"}]},{"@type":"WebSite","@id":"https:\/\/www.gaveanews.com\/#website","url":"https:\/\/www.gaveanews.com\/","name":"G\u00e1vea News","description":"Veja todas as not\u00edcias sobre o Flamengo: Contrata\u00e7\u00f5es, categorias de base, resultados das partidas, tabela de classifica\u00e7\u00e3o, pr\u00f3ximos jogos!","potentialAction":[{"@type":"SearchAction","target":{"@type":"EntryPoint","urlTemplate":"https:\/\/www.gaveanews.com\/?s={search_term_string}"},"query-input":{"@type":"PropertyValueSpecification","valueRequired":true,"valueName":"search_term_string"}}],"inLanguage":"pt-BR"},{"@type":"Person","@id":"https:\/\/www.gaveanews.com\/#\/schema\/person\/714c67050b836198af2450ba1c142a67","name":"Let\u00edcia Gerheim","image":{"@type":"ImageObject","inLanguage":"pt-BR","@id":"https:\/\/www.gaveanews.com\/#\/schema\/person\/image\/","url":"https:\/\/secure.gravatar.com\/avatar\/60734739c50fcebfbac509e2a826ccd0ff405c019bc73aab9354f19ecad1dcb4?s=96&d=mm&r=g","contentUrl":"https:\/\/secure.gravatar.com\/avatar\/60734739c50fcebfbac509e2a826ccd0ff405c019bc73aab9354f19ecad1dcb4?s=96&d=mm&r=g","caption":"Let\u00edcia Gerheim"}}]}},"_links":{"self":[{"href":"https:\/\/www.gaveanews.com\/index.php\/wp-json\/wp\/v2\/posts\/67555","targetHints":{"allow":["GET"]}}],"collection":[{"href":"https:\/\/www.gaveanews.com\/index.php\/wp-json\/wp\/v2\/posts"}],"about":[{"href":"https:\/\/www.gaveanews.com\/index.php\/wp-json\/wp\/v2\/types\/post"}],"author":[{"embeddable":true,"href":"https:\/\/www.gaveanews.com\/index.php\/wp-json\/wp\/v2\/users\/4"}],"replies":[{"embeddable":true,"href":"https:\/\/www.gaveanews.com\/index.php\/wp-json\/wp\/v2\/comments?post=67555"}],"version-history":[{"count":0,"href":"https:\/\/www.gaveanews.com\/index.php\/wp-json\/wp\/v2\/posts\/67555\/revisions"}],"wp:featuredmedia":[{"embeddable":true,"href":"https:\/\/www.gaveanews.com\/index.php\/wp-json\/wp\/v2\/media\/67216"}],"wp:attachment":[{"href":"https:\/\/www.gaveanews.com\/index.php\/wp-json\/wp\/v2\/media?parent=67555"}],"wp:term":[{"taxonomy":"category","embeddable":true,"href":"https:\/\/www.gaveanews.com\/index.php\/wp-json\/wp\/v2\/categories?post=67555"},{"taxonomy":"post_tag","embeddable":true,"href":"https:\/\/www.gaveanews.com\/index.php\/wp-json\/wp\/v2\/tags?post=67555"}],"curies":[{"name":"wp","href":"https:\/\/api.w.org\/{rel}","templated":true}]}}