{"id":67590,"date":"2021-09-06T20:25:05","date_gmt":"2021-09-06T23:25:05","guid":{"rendered":"https:\/\/www.gaveanews.com\/?p=67590"},"modified":"2021-09-06T20:25:08","modified_gmt":"2021-09-06T23:25:08","slug":"flamengo-prioriza-renovacao-de-arrascaeta-david-luiz-fica-em-segundo-plano","status":"publish","type":"post","link":"https:\/\/www.gaveanews.com\/index.php\/2021\/09\/06\/flamengo-prioriza-renovacao-de-arrascaeta-david-luiz-fica-em-segundo-plano\/","title":{"rendered":"Flamengo prioriza renova\u00e7\u00e3o de Arrascaeta; David Luiz fica em segundo plano"},"content":{"rendered":"\n<p>A diretoria do Flamengo definiu o planejamento das pr\u00f3ximas semanas. Em negocia\u00e7\u00e3o com David Luiz, o Rubro-Negro ainda n\u00e3o formalizou uma proposta para contrat\u00e1-lo. A raz\u00e3o disso \u00e9 que a prioridade da c\u00fapula carioca \u00e9 acertar a renova\u00e7\u00e3o de Arrascaeta. A informa\u00e7\u00e3o \u00e9 do jornalista Ven\u00ea Casagrande.<\/p>\n\n\n\n<p>O acordo salarial e tempo de contrato j\u00e1 est\u00e3o fechados. O aumento seria de 40% e o novo v\u00ednculo teria dura\u00e7\u00e3o at\u00e9 2026. No entanto, a renova\u00e7\u00e3o ainda n\u00e3o foi sacramentada porque o empres\u00e1rio do jogador exige que o Flamengo compre 25% dos direitos econ\u00f4micos do atleta, que custaria entre 5 e 7 milh\u00f5es de euros.<\/p>\n\n\n\n<p>Sendo assim, as negocia\u00e7\u00f5es continuam, mas h\u00e1 um clima de otimismo, j\u00e1 que ambas as partes entendem que o melhor para o futuro de Arrascaeta \u00e9 permanecer no Flamengo. Ainda assim, o clube n\u00e3o desistiu de David Luiz. O zagueiro segue sendo monitorado e tamb\u00e9m pode ser contratado em breve.<\/p>\n\n\n\n<p>No entanto, o clube carioca n\u00e3o est\u00e1 disposto a comprometer o or\u00e7amento para trazer o ex-jogador do Arsenal. Al\u00e9m disso, pela quest\u00e3o financeira, a contrata\u00e7\u00e3o de David Luiz n\u00e3o \u00e9 unanimidade na diretoria do Flamengo. Dessa forma, o brasileiro ter\u00e1 que reduzir consideravelmente seus vencimentos para jogar no Brasil.<\/p>\n\n\n\n<p>Retirado de: Mercado do Futebol<\/p>\n","protected":false},"excerpt":{"rendered":"<p>A diretoria do Flamengo definiu o planejamento das pr\u00f3ximas semanas. Em negocia\u00e7\u00e3o com David Luiz, o Rubro-Negro ainda n\u00e3o formalizou uma proposta para contrat\u00e1-lo. A raz\u00e3o disso \u00e9 que a prioridade da c\u00fapula carioca \u00e9 acertar a renova\u00e7\u00e3o de Arrascaeta. A informa\u00e7\u00e3o \u00e9 do jornalista Ven\u00ea Casagrande. O acordo salarial e tempo de contrato j\u00e1 [&hellip;]<\/p>\n","protected":false},"author":1,"featured_media":58607,"comment_status":"open","ping_status":"closed","sticky":false,"template":"","format":"standard","meta":{"footnotes":""},"categories":[48],"tags":[],"class_list":["post-67590","post","type-post","status-publish","format-standard","has-post-thumbnail","hentry","category-negociacoes"],"yoast_head":"<!-- This site is optimized with the Yoast SEO Premium plugin v24.2 (Yoast SEO v26.9) - https:\/\/yoast.com\/product\/yoast-seo-premium-wordpress\/ -->\n<title>Flamengo prioriza renova\u00e7\u00e3o com De Arrascaeta; David Luiz fica &quot;de lado&quot;<\/title>\n<meta name=\"robots\" content=\"index, follow, max-snippet:-1, max-image-preview:large, max-video-preview:-1\" \/>\n<link rel=\"canonical\" href=\"https:\/\/www.gaveanews.com\/index.php\/2021\/09\/06\/flamengo-prioriza-renovacao-de-arrascaeta-david-luiz-fica-em-segundo-plano\/\" \/>\n<meta property=\"og:locale\" content=\"pt_BR\" \/>\n<meta property=\"og:type\" content=\"article\" \/>\n<meta property=\"og:title\" content=\"Flamengo prioriza renova\u00e7\u00e3o de Arrascaeta; David Luiz fica em segundo plano\" \/>\n<meta property=\"og:description\" content=\"A diretoria do Flamengo definiu o planejamento das pr\u00f3ximas semanas. Em negocia\u00e7\u00e3o com David Luiz, o Rubro-Negro ainda n\u00e3o formalizou uma proposta para contrat\u00e1-lo. A raz\u00e3o disso \u00e9 que a prioridade da c\u00fapula carioca \u00e9 acertar a renova\u00e7\u00e3o de Arrascaeta. A informa\u00e7\u00e3o \u00e9 do jornalista Ven\u00ea Casagrande. O acordo salarial e tempo de contrato j\u00e1 [&hellip;]\" \/>\n<meta property=\"og:url\" content=\"https:\/\/www.gaveanews.com\/index.php\/2021\/09\/06\/flamengo-prioriza-renovacao-de-arrascaeta-david-luiz-fica-em-segundo-plano\/\" \/>\n<meta property=\"og:site_name\" content=\"G\u00e1vea News\" \/>\n<meta property=\"article:publisher\" content=\"https:\/\/facebook.com\/gaveaNews\/\" \/>\n<meta property=\"article:published_time\" content=\"2021-09-06T23:25:05+00:00\" \/>\n<meta property=\"article:modified_time\" content=\"2021-09-06T23:25:08+00:00\" \/>\n<meta property=\"og:image\" content=\"https:\/\/www.gaveanews.com\/wp-content\/uploads\/De-Arrascaeta-em-acao-pelo-Flamengo-durante-o-jogo-contra-o-Bangu-no-Campeonato-Carioca-de-2021.webp\" \/>\n\t<meta property=\"og:image:width\" content=\"800\" \/>\n\t<meta property=\"og:image:height\" content=\"533\" \/>\n\t<meta property=\"og:image:type\" content=\"image\/jpeg\" \/>\n<meta name=\"author\" content=\"Equipe G\u00e1vea News\" \/>\n<meta name=\"twitter:card\" content=\"summary_large_image\" \/>\n<meta name=\"twitter:label1\" content=\"Escrito por\" \/>\n\t<meta name=\"twitter:data1\" content=\"Equipe G\u00e1vea News\" \/>\n\t<meta name=\"twitter:label2\" content=\"Est. tempo de leitura\" \/>\n\t<meta name=\"twitter:data2\" content=\"1 minuto\" \/>\n<script type=\"application\/ld+json\" class=\"yoast-schema-graph\">{\"@context\":\"https:\/\/schema.org\",\"@graph\":[{\"@type\":\"NewsArticle\",\"@id\":\"https:\/\/www.gaveanews.com\/index.php\/2021\/09\/06\/flamengo-prioriza-renovacao-de-arrascaeta-david-luiz-fica-em-segundo-plano\/#article\",\"isPartOf\":{\"@id\":\"https:\/\/www.gaveanews.com\/index.php\/2021\/09\/06\/flamengo-prioriza-renovacao-de-arrascaeta-david-luiz-fica-em-segundo-plano\/\"},\"author\":{\"name\":\"Equipe G\u00e1vea News\",\"@id\":\"https:\/\/www.gaveanews.com\/#\/schema\/person\/2ec14f73fb96be2caf28f91afb14749d\"},\"headline\":\"Flamengo prioriza renova\u00e7\u00e3o de Arrascaeta; David Luiz fica em segundo plano\",\"datePublished\":\"2021-09-06T23:25:05+00:00\",\"dateModified\":\"2021-09-06T23:25:08+00:00\",\"mainEntityOfPage\":{\"@id\":\"https:\/\/www.gaveanews.com\/index.php\/2021\/09\/06\/flamengo-prioriza-renovacao-de-arrascaeta-david-luiz-fica-em-segundo-plano\/\"},\"wordCount\":234,\"commentCount\":12,\"image\":{\"@id\":\"https:\/\/www.gaveanews.com\/index.php\/2021\/09\/06\/flamengo-prioriza-renovacao-de-arrascaeta-david-luiz-fica-em-segundo-plano\/#primaryimage\"},\"thumbnailUrl\":\"https:\/\/www.gaveanews.com\/wp-content\/uploads\/De-Arrascaeta-em-acao-pelo-Flamengo-durante-o-jogo-contra-o-Bangu-no-Campeonato-Carioca-de-2021.webp\",\"articleSection\":[\"Negocia\u00e7\u00f5es\"],\"inLanguage\":\"pt-BR\",\"potentialAction\":[{\"@type\":\"CommentAction\",\"name\":\"Comment\",\"target\":[\"https:\/\/www.gaveanews.com\/index.php\/2021\/09\/06\/flamengo-prioriza-renovacao-de-arrascaeta-david-luiz-fica-em-segundo-plano\/#respond\"]}],\"copyrightYear\":\"2021\",\"copyrightHolder\":{\"@id\":\"https:\/\/www.gaveanews.com\/#organization\"}},{\"@type\":\"WebPage\",\"@id\":\"https:\/\/www.gaveanews.com\/index.php\/2021\/09\/06\/flamengo-prioriza-renovacao-de-arrascaeta-david-luiz-fica-em-segundo-plano\/\",\"url\":\"https:\/\/www.gaveanews.com\/index.php\/2021\/09\/06\/flamengo-prioriza-renovacao-de-arrascaeta-david-luiz-fica-em-segundo-plano\/\",\"name\":\"Flamengo prioriza renova\u00e7\u00e3o com De Arrascaeta; David Luiz fica \\\"de lado\\\"\",\"isPartOf\":{\"@id\":\"https:\/\/www.gaveanews.com\/#website\"},\"primaryImageOfPage\":{\"@id\":\"https:\/\/www.gaveanews.com\/index.php\/2021\/09\/06\/flamengo-prioriza-renovacao-de-arrascaeta-david-luiz-fica-em-segundo-plano\/#primaryimage\"},\"image\":{\"@id\":\"https:\/\/www.gaveanews.com\/index.php\/2021\/09\/06\/flamengo-prioriza-renovacao-de-arrascaeta-david-luiz-fica-em-segundo-plano\/#primaryimage\"},\"thumbnailUrl\":\"https:\/\/www.gaveanews.com\/wp-content\/uploads\/De-Arrascaeta-em-acao-pelo-Flamengo-durante-o-jogo-contra-o-Bangu-no-Campeonato-Carioca-de-2021.webp\",\"datePublished\":\"2021-09-06T23:25:05+00:00\",\"dateModified\":\"2021-09-06T23:25:08+00:00\",\"author\":{\"@id\":\"https:\/\/www.gaveanews.com\/#\/schema\/person\/2ec14f73fb96be2caf28f91afb14749d\"},\"breadcrumb\":{\"@id\":\"https:\/\/www.gaveanews.com\/index.php\/2021\/09\/06\/flamengo-prioriza-renovacao-de-arrascaeta-david-luiz-fica-em-segundo-plano\/#breadcrumb\"},\"inLanguage\":\"pt-BR\",\"potentialAction\":[{\"@type\":\"ReadAction\",\"target\":[\"https:\/\/www.gaveanews.com\/index.php\/2021\/09\/06\/flamengo-prioriza-renovacao-de-arrascaeta-david-luiz-fica-em-segundo-plano\/\"]}]},{\"@type\":\"ImageObject\",\"inLanguage\":\"pt-BR\",\"@id\":\"https:\/\/www.gaveanews.com\/index.php\/2021\/09\/06\/flamengo-prioriza-renovacao-de-arrascaeta-david-luiz-fica-em-segundo-plano\/#primaryimage\",\"url\":\"https:\/\/www.gaveanews.com\/wp-content\/uploads\/De-Arrascaeta-em-acao-pelo-Flamengo-durante-o-jogo-contra-o-Bangu-no-Campeonato-Carioca-de-2021.webp\",\"contentUrl\":\"https:\/\/www.gaveanews.com\/wp-content\/uploads\/De-Arrascaeta-em-acao-pelo-Flamengo-durante-o-jogo-contra-o-Bangu-no-Campeonato-Carioca-de-2021.webp\",\"width\":800,\"height\":533,\"caption\":\"De Arrascaeta em a\u00e7\u00e3o pelo Flamengo durante o jogo contra o Bangu no Campeonato Carioca de 2021 (Foto: Marcelo Cortes\/Flamengo)\"},{\"@type\":\"BreadcrumbList\",\"@id\":\"https:\/\/www.gaveanews.com\/index.php\/2021\/09\/06\/flamengo-prioriza-renovacao-de-arrascaeta-david-luiz-fica-em-segundo-plano\/#breadcrumb\",\"itemListElement\":[{\"@type\":\"ListItem\",\"position\":1,\"name\":\"Home\",\"item\":\"https:\/\/www.gaveanews.com\/\"},{\"@type\":\"ListItem\",\"position\":2,\"name\":\"Flamengo prioriza renova\u00e7\u00e3o de Arrascaeta; David Luiz fica em segundo plano\"}]},{\"@type\":\"WebSite\",\"@id\":\"https:\/\/www.gaveanews.com\/#website\",\"url\":\"https:\/\/www.gaveanews.com\/\",\"name\":\"G\u00e1vea News\",\"description\":\"Veja todas as not\u00edcias sobre o Flamengo: Contrata\u00e7\u00f5es, categorias de base, resultados das partidas, tabela de classifica\u00e7\u00e3o, pr\u00f3ximos jogos!\",\"potentialAction\":[{\"@type\":\"SearchAction\",\"target\":{\"@type\":\"EntryPoint\",\"urlTemplate\":\"https:\/\/www.gaveanews.com\/?s={search_term_string}\"},\"query-input\":{\"@type\":\"PropertyValueSpecification\",\"valueRequired\":true,\"valueName\":\"search_term_string\"}}],\"inLanguage\":\"pt-BR\"},{\"@type\":\"Person\",\"@id\":\"https:\/\/www.gaveanews.com\/#\/schema\/person\/2ec14f73fb96be2caf28f91afb14749d\",\"name\":\"Equipe G\u00e1vea News\",\"image\":{\"@type\":\"ImageObject\",\"inLanguage\":\"pt-BR\",\"@id\":\"https:\/\/www.gaveanews.com\/#\/schema\/person\/image\/\",\"url\":\"https:\/\/secure.gravatar.com\/avatar\/1e1956f1facbffd3f8fa53a326721950116b3b9dc9bd44939c01180fd4a745a9?s=96&d=mm&r=g\",\"contentUrl\":\"https:\/\/secure.gravatar.com\/avatar\/1e1956f1facbffd3f8fa53a326721950116b3b9dc9bd44939c01180fd4a745a9?s=96&d=mm&r=g\",\"caption\":\"Equipe G\u00e1vea News\"}}]}<\/script>\n<!-- \/ Yoast SEO Premium plugin. -->","yoast_head_json":{"title":"Flamengo prioriza renova\u00e7\u00e3o com De Arrascaeta; David Luiz fica \"de lado\"","robots":{"index":"index","follow":"follow","max-snippet":"max-snippet:-1","max-image-preview":"max-image-preview:large","max-video-preview":"max-video-preview:-1"},"canonical":"https:\/\/www.gaveanews.com\/index.php\/2021\/09\/06\/flamengo-prioriza-renovacao-de-arrascaeta-david-luiz-fica-em-segundo-plano\/","og_locale":"pt_BR","og_type":"article","og_title":"Flamengo prioriza renova\u00e7\u00e3o de Arrascaeta; David Luiz fica em segundo plano","og_description":"A diretoria do Flamengo definiu o planejamento das pr\u00f3ximas semanas. Em negocia\u00e7\u00e3o com David Luiz, o Rubro-Negro ainda n\u00e3o formalizou uma proposta para contrat\u00e1-lo. A raz\u00e3o disso \u00e9 que a prioridade da c\u00fapula carioca \u00e9 acertar a renova\u00e7\u00e3o de Arrascaeta. A informa\u00e7\u00e3o \u00e9 do jornalista Ven\u00ea Casagrande. O acordo salarial e tempo de contrato j\u00e1 [&hellip;]","og_url":"https:\/\/www.gaveanews.com\/index.php\/2021\/09\/06\/flamengo-prioriza-renovacao-de-arrascaeta-david-luiz-fica-em-segundo-plano\/","og_site_name":"G\u00e1vea News","article_publisher":"https:\/\/facebook.com\/gaveaNews\/","article_published_time":"2021-09-06T23:25:05+00:00","article_modified_time":"2021-09-06T23:25:08+00:00","og_image":[{"width":800,"height":533,"url":"https:\/\/www.gaveanews.com\/wp-content\/uploads\/De-Arrascaeta-em-acao-pelo-Flamengo-durante-o-jogo-contra-o-Bangu-no-Campeonato-Carioca-de-2021.webp","type":"image\/jpeg"}],"author":"Equipe G\u00e1vea News","twitter_card":"summary_large_image","twitter_misc":{"Escrito por":"Equipe G\u00e1vea News","Est. tempo de leitura":"1 minuto"},"schema":{"@context":"https:\/\/schema.org","@graph":[{"@type":"NewsArticle","@id":"https:\/\/www.gaveanews.com\/index.php\/2021\/09\/06\/flamengo-prioriza-renovacao-de-arrascaeta-david-luiz-fica-em-segundo-plano\/#article","isPartOf":{"@id":"https:\/\/www.gaveanews.com\/index.php\/2021\/09\/06\/flamengo-prioriza-renovacao-de-arrascaeta-david-luiz-fica-em-segundo-plano\/"},"author":{"name":"Equipe G\u00e1vea News","@id":"https:\/\/www.gaveanews.com\/#\/schema\/person\/2ec14f73fb96be2caf28f91afb14749d"},"headline":"Flamengo prioriza renova\u00e7\u00e3o de Arrascaeta; David Luiz fica em segundo plano","datePublished":"2021-09-06T23:25:05+00:00","dateModified":"2021-09-06T23:25:08+00:00","mainEntityOfPage":{"@id":"https:\/\/www.gaveanews.com\/index.php\/2021\/09\/06\/flamengo-prioriza-renovacao-de-arrascaeta-david-luiz-fica-em-segundo-plano\/"},"wordCount":234,"commentCount":12,"image":{"@id":"https:\/\/www.gaveanews.com\/index.php\/2021\/09\/06\/flamengo-prioriza-renovacao-de-arrascaeta-david-luiz-fica-em-segundo-plano\/#primaryimage"},"thumbnailUrl":"https:\/\/www.gaveanews.com\/wp-content\/uploads\/De-Arrascaeta-em-acao-pelo-Flamengo-durante-o-jogo-contra-o-Bangu-no-Campeonato-Carioca-de-2021.webp","articleSection":["Negocia\u00e7\u00f5es"],"inLanguage":"pt-BR","potentialAction":[{"@type":"CommentAction","name":"Comment","target":["https:\/\/www.gaveanews.com\/index.php\/2021\/09\/06\/flamengo-prioriza-renovacao-de-arrascaeta-david-luiz-fica-em-segundo-plano\/#respond"]}],"copyrightYear":"2021","copyrightHolder":{"@id":"https:\/\/www.gaveanews.com\/#organization"}},{"@type":"WebPage","@id":"https:\/\/www.gaveanews.com\/index.php\/2021\/09\/06\/flamengo-prioriza-renovacao-de-arrascaeta-david-luiz-fica-em-segundo-plano\/","url":"https:\/\/www.gaveanews.com\/index.php\/2021\/09\/06\/flamengo-prioriza-renovacao-de-arrascaeta-david-luiz-fica-em-segundo-plano\/","name":"Flamengo prioriza renova\u00e7\u00e3o com De Arrascaeta; David Luiz fica \"de lado\"","isPartOf":{"@id":"https:\/\/www.gaveanews.com\/#website"},"primaryImageOfPage":{"@id":"https:\/\/www.gaveanews.com\/index.php\/2021\/09\/06\/flamengo-prioriza-renovacao-de-arrascaeta-david-luiz-fica-em-segundo-plano\/#primaryimage"},"image":{"@id":"https:\/\/www.gaveanews.com\/index.php\/2021\/09\/06\/flamengo-prioriza-renovacao-de-arrascaeta-david-luiz-fica-em-segundo-plano\/#primaryimage"},"thumbnailUrl":"https:\/\/www.gaveanews.com\/wp-content\/uploads\/De-Arrascaeta-em-acao-pelo-Flamengo-durante-o-jogo-contra-o-Bangu-no-Campeonato-Carioca-de-2021.webp","datePublished":"2021-09-06T23:25:05+00:00","dateModified":"2021-09-06T23:25:08+00:00","author":{"@id":"https:\/\/www.gaveanews.com\/#\/schema\/person\/2ec14f73fb96be2caf28f91afb14749d"},"breadcrumb":{"@id":"https:\/\/www.gaveanews.com\/index.php\/2021\/09\/06\/flamengo-prioriza-renovacao-de-arrascaeta-david-luiz-fica-em-segundo-plano\/#breadcrumb"},"inLanguage":"pt-BR","potentialAction":[{"@type":"ReadAction","target":["https:\/\/www.gaveanews.com\/index.php\/2021\/09\/06\/flamengo-prioriza-renovacao-de-arrascaeta-david-luiz-fica-em-segundo-plano\/"]}]},{"@type":"ImageObject","inLanguage":"pt-BR","@id":"https:\/\/www.gaveanews.com\/index.php\/2021\/09\/06\/flamengo-prioriza-renovacao-de-arrascaeta-david-luiz-fica-em-segundo-plano\/#primaryimage","url":"https:\/\/www.gaveanews.com\/wp-content\/uploads\/De-Arrascaeta-em-acao-pelo-Flamengo-durante-o-jogo-contra-o-Bangu-no-Campeonato-Carioca-de-2021.webp","contentUrl":"https:\/\/www.gaveanews.com\/wp-content\/uploads\/De-Arrascaeta-em-acao-pelo-Flamengo-durante-o-jogo-contra-o-Bangu-no-Campeonato-Carioca-de-2021.webp","width":800,"height":533,"caption":"De Arrascaeta em a\u00e7\u00e3o pelo Flamengo durante o jogo contra o Bangu no Campeonato Carioca de 2021 (Foto: Marcelo Cortes\/Flamengo)"},{"@type":"BreadcrumbList","@id":"https:\/\/www.gaveanews.com\/index.php\/2021\/09\/06\/flamengo-prioriza-renovacao-de-arrascaeta-david-luiz-fica-em-segundo-plano\/#breadcrumb","itemListElement":[{"@type":"ListItem","position":1,"name":"Home","item":"https:\/\/www.gaveanews.com\/"},{"@type":"ListItem","position":2,"name":"Flamengo prioriza renova\u00e7\u00e3o de Arrascaeta; David Luiz fica em segundo plano"}]},{"@type":"WebSite","@id":"https:\/\/www.gaveanews.com\/#website","url":"https:\/\/www.gaveanews.com\/","name":"G\u00e1vea News","description":"Veja todas as not\u00edcias sobre o Flamengo: Contrata\u00e7\u00f5es, categorias de base, resultados das partidas, tabela de classifica\u00e7\u00e3o, pr\u00f3ximos jogos!","potentialAction":[{"@type":"SearchAction","target":{"@type":"EntryPoint","urlTemplate":"https:\/\/www.gaveanews.com\/?s={search_term_string}"},"query-input":{"@type":"PropertyValueSpecification","valueRequired":true,"valueName":"search_term_string"}}],"inLanguage":"pt-BR"},{"@type":"Person","@id":"https:\/\/www.gaveanews.com\/#\/schema\/person\/2ec14f73fb96be2caf28f91afb14749d","name":"Equipe G\u00e1vea News","image":{"@type":"ImageObject","inLanguage":"pt-BR","@id":"https:\/\/www.gaveanews.com\/#\/schema\/person\/image\/","url":"https:\/\/secure.gravatar.com\/avatar\/1e1956f1facbffd3f8fa53a326721950116b3b9dc9bd44939c01180fd4a745a9?s=96&d=mm&r=g","contentUrl":"https:\/\/secure.gravatar.com\/avatar\/1e1956f1facbffd3f8fa53a326721950116b3b9dc9bd44939c01180fd4a745a9?s=96&d=mm&r=g","caption":"Equipe G\u00e1vea News"}}]}},"_links":{"self":[{"href":"https:\/\/www.gaveanews.com\/index.php\/wp-json\/wp\/v2\/posts\/67590","targetHints":{"allow":["GET"]}}],"collection":[{"href":"https:\/\/www.gaveanews.com\/index.php\/wp-json\/wp\/v2\/posts"}],"about":[{"href":"https:\/\/www.gaveanews.com\/index.php\/wp-json\/wp\/v2\/types\/post"}],"author":[{"embeddable":true,"href":"https:\/\/www.gaveanews.com\/index.php\/wp-json\/wp\/v2\/users\/1"}],"replies":[{"embeddable":true,"href":"https:\/\/www.gaveanews.com\/index.php\/wp-json\/wp\/v2\/comments?post=67590"}],"version-history":[{"count":0,"href":"https:\/\/www.gaveanews.com\/index.php\/wp-json\/wp\/v2\/posts\/67590\/revisions"}],"wp:featuredmedia":[{"embeddable":true,"href":"https:\/\/www.gaveanews.com\/index.php\/wp-json\/wp\/v2\/media\/58607"}],"wp:attachment":[{"href":"https:\/\/www.gaveanews.com\/index.php\/wp-json\/wp\/v2\/media?parent=67590"}],"wp:term":[{"taxonomy":"category","embeddable":true,"href":"https:\/\/www.gaveanews.com\/index.php\/wp-json\/wp\/v2\/categories?post=67590"},{"taxonomy":"post_tag","embeddable":true,"href":"https:\/\/www.gaveanews.com\/index.php\/wp-json\/wp\/v2\/tags?post=67590"}],"curies":[{"name":"wp","href":"https:\/\/api.w.org\/{rel}","templated":true}]}}