{"id":67610,"date":"2021-09-07T11:34:00","date_gmt":"2021-09-07T14:34:00","guid":{"rendered":"https:\/\/www.gaveanews.com\/?p=67610"},"modified":"2021-09-07T11:43:41","modified_gmt":"2021-09-07T14:43:41","slug":"flamengo-pode-fechar-com-david-luiz-nesta-semana","status":"publish","type":"post","link":"https:\/\/www.gaveanews.com\/index.php\/2021\/09\/07\/flamengo-pode-fechar-com-david-luiz-nesta-semana\/","title":{"rendered":"Flamengo pode fechar com David Luiz nesta semana"},"content":{"rendered":"\n<p>O Flamengo segue em compasso de espera, mas sabe que as poss\u00edveis propostas da Europa, de Benfica e Olympique de Marselha, t\u00eam a cada hora menos possibilidade de se confirmarem. Por isso, neste momento o destino mais prov\u00e1vel de David Luiz \u00e9 o Ninho do Urubu. Segundo agentes que participam do neg\u00f3cio, h\u00e1 concorr\u00eancia de outros times do Brasil, mas o Flamengo \u00e9 o favorito.<\/p>\n\n\n\n<p>Nas \u00faltimas horas, discutiu-se tamb\u00e9m os valores que receber\u00e1, se acertar seu contrato. De sal\u00e1rio, n\u00e3o ser\u00e1 mais do que os atacantes. Mas existe uma diferen\u00e7a entre um jogador que chega de gra\u00e7a, sem pagamento da rescis\u00e3o ao antigo empregador, e algu\u00e9m, como Gabigol, por quem o Flamengo pagou perto de 18 milh\u00f5es de euros.<\/p>\n\n\n\n<p><strong>O valor que seria pago pela rescis\u00e3o, ou uma parte disso, \u00e9 normalmente parcelado no formato de luvas.<\/strong><\/p>\n\n\n\n<p>Jorge Jesus pretendia contar com David Luiz na atual temporada, mas esbarrou na restri\u00e7\u00e3o da diretoria, presidida por Rui Costa, que n\u00e3o pretende ter tr\u00eas zagueiros acima dos 30 anos. David Luiz est\u00e1 com 34, como o belga Vertonghen, um ano mais velho do que o argentino Otamendi, tamb\u00e9m parte do elenco.<\/p>\n\n\n\n<p>A negocia\u00e7\u00e3o pode ter desfecho favor\u00e1vel ao Flamengo at\u00e9 o final desta semana.<\/p>\n\n\n\n<p>Retirado de: Globo Esporte<\/p>\n","protected":false},"excerpt":{"rendered":"<p>O Flamengo segue em compasso de espera, mas sabe que as poss\u00edveis propostas da Europa, de Benfica e Olympique de Marselha, t\u00eam a cada hora menos possibilidade de se confirmarem. Por isso, neste momento o destino mais prov\u00e1vel de David Luiz \u00e9 o Ninho do Urubu. Segundo agentes que participam do neg\u00f3cio, h\u00e1 concorr\u00eancia de [&hellip;]<\/p>\n","protected":false},"author":1,"featured_media":61403,"comment_status":"open","ping_status":"closed","sticky":false,"template":"","format":"standard","meta":{"footnotes":""},"categories":[48],"tags":[],"class_list":["post-67610","post","type-post","status-publish","format-standard","has-post-thumbnail","hentry","category-negociacoes"],"yoast_head":"<!-- This site is optimized with the Yoast SEO Premium plugin v24.2 (Yoast SEO v26.9) - https:\/\/yoast.com\/product\/yoast-seo-premium-wordpress\/ -->\n<title>Flamengo pode fechar com David Luiz nesta semana<\/title>\n<meta name=\"robots\" content=\"index, follow, max-snippet:-1, max-image-preview:large, max-video-preview:-1\" \/>\n<link rel=\"canonical\" href=\"https:\/\/www.gaveanews.com\/index.php\/2021\/09\/07\/flamengo-pode-fechar-com-david-luiz-nesta-semana\/\" \/>\n<meta property=\"og:locale\" content=\"pt_BR\" \/>\n<meta property=\"og:type\" content=\"article\" \/>\n<meta property=\"og:title\" content=\"Flamengo pode fechar com David Luiz nesta semana\" \/>\n<meta property=\"og:description\" content=\"O Flamengo segue em compasso de espera, mas sabe que as poss\u00edveis propostas da Europa, de Benfica e Olympique de Marselha, t\u00eam a cada hora menos possibilidade de se confirmarem. Por isso, neste momento o destino mais prov\u00e1vel de David Luiz \u00e9 o Ninho do Urubu. Segundo agentes que participam do neg\u00f3cio, h\u00e1 concorr\u00eancia de [&hellip;]\" \/>\n<meta property=\"og:url\" content=\"https:\/\/www.gaveanews.com\/index.php\/2021\/09\/07\/flamengo-pode-fechar-com-david-luiz-nesta-semana\/\" \/>\n<meta property=\"og:site_name\" content=\"G\u00e1vea News\" \/>\n<meta property=\"article:publisher\" content=\"https:\/\/facebook.com\/gaveaNews\/\" \/>\n<meta property=\"article:published_time\" content=\"2021-09-07T14:34:00+00:00\" \/>\n<meta property=\"article:modified_time\" content=\"2021-09-07T14:43:41+00:00\" \/>\n<meta property=\"og:image\" content=\"https:\/\/www.gaveanews.com\/wp-content\/uploads\/David-Luiz-em-acao-pelo-Arsenal.webp\" \/>\n\t<meta property=\"og:image:width\" content=\"700\" \/>\n\t<meta property=\"og:image:height\" content=\"394\" \/>\n\t<meta property=\"og:image:type\" content=\"image\/jpeg\" \/>\n<meta name=\"author\" content=\"Equipe G\u00e1vea News\" \/>\n<meta name=\"twitter:card\" content=\"summary_large_image\" \/>\n<meta name=\"twitter:label1\" content=\"Escrito por\" \/>\n\t<meta name=\"twitter:data1\" content=\"Equipe G\u00e1vea News\" \/>\n\t<meta name=\"twitter:label2\" content=\"Est. tempo de leitura\" \/>\n\t<meta name=\"twitter:data2\" content=\"1 minuto\" \/>\n<script type=\"application\/ld+json\" class=\"yoast-schema-graph\">{\"@context\":\"https:\/\/schema.org\",\"@graph\":[{\"@type\":\"NewsArticle\",\"@id\":\"https:\/\/www.gaveanews.com\/index.php\/2021\/09\/07\/flamengo-pode-fechar-com-david-luiz-nesta-semana\/#article\",\"isPartOf\":{\"@id\":\"https:\/\/www.gaveanews.com\/index.php\/2021\/09\/07\/flamengo-pode-fechar-com-david-luiz-nesta-semana\/\"},\"author\":{\"name\":\"Equipe G\u00e1vea News\",\"@id\":\"https:\/\/www.gaveanews.com\/#\/schema\/person\/2ec14f73fb96be2caf28f91afb14749d\"},\"headline\":\"Flamengo pode fechar com David Luiz nesta semana\",\"datePublished\":\"2021-09-07T14:34:00+00:00\",\"dateModified\":\"2021-09-07T14:43:41+00:00\",\"mainEntityOfPage\":{\"@id\":\"https:\/\/www.gaveanews.com\/index.php\/2021\/09\/07\/flamengo-pode-fechar-com-david-luiz-nesta-semana\/\"},\"wordCount\":229,\"commentCount\":28,\"image\":{\"@id\":\"https:\/\/www.gaveanews.com\/index.php\/2021\/09\/07\/flamengo-pode-fechar-com-david-luiz-nesta-semana\/#primaryimage\"},\"thumbnailUrl\":\"https:\/\/www.gaveanews.com\/wp-content\/uploads\/David-Luiz-em-acao-pelo-Arsenal.webp\",\"articleSection\":[\"Negocia\u00e7\u00f5es\"],\"inLanguage\":\"pt-BR\",\"potentialAction\":[{\"@type\":\"CommentAction\",\"name\":\"Comment\",\"target\":[\"https:\/\/www.gaveanews.com\/index.php\/2021\/09\/07\/flamengo-pode-fechar-com-david-luiz-nesta-semana\/#respond\"]}],\"copyrightYear\":\"2021\",\"copyrightHolder\":{\"@id\":\"https:\/\/www.gaveanews.com\/#organization\"}},{\"@type\":\"WebPage\",\"@id\":\"https:\/\/www.gaveanews.com\/index.php\/2021\/09\/07\/flamengo-pode-fechar-com-david-luiz-nesta-semana\/\",\"url\":\"https:\/\/www.gaveanews.com\/index.php\/2021\/09\/07\/flamengo-pode-fechar-com-david-luiz-nesta-semana\/\",\"name\":\"Flamengo pode fechar com David Luiz nesta semana\",\"isPartOf\":{\"@id\":\"https:\/\/www.gaveanews.com\/#website\"},\"primaryImageOfPage\":{\"@id\":\"https:\/\/www.gaveanews.com\/index.php\/2021\/09\/07\/flamengo-pode-fechar-com-david-luiz-nesta-semana\/#primaryimage\"},\"image\":{\"@id\":\"https:\/\/www.gaveanews.com\/index.php\/2021\/09\/07\/flamengo-pode-fechar-com-david-luiz-nesta-semana\/#primaryimage\"},\"thumbnailUrl\":\"https:\/\/www.gaveanews.com\/wp-content\/uploads\/David-Luiz-em-acao-pelo-Arsenal.webp\",\"datePublished\":\"2021-09-07T14:34:00+00:00\",\"dateModified\":\"2021-09-07T14:43:41+00:00\",\"author\":{\"@id\":\"https:\/\/www.gaveanews.com\/#\/schema\/person\/2ec14f73fb96be2caf28f91afb14749d\"},\"breadcrumb\":{\"@id\":\"https:\/\/www.gaveanews.com\/index.php\/2021\/09\/07\/flamengo-pode-fechar-com-david-luiz-nesta-semana\/#breadcrumb\"},\"inLanguage\":\"pt-BR\",\"potentialAction\":[{\"@type\":\"ReadAction\",\"target\":[\"https:\/\/www.gaveanews.com\/index.php\/2021\/09\/07\/flamengo-pode-fechar-com-david-luiz-nesta-semana\/\"]}]},{\"@type\":\"ImageObject\",\"inLanguage\":\"pt-BR\",\"@id\":\"https:\/\/www.gaveanews.com\/index.php\/2021\/09\/07\/flamengo-pode-fechar-com-david-luiz-nesta-semana\/#primaryimage\",\"url\":\"https:\/\/www.gaveanews.com\/wp-content\/uploads\/David-Luiz-em-acao-pelo-Arsenal.webp\",\"contentUrl\":\"https:\/\/www.gaveanews.com\/wp-content\/uploads\/David-Luiz-em-acao-pelo-Arsenal.webp\",\"width\":700,\"height\":394,\"caption\":\"David Luiz em a\u00e7\u00e3o pelo Arsenal (Foto: Getty Images)\"},{\"@type\":\"BreadcrumbList\",\"@id\":\"https:\/\/www.gaveanews.com\/index.php\/2021\/09\/07\/flamengo-pode-fechar-com-david-luiz-nesta-semana\/#breadcrumb\",\"itemListElement\":[{\"@type\":\"ListItem\",\"position\":1,\"name\":\"Home\",\"item\":\"https:\/\/www.gaveanews.com\/\"},{\"@type\":\"ListItem\",\"position\":2,\"name\":\"Flamengo pode fechar com David Luiz nesta semana\"}]},{\"@type\":\"WebSite\",\"@id\":\"https:\/\/www.gaveanews.com\/#website\",\"url\":\"https:\/\/www.gaveanews.com\/\",\"name\":\"G\u00e1vea News\",\"description\":\"Veja todas as not\u00edcias sobre o Flamengo: Contrata\u00e7\u00f5es, categorias de base, resultados das partidas, tabela de classifica\u00e7\u00e3o, pr\u00f3ximos jogos!\",\"potentialAction\":[{\"@type\":\"SearchAction\",\"target\":{\"@type\":\"EntryPoint\",\"urlTemplate\":\"https:\/\/www.gaveanews.com\/?s={search_term_string}\"},\"query-input\":{\"@type\":\"PropertyValueSpecification\",\"valueRequired\":true,\"valueName\":\"search_term_string\"}}],\"inLanguage\":\"pt-BR\"},{\"@type\":\"Person\",\"@id\":\"https:\/\/www.gaveanews.com\/#\/schema\/person\/2ec14f73fb96be2caf28f91afb14749d\",\"name\":\"Equipe G\u00e1vea News\",\"image\":{\"@type\":\"ImageObject\",\"inLanguage\":\"pt-BR\",\"@id\":\"https:\/\/www.gaveanews.com\/#\/schema\/person\/image\/\",\"url\":\"https:\/\/secure.gravatar.com\/avatar\/1e1956f1facbffd3f8fa53a326721950116b3b9dc9bd44939c01180fd4a745a9?s=96&d=mm&r=g\",\"contentUrl\":\"https:\/\/secure.gravatar.com\/avatar\/1e1956f1facbffd3f8fa53a326721950116b3b9dc9bd44939c01180fd4a745a9?s=96&d=mm&r=g\",\"caption\":\"Equipe G\u00e1vea News\"}}]}<\/script>\n<!-- \/ Yoast SEO Premium plugin. -->","yoast_head_json":{"title":"Flamengo pode fechar com David Luiz nesta semana","robots":{"index":"index","follow":"follow","max-snippet":"max-snippet:-1","max-image-preview":"max-image-preview:large","max-video-preview":"max-video-preview:-1"},"canonical":"https:\/\/www.gaveanews.com\/index.php\/2021\/09\/07\/flamengo-pode-fechar-com-david-luiz-nesta-semana\/","og_locale":"pt_BR","og_type":"article","og_title":"Flamengo pode fechar com David Luiz nesta semana","og_description":"O Flamengo segue em compasso de espera, mas sabe que as poss\u00edveis propostas da Europa, de Benfica e Olympique de Marselha, t\u00eam a cada hora menos possibilidade de se confirmarem. Por isso, neste momento o destino mais prov\u00e1vel de David Luiz \u00e9 o Ninho do Urubu. Segundo agentes que participam do neg\u00f3cio, h\u00e1 concorr\u00eancia de [&hellip;]","og_url":"https:\/\/www.gaveanews.com\/index.php\/2021\/09\/07\/flamengo-pode-fechar-com-david-luiz-nesta-semana\/","og_site_name":"G\u00e1vea News","article_publisher":"https:\/\/facebook.com\/gaveaNews\/","article_published_time":"2021-09-07T14:34:00+00:00","article_modified_time":"2021-09-07T14:43:41+00:00","og_image":[{"width":700,"height":394,"url":"https:\/\/www.gaveanews.com\/wp-content\/uploads\/David-Luiz-em-acao-pelo-Arsenal.webp","type":"image\/jpeg"}],"author":"Equipe G\u00e1vea News","twitter_card":"summary_large_image","twitter_misc":{"Escrito por":"Equipe G\u00e1vea News","Est. tempo de leitura":"1 minuto"},"schema":{"@context":"https:\/\/schema.org","@graph":[{"@type":"NewsArticle","@id":"https:\/\/www.gaveanews.com\/index.php\/2021\/09\/07\/flamengo-pode-fechar-com-david-luiz-nesta-semana\/#article","isPartOf":{"@id":"https:\/\/www.gaveanews.com\/index.php\/2021\/09\/07\/flamengo-pode-fechar-com-david-luiz-nesta-semana\/"},"author":{"name":"Equipe G\u00e1vea News","@id":"https:\/\/www.gaveanews.com\/#\/schema\/person\/2ec14f73fb96be2caf28f91afb14749d"},"headline":"Flamengo pode fechar com David Luiz nesta semana","datePublished":"2021-09-07T14:34:00+00:00","dateModified":"2021-09-07T14:43:41+00:00","mainEntityOfPage":{"@id":"https:\/\/www.gaveanews.com\/index.php\/2021\/09\/07\/flamengo-pode-fechar-com-david-luiz-nesta-semana\/"},"wordCount":229,"commentCount":28,"image":{"@id":"https:\/\/www.gaveanews.com\/index.php\/2021\/09\/07\/flamengo-pode-fechar-com-david-luiz-nesta-semana\/#primaryimage"},"thumbnailUrl":"https:\/\/www.gaveanews.com\/wp-content\/uploads\/David-Luiz-em-acao-pelo-Arsenal.webp","articleSection":["Negocia\u00e7\u00f5es"],"inLanguage":"pt-BR","potentialAction":[{"@type":"CommentAction","name":"Comment","target":["https:\/\/www.gaveanews.com\/index.php\/2021\/09\/07\/flamengo-pode-fechar-com-david-luiz-nesta-semana\/#respond"]}],"copyrightYear":"2021","copyrightHolder":{"@id":"https:\/\/www.gaveanews.com\/#organization"}},{"@type":"WebPage","@id":"https:\/\/www.gaveanews.com\/index.php\/2021\/09\/07\/flamengo-pode-fechar-com-david-luiz-nesta-semana\/","url":"https:\/\/www.gaveanews.com\/index.php\/2021\/09\/07\/flamengo-pode-fechar-com-david-luiz-nesta-semana\/","name":"Flamengo pode fechar com David Luiz nesta semana","isPartOf":{"@id":"https:\/\/www.gaveanews.com\/#website"},"primaryImageOfPage":{"@id":"https:\/\/www.gaveanews.com\/index.php\/2021\/09\/07\/flamengo-pode-fechar-com-david-luiz-nesta-semana\/#primaryimage"},"image":{"@id":"https:\/\/www.gaveanews.com\/index.php\/2021\/09\/07\/flamengo-pode-fechar-com-david-luiz-nesta-semana\/#primaryimage"},"thumbnailUrl":"https:\/\/www.gaveanews.com\/wp-content\/uploads\/David-Luiz-em-acao-pelo-Arsenal.webp","datePublished":"2021-09-07T14:34:00+00:00","dateModified":"2021-09-07T14:43:41+00:00","author":{"@id":"https:\/\/www.gaveanews.com\/#\/schema\/person\/2ec14f73fb96be2caf28f91afb14749d"},"breadcrumb":{"@id":"https:\/\/www.gaveanews.com\/index.php\/2021\/09\/07\/flamengo-pode-fechar-com-david-luiz-nesta-semana\/#breadcrumb"},"inLanguage":"pt-BR","potentialAction":[{"@type":"ReadAction","target":["https:\/\/www.gaveanews.com\/index.php\/2021\/09\/07\/flamengo-pode-fechar-com-david-luiz-nesta-semana\/"]}]},{"@type":"ImageObject","inLanguage":"pt-BR","@id":"https:\/\/www.gaveanews.com\/index.php\/2021\/09\/07\/flamengo-pode-fechar-com-david-luiz-nesta-semana\/#primaryimage","url":"https:\/\/www.gaveanews.com\/wp-content\/uploads\/David-Luiz-em-acao-pelo-Arsenal.webp","contentUrl":"https:\/\/www.gaveanews.com\/wp-content\/uploads\/David-Luiz-em-acao-pelo-Arsenal.webp","width":700,"height":394,"caption":"David Luiz em a\u00e7\u00e3o pelo Arsenal (Foto: Getty Images)"},{"@type":"BreadcrumbList","@id":"https:\/\/www.gaveanews.com\/index.php\/2021\/09\/07\/flamengo-pode-fechar-com-david-luiz-nesta-semana\/#breadcrumb","itemListElement":[{"@type":"ListItem","position":1,"name":"Home","item":"https:\/\/www.gaveanews.com\/"},{"@type":"ListItem","position":2,"name":"Flamengo pode fechar com David Luiz nesta semana"}]},{"@type":"WebSite","@id":"https:\/\/www.gaveanews.com\/#website","url":"https:\/\/www.gaveanews.com\/","name":"G\u00e1vea News","description":"Veja todas as not\u00edcias sobre o Flamengo: Contrata\u00e7\u00f5es, categorias de base, resultados das partidas, tabela de classifica\u00e7\u00e3o, pr\u00f3ximos jogos!","potentialAction":[{"@type":"SearchAction","target":{"@type":"EntryPoint","urlTemplate":"https:\/\/www.gaveanews.com\/?s={search_term_string}"},"query-input":{"@type":"PropertyValueSpecification","valueRequired":true,"valueName":"search_term_string"}}],"inLanguage":"pt-BR"},{"@type":"Person","@id":"https:\/\/www.gaveanews.com\/#\/schema\/person\/2ec14f73fb96be2caf28f91afb14749d","name":"Equipe G\u00e1vea News","image":{"@type":"ImageObject","inLanguage":"pt-BR","@id":"https:\/\/www.gaveanews.com\/#\/schema\/person\/image\/","url":"https:\/\/secure.gravatar.com\/avatar\/1e1956f1facbffd3f8fa53a326721950116b3b9dc9bd44939c01180fd4a745a9?s=96&d=mm&r=g","contentUrl":"https:\/\/secure.gravatar.com\/avatar\/1e1956f1facbffd3f8fa53a326721950116b3b9dc9bd44939c01180fd4a745a9?s=96&d=mm&r=g","caption":"Equipe G\u00e1vea News"}}]}},"_links":{"self":[{"href":"https:\/\/www.gaveanews.com\/index.php\/wp-json\/wp\/v2\/posts\/67610","targetHints":{"allow":["GET"]}}],"collection":[{"href":"https:\/\/www.gaveanews.com\/index.php\/wp-json\/wp\/v2\/posts"}],"about":[{"href":"https:\/\/www.gaveanews.com\/index.php\/wp-json\/wp\/v2\/types\/post"}],"author":[{"embeddable":true,"href":"https:\/\/www.gaveanews.com\/index.php\/wp-json\/wp\/v2\/users\/1"}],"replies":[{"embeddable":true,"href":"https:\/\/www.gaveanews.com\/index.php\/wp-json\/wp\/v2\/comments?post=67610"}],"version-history":[{"count":0,"href":"https:\/\/www.gaveanews.com\/index.php\/wp-json\/wp\/v2\/posts\/67610\/revisions"}],"wp:featuredmedia":[{"embeddable":true,"href":"https:\/\/www.gaveanews.com\/index.php\/wp-json\/wp\/v2\/media\/61403"}],"wp:attachment":[{"href":"https:\/\/www.gaveanews.com\/index.php\/wp-json\/wp\/v2\/media?parent=67610"}],"wp:term":[{"taxonomy":"category","embeddable":true,"href":"https:\/\/www.gaveanews.com\/index.php\/wp-json\/wp\/v2\/categories?post=67610"},{"taxonomy":"post_tag","embeddable":true,"href":"https:\/\/www.gaveanews.com\/index.php\/wp-json\/wp\/v2\/tags?post=67610"}],"curies":[{"name":"wp","href":"https:\/\/api.w.org\/{rel}","templated":true}]}}