{"id":67616,"date":"2021-09-07T18:46:14","date_gmt":"2021-09-07T21:46:14","guid":{"rendered":"https:\/\/www.gaveanews.com\/?p=67616"},"modified":"2021-09-07T18:46:17","modified_gmt":"2021-09-07T21:46:17","slug":"flamengo-decide-oficializar-proposta-por-david-luiz","status":"publish","type":"post","link":"https:\/\/www.gaveanews.com\/index.php\/2021\/09\/07\/flamengo-decide-oficializar-proposta-por-david-luiz\/","title":{"rendered":"Flamengo decide oficializar proposta por David Luiz"},"content":{"rendered":"\n<p>O nome de David Luiz, enfim, entrou em pauta para valer nos bastidores do Flamengo.<\/p>\n\n\n\n<p>O nome do zagueiro est\u00e1 sendo debatido pela alta c\u00fapula do clube em reuni\u00f5es que come\u00e7am a definir tamb\u00e9m o or\u00e7amento para 2022. Os dirigentes conversam sobre o peso decisivo da contrata\u00e7\u00e3o para reta final da temporada e as condi\u00e7\u00f5es est\u00e3o na mesa. A expectativa \u00e9 de que o Flamengo chegue a um valor dentro dos limites previstos para formalizar a proposta ao ex-jogador do Arsenal nos pr\u00f3ximos dias.<\/p>\n\n\n\n<p>Marcos Braz passou as \u00faltimas duas semanas cercando o empres\u00e1rio Giuliano Bertolucci para deixar claro at\u00e9 onde o clube consegue esticar a corda e saber do quanto David estaria disposto a flexibilizar.<\/p>\n\n\n\n<p>A postura neste per\u00edodo foi de que n\u00e3o tinha motivo para formalizar uma proposta por dois motivos: n\u00e3o teria como disputar financeiramente com os europeus e todas as partes deveriam estar cientes de que seria necess\u00e1ria uma readapta\u00e7\u00e3o ao que o atleta acostumou-se a ganhar nos \u00faltimos anos.<\/p>\n\n\n\n<p>Desde o primeiro momento, o grupo Bertolucci se mostrou favor\u00e1vel ao acerto com o Flamengo por acreditar que seria importante para a mudan\u00e7a de imagem de David entre os brasileiros. A avalia\u00e7\u00e3o \u00e9 de que uma passagem vitoriosa pelo clube reduziria o impacto das cr\u00edticas no per\u00edodo de Sele\u00e7\u00e3o.<\/p>\n\n\n\n<p>Diante do que foi conversado com Braz ao longo das \u00faltimas semanas, h\u00e1 confian\u00e7a em um acerto caso o Flamengo formalize uma proposta dentro de seus padr\u00f5es. David Luiz est\u00e1 sensibilizado com o carinho nas redes sociais por torcedores de um clube que n\u00e3o tem rela\u00e7\u00e3o, mas n\u00e3o quer deixar a impress\u00e3o de que o clube \u00e9 a \u00faltima op\u00e7\u00e3o e aguarda uma proposta formal.<\/p>\n\n\n\n<p>Com os principais mercados europeus e os per\u00edodos de inscri\u00e7\u00e3o para competi\u00e7\u00f5es europeias encerrados, o Flamengo se v\u00ea at\u00e9 mesmo em condi\u00e7\u00e3o confort\u00e1vel para convencer David a retornar ao Brasil. O jogador deixou o Vit\u00f3ria em 2006 e passou 15 anos na Europa.<\/p>\n\n\n\n<p>Sem a mesma pressa dos torcedores, at\u00e9 mesmo por estrat\u00e9gia, o Flamengo trabalha para ter o zagueiro sem comprometer seu or\u00e7amento. E ainda tem tempo para isso: as inscri\u00e7\u00f5es na Libertadores se encerram somente no dia 17 de setembro.<\/p>\n\n\n\n<p>Retirado de: Globo Esporte<\/p>\n","protected":false},"excerpt":{"rendered":"<p>O nome de David Luiz, enfim, entrou em pauta para valer nos bastidores do Flamengo. O nome do zagueiro est\u00e1 sendo debatido pela alta c\u00fapula do clube em reuni\u00f5es que come\u00e7am a definir tamb\u00e9m o or\u00e7amento para 2022. Os dirigentes conversam sobre o peso decisivo da contrata\u00e7\u00e3o para reta final da temporada e as condi\u00e7\u00f5es [&hellip;]<\/p>\n","protected":false},"author":1,"featured_media":36912,"comment_status":"open","ping_status":"closed","sticky":false,"template":"","format":"standard","meta":{"footnotes":""},"categories":[48],"tags":[],"class_list":["post-67616","post","type-post","status-publish","format-standard","has-post-thumbnail","hentry","category-negociacoes"],"yoast_head":"<!-- This site is optimized with the Yoast SEO Premium plugin v24.2 (Yoast SEO v26.9) - https:\/\/yoast.com\/product\/yoast-seo-premium-wordpress\/ -->\n<title>Flamengo decide oficializar proposta por David Luiz<\/title>\n<meta name=\"robots\" content=\"index, follow, max-snippet:-1, max-image-preview:large, max-video-preview:-1\" \/>\n<link rel=\"canonical\" href=\"https:\/\/www.gaveanews.com\/index.php\/2021\/09\/07\/flamengo-decide-oficializar-proposta-por-david-luiz\/\" \/>\n<meta property=\"og:locale\" content=\"pt_BR\" \/>\n<meta property=\"og:type\" content=\"article\" \/>\n<meta property=\"og:title\" content=\"Flamengo decide oficializar proposta por David Luiz\" \/>\n<meta property=\"og:description\" content=\"O nome de David Luiz, enfim, entrou em pauta para valer nos bastidores do Flamengo. O nome do zagueiro est\u00e1 sendo debatido pela alta c\u00fapula do clube em reuni\u00f5es que come\u00e7am a definir tamb\u00e9m o or\u00e7amento para 2022. Os dirigentes conversam sobre o peso decisivo da contrata\u00e7\u00e3o para reta final da temporada e as condi\u00e7\u00f5es [&hellip;]\" \/>\n<meta property=\"og:url\" content=\"https:\/\/www.gaveanews.com\/index.php\/2021\/09\/07\/flamengo-decide-oficializar-proposta-por-david-luiz\/\" \/>\n<meta property=\"og:site_name\" content=\"G\u00e1vea News\" \/>\n<meta property=\"article:publisher\" content=\"https:\/\/facebook.com\/gaveaNews\/\" \/>\n<meta property=\"article:published_time\" content=\"2021-09-07T21:46:14+00:00\" \/>\n<meta property=\"article:modified_time\" content=\"2021-09-07T21:46:17+00:00\" \/>\n<meta property=\"og:image\" content=\"https:\/\/www.gaveanews.com\/wp-content\/uploads\/David-Luiz.webp\" \/>\n\t<meta property=\"og:image:width\" content=\"1920\" \/>\n\t<meta property=\"og:image:height\" content=\"1080\" \/>\n\t<meta property=\"og:image:type\" content=\"image\/jpeg\" \/>\n<meta name=\"author\" content=\"Equipe G\u00e1vea News\" \/>\n<meta name=\"twitter:card\" content=\"summary_large_image\" \/>\n<meta name=\"twitter:label1\" content=\"Escrito por\" \/>\n\t<meta name=\"twitter:data1\" content=\"Equipe G\u00e1vea News\" \/>\n\t<meta name=\"twitter:label2\" content=\"Est. tempo de leitura\" \/>\n\t<meta name=\"twitter:data2\" content=\"2 minutos\" \/>\n<script type=\"application\/ld+json\" class=\"yoast-schema-graph\">{\"@context\":\"https:\/\/schema.org\",\"@graph\":[{\"@type\":\"NewsArticle\",\"@id\":\"https:\/\/www.gaveanews.com\/index.php\/2021\/09\/07\/flamengo-decide-oficializar-proposta-por-david-luiz\/#article\",\"isPartOf\":{\"@id\":\"https:\/\/www.gaveanews.com\/index.php\/2021\/09\/07\/flamengo-decide-oficializar-proposta-por-david-luiz\/\"},\"author\":{\"name\":\"Equipe G\u00e1vea News\",\"@id\":\"https:\/\/www.gaveanews.com\/#\/schema\/person\/2ec14f73fb96be2caf28f91afb14749d\"},\"headline\":\"Flamengo decide oficializar proposta por David Luiz\",\"datePublished\":\"2021-09-07T21:46:14+00:00\",\"dateModified\":\"2021-09-07T21:46:17+00:00\",\"mainEntityOfPage\":{\"@id\":\"https:\/\/www.gaveanews.com\/index.php\/2021\/09\/07\/flamengo-decide-oficializar-proposta-por-david-luiz\/\"},\"wordCount\":401,\"commentCount\":26,\"image\":{\"@id\":\"https:\/\/www.gaveanews.com\/index.php\/2021\/09\/07\/flamengo-decide-oficializar-proposta-por-david-luiz\/#primaryimage\"},\"thumbnailUrl\":\"https:\/\/www.gaveanews.com\/wp-content\/uploads\/David-Luiz.webp\",\"articleSection\":[\"Negocia\u00e7\u00f5es\"],\"inLanguage\":\"pt-BR\",\"potentialAction\":[{\"@type\":\"CommentAction\",\"name\":\"Comment\",\"target\":[\"https:\/\/www.gaveanews.com\/index.php\/2021\/09\/07\/flamengo-decide-oficializar-proposta-por-david-luiz\/#respond\"]}],\"copyrightYear\":\"2021\",\"copyrightHolder\":{\"@id\":\"https:\/\/www.gaveanews.com\/#organization\"}},{\"@type\":\"WebPage\",\"@id\":\"https:\/\/www.gaveanews.com\/index.php\/2021\/09\/07\/flamengo-decide-oficializar-proposta-por-david-luiz\/\",\"url\":\"https:\/\/www.gaveanews.com\/index.php\/2021\/09\/07\/flamengo-decide-oficializar-proposta-por-david-luiz\/\",\"name\":\"Flamengo decide oficializar proposta por David Luiz\",\"isPartOf\":{\"@id\":\"https:\/\/www.gaveanews.com\/#website\"},\"primaryImageOfPage\":{\"@id\":\"https:\/\/www.gaveanews.com\/index.php\/2021\/09\/07\/flamengo-decide-oficializar-proposta-por-david-luiz\/#primaryimage\"},\"image\":{\"@id\":\"https:\/\/www.gaveanews.com\/index.php\/2021\/09\/07\/flamengo-decide-oficializar-proposta-por-david-luiz\/#primaryimage\"},\"thumbnailUrl\":\"https:\/\/www.gaveanews.com\/wp-content\/uploads\/David-Luiz.webp\",\"datePublished\":\"2021-09-07T21:46:14+00:00\",\"dateModified\":\"2021-09-07T21:46:17+00:00\",\"author\":{\"@id\":\"https:\/\/www.gaveanews.com\/#\/schema\/person\/2ec14f73fb96be2caf28f91afb14749d\"},\"breadcrumb\":{\"@id\":\"https:\/\/www.gaveanews.com\/index.php\/2021\/09\/07\/flamengo-decide-oficializar-proposta-por-david-luiz\/#breadcrumb\"},\"inLanguage\":\"pt-BR\",\"potentialAction\":[{\"@type\":\"ReadAction\",\"target\":[\"https:\/\/www.gaveanews.com\/index.php\/2021\/09\/07\/flamengo-decide-oficializar-proposta-por-david-luiz\/\"]}]},{\"@type\":\"ImageObject\",\"inLanguage\":\"pt-BR\",\"@id\":\"https:\/\/www.gaveanews.com\/index.php\/2021\/09\/07\/flamengo-decide-oficializar-proposta-por-david-luiz\/#primaryimage\",\"url\":\"https:\/\/www.gaveanews.com\/wp-content\/uploads\/David-Luiz.webp\",\"contentUrl\":\"https:\/\/www.gaveanews.com\/wp-content\/uploads\/David-Luiz.webp\",\"width\":1920,\"height\":1080},{\"@type\":\"BreadcrumbList\",\"@id\":\"https:\/\/www.gaveanews.com\/index.php\/2021\/09\/07\/flamengo-decide-oficializar-proposta-por-david-luiz\/#breadcrumb\",\"itemListElement\":[{\"@type\":\"ListItem\",\"position\":1,\"name\":\"Home\",\"item\":\"https:\/\/www.gaveanews.com\/\"},{\"@type\":\"ListItem\",\"position\":2,\"name\":\"Flamengo decide oficializar proposta por David Luiz\"}]},{\"@type\":\"WebSite\",\"@id\":\"https:\/\/www.gaveanews.com\/#website\",\"url\":\"https:\/\/www.gaveanews.com\/\",\"name\":\"G\u00e1vea News\",\"description\":\"Veja todas as not\u00edcias sobre o Flamengo: Contrata\u00e7\u00f5es, categorias de base, resultados das partidas, tabela de classifica\u00e7\u00e3o, pr\u00f3ximos jogos!\",\"potentialAction\":[{\"@type\":\"SearchAction\",\"target\":{\"@type\":\"EntryPoint\",\"urlTemplate\":\"https:\/\/www.gaveanews.com\/?s={search_term_string}\"},\"query-input\":{\"@type\":\"PropertyValueSpecification\",\"valueRequired\":true,\"valueName\":\"search_term_string\"}}],\"inLanguage\":\"pt-BR\"},{\"@type\":\"Person\",\"@id\":\"https:\/\/www.gaveanews.com\/#\/schema\/person\/2ec14f73fb96be2caf28f91afb14749d\",\"name\":\"Equipe G\u00e1vea News\",\"image\":{\"@type\":\"ImageObject\",\"inLanguage\":\"pt-BR\",\"@id\":\"https:\/\/www.gaveanews.com\/#\/schema\/person\/image\/\",\"url\":\"https:\/\/secure.gravatar.com\/avatar\/1e1956f1facbffd3f8fa53a326721950116b3b9dc9bd44939c01180fd4a745a9?s=96&d=mm&r=g\",\"contentUrl\":\"https:\/\/secure.gravatar.com\/avatar\/1e1956f1facbffd3f8fa53a326721950116b3b9dc9bd44939c01180fd4a745a9?s=96&d=mm&r=g\",\"caption\":\"Equipe G\u00e1vea News\"}}]}<\/script>\n<!-- \/ Yoast SEO Premium plugin. -->","yoast_head_json":{"title":"Flamengo decide oficializar proposta por David Luiz","robots":{"index":"index","follow":"follow","max-snippet":"max-snippet:-1","max-image-preview":"max-image-preview:large","max-video-preview":"max-video-preview:-1"},"canonical":"https:\/\/www.gaveanews.com\/index.php\/2021\/09\/07\/flamengo-decide-oficializar-proposta-por-david-luiz\/","og_locale":"pt_BR","og_type":"article","og_title":"Flamengo decide oficializar proposta por David Luiz","og_description":"O nome de David Luiz, enfim, entrou em pauta para valer nos bastidores do Flamengo. O nome do zagueiro est\u00e1 sendo debatido pela alta c\u00fapula do clube em reuni\u00f5es que come\u00e7am a definir tamb\u00e9m o or\u00e7amento para 2022. Os dirigentes conversam sobre o peso decisivo da contrata\u00e7\u00e3o para reta final da temporada e as condi\u00e7\u00f5es [&hellip;]","og_url":"https:\/\/www.gaveanews.com\/index.php\/2021\/09\/07\/flamengo-decide-oficializar-proposta-por-david-luiz\/","og_site_name":"G\u00e1vea News","article_publisher":"https:\/\/facebook.com\/gaveaNews\/","article_published_time":"2021-09-07T21:46:14+00:00","article_modified_time":"2021-09-07T21:46:17+00:00","og_image":[{"width":1920,"height":1080,"url":"https:\/\/www.gaveanews.com\/wp-content\/uploads\/David-Luiz.webp","type":"image\/jpeg"}],"author":"Equipe G\u00e1vea News","twitter_card":"summary_large_image","twitter_misc":{"Escrito por":"Equipe G\u00e1vea News","Est. tempo de leitura":"2 minutos"},"schema":{"@context":"https:\/\/schema.org","@graph":[{"@type":"NewsArticle","@id":"https:\/\/www.gaveanews.com\/index.php\/2021\/09\/07\/flamengo-decide-oficializar-proposta-por-david-luiz\/#article","isPartOf":{"@id":"https:\/\/www.gaveanews.com\/index.php\/2021\/09\/07\/flamengo-decide-oficializar-proposta-por-david-luiz\/"},"author":{"name":"Equipe G\u00e1vea News","@id":"https:\/\/www.gaveanews.com\/#\/schema\/person\/2ec14f73fb96be2caf28f91afb14749d"},"headline":"Flamengo decide oficializar proposta por David Luiz","datePublished":"2021-09-07T21:46:14+00:00","dateModified":"2021-09-07T21:46:17+00:00","mainEntityOfPage":{"@id":"https:\/\/www.gaveanews.com\/index.php\/2021\/09\/07\/flamengo-decide-oficializar-proposta-por-david-luiz\/"},"wordCount":401,"commentCount":26,"image":{"@id":"https:\/\/www.gaveanews.com\/index.php\/2021\/09\/07\/flamengo-decide-oficializar-proposta-por-david-luiz\/#primaryimage"},"thumbnailUrl":"https:\/\/www.gaveanews.com\/wp-content\/uploads\/David-Luiz.webp","articleSection":["Negocia\u00e7\u00f5es"],"inLanguage":"pt-BR","potentialAction":[{"@type":"CommentAction","name":"Comment","target":["https:\/\/www.gaveanews.com\/index.php\/2021\/09\/07\/flamengo-decide-oficializar-proposta-por-david-luiz\/#respond"]}],"copyrightYear":"2021","copyrightHolder":{"@id":"https:\/\/www.gaveanews.com\/#organization"}},{"@type":"WebPage","@id":"https:\/\/www.gaveanews.com\/index.php\/2021\/09\/07\/flamengo-decide-oficializar-proposta-por-david-luiz\/","url":"https:\/\/www.gaveanews.com\/index.php\/2021\/09\/07\/flamengo-decide-oficializar-proposta-por-david-luiz\/","name":"Flamengo decide oficializar proposta por David Luiz","isPartOf":{"@id":"https:\/\/www.gaveanews.com\/#website"},"primaryImageOfPage":{"@id":"https:\/\/www.gaveanews.com\/index.php\/2021\/09\/07\/flamengo-decide-oficializar-proposta-por-david-luiz\/#primaryimage"},"image":{"@id":"https:\/\/www.gaveanews.com\/index.php\/2021\/09\/07\/flamengo-decide-oficializar-proposta-por-david-luiz\/#primaryimage"},"thumbnailUrl":"https:\/\/www.gaveanews.com\/wp-content\/uploads\/David-Luiz.webp","datePublished":"2021-09-07T21:46:14+00:00","dateModified":"2021-09-07T21:46:17+00:00","author":{"@id":"https:\/\/www.gaveanews.com\/#\/schema\/person\/2ec14f73fb96be2caf28f91afb14749d"},"breadcrumb":{"@id":"https:\/\/www.gaveanews.com\/index.php\/2021\/09\/07\/flamengo-decide-oficializar-proposta-por-david-luiz\/#breadcrumb"},"inLanguage":"pt-BR","potentialAction":[{"@type":"ReadAction","target":["https:\/\/www.gaveanews.com\/index.php\/2021\/09\/07\/flamengo-decide-oficializar-proposta-por-david-luiz\/"]}]},{"@type":"ImageObject","inLanguage":"pt-BR","@id":"https:\/\/www.gaveanews.com\/index.php\/2021\/09\/07\/flamengo-decide-oficializar-proposta-por-david-luiz\/#primaryimage","url":"https:\/\/www.gaveanews.com\/wp-content\/uploads\/David-Luiz.webp","contentUrl":"https:\/\/www.gaveanews.com\/wp-content\/uploads\/David-Luiz.webp","width":1920,"height":1080},{"@type":"BreadcrumbList","@id":"https:\/\/www.gaveanews.com\/index.php\/2021\/09\/07\/flamengo-decide-oficializar-proposta-por-david-luiz\/#breadcrumb","itemListElement":[{"@type":"ListItem","position":1,"name":"Home","item":"https:\/\/www.gaveanews.com\/"},{"@type":"ListItem","position":2,"name":"Flamengo decide oficializar proposta por David Luiz"}]},{"@type":"WebSite","@id":"https:\/\/www.gaveanews.com\/#website","url":"https:\/\/www.gaveanews.com\/","name":"G\u00e1vea News","description":"Veja todas as not\u00edcias sobre o Flamengo: Contrata\u00e7\u00f5es, categorias de base, resultados das partidas, tabela de classifica\u00e7\u00e3o, pr\u00f3ximos jogos!","potentialAction":[{"@type":"SearchAction","target":{"@type":"EntryPoint","urlTemplate":"https:\/\/www.gaveanews.com\/?s={search_term_string}"},"query-input":{"@type":"PropertyValueSpecification","valueRequired":true,"valueName":"search_term_string"}}],"inLanguage":"pt-BR"},{"@type":"Person","@id":"https:\/\/www.gaveanews.com\/#\/schema\/person\/2ec14f73fb96be2caf28f91afb14749d","name":"Equipe G\u00e1vea News","image":{"@type":"ImageObject","inLanguage":"pt-BR","@id":"https:\/\/www.gaveanews.com\/#\/schema\/person\/image\/","url":"https:\/\/secure.gravatar.com\/avatar\/1e1956f1facbffd3f8fa53a326721950116b3b9dc9bd44939c01180fd4a745a9?s=96&d=mm&r=g","contentUrl":"https:\/\/secure.gravatar.com\/avatar\/1e1956f1facbffd3f8fa53a326721950116b3b9dc9bd44939c01180fd4a745a9?s=96&d=mm&r=g","caption":"Equipe G\u00e1vea News"}}]}},"_links":{"self":[{"href":"https:\/\/www.gaveanews.com\/index.php\/wp-json\/wp\/v2\/posts\/67616","targetHints":{"allow":["GET"]}}],"collection":[{"href":"https:\/\/www.gaveanews.com\/index.php\/wp-json\/wp\/v2\/posts"}],"about":[{"href":"https:\/\/www.gaveanews.com\/index.php\/wp-json\/wp\/v2\/types\/post"}],"author":[{"embeddable":true,"href":"https:\/\/www.gaveanews.com\/index.php\/wp-json\/wp\/v2\/users\/1"}],"replies":[{"embeddable":true,"href":"https:\/\/www.gaveanews.com\/index.php\/wp-json\/wp\/v2\/comments?post=67616"}],"version-history":[{"count":0,"href":"https:\/\/www.gaveanews.com\/index.php\/wp-json\/wp\/v2\/posts\/67616\/revisions"}],"wp:featuredmedia":[{"embeddable":true,"href":"https:\/\/www.gaveanews.com\/index.php\/wp-json\/wp\/v2\/media\/36912"}],"wp:attachment":[{"href":"https:\/\/www.gaveanews.com\/index.php\/wp-json\/wp\/v2\/media?parent=67616"}],"wp:term":[{"taxonomy":"category","embeddable":true,"href":"https:\/\/www.gaveanews.com\/index.php\/wp-json\/wp\/v2\/categories?post=67616"},{"taxonomy":"post_tag","embeddable":true,"href":"https:\/\/www.gaveanews.com\/index.php\/wp-json\/wp\/v2\/tags?post=67616"}],"curies":[{"name":"wp","href":"https:\/\/api.w.org\/{rel}","templated":true}]}}