{"id":67629,"date":"2021-09-07T22:26:48","date_gmt":"2021-09-08T01:26:48","guid":{"rendered":"https:\/\/www.gaveanews.com\/?p=67629"},"modified":"2024-04-06T23:05:53","modified_gmt":"2024-04-07T02:05:53","slug":"mauro-questiona-possivel-renovacao-do-flamengo-com-diego-alves-e-ribas","status":"publish","type":"post","link":"https:\/\/www.gaveanews.com\/index.php\/2021\/09\/07\/mauro-questiona-possivel-renovacao-do-flamengo-com-diego-alves-e-ribas\/","title":{"rendered":"Mauro questiona poss\u00edvel renova\u00e7\u00e3o do Flamengo com Diego Alves e Ribas"},"content":{"rendered":"\n<p>Um assunto important\u00edssimo que est\u00e1 em pauta no Flamengo \u00e9 a renova\u00e7\u00e3o de contrato da \u201cGera\u00e7\u00e3o 85\u201c. Diego Alves, Diego Ribas e Filipe Lu\u00eds tem contrato at\u00e9 o final do ano, mas segundo o \u201cGE\u201d, o Mais Querido tem a inten\u00e7\u00e3o de renovar com os tr\u00eas por mais um ano.<\/p>\n\n\n\n<p>A diretoria reconhece que s\u00e3o tr\u00eas jogadores important\u00edssimos no elenco e ainda podem ajudar bastante. No momento, s\u00e3o titulares da equipe e podem ajudar na transi\u00e7\u00e3o dos atletas da base para o profissional. As conversas ainda n\u00e3o se iniciaram, mas o Flamengo j\u00e1 manifestou o desejo de continuar contando com os craques.<\/p>\n\n\n\n<p>Em sua participa\u00e7\u00e3o no \u201cPosse de Bola\u201d, Mauro Cezar Pereira disse achar muito cedo para come\u00e7ar a discutir a renova\u00e7\u00e3o de contrato dos tr\u00eas jogadores e que o clube deveria rejuvenescer o elenco. Na\u00e7\u00e3o BRB Fla chega a 2 milh\u00f5es de clientes.<\/p>\n\n\n\n<p>\u2014 <strong><em>Eu duvido que a renova\u00e7\u00e3o j\u00e1 esteja com o martelo batido. O Flamengo pode ser eliminado pelo Barcelona de Guayaquil, pelo Gr\u00eamio \u00e9 pouco prov\u00e1vel, mas pode cair na fase seguinte da Copa do Brasil, pode perder pro Palmeiras, ficar longe da lideran\u00e7a do Brasileiro e perder os tr\u00eas t\u00edtulos, a\u00ed ser\u00e1 que vai renovar com os tr\u00eas? Se o Diego Alves se machuca e at\u00e9 o final do ano n\u00e3o joga mais, v\u00e3o renovar o contrato dele? N\u00e3o d\u00e1 pra ter essa certeza. \u00c9 muito cedo para isso. Acho at\u00e9 que seria um erro o Flamengo tomar essa decis\u00e3o agora. O Flamengo tem que rejuvenescer o elenco e ao final da temporada avaliar a situa\u00e7\u00e3o dos jogadores.<\/em><\/strong><\/p>\n\n\n\n<p>Para o jornalista, a renova\u00e7\u00e3o de contrato de Filipe Lu\u00eds \u00e9 a que faz mais sentido.<\/p>\n\n\n\n<p>\u2014 <strong><em>Acho que o Filipe Lu\u00eds \u00e9 at\u00e9 um caso a parte, dos tr\u00eas, pensando no hoje, me parece que \u00e9 o que faz mais sentido pensar na sua perman\u00eancia. No caso do Riego Ribas depende, a concorr\u00eancia aumentou com a chegada do Andreas Pereira e a recupera\u00e7\u00e3o f\u00edsica do Thiago Maia. A\u00ed, algu\u00e9m vai ter certeza que o Diego vai continuar? Eu acho o Diego um jogador que est\u00e1 sendo sacaneado por porte da torcida, mas n\u00e3o sei se \u00e9 pro Diego continuar ano que vem com 37 anos. O Diego Alves depende muito da quest\u00e3o f\u00edsica porque \u00e9 um goleiro que se machuca demais. Ultimamente tem conseguido jogar regularmente, n\u00e3o tem um reserva confi\u00e1vel. N\u00e3o sei se esses jogadores v\u00e3o renovar. Algu\u00e9m l\u00e1 dentro do Flamengo pode ter essa ideia e a\u00ed vaza a informa\u00e7\u00e3o, mas eu duvido que esse martelo esteja batido. Al\u00edas, seria um absurdo bater esse martelo agora por que o Flamengo precisa rejuvenescer o elenco e n\u00e3o esticar a perman\u00eancia de v\u00e1rios veteranos. Agora, se chegar no final da temporada e o Flamengo for campe\u00e3o de tudo com esses jogadores sendo importantes e rendendo muito, a\u00ed tudo bem<\/em><\/strong>, finalizou Mauro Cezar.<\/p>\n\n\n\n<p>Retirado de: Di\u00e1rio do Fla<\/p>\n","protected":false},"excerpt":{"rendered":"<p>Um assunto important\u00edssimo que est\u00e1 em pauta no Flamengo \u00e9 a renova\u00e7\u00e3o de contrato da \u201cGera\u00e7\u00e3o 85\u201c. Diego Alves, Diego Ribas e Filipe Lu\u00eds tem contrato at\u00e9 o final do ano, mas segundo o \u201cGE\u201d, o Mais Querido tem a inten\u00e7\u00e3o de renovar com os tr\u00eas por mais um ano. A diretoria reconhece que s\u00e3o [&hellip;]<\/p>\n","protected":false},"author":1,"featured_media":56367,"comment_status":"open","ping_status":"closed","sticky":false,"template":"","format":"standard","meta":{"footnotes":""},"categories":[48],"tags":[170],"class_list":["post-67629","post","type-post","status-publish","format-standard","has-post-thumbnail","hentry","category-negociacoes","tag-mauro-cezar-pereira"],"yoast_head":"<!-- This site is optimized with the Yoast SEO Premium plugin v24.2 (Yoast SEO v26.9) - https:\/\/yoast.com\/product\/yoast-seo-premium-wordpress\/ -->\n<title>Mauro Cezar questiona renova\u00e7\u00e3o do Flamengo com Diego Alves e Ribas<\/title>\n<meta name=\"robots\" content=\"index, follow, max-snippet:-1, max-image-preview:large, max-video-preview:-1\" \/>\n<link rel=\"canonical\" href=\"https:\/\/www.gaveanews.com\/index.php\/2021\/09\/07\/mauro-questiona-possivel-renovacao-do-flamengo-com-diego-alves-e-ribas\/\" \/>\n<meta property=\"og:locale\" content=\"pt_BR\" \/>\n<meta property=\"og:type\" content=\"article\" \/>\n<meta property=\"og:title\" content=\"Mauro questiona poss\u00edvel renova\u00e7\u00e3o do Flamengo com Diego Alves e Ribas\" \/>\n<meta property=\"og:description\" content=\"Um assunto important\u00edssimo que est\u00e1 em pauta no Flamengo \u00e9 a renova\u00e7\u00e3o de contrato da \u201cGera\u00e7\u00e3o 85\u201c. Diego Alves, Diego Ribas e Filipe Lu\u00eds tem contrato at\u00e9 o final do ano, mas segundo o \u201cGE\u201d, o Mais Querido tem a inten\u00e7\u00e3o de renovar com os tr\u00eas por mais um ano. A diretoria reconhece que s\u00e3o [&hellip;]\" \/>\n<meta property=\"og:url\" content=\"https:\/\/www.gaveanews.com\/index.php\/2021\/09\/07\/mauro-questiona-possivel-renovacao-do-flamengo-com-diego-alves-e-ribas\/\" \/>\n<meta property=\"og:site_name\" content=\"G\u00e1vea News\" \/>\n<meta property=\"article:publisher\" content=\"https:\/\/facebook.com\/gaveaNews\/\" \/>\n<meta property=\"article:published_time\" content=\"2021-09-08T01:26:48+00:00\" \/>\n<meta property=\"article:modified_time\" content=\"2024-04-07T02:05:53+00:00\" \/>\n<meta property=\"og:image\" content=\"https:\/\/www.gaveanews.com\/wp-content\/uploads\/Mauro-Cezar-em-participacao-na-Uol-Esporte.webp\" \/>\n\t<meta property=\"og:image:width\" content=\"900\" \/>\n\t<meta property=\"og:image:height\" content=\"506\" \/>\n\t<meta property=\"og:image:type\" content=\"image\/png\" \/>\n<meta name=\"author\" content=\"Equipe G\u00e1vea News\" \/>\n<meta name=\"twitter:card\" content=\"summary_large_image\" \/>\n<meta name=\"twitter:label1\" content=\"Escrito por\" \/>\n\t<meta name=\"twitter:data1\" content=\"Equipe G\u00e1vea News\" \/>\n\t<meta name=\"twitter:label2\" content=\"Est. tempo de leitura\" \/>\n\t<meta name=\"twitter:data2\" content=\"3 minutos\" \/>\n<script type=\"application\/ld+json\" class=\"yoast-schema-graph\">{\"@context\":\"https:\/\/schema.org\",\"@graph\":[{\"@type\":\"NewsArticle\",\"@id\":\"https:\/\/www.gaveanews.com\/index.php\/2021\/09\/07\/mauro-questiona-possivel-renovacao-do-flamengo-com-diego-alves-e-ribas\/#article\",\"isPartOf\":{\"@id\":\"https:\/\/www.gaveanews.com\/index.php\/2021\/09\/07\/mauro-questiona-possivel-renovacao-do-flamengo-com-diego-alves-e-ribas\/\"},\"author\":{\"name\":\"Equipe G\u00e1vea News\",\"@id\":\"https:\/\/www.gaveanews.com\/#\/schema\/person\/2ec14f73fb96be2caf28f91afb14749d\"},\"headline\":\"Mauro questiona poss\u00edvel renova\u00e7\u00e3o do Flamengo com Diego Alves e Ribas\",\"datePublished\":\"2021-09-08T01:26:48+00:00\",\"dateModified\":\"2024-04-07T02:05:53+00:00\",\"mainEntityOfPage\":{\"@id\":\"https:\/\/www.gaveanews.com\/index.php\/2021\/09\/07\/mauro-questiona-possivel-renovacao-do-flamengo-com-diego-alves-e-ribas\/\"},\"wordCount\":535,\"commentCount\":18,\"image\":{\"@id\":\"https:\/\/www.gaveanews.com\/index.php\/2021\/09\/07\/mauro-questiona-possivel-renovacao-do-flamengo-com-diego-alves-e-ribas\/#primaryimage\"},\"thumbnailUrl\":\"https:\/\/www.gaveanews.com\/wp-content\/uploads\/Mauro-Cezar-em-participacao-na-Uol-Esporte.webp\",\"keywords\":[\"Mauro Cezar Pereira\"],\"articleSection\":[\"Negocia\u00e7\u00f5es\"],\"inLanguage\":\"pt-BR\",\"potentialAction\":[{\"@type\":\"CommentAction\",\"name\":\"Comment\",\"target\":[\"https:\/\/www.gaveanews.com\/index.php\/2021\/09\/07\/mauro-questiona-possivel-renovacao-do-flamengo-com-diego-alves-e-ribas\/#respond\"]}],\"copyrightYear\":\"2021\",\"copyrightHolder\":{\"@id\":\"https:\/\/www.gaveanews.com\/#organization\"}},{\"@type\":\"WebPage\",\"@id\":\"https:\/\/www.gaveanews.com\/index.php\/2021\/09\/07\/mauro-questiona-possivel-renovacao-do-flamengo-com-diego-alves-e-ribas\/\",\"url\":\"https:\/\/www.gaveanews.com\/index.php\/2021\/09\/07\/mauro-questiona-possivel-renovacao-do-flamengo-com-diego-alves-e-ribas\/\",\"name\":\"Mauro Cezar questiona renova\u00e7\u00e3o do Flamengo com Diego Alves e Ribas\",\"isPartOf\":{\"@id\":\"https:\/\/www.gaveanews.com\/#website\"},\"primaryImageOfPage\":{\"@id\":\"https:\/\/www.gaveanews.com\/index.php\/2021\/09\/07\/mauro-questiona-possivel-renovacao-do-flamengo-com-diego-alves-e-ribas\/#primaryimage\"},\"image\":{\"@id\":\"https:\/\/www.gaveanews.com\/index.php\/2021\/09\/07\/mauro-questiona-possivel-renovacao-do-flamengo-com-diego-alves-e-ribas\/#primaryimage\"},\"thumbnailUrl\":\"https:\/\/www.gaveanews.com\/wp-content\/uploads\/Mauro-Cezar-em-participacao-na-Uol-Esporte.webp\",\"datePublished\":\"2021-09-08T01:26:48+00:00\",\"dateModified\":\"2024-04-07T02:05:53+00:00\",\"author\":{\"@id\":\"https:\/\/www.gaveanews.com\/#\/schema\/person\/2ec14f73fb96be2caf28f91afb14749d\"},\"breadcrumb\":{\"@id\":\"https:\/\/www.gaveanews.com\/index.php\/2021\/09\/07\/mauro-questiona-possivel-renovacao-do-flamengo-com-diego-alves-e-ribas\/#breadcrumb\"},\"inLanguage\":\"pt-BR\",\"potentialAction\":[{\"@type\":\"ReadAction\",\"target\":[\"https:\/\/www.gaveanews.com\/index.php\/2021\/09\/07\/mauro-questiona-possivel-renovacao-do-flamengo-com-diego-alves-e-ribas\/\"]}]},{\"@type\":\"ImageObject\",\"inLanguage\":\"pt-BR\",\"@id\":\"https:\/\/www.gaveanews.com\/index.php\/2021\/09\/07\/mauro-questiona-possivel-renovacao-do-flamengo-com-diego-alves-e-ribas\/#primaryimage\",\"url\":\"https:\/\/www.gaveanews.com\/wp-content\/uploads\/Mauro-Cezar-em-participacao-na-Uol-Esporte.webp\",\"contentUrl\":\"https:\/\/www.gaveanews.com\/wp-content\/uploads\/Mauro-Cezar-em-participacao-na-Uol-Esporte.webp\",\"width\":900,\"height\":506,\"caption\":\"Mauro Cezar, comentarista da UOL Esporte (Foto: Reprodu\u00e7\u00e3o\/UOL Esporte)\"},{\"@type\":\"BreadcrumbList\",\"@id\":\"https:\/\/www.gaveanews.com\/index.php\/2021\/09\/07\/mauro-questiona-possivel-renovacao-do-flamengo-com-diego-alves-e-ribas\/#breadcrumb\",\"itemListElement\":[{\"@type\":\"ListItem\",\"position\":1,\"name\":\"Home\",\"item\":\"https:\/\/www.gaveanews.com\/\"},{\"@type\":\"ListItem\",\"position\":2,\"name\":\"Mauro questiona poss\u00edvel renova\u00e7\u00e3o do Flamengo com Diego Alves e Ribas\"}]},{\"@type\":\"WebSite\",\"@id\":\"https:\/\/www.gaveanews.com\/#website\",\"url\":\"https:\/\/www.gaveanews.com\/\",\"name\":\"G\u00e1vea News\",\"description\":\"Veja todas as not\u00edcias sobre o Flamengo: Contrata\u00e7\u00f5es, categorias de base, resultados das partidas, tabela de classifica\u00e7\u00e3o, pr\u00f3ximos jogos!\",\"potentialAction\":[{\"@type\":\"SearchAction\",\"target\":{\"@type\":\"EntryPoint\",\"urlTemplate\":\"https:\/\/www.gaveanews.com\/?s={search_term_string}\"},\"query-input\":{\"@type\":\"PropertyValueSpecification\",\"valueRequired\":true,\"valueName\":\"search_term_string\"}}],\"inLanguage\":\"pt-BR\"},{\"@type\":\"Person\",\"@id\":\"https:\/\/www.gaveanews.com\/#\/schema\/person\/2ec14f73fb96be2caf28f91afb14749d\",\"name\":\"Equipe G\u00e1vea News\",\"image\":{\"@type\":\"ImageObject\",\"inLanguage\":\"pt-BR\",\"@id\":\"https:\/\/www.gaveanews.com\/#\/schema\/person\/image\/\",\"url\":\"https:\/\/secure.gravatar.com\/avatar\/1e1956f1facbffd3f8fa53a326721950116b3b9dc9bd44939c01180fd4a745a9?s=96&d=mm&r=g\",\"contentUrl\":\"https:\/\/secure.gravatar.com\/avatar\/1e1956f1facbffd3f8fa53a326721950116b3b9dc9bd44939c01180fd4a745a9?s=96&d=mm&r=g\",\"caption\":\"Equipe G\u00e1vea News\"}}]}<\/script>\n<!-- \/ Yoast SEO Premium plugin. -->","yoast_head_json":{"title":"Mauro Cezar questiona renova\u00e7\u00e3o do Flamengo com Diego Alves e Ribas","robots":{"index":"index","follow":"follow","max-snippet":"max-snippet:-1","max-image-preview":"max-image-preview:large","max-video-preview":"max-video-preview:-1"},"canonical":"https:\/\/www.gaveanews.com\/index.php\/2021\/09\/07\/mauro-questiona-possivel-renovacao-do-flamengo-com-diego-alves-e-ribas\/","og_locale":"pt_BR","og_type":"article","og_title":"Mauro questiona poss\u00edvel renova\u00e7\u00e3o do Flamengo com Diego Alves e Ribas","og_description":"Um assunto important\u00edssimo que est\u00e1 em pauta no Flamengo \u00e9 a renova\u00e7\u00e3o de contrato da \u201cGera\u00e7\u00e3o 85\u201c. Diego Alves, Diego Ribas e Filipe Lu\u00eds tem contrato at\u00e9 o final do ano, mas segundo o \u201cGE\u201d, o Mais Querido tem a inten\u00e7\u00e3o de renovar com os tr\u00eas por mais um ano. A diretoria reconhece que s\u00e3o [&hellip;]","og_url":"https:\/\/www.gaveanews.com\/index.php\/2021\/09\/07\/mauro-questiona-possivel-renovacao-do-flamengo-com-diego-alves-e-ribas\/","og_site_name":"G\u00e1vea News","article_publisher":"https:\/\/facebook.com\/gaveaNews\/","article_published_time":"2021-09-08T01:26:48+00:00","article_modified_time":"2024-04-07T02:05:53+00:00","og_image":[{"width":900,"height":506,"url":"https:\/\/www.gaveanews.com\/wp-content\/uploads\/Mauro-Cezar-em-participacao-na-Uol-Esporte.webp","type":"image\/png"}],"author":"Equipe G\u00e1vea News","twitter_card":"summary_large_image","twitter_misc":{"Escrito por":"Equipe G\u00e1vea News","Est. tempo de leitura":"3 minutos"},"schema":{"@context":"https:\/\/schema.org","@graph":[{"@type":"NewsArticle","@id":"https:\/\/www.gaveanews.com\/index.php\/2021\/09\/07\/mauro-questiona-possivel-renovacao-do-flamengo-com-diego-alves-e-ribas\/#article","isPartOf":{"@id":"https:\/\/www.gaveanews.com\/index.php\/2021\/09\/07\/mauro-questiona-possivel-renovacao-do-flamengo-com-diego-alves-e-ribas\/"},"author":{"name":"Equipe G\u00e1vea News","@id":"https:\/\/www.gaveanews.com\/#\/schema\/person\/2ec14f73fb96be2caf28f91afb14749d"},"headline":"Mauro questiona poss\u00edvel renova\u00e7\u00e3o do Flamengo com Diego Alves e Ribas","datePublished":"2021-09-08T01:26:48+00:00","dateModified":"2024-04-07T02:05:53+00:00","mainEntityOfPage":{"@id":"https:\/\/www.gaveanews.com\/index.php\/2021\/09\/07\/mauro-questiona-possivel-renovacao-do-flamengo-com-diego-alves-e-ribas\/"},"wordCount":535,"commentCount":18,"image":{"@id":"https:\/\/www.gaveanews.com\/index.php\/2021\/09\/07\/mauro-questiona-possivel-renovacao-do-flamengo-com-diego-alves-e-ribas\/#primaryimage"},"thumbnailUrl":"https:\/\/www.gaveanews.com\/wp-content\/uploads\/Mauro-Cezar-em-participacao-na-Uol-Esporte.webp","keywords":["Mauro Cezar Pereira"],"articleSection":["Negocia\u00e7\u00f5es"],"inLanguage":"pt-BR","potentialAction":[{"@type":"CommentAction","name":"Comment","target":["https:\/\/www.gaveanews.com\/index.php\/2021\/09\/07\/mauro-questiona-possivel-renovacao-do-flamengo-com-diego-alves-e-ribas\/#respond"]}],"copyrightYear":"2021","copyrightHolder":{"@id":"https:\/\/www.gaveanews.com\/#organization"}},{"@type":"WebPage","@id":"https:\/\/www.gaveanews.com\/index.php\/2021\/09\/07\/mauro-questiona-possivel-renovacao-do-flamengo-com-diego-alves-e-ribas\/","url":"https:\/\/www.gaveanews.com\/index.php\/2021\/09\/07\/mauro-questiona-possivel-renovacao-do-flamengo-com-diego-alves-e-ribas\/","name":"Mauro Cezar questiona renova\u00e7\u00e3o do Flamengo com Diego Alves e Ribas","isPartOf":{"@id":"https:\/\/www.gaveanews.com\/#website"},"primaryImageOfPage":{"@id":"https:\/\/www.gaveanews.com\/index.php\/2021\/09\/07\/mauro-questiona-possivel-renovacao-do-flamengo-com-diego-alves-e-ribas\/#primaryimage"},"image":{"@id":"https:\/\/www.gaveanews.com\/index.php\/2021\/09\/07\/mauro-questiona-possivel-renovacao-do-flamengo-com-diego-alves-e-ribas\/#primaryimage"},"thumbnailUrl":"https:\/\/www.gaveanews.com\/wp-content\/uploads\/Mauro-Cezar-em-participacao-na-Uol-Esporte.webp","datePublished":"2021-09-08T01:26:48+00:00","dateModified":"2024-04-07T02:05:53+00:00","author":{"@id":"https:\/\/www.gaveanews.com\/#\/schema\/person\/2ec14f73fb96be2caf28f91afb14749d"},"breadcrumb":{"@id":"https:\/\/www.gaveanews.com\/index.php\/2021\/09\/07\/mauro-questiona-possivel-renovacao-do-flamengo-com-diego-alves-e-ribas\/#breadcrumb"},"inLanguage":"pt-BR","potentialAction":[{"@type":"ReadAction","target":["https:\/\/www.gaveanews.com\/index.php\/2021\/09\/07\/mauro-questiona-possivel-renovacao-do-flamengo-com-diego-alves-e-ribas\/"]}]},{"@type":"ImageObject","inLanguage":"pt-BR","@id":"https:\/\/www.gaveanews.com\/index.php\/2021\/09\/07\/mauro-questiona-possivel-renovacao-do-flamengo-com-diego-alves-e-ribas\/#primaryimage","url":"https:\/\/www.gaveanews.com\/wp-content\/uploads\/Mauro-Cezar-em-participacao-na-Uol-Esporte.webp","contentUrl":"https:\/\/www.gaveanews.com\/wp-content\/uploads\/Mauro-Cezar-em-participacao-na-Uol-Esporte.webp","width":900,"height":506,"caption":"Mauro Cezar, comentarista da UOL Esporte (Foto: Reprodu\u00e7\u00e3o\/UOL Esporte)"},{"@type":"BreadcrumbList","@id":"https:\/\/www.gaveanews.com\/index.php\/2021\/09\/07\/mauro-questiona-possivel-renovacao-do-flamengo-com-diego-alves-e-ribas\/#breadcrumb","itemListElement":[{"@type":"ListItem","position":1,"name":"Home","item":"https:\/\/www.gaveanews.com\/"},{"@type":"ListItem","position":2,"name":"Mauro questiona poss\u00edvel renova\u00e7\u00e3o do Flamengo com Diego Alves e Ribas"}]},{"@type":"WebSite","@id":"https:\/\/www.gaveanews.com\/#website","url":"https:\/\/www.gaveanews.com\/","name":"G\u00e1vea News","description":"Veja todas as not\u00edcias sobre o Flamengo: Contrata\u00e7\u00f5es, categorias de base, resultados das partidas, tabela de classifica\u00e7\u00e3o, pr\u00f3ximos jogos!","potentialAction":[{"@type":"SearchAction","target":{"@type":"EntryPoint","urlTemplate":"https:\/\/www.gaveanews.com\/?s={search_term_string}"},"query-input":{"@type":"PropertyValueSpecification","valueRequired":true,"valueName":"search_term_string"}}],"inLanguage":"pt-BR"},{"@type":"Person","@id":"https:\/\/www.gaveanews.com\/#\/schema\/person\/2ec14f73fb96be2caf28f91afb14749d","name":"Equipe G\u00e1vea News","image":{"@type":"ImageObject","inLanguage":"pt-BR","@id":"https:\/\/www.gaveanews.com\/#\/schema\/person\/image\/","url":"https:\/\/secure.gravatar.com\/avatar\/1e1956f1facbffd3f8fa53a326721950116b3b9dc9bd44939c01180fd4a745a9?s=96&d=mm&r=g","contentUrl":"https:\/\/secure.gravatar.com\/avatar\/1e1956f1facbffd3f8fa53a326721950116b3b9dc9bd44939c01180fd4a745a9?s=96&d=mm&r=g","caption":"Equipe G\u00e1vea News"}}]}},"_links":{"self":[{"href":"https:\/\/www.gaveanews.com\/index.php\/wp-json\/wp\/v2\/posts\/67629","targetHints":{"allow":["GET"]}}],"collection":[{"href":"https:\/\/www.gaveanews.com\/index.php\/wp-json\/wp\/v2\/posts"}],"about":[{"href":"https:\/\/www.gaveanews.com\/index.php\/wp-json\/wp\/v2\/types\/post"}],"author":[{"embeddable":true,"href":"https:\/\/www.gaveanews.com\/index.php\/wp-json\/wp\/v2\/users\/1"}],"replies":[{"embeddable":true,"href":"https:\/\/www.gaveanews.com\/index.php\/wp-json\/wp\/v2\/comments?post=67629"}],"version-history":[{"count":1,"href":"https:\/\/www.gaveanews.com\/index.php\/wp-json\/wp\/v2\/posts\/67629\/revisions"}],"predecessor-version":[{"id":134653,"href":"https:\/\/www.gaveanews.com\/index.php\/wp-json\/wp\/v2\/posts\/67629\/revisions\/134653"}],"wp:featuredmedia":[{"embeddable":true,"href":"https:\/\/www.gaveanews.com\/index.php\/wp-json\/wp\/v2\/media\/56367"}],"wp:attachment":[{"href":"https:\/\/www.gaveanews.com\/index.php\/wp-json\/wp\/v2\/media?parent=67629"}],"wp:term":[{"taxonomy":"category","embeddable":true,"href":"https:\/\/www.gaveanews.com\/index.php\/wp-json\/wp\/v2\/categories?post=67629"},{"taxonomy":"post_tag","embeddable":true,"href":"https:\/\/www.gaveanews.com\/index.php\/wp-json\/wp\/v2\/tags?post=67629"}],"curies":[{"name":"wp","href":"https:\/\/api.w.org\/{rel}","templated":true}]}}