{"id":67721,"date":"2021-09-08T23:00:01","date_gmt":"2021-09-09T02:00:01","guid":{"rendered":"https:\/\/www.gaveanews.com\/?p=67721"},"modified":"2021-09-08T23:00:04","modified_gmt":"2021-09-09T02:00:04","slug":"flamengo-apresenta-condicoes-financeiras-aos-empresarios-david-luiz","status":"publish","type":"post","link":"https:\/\/www.gaveanews.com\/index.php\/2021\/09\/08\/flamengo-apresenta-condicoes-financeiras-aos-empresarios-david-luiz\/","title":{"rendered":"Flamengo apresenta condi\u00e7\u00f5es financeiras aos empres\u00e1rios David Luiz"},"content":{"rendered":"\n<p>O vice-presidente de futebol do Flamengo, Marcos Braz, est\u00e1 pessoalmente empenhado na contrata\u00e7\u00e3o do zagueiro David Luiz. E j\u00e1 apresentou aos seus representantes as condi\u00e7\u00f5es do clube para ter o jogador de 34 anos em seu elenco.<\/p>\n\n\n\n<p>Com a janela de oportunidade prestes a se fechar na pr\u00f3xima semana para a inscri\u00e7\u00e3o de jogadores no Campeonato Brasileiro e na semifinal da Libertadores, a diretoria colocou o nome do zagueiro em pauta de forma definitiva, mas os valores s\u00e3o considerados altos.<\/p>\n\n\n\n<p>H\u00e1 algum tempo, Braz \u00e9 entusiasta da contrata\u00e7\u00e3o do zagueiro, sem clube, que viria pelo sal\u00e1rio e luvas, sem aquisi\u00e7\u00e3o de direitos. S\u00f3 que como todo processo de negocia\u00e7\u00e3o no Flamengo, passa por aprova\u00e7\u00e3o do conselho do futebol e pelos demais vice-presidentes. Al\u00e9m, \u00e9 claro, da palavra final do presidente Rodolfo Landim.<\/p>\n\n\n\n<p>Sem autonomia total para apresentar a proposta oficial em nome do clube, Braz ainda conversa com seus pares no intuito de esticar a corda na medida certa para contar com o zagueiro. Por outro lado, o empres\u00e1rio Giuliano Bertolucci dialoga com o dirigente para apresentar o limite do jogador na poss\u00edvel volta ao Brasil. Sem outras op\u00e7\u00f5es, a tend\u00eancia \u00e9 que se chegue a um denominador comum para o acordo.<\/p>\n\n\n\n<p>Nesse assunto o diretor Bruno Spindel est\u00e1 envolvido e totalmente ciente de que n\u00e3o ser\u00e1 poss\u00edvel fazer nenhuma loucura. Motivo pelo qual uma proposta oficial ainda n\u00e3o foi colocada no papel. Internamente, o entendimento \u00e9 que isso s\u00f3 ser\u00e1 feito quando o jogador der o sinal verde para se enquadrar na realidade do clube.<\/p>\n\n\n\n<p>David Luiz segue no Brasil com a fam\u00edlia e treina todos os dias enquanto n\u00e3o resolve o seu futuro. As possibilidades para o retorno \u00e1 Europa praticamente se esgotaram. Outros clubes brasileiros observaram a situa\u00e7\u00e3o, mas nenhum fez contato ou proposta oficial ainda. Por isso, a ida para o Flamengo \u00e9 vista, no clube e no mercado, como um caminho prov\u00e1vel.<\/p>\n\n\n\n<p>Retirado de: Extra<\/p>\n","protected":false},"excerpt":{"rendered":"<p>O vice-presidente de futebol do Flamengo, Marcos Braz, est\u00e1 pessoalmente empenhado na contrata\u00e7\u00e3o do zagueiro David Luiz. E j\u00e1 apresentou aos seus representantes as condi\u00e7\u00f5es do clube para ter o jogador de 34 anos em seu elenco. Com a janela de oportunidade prestes a se fechar na pr\u00f3xima semana para a inscri\u00e7\u00e3o de jogadores no [&hellip;]<\/p>\n","protected":false},"author":1,"featured_media":36912,"comment_status":"open","ping_status":"closed","sticky":false,"template":"","format":"standard","meta":{"footnotes":""},"categories":[48],"tags":[],"class_list":["post-67721","post","type-post","status-publish","format-standard","has-post-thumbnail","hentry","category-negociacoes"],"yoast_head":"<!-- This site is optimized with the Yoast SEO Premium plugin v24.2 (Yoast SEO v26.9) - https:\/\/yoast.com\/product\/yoast-seo-premium-wordpress\/ -->\n<title>Flamengo apresenta condi\u00e7\u00f5es financeiras aos empres\u00e1rios David Luiz<\/title>\n<meta name=\"robots\" content=\"index, follow, max-snippet:-1, max-image-preview:large, max-video-preview:-1\" \/>\n<link rel=\"canonical\" href=\"https:\/\/www.gaveanews.com\/index.php\/2021\/09\/08\/flamengo-apresenta-condicoes-financeiras-aos-empresarios-david-luiz\/\" \/>\n<meta property=\"og:locale\" content=\"pt_BR\" \/>\n<meta property=\"og:type\" content=\"article\" \/>\n<meta property=\"og:title\" content=\"Flamengo apresenta condi\u00e7\u00f5es financeiras aos empres\u00e1rios David Luiz\" \/>\n<meta property=\"og:description\" content=\"O vice-presidente de futebol do Flamengo, Marcos Braz, est\u00e1 pessoalmente empenhado na contrata\u00e7\u00e3o do zagueiro David Luiz. E j\u00e1 apresentou aos seus representantes as condi\u00e7\u00f5es do clube para ter o jogador de 34 anos em seu elenco. Com a janela de oportunidade prestes a se fechar na pr\u00f3xima semana para a inscri\u00e7\u00e3o de jogadores no [&hellip;]\" \/>\n<meta property=\"og:url\" content=\"https:\/\/www.gaveanews.com\/index.php\/2021\/09\/08\/flamengo-apresenta-condicoes-financeiras-aos-empresarios-david-luiz\/\" \/>\n<meta property=\"og:site_name\" content=\"G\u00e1vea News\" \/>\n<meta property=\"article:publisher\" content=\"https:\/\/facebook.com\/gaveaNews\/\" \/>\n<meta property=\"article:published_time\" content=\"2021-09-09T02:00:01+00:00\" \/>\n<meta property=\"article:modified_time\" content=\"2021-09-09T02:00:04+00:00\" \/>\n<meta property=\"og:image\" content=\"https:\/\/www.gaveanews.com\/wp-content\/uploads\/David-Luiz.webp\" \/>\n\t<meta property=\"og:image:width\" content=\"1920\" \/>\n\t<meta property=\"og:image:height\" content=\"1080\" \/>\n\t<meta property=\"og:image:type\" content=\"image\/jpeg\" \/>\n<meta name=\"author\" content=\"Equipe G\u00e1vea News\" \/>\n<meta name=\"twitter:card\" content=\"summary_large_image\" \/>\n<meta name=\"twitter:label1\" content=\"Escrito por\" \/>\n\t<meta name=\"twitter:data1\" content=\"Equipe G\u00e1vea News\" \/>\n\t<meta name=\"twitter:label2\" content=\"Est. tempo de leitura\" \/>\n\t<meta name=\"twitter:data2\" content=\"2 minutos\" \/>\n<script type=\"application\/ld+json\" class=\"yoast-schema-graph\">{\"@context\":\"https:\/\/schema.org\",\"@graph\":[{\"@type\":\"NewsArticle\",\"@id\":\"https:\/\/www.gaveanews.com\/index.php\/2021\/09\/08\/flamengo-apresenta-condicoes-financeiras-aos-empresarios-david-luiz\/#article\",\"isPartOf\":{\"@id\":\"https:\/\/www.gaveanews.com\/index.php\/2021\/09\/08\/flamengo-apresenta-condicoes-financeiras-aos-empresarios-david-luiz\/\"},\"author\":{\"name\":\"Equipe G\u00e1vea News\",\"@id\":\"https:\/\/www.gaveanews.com\/#\/schema\/person\/2ec14f73fb96be2caf28f91afb14749d\"},\"headline\":\"Flamengo apresenta condi\u00e7\u00f5es financeiras aos empres\u00e1rios David Luiz\",\"datePublished\":\"2021-09-09T02:00:01+00:00\",\"dateModified\":\"2021-09-09T02:00:04+00:00\",\"mainEntityOfPage\":{\"@id\":\"https:\/\/www.gaveanews.com\/index.php\/2021\/09\/08\/flamengo-apresenta-condicoes-financeiras-aos-empresarios-david-luiz\/\"},\"wordCount\":345,\"commentCount\":9,\"image\":{\"@id\":\"https:\/\/www.gaveanews.com\/index.php\/2021\/09\/08\/flamengo-apresenta-condicoes-financeiras-aos-empresarios-david-luiz\/#primaryimage\"},\"thumbnailUrl\":\"https:\/\/www.gaveanews.com\/wp-content\/uploads\/David-Luiz.webp\",\"articleSection\":[\"Negocia\u00e7\u00f5es\"],\"inLanguage\":\"pt-BR\",\"potentialAction\":[{\"@type\":\"CommentAction\",\"name\":\"Comment\",\"target\":[\"https:\/\/www.gaveanews.com\/index.php\/2021\/09\/08\/flamengo-apresenta-condicoes-financeiras-aos-empresarios-david-luiz\/#respond\"]}],\"copyrightYear\":\"2021\",\"copyrightHolder\":{\"@id\":\"https:\/\/www.gaveanews.com\/#organization\"}},{\"@type\":\"WebPage\",\"@id\":\"https:\/\/www.gaveanews.com\/index.php\/2021\/09\/08\/flamengo-apresenta-condicoes-financeiras-aos-empresarios-david-luiz\/\",\"url\":\"https:\/\/www.gaveanews.com\/index.php\/2021\/09\/08\/flamengo-apresenta-condicoes-financeiras-aos-empresarios-david-luiz\/\",\"name\":\"Flamengo apresenta condi\u00e7\u00f5es financeiras aos empres\u00e1rios David Luiz\",\"isPartOf\":{\"@id\":\"https:\/\/www.gaveanews.com\/#website\"},\"primaryImageOfPage\":{\"@id\":\"https:\/\/www.gaveanews.com\/index.php\/2021\/09\/08\/flamengo-apresenta-condicoes-financeiras-aos-empresarios-david-luiz\/#primaryimage\"},\"image\":{\"@id\":\"https:\/\/www.gaveanews.com\/index.php\/2021\/09\/08\/flamengo-apresenta-condicoes-financeiras-aos-empresarios-david-luiz\/#primaryimage\"},\"thumbnailUrl\":\"https:\/\/www.gaveanews.com\/wp-content\/uploads\/David-Luiz.webp\",\"datePublished\":\"2021-09-09T02:00:01+00:00\",\"dateModified\":\"2021-09-09T02:00:04+00:00\",\"author\":{\"@id\":\"https:\/\/www.gaveanews.com\/#\/schema\/person\/2ec14f73fb96be2caf28f91afb14749d\"},\"breadcrumb\":{\"@id\":\"https:\/\/www.gaveanews.com\/index.php\/2021\/09\/08\/flamengo-apresenta-condicoes-financeiras-aos-empresarios-david-luiz\/#breadcrumb\"},\"inLanguage\":\"pt-BR\",\"potentialAction\":[{\"@type\":\"ReadAction\",\"target\":[\"https:\/\/www.gaveanews.com\/index.php\/2021\/09\/08\/flamengo-apresenta-condicoes-financeiras-aos-empresarios-david-luiz\/\"]}]},{\"@type\":\"ImageObject\",\"inLanguage\":\"pt-BR\",\"@id\":\"https:\/\/www.gaveanews.com\/index.php\/2021\/09\/08\/flamengo-apresenta-condicoes-financeiras-aos-empresarios-david-luiz\/#primaryimage\",\"url\":\"https:\/\/www.gaveanews.com\/wp-content\/uploads\/David-Luiz.webp\",\"contentUrl\":\"https:\/\/www.gaveanews.com\/wp-content\/uploads\/David-Luiz.webp\",\"width\":1920,\"height\":1080},{\"@type\":\"BreadcrumbList\",\"@id\":\"https:\/\/www.gaveanews.com\/index.php\/2021\/09\/08\/flamengo-apresenta-condicoes-financeiras-aos-empresarios-david-luiz\/#breadcrumb\",\"itemListElement\":[{\"@type\":\"ListItem\",\"position\":1,\"name\":\"Home\",\"item\":\"https:\/\/www.gaveanews.com\/\"},{\"@type\":\"ListItem\",\"position\":2,\"name\":\"Flamengo apresenta condi\u00e7\u00f5es financeiras aos empres\u00e1rios David Luiz\"}]},{\"@type\":\"WebSite\",\"@id\":\"https:\/\/www.gaveanews.com\/#website\",\"url\":\"https:\/\/www.gaveanews.com\/\",\"name\":\"G\u00e1vea News\",\"description\":\"Veja todas as not\u00edcias sobre o Flamengo: Contrata\u00e7\u00f5es, categorias de base, resultados das partidas, tabela de classifica\u00e7\u00e3o, pr\u00f3ximos jogos!\",\"potentialAction\":[{\"@type\":\"SearchAction\",\"target\":{\"@type\":\"EntryPoint\",\"urlTemplate\":\"https:\/\/www.gaveanews.com\/?s={search_term_string}\"},\"query-input\":{\"@type\":\"PropertyValueSpecification\",\"valueRequired\":true,\"valueName\":\"search_term_string\"}}],\"inLanguage\":\"pt-BR\"},{\"@type\":\"Person\",\"@id\":\"https:\/\/www.gaveanews.com\/#\/schema\/person\/2ec14f73fb96be2caf28f91afb14749d\",\"name\":\"Equipe G\u00e1vea News\",\"image\":{\"@type\":\"ImageObject\",\"inLanguage\":\"pt-BR\",\"@id\":\"https:\/\/www.gaveanews.com\/#\/schema\/person\/image\/\",\"url\":\"https:\/\/secure.gravatar.com\/avatar\/1e1956f1facbffd3f8fa53a326721950116b3b9dc9bd44939c01180fd4a745a9?s=96&d=mm&r=g\",\"contentUrl\":\"https:\/\/secure.gravatar.com\/avatar\/1e1956f1facbffd3f8fa53a326721950116b3b9dc9bd44939c01180fd4a745a9?s=96&d=mm&r=g\",\"caption\":\"Equipe G\u00e1vea News\"}}]}<\/script>\n<!-- \/ Yoast SEO Premium plugin. -->","yoast_head_json":{"title":"Flamengo apresenta condi\u00e7\u00f5es financeiras aos empres\u00e1rios David Luiz","robots":{"index":"index","follow":"follow","max-snippet":"max-snippet:-1","max-image-preview":"max-image-preview:large","max-video-preview":"max-video-preview:-1"},"canonical":"https:\/\/www.gaveanews.com\/index.php\/2021\/09\/08\/flamengo-apresenta-condicoes-financeiras-aos-empresarios-david-luiz\/","og_locale":"pt_BR","og_type":"article","og_title":"Flamengo apresenta condi\u00e7\u00f5es financeiras aos empres\u00e1rios David Luiz","og_description":"O vice-presidente de futebol do Flamengo, Marcos Braz, est\u00e1 pessoalmente empenhado na contrata\u00e7\u00e3o do zagueiro David Luiz. E j\u00e1 apresentou aos seus representantes as condi\u00e7\u00f5es do clube para ter o jogador de 34 anos em seu elenco. Com a janela de oportunidade prestes a se fechar na pr\u00f3xima semana para a inscri\u00e7\u00e3o de jogadores no [&hellip;]","og_url":"https:\/\/www.gaveanews.com\/index.php\/2021\/09\/08\/flamengo-apresenta-condicoes-financeiras-aos-empresarios-david-luiz\/","og_site_name":"G\u00e1vea News","article_publisher":"https:\/\/facebook.com\/gaveaNews\/","article_published_time":"2021-09-09T02:00:01+00:00","article_modified_time":"2021-09-09T02:00:04+00:00","og_image":[{"width":1920,"height":1080,"url":"https:\/\/www.gaveanews.com\/wp-content\/uploads\/David-Luiz.webp","type":"image\/jpeg"}],"author":"Equipe G\u00e1vea News","twitter_card":"summary_large_image","twitter_misc":{"Escrito por":"Equipe G\u00e1vea News","Est. tempo de leitura":"2 minutos"},"schema":{"@context":"https:\/\/schema.org","@graph":[{"@type":"NewsArticle","@id":"https:\/\/www.gaveanews.com\/index.php\/2021\/09\/08\/flamengo-apresenta-condicoes-financeiras-aos-empresarios-david-luiz\/#article","isPartOf":{"@id":"https:\/\/www.gaveanews.com\/index.php\/2021\/09\/08\/flamengo-apresenta-condicoes-financeiras-aos-empresarios-david-luiz\/"},"author":{"name":"Equipe G\u00e1vea News","@id":"https:\/\/www.gaveanews.com\/#\/schema\/person\/2ec14f73fb96be2caf28f91afb14749d"},"headline":"Flamengo apresenta condi\u00e7\u00f5es financeiras aos empres\u00e1rios David Luiz","datePublished":"2021-09-09T02:00:01+00:00","dateModified":"2021-09-09T02:00:04+00:00","mainEntityOfPage":{"@id":"https:\/\/www.gaveanews.com\/index.php\/2021\/09\/08\/flamengo-apresenta-condicoes-financeiras-aos-empresarios-david-luiz\/"},"wordCount":345,"commentCount":9,"image":{"@id":"https:\/\/www.gaveanews.com\/index.php\/2021\/09\/08\/flamengo-apresenta-condicoes-financeiras-aos-empresarios-david-luiz\/#primaryimage"},"thumbnailUrl":"https:\/\/www.gaveanews.com\/wp-content\/uploads\/David-Luiz.webp","articleSection":["Negocia\u00e7\u00f5es"],"inLanguage":"pt-BR","potentialAction":[{"@type":"CommentAction","name":"Comment","target":["https:\/\/www.gaveanews.com\/index.php\/2021\/09\/08\/flamengo-apresenta-condicoes-financeiras-aos-empresarios-david-luiz\/#respond"]}],"copyrightYear":"2021","copyrightHolder":{"@id":"https:\/\/www.gaveanews.com\/#organization"}},{"@type":"WebPage","@id":"https:\/\/www.gaveanews.com\/index.php\/2021\/09\/08\/flamengo-apresenta-condicoes-financeiras-aos-empresarios-david-luiz\/","url":"https:\/\/www.gaveanews.com\/index.php\/2021\/09\/08\/flamengo-apresenta-condicoes-financeiras-aos-empresarios-david-luiz\/","name":"Flamengo apresenta condi\u00e7\u00f5es financeiras aos empres\u00e1rios David Luiz","isPartOf":{"@id":"https:\/\/www.gaveanews.com\/#website"},"primaryImageOfPage":{"@id":"https:\/\/www.gaveanews.com\/index.php\/2021\/09\/08\/flamengo-apresenta-condicoes-financeiras-aos-empresarios-david-luiz\/#primaryimage"},"image":{"@id":"https:\/\/www.gaveanews.com\/index.php\/2021\/09\/08\/flamengo-apresenta-condicoes-financeiras-aos-empresarios-david-luiz\/#primaryimage"},"thumbnailUrl":"https:\/\/www.gaveanews.com\/wp-content\/uploads\/David-Luiz.webp","datePublished":"2021-09-09T02:00:01+00:00","dateModified":"2021-09-09T02:00:04+00:00","author":{"@id":"https:\/\/www.gaveanews.com\/#\/schema\/person\/2ec14f73fb96be2caf28f91afb14749d"},"breadcrumb":{"@id":"https:\/\/www.gaveanews.com\/index.php\/2021\/09\/08\/flamengo-apresenta-condicoes-financeiras-aos-empresarios-david-luiz\/#breadcrumb"},"inLanguage":"pt-BR","potentialAction":[{"@type":"ReadAction","target":["https:\/\/www.gaveanews.com\/index.php\/2021\/09\/08\/flamengo-apresenta-condicoes-financeiras-aos-empresarios-david-luiz\/"]}]},{"@type":"ImageObject","inLanguage":"pt-BR","@id":"https:\/\/www.gaveanews.com\/index.php\/2021\/09\/08\/flamengo-apresenta-condicoes-financeiras-aos-empresarios-david-luiz\/#primaryimage","url":"https:\/\/www.gaveanews.com\/wp-content\/uploads\/David-Luiz.webp","contentUrl":"https:\/\/www.gaveanews.com\/wp-content\/uploads\/David-Luiz.webp","width":1920,"height":1080},{"@type":"BreadcrumbList","@id":"https:\/\/www.gaveanews.com\/index.php\/2021\/09\/08\/flamengo-apresenta-condicoes-financeiras-aos-empresarios-david-luiz\/#breadcrumb","itemListElement":[{"@type":"ListItem","position":1,"name":"Home","item":"https:\/\/www.gaveanews.com\/"},{"@type":"ListItem","position":2,"name":"Flamengo apresenta condi\u00e7\u00f5es financeiras aos empres\u00e1rios David Luiz"}]},{"@type":"WebSite","@id":"https:\/\/www.gaveanews.com\/#website","url":"https:\/\/www.gaveanews.com\/","name":"G\u00e1vea News","description":"Veja todas as not\u00edcias sobre o Flamengo: Contrata\u00e7\u00f5es, categorias de base, resultados das partidas, tabela de classifica\u00e7\u00e3o, pr\u00f3ximos jogos!","potentialAction":[{"@type":"SearchAction","target":{"@type":"EntryPoint","urlTemplate":"https:\/\/www.gaveanews.com\/?s={search_term_string}"},"query-input":{"@type":"PropertyValueSpecification","valueRequired":true,"valueName":"search_term_string"}}],"inLanguage":"pt-BR"},{"@type":"Person","@id":"https:\/\/www.gaveanews.com\/#\/schema\/person\/2ec14f73fb96be2caf28f91afb14749d","name":"Equipe G\u00e1vea News","image":{"@type":"ImageObject","inLanguage":"pt-BR","@id":"https:\/\/www.gaveanews.com\/#\/schema\/person\/image\/","url":"https:\/\/secure.gravatar.com\/avatar\/1e1956f1facbffd3f8fa53a326721950116b3b9dc9bd44939c01180fd4a745a9?s=96&d=mm&r=g","contentUrl":"https:\/\/secure.gravatar.com\/avatar\/1e1956f1facbffd3f8fa53a326721950116b3b9dc9bd44939c01180fd4a745a9?s=96&d=mm&r=g","caption":"Equipe G\u00e1vea News"}}]}},"_links":{"self":[{"href":"https:\/\/www.gaveanews.com\/index.php\/wp-json\/wp\/v2\/posts\/67721","targetHints":{"allow":["GET"]}}],"collection":[{"href":"https:\/\/www.gaveanews.com\/index.php\/wp-json\/wp\/v2\/posts"}],"about":[{"href":"https:\/\/www.gaveanews.com\/index.php\/wp-json\/wp\/v2\/types\/post"}],"author":[{"embeddable":true,"href":"https:\/\/www.gaveanews.com\/index.php\/wp-json\/wp\/v2\/users\/1"}],"replies":[{"embeddable":true,"href":"https:\/\/www.gaveanews.com\/index.php\/wp-json\/wp\/v2\/comments?post=67721"}],"version-history":[{"count":0,"href":"https:\/\/www.gaveanews.com\/index.php\/wp-json\/wp\/v2\/posts\/67721\/revisions"}],"wp:featuredmedia":[{"embeddable":true,"href":"https:\/\/www.gaveanews.com\/index.php\/wp-json\/wp\/v2\/media\/36912"}],"wp:attachment":[{"href":"https:\/\/www.gaveanews.com\/index.php\/wp-json\/wp\/v2\/media?parent=67721"}],"wp:term":[{"taxonomy":"category","embeddable":true,"href":"https:\/\/www.gaveanews.com\/index.php\/wp-json\/wp\/v2\/categories?post=67721"},{"taxonomy":"post_tag","embeddable":true,"href":"https:\/\/www.gaveanews.com\/index.php\/wp-json\/wp\/v2\/tags?post=67721"}],"curies":[{"name":"wp","href":"https:\/\/api.w.org\/{rel}","templated":true}]}}