{"id":67913,"date":"2021-09-12T20:54:19","date_gmt":"2021-09-12T23:54:19","guid":{"rendered":"https:\/\/www.gaveanews.com\/?p=67913"},"modified":"2021-09-12T20:54:21","modified_gmt":"2021-09-12T23:54:21","slug":"david-luiz-exalta-torcida-do-flamengo-loucura-nunca-tinha-vivido-isso","status":"publish","type":"post","link":"https:\/\/www.gaveanews.com\/index.php\/2021\/09\/12\/david-luiz-exalta-torcida-do-flamengo-loucura-nunca-tinha-vivido-isso\/","title":{"rendered":"David Luiz exalta torcida do Flamengo: &#8220;Loucura, nunca tinha vivido isso&#8221;"},"content":{"rendered":"\n<p>Anunciado como novo refor\u00e7o do Flamengo no \u00faltimo s\u00e1bado, o zagueiro David Luiz marcou presen\u00e7a neste domingo, no Allianz Parque, para assistir a partida do Rubro-Negro contra o Palmeiras. Em entrevista \u00e0 \u2018FlaTV\u2019, o defensor falou pela primeira vez vestindo a camisa de n\u00famero 23 do Mais Querido e citou a for\u00e7a da torcida nas redes sociais.<\/p>\n\n\n\n<p><strong><em>\u2014 Foi uma loucura. Eu nunca tinha vivido isso, dessa maneira t\u00e3o intensa, forte. Eu joguei em in\u00fameros clubes, grandes clubes, grandes centros, mas sem d\u00favida nenhuma a torcida do Flamengo \u00e9 diferente de tudo isso. Hoje estou podendo voltar ao Brasil para o melhor lugar, onde eu senti o carinho mesmo antes de ter algo confirmado<\/em><\/strong>, disse David Luiz, antes de emendar:<\/p>\n\n\n\n<div class=\"wp-block-image\"><figure class=\"aligncenter size-large is-resized\"><img loading=\"lazy\" decoding=\"async\" src=\"https:\/\/diariodofla.com.br\/wp-content\/uploads\/2021\/09\/david-luiz.webp\" alt=\"\" width=\"806\" height=\"456\"\/><\/figure><\/div>\n\n\n\n<p>\u2014 <strong><em>Estou feliz de reencontrar o Filipe e o Diego (Alves). Tendo a oportunidade, melhor que a deles, de estar vindo num momento crucial da temporada, estar bem perto isso. Estou com muita vontade, eu s\u00f3 jogo futebol ainda porque eu amo isso. Eu nasci para os outros, nasci para servir. Ter a profiss\u00e3o que eu tenho, me dedicar para fazer as pessoas serem felizes, eu senti que posso fazer isso no Flamengo<\/em><\/strong>, completou.<\/p>\n\n\n\n<p>Retirado de: Di\u00e1rio do Fla<\/p>\n","protected":false},"excerpt":{"rendered":"<p>Anunciado como novo refor\u00e7o do Flamengo no \u00faltimo s\u00e1bado, o zagueiro David Luiz marcou presen\u00e7a neste domingo, no Allianz Parque, para assistir a partida do Rubro-Negro contra o Palmeiras. Em entrevista \u00e0 \u2018FlaTV\u2019, o defensor falou pela primeira vez vestindo a camisa de n\u00famero 23 do Mais Querido e citou a for\u00e7a da torcida nas [&hellip;]<\/p>\n","protected":false},"author":1,"featured_media":61403,"comment_status":"open","ping_status":"closed","sticky":false,"template":"","format":"standard","meta":{"footnotes":""},"categories":[47],"tags":[],"class_list":["post-67913","post","type-post","status-publish","format-standard","has-post-thumbnail","hentry","category-destaques"],"yoast_head":"<!-- This site is optimized with the Yoast SEO Premium plugin v24.2 (Yoast SEO v26.9) - https:\/\/yoast.com\/product\/yoast-seo-premium-wordpress\/ -->\n<title>David Luiz exalta torcida do Flamengo: &quot;Loucura, nunca tinha vivido isso&quot;<\/title>\n<meta name=\"robots\" content=\"index, follow, max-snippet:-1, max-image-preview:large, max-video-preview:-1\" \/>\n<link rel=\"canonical\" href=\"https:\/\/www.gaveanews.com\/index.php\/2021\/09\/12\/david-luiz-exalta-torcida-do-flamengo-loucura-nunca-tinha-vivido-isso\/\" \/>\n<meta property=\"og:locale\" content=\"pt_BR\" \/>\n<meta property=\"og:type\" content=\"article\" \/>\n<meta property=\"og:title\" content=\"David Luiz exalta torcida do Flamengo: &quot;Loucura, nunca tinha vivido isso&quot;\" \/>\n<meta property=\"og:description\" content=\"Anunciado como novo refor\u00e7o do Flamengo no \u00faltimo s\u00e1bado, o zagueiro David Luiz marcou presen\u00e7a neste domingo, no Allianz Parque, para assistir a partida do Rubro-Negro contra o Palmeiras. Em entrevista \u00e0 \u2018FlaTV\u2019, o defensor falou pela primeira vez vestindo a camisa de n\u00famero 23 do Mais Querido e citou a for\u00e7a da torcida nas [&hellip;]\" \/>\n<meta property=\"og:url\" content=\"https:\/\/www.gaveanews.com\/index.php\/2021\/09\/12\/david-luiz-exalta-torcida-do-flamengo-loucura-nunca-tinha-vivido-isso\/\" \/>\n<meta property=\"og:site_name\" content=\"G\u00e1vea News\" \/>\n<meta property=\"article:publisher\" content=\"https:\/\/facebook.com\/gaveaNews\/\" \/>\n<meta property=\"article:published_time\" content=\"2021-09-12T23:54:19+00:00\" \/>\n<meta property=\"article:modified_time\" content=\"2021-09-12T23:54:21+00:00\" \/>\n<meta property=\"og:image\" content=\"https:\/\/www.gaveanews.com\/wp-content\/uploads\/David-Luiz-em-acao-pelo-Arsenal.webp\" \/>\n\t<meta property=\"og:image:width\" content=\"700\" \/>\n\t<meta property=\"og:image:height\" content=\"394\" \/>\n\t<meta property=\"og:image:type\" content=\"image\/jpeg\" \/>\n<meta name=\"author\" content=\"Equipe G\u00e1vea News\" \/>\n<meta name=\"twitter:card\" content=\"summary_large_image\" \/>\n<meta name=\"twitter:label1\" content=\"Escrito por\" \/>\n\t<meta name=\"twitter:data1\" content=\"Equipe G\u00e1vea News\" \/>\n\t<meta name=\"twitter:label2\" content=\"Est. tempo de leitura\" \/>\n\t<meta name=\"twitter:data2\" content=\"2 minutos\" \/>\n<script type=\"application\/ld+json\" class=\"yoast-schema-graph\">{\"@context\":\"https:\/\/schema.org\",\"@graph\":[{\"@type\":\"NewsArticle\",\"@id\":\"https:\/\/www.gaveanews.com\/index.php\/2021\/09\/12\/david-luiz-exalta-torcida-do-flamengo-loucura-nunca-tinha-vivido-isso\/#article\",\"isPartOf\":{\"@id\":\"https:\/\/www.gaveanews.com\/index.php\/2021\/09\/12\/david-luiz-exalta-torcida-do-flamengo-loucura-nunca-tinha-vivido-isso\/\"},\"author\":{\"name\":\"Equipe G\u00e1vea News\",\"@id\":\"https:\/\/www.gaveanews.com\/#\/schema\/person\/2ec14f73fb96be2caf28f91afb14749d\"},\"headline\":\"David Luiz exalta torcida do Flamengo: &#8220;Loucura, nunca tinha vivido isso&#8221;\",\"datePublished\":\"2021-09-12T23:54:19+00:00\",\"dateModified\":\"2021-09-12T23:54:21+00:00\",\"mainEntityOfPage\":{\"@id\":\"https:\/\/www.gaveanews.com\/index.php\/2021\/09\/12\/david-luiz-exalta-torcida-do-flamengo-loucura-nunca-tinha-vivido-isso\/\"},\"wordCount\":215,\"commentCount\":8,\"image\":{\"@id\":\"https:\/\/www.gaveanews.com\/index.php\/2021\/09\/12\/david-luiz-exalta-torcida-do-flamengo-loucura-nunca-tinha-vivido-isso\/#primaryimage\"},\"thumbnailUrl\":\"https:\/\/www.gaveanews.com\/wp-content\/uploads\/David-Luiz-em-acao-pelo-Arsenal.webp\",\"articleSection\":[\"Destaques\"],\"inLanguage\":\"pt-BR\",\"potentialAction\":[{\"@type\":\"CommentAction\",\"name\":\"Comment\",\"target\":[\"https:\/\/www.gaveanews.com\/index.php\/2021\/09\/12\/david-luiz-exalta-torcida-do-flamengo-loucura-nunca-tinha-vivido-isso\/#respond\"]}],\"copyrightYear\":\"2021\",\"copyrightHolder\":{\"@id\":\"https:\/\/www.gaveanews.com\/#organization\"}},{\"@type\":\"WebPage\",\"@id\":\"https:\/\/www.gaveanews.com\/index.php\/2021\/09\/12\/david-luiz-exalta-torcida-do-flamengo-loucura-nunca-tinha-vivido-isso\/\",\"url\":\"https:\/\/www.gaveanews.com\/index.php\/2021\/09\/12\/david-luiz-exalta-torcida-do-flamengo-loucura-nunca-tinha-vivido-isso\/\",\"name\":\"David Luiz exalta torcida do Flamengo: \\\"Loucura, nunca tinha vivido isso\\\"\",\"isPartOf\":{\"@id\":\"https:\/\/www.gaveanews.com\/#website\"},\"primaryImageOfPage\":{\"@id\":\"https:\/\/www.gaveanews.com\/index.php\/2021\/09\/12\/david-luiz-exalta-torcida-do-flamengo-loucura-nunca-tinha-vivido-isso\/#primaryimage\"},\"image\":{\"@id\":\"https:\/\/www.gaveanews.com\/index.php\/2021\/09\/12\/david-luiz-exalta-torcida-do-flamengo-loucura-nunca-tinha-vivido-isso\/#primaryimage\"},\"thumbnailUrl\":\"https:\/\/www.gaveanews.com\/wp-content\/uploads\/David-Luiz-em-acao-pelo-Arsenal.webp\",\"datePublished\":\"2021-09-12T23:54:19+00:00\",\"dateModified\":\"2021-09-12T23:54:21+00:00\",\"author\":{\"@id\":\"https:\/\/www.gaveanews.com\/#\/schema\/person\/2ec14f73fb96be2caf28f91afb14749d\"},\"breadcrumb\":{\"@id\":\"https:\/\/www.gaveanews.com\/index.php\/2021\/09\/12\/david-luiz-exalta-torcida-do-flamengo-loucura-nunca-tinha-vivido-isso\/#breadcrumb\"},\"inLanguage\":\"pt-BR\",\"potentialAction\":[{\"@type\":\"ReadAction\",\"target\":[\"https:\/\/www.gaveanews.com\/index.php\/2021\/09\/12\/david-luiz-exalta-torcida-do-flamengo-loucura-nunca-tinha-vivido-isso\/\"]}]},{\"@type\":\"ImageObject\",\"inLanguage\":\"pt-BR\",\"@id\":\"https:\/\/www.gaveanews.com\/index.php\/2021\/09\/12\/david-luiz-exalta-torcida-do-flamengo-loucura-nunca-tinha-vivido-isso\/#primaryimage\",\"url\":\"https:\/\/www.gaveanews.com\/wp-content\/uploads\/David-Luiz-em-acao-pelo-Arsenal.webp\",\"contentUrl\":\"https:\/\/www.gaveanews.com\/wp-content\/uploads\/David-Luiz-em-acao-pelo-Arsenal.webp\",\"width\":700,\"height\":394,\"caption\":\"David Luiz em a\u00e7\u00e3o pelo Arsenal (Foto: Getty Images)\"},{\"@type\":\"BreadcrumbList\",\"@id\":\"https:\/\/www.gaveanews.com\/index.php\/2021\/09\/12\/david-luiz-exalta-torcida-do-flamengo-loucura-nunca-tinha-vivido-isso\/#breadcrumb\",\"itemListElement\":[{\"@type\":\"ListItem\",\"position\":1,\"name\":\"Home\",\"item\":\"https:\/\/www.gaveanews.com\/\"},{\"@type\":\"ListItem\",\"position\":2,\"name\":\"David Luiz exalta torcida do Flamengo: &#8220;Loucura, nunca tinha vivido isso&#8221;\"}]},{\"@type\":\"WebSite\",\"@id\":\"https:\/\/www.gaveanews.com\/#website\",\"url\":\"https:\/\/www.gaveanews.com\/\",\"name\":\"G\u00e1vea News\",\"description\":\"Veja todas as not\u00edcias sobre o Flamengo: Contrata\u00e7\u00f5es, categorias de base, resultados das partidas, tabela de classifica\u00e7\u00e3o, pr\u00f3ximos jogos!\",\"potentialAction\":[{\"@type\":\"SearchAction\",\"target\":{\"@type\":\"EntryPoint\",\"urlTemplate\":\"https:\/\/www.gaveanews.com\/?s={search_term_string}\"},\"query-input\":{\"@type\":\"PropertyValueSpecification\",\"valueRequired\":true,\"valueName\":\"search_term_string\"}}],\"inLanguage\":\"pt-BR\"},{\"@type\":\"Person\",\"@id\":\"https:\/\/www.gaveanews.com\/#\/schema\/person\/2ec14f73fb96be2caf28f91afb14749d\",\"name\":\"Equipe G\u00e1vea News\",\"image\":{\"@type\":\"ImageObject\",\"inLanguage\":\"pt-BR\",\"@id\":\"https:\/\/www.gaveanews.com\/#\/schema\/person\/image\/\",\"url\":\"https:\/\/secure.gravatar.com\/avatar\/1e1956f1facbffd3f8fa53a326721950116b3b9dc9bd44939c01180fd4a745a9?s=96&d=mm&r=g\",\"contentUrl\":\"https:\/\/secure.gravatar.com\/avatar\/1e1956f1facbffd3f8fa53a326721950116b3b9dc9bd44939c01180fd4a745a9?s=96&d=mm&r=g\",\"caption\":\"Equipe G\u00e1vea News\"}}]}<\/script>\n<!-- \/ Yoast SEO Premium plugin. -->","yoast_head_json":{"title":"David Luiz exalta torcida do Flamengo: \"Loucura, nunca tinha vivido isso\"","robots":{"index":"index","follow":"follow","max-snippet":"max-snippet:-1","max-image-preview":"max-image-preview:large","max-video-preview":"max-video-preview:-1"},"canonical":"https:\/\/www.gaveanews.com\/index.php\/2021\/09\/12\/david-luiz-exalta-torcida-do-flamengo-loucura-nunca-tinha-vivido-isso\/","og_locale":"pt_BR","og_type":"article","og_title":"David Luiz exalta torcida do Flamengo: \"Loucura, nunca tinha vivido isso\"","og_description":"Anunciado como novo refor\u00e7o do Flamengo no \u00faltimo s\u00e1bado, o zagueiro David Luiz marcou presen\u00e7a neste domingo, no Allianz Parque, para assistir a partida do Rubro-Negro contra o Palmeiras. Em entrevista \u00e0 \u2018FlaTV\u2019, o defensor falou pela primeira vez vestindo a camisa de n\u00famero 23 do Mais Querido e citou a for\u00e7a da torcida nas [&hellip;]","og_url":"https:\/\/www.gaveanews.com\/index.php\/2021\/09\/12\/david-luiz-exalta-torcida-do-flamengo-loucura-nunca-tinha-vivido-isso\/","og_site_name":"G\u00e1vea News","article_publisher":"https:\/\/facebook.com\/gaveaNews\/","article_published_time":"2021-09-12T23:54:19+00:00","article_modified_time":"2021-09-12T23:54:21+00:00","og_image":[{"width":700,"height":394,"url":"https:\/\/www.gaveanews.com\/wp-content\/uploads\/David-Luiz-em-acao-pelo-Arsenal.webp","type":"image\/jpeg"}],"author":"Equipe G\u00e1vea News","twitter_card":"summary_large_image","twitter_misc":{"Escrito por":"Equipe G\u00e1vea News","Est. tempo de leitura":"2 minutos"},"schema":{"@context":"https:\/\/schema.org","@graph":[{"@type":"NewsArticle","@id":"https:\/\/www.gaveanews.com\/index.php\/2021\/09\/12\/david-luiz-exalta-torcida-do-flamengo-loucura-nunca-tinha-vivido-isso\/#article","isPartOf":{"@id":"https:\/\/www.gaveanews.com\/index.php\/2021\/09\/12\/david-luiz-exalta-torcida-do-flamengo-loucura-nunca-tinha-vivido-isso\/"},"author":{"name":"Equipe G\u00e1vea News","@id":"https:\/\/www.gaveanews.com\/#\/schema\/person\/2ec14f73fb96be2caf28f91afb14749d"},"headline":"David Luiz exalta torcida do Flamengo: &#8220;Loucura, nunca tinha vivido isso&#8221;","datePublished":"2021-09-12T23:54:19+00:00","dateModified":"2021-09-12T23:54:21+00:00","mainEntityOfPage":{"@id":"https:\/\/www.gaveanews.com\/index.php\/2021\/09\/12\/david-luiz-exalta-torcida-do-flamengo-loucura-nunca-tinha-vivido-isso\/"},"wordCount":215,"commentCount":8,"image":{"@id":"https:\/\/www.gaveanews.com\/index.php\/2021\/09\/12\/david-luiz-exalta-torcida-do-flamengo-loucura-nunca-tinha-vivido-isso\/#primaryimage"},"thumbnailUrl":"https:\/\/www.gaveanews.com\/wp-content\/uploads\/David-Luiz-em-acao-pelo-Arsenal.webp","articleSection":["Destaques"],"inLanguage":"pt-BR","potentialAction":[{"@type":"CommentAction","name":"Comment","target":["https:\/\/www.gaveanews.com\/index.php\/2021\/09\/12\/david-luiz-exalta-torcida-do-flamengo-loucura-nunca-tinha-vivido-isso\/#respond"]}],"copyrightYear":"2021","copyrightHolder":{"@id":"https:\/\/www.gaveanews.com\/#organization"}},{"@type":"WebPage","@id":"https:\/\/www.gaveanews.com\/index.php\/2021\/09\/12\/david-luiz-exalta-torcida-do-flamengo-loucura-nunca-tinha-vivido-isso\/","url":"https:\/\/www.gaveanews.com\/index.php\/2021\/09\/12\/david-luiz-exalta-torcida-do-flamengo-loucura-nunca-tinha-vivido-isso\/","name":"David Luiz exalta torcida do Flamengo: \"Loucura, nunca tinha vivido isso\"","isPartOf":{"@id":"https:\/\/www.gaveanews.com\/#website"},"primaryImageOfPage":{"@id":"https:\/\/www.gaveanews.com\/index.php\/2021\/09\/12\/david-luiz-exalta-torcida-do-flamengo-loucura-nunca-tinha-vivido-isso\/#primaryimage"},"image":{"@id":"https:\/\/www.gaveanews.com\/index.php\/2021\/09\/12\/david-luiz-exalta-torcida-do-flamengo-loucura-nunca-tinha-vivido-isso\/#primaryimage"},"thumbnailUrl":"https:\/\/www.gaveanews.com\/wp-content\/uploads\/David-Luiz-em-acao-pelo-Arsenal.webp","datePublished":"2021-09-12T23:54:19+00:00","dateModified":"2021-09-12T23:54:21+00:00","author":{"@id":"https:\/\/www.gaveanews.com\/#\/schema\/person\/2ec14f73fb96be2caf28f91afb14749d"},"breadcrumb":{"@id":"https:\/\/www.gaveanews.com\/index.php\/2021\/09\/12\/david-luiz-exalta-torcida-do-flamengo-loucura-nunca-tinha-vivido-isso\/#breadcrumb"},"inLanguage":"pt-BR","potentialAction":[{"@type":"ReadAction","target":["https:\/\/www.gaveanews.com\/index.php\/2021\/09\/12\/david-luiz-exalta-torcida-do-flamengo-loucura-nunca-tinha-vivido-isso\/"]}]},{"@type":"ImageObject","inLanguage":"pt-BR","@id":"https:\/\/www.gaveanews.com\/index.php\/2021\/09\/12\/david-luiz-exalta-torcida-do-flamengo-loucura-nunca-tinha-vivido-isso\/#primaryimage","url":"https:\/\/www.gaveanews.com\/wp-content\/uploads\/David-Luiz-em-acao-pelo-Arsenal.webp","contentUrl":"https:\/\/www.gaveanews.com\/wp-content\/uploads\/David-Luiz-em-acao-pelo-Arsenal.webp","width":700,"height":394,"caption":"David Luiz em a\u00e7\u00e3o pelo Arsenal (Foto: Getty Images)"},{"@type":"BreadcrumbList","@id":"https:\/\/www.gaveanews.com\/index.php\/2021\/09\/12\/david-luiz-exalta-torcida-do-flamengo-loucura-nunca-tinha-vivido-isso\/#breadcrumb","itemListElement":[{"@type":"ListItem","position":1,"name":"Home","item":"https:\/\/www.gaveanews.com\/"},{"@type":"ListItem","position":2,"name":"David Luiz exalta torcida do Flamengo: &#8220;Loucura, nunca tinha vivido isso&#8221;"}]},{"@type":"WebSite","@id":"https:\/\/www.gaveanews.com\/#website","url":"https:\/\/www.gaveanews.com\/","name":"G\u00e1vea News","description":"Veja todas as not\u00edcias sobre o Flamengo: Contrata\u00e7\u00f5es, categorias de base, resultados das partidas, tabela de classifica\u00e7\u00e3o, pr\u00f3ximos jogos!","potentialAction":[{"@type":"SearchAction","target":{"@type":"EntryPoint","urlTemplate":"https:\/\/www.gaveanews.com\/?s={search_term_string}"},"query-input":{"@type":"PropertyValueSpecification","valueRequired":true,"valueName":"search_term_string"}}],"inLanguage":"pt-BR"},{"@type":"Person","@id":"https:\/\/www.gaveanews.com\/#\/schema\/person\/2ec14f73fb96be2caf28f91afb14749d","name":"Equipe G\u00e1vea News","image":{"@type":"ImageObject","inLanguage":"pt-BR","@id":"https:\/\/www.gaveanews.com\/#\/schema\/person\/image\/","url":"https:\/\/secure.gravatar.com\/avatar\/1e1956f1facbffd3f8fa53a326721950116b3b9dc9bd44939c01180fd4a745a9?s=96&d=mm&r=g","contentUrl":"https:\/\/secure.gravatar.com\/avatar\/1e1956f1facbffd3f8fa53a326721950116b3b9dc9bd44939c01180fd4a745a9?s=96&d=mm&r=g","caption":"Equipe G\u00e1vea News"}}]}},"_links":{"self":[{"href":"https:\/\/www.gaveanews.com\/index.php\/wp-json\/wp\/v2\/posts\/67913","targetHints":{"allow":["GET"]}}],"collection":[{"href":"https:\/\/www.gaveanews.com\/index.php\/wp-json\/wp\/v2\/posts"}],"about":[{"href":"https:\/\/www.gaveanews.com\/index.php\/wp-json\/wp\/v2\/types\/post"}],"author":[{"embeddable":true,"href":"https:\/\/www.gaveanews.com\/index.php\/wp-json\/wp\/v2\/users\/1"}],"replies":[{"embeddable":true,"href":"https:\/\/www.gaveanews.com\/index.php\/wp-json\/wp\/v2\/comments?post=67913"}],"version-history":[{"count":0,"href":"https:\/\/www.gaveanews.com\/index.php\/wp-json\/wp\/v2\/posts\/67913\/revisions"}],"wp:featuredmedia":[{"embeddable":true,"href":"https:\/\/www.gaveanews.com\/index.php\/wp-json\/wp\/v2\/media\/61403"}],"wp:attachment":[{"href":"https:\/\/www.gaveanews.com\/index.php\/wp-json\/wp\/v2\/media?parent=67913"}],"wp:term":[{"taxonomy":"category","embeddable":true,"href":"https:\/\/www.gaveanews.com\/index.php\/wp-json\/wp\/v2\/categories?post=67913"},{"taxonomy":"post_tag","embeddable":true,"href":"https:\/\/www.gaveanews.com\/index.php\/wp-json\/wp\/v2\/tags?post=67913"}],"curies":[{"name":"wp","href":"https:\/\/api.w.org\/{rel}","templated":true}]}}