{"id":67936,"date":"2021-09-13T09:30:00","date_gmt":"2021-09-13T12:30:00","guid":{"rendered":"https:\/\/www.gaveanews.com\/?p=67936"},"modified":"2021-09-13T08:36:41","modified_gmt":"2021-09-13T11:36:41","slug":"alvo-de-criticas-titular-do-flamengo-desabafa-e-hora-de-se-aposentar","status":"publish","type":"post","link":"https:\/\/www.gaveanews.com\/index.php\/2021\/09\/13\/alvo-de-criticas-titular-do-flamengo-desabafa-e-hora-de-se-aposentar\/","title":{"rendered":"Alvo de cr\u00edticas, titular do Flamengo desabafa: \u201c\u00c9 hora de se aposentar\u201d"},"content":{"rendered":"\n<p>Titular do Flamengo, o lateral-direito Isla recebeu v\u00e1rias cr\u00edticas por n\u00e3o ter conseguido parar Wesley no gol solit\u00e1rio do Palmeiras no jogo do \u00faltimo domingo (12), em que o Rubro-negro saiu com a vit\u00f3ria em 3 a 1. O camisa 44 se manifestou sobre o ocorrido nas redes sociais e falou sobre aposentadoria.<\/p>\n\n\n\n<p>No Instagram, uma p\u00e1gina de chilena comentou sobre as cr\u00edticas que Isla, titular tamb\u00e9m da Sele\u00e7\u00e3o do Chile, vem recebendo no Brasil.<\/p>\n\n\n\n<p><strong><em>\u2014 N\u00e3o quer mais! Chove cr\u00edticas no Brasil, contra \u201cHuaso\u201d Isla, por conta do p\u00e9ssimo desempenho. Em La Roja, tamanha foi a surpresa de Isla, que os torcedores do Flamengo n\u00e3o o queriam como titular e pediram que dessem a oportunidade ao juvenil na ala direita (Matheuzinho). E a\u00ed, voc\u00ea acha que o \u201chuaso\u201d jogou t\u00e3o mal para eles pedirem sua sa\u00edda do Fla?<\/em><\/strong>, questionou a p\u00e1gina chilena.<\/p>\n\n\n\n<p>Ap\u00f3s ver a postagem, o lateral do Flamengo respondeu: \u201c<strong>Hora de se aposentar<\/strong>\u201d.<\/p>\n\n\n\n<p>Isla \u00e9 titular absoluto do Flamengo, mas vem recebendo cr\u00edticas da torcida. Na atual temporada, o lateral-direito soma 25 jogos e duas assist\u00eancias pelo clube carioca.<\/p>\n\n\n\n<p>Retirado de: Torcedores <\/p>\n","protected":false},"excerpt":{"rendered":"<p>Titular do Flamengo, o lateral-direito Isla recebeu v\u00e1rias cr\u00edticas por n\u00e3o ter conseguido parar Wesley no gol solit\u00e1rio do Palmeiras no jogo do \u00faltimo domingo (12), em que o Rubro-negro saiu com a vit\u00f3ria em 3 a 1. O camisa 44 se manifestou sobre o ocorrido nas redes sociais e falou sobre aposentadoria. No Instagram, [&hellip;]<\/p>\n","protected":false},"author":1,"featured_media":67387,"comment_status":"open","ping_status":"closed","sticky":false,"template":"","format":"standard","meta":{"footnotes":""},"categories":[47],"tags":[],"class_list":["post-67936","post","type-post","status-publish","format-standard","has-post-thumbnail","hentry","category-destaques"],"yoast_head":"<!-- This site is optimized with the Yoast SEO Premium plugin v24.2 (Yoast SEO v26.9) - https:\/\/yoast.com\/product\/yoast-seo-premium-wordpress\/ -->\n<title>Alvo de cr\u00edticas, titular do Flamengo desabafa: \u201c\u00c9 hora de se aposentar\u201d<\/title>\n<meta name=\"robots\" content=\"index, follow, max-snippet:-1, max-image-preview:large, max-video-preview:-1\" \/>\n<link rel=\"canonical\" href=\"https:\/\/www.gaveanews.com\/index.php\/2021\/09\/13\/alvo-de-criticas-titular-do-flamengo-desabafa-e-hora-de-se-aposentar\/\" \/>\n<meta property=\"og:locale\" content=\"pt_BR\" \/>\n<meta property=\"og:type\" content=\"article\" \/>\n<meta property=\"og:title\" content=\"Alvo de cr\u00edticas, titular do Flamengo desabafa: \u201c\u00c9 hora de se aposentar\u201d\" \/>\n<meta property=\"og:description\" content=\"Titular do Flamengo, o lateral-direito Isla recebeu v\u00e1rias cr\u00edticas por n\u00e3o ter conseguido parar Wesley no gol solit\u00e1rio do Palmeiras no jogo do \u00faltimo domingo (12), em que o Rubro-negro saiu com a vit\u00f3ria em 3 a 1. O camisa 44 se manifestou sobre o ocorrido nas redes sociais e falou sobre aposentadoria. No Instagram, [&hellip;]\" \/>\n<meta property=\"og:url\" content=\"https:\/\/www.gaveanews.com\/index.php\/2021\/09\/13\/alvo-de-criticas-titular-do-flamengo-desabafa-e-hora-de-se-aposentar\/\" \/>\n<meta property=\"og:site_name\" content=\"G\u00e1vea News\" \/>\n<meta property=\"article:publisher\" content=\"https:\/\/facebook.com\/gaveaNews\/\" \/>\n<meta property=\"article:published_time\" content=\"2021-09-13T12:30:00+00:00\" \/>\n<meta property=\"og:image\" content=\"https:\/\/www.gaveanews.com\/wp-content\/uploads\/Isla-em-acao-pelo-Flamengo-no-Campeonato-Brasileiro-2021.webp\" \/>\n\t<meta property=\"og:image:width\" content=\"799\" \/>\n\t<meta property=\"og:image:height\" content=\"533\" \/>\n\t<meta property=\"og:image:type\" content=\"image\/jpeg\" \/>\n<meta name=\"author\" content=\"Equipe G\u00e1vea News\" \/>\n<meta name=\"twitter:card\" content=\"summary_large_image\" \/>\n<meta name=\"twitter:label1\" content=\"Escrito por\" \/>\n\t<meta name=\"twitter:data1\" content=\"Equipe G\u00e1vea News\" \/>\n\t<meta name=\"twitter:label2\" content=\"Est. tempo de leitura\" \/>\n\t<meta name=\"twitter:data2\" content=\"1 minuto\" \/>\n<script type=\"application\/ld+json\" class=\"yoast-schema-graph\">{\"@context\":\"https:\/\/schema.org\",\"@graph\":[{\"@type\":\"NewsArticle\",\"@id\":\"https:\/\/www.gaveanews.com\/index.php\/2021\/09\/13\/alvo-de-criticas-titular-do-flamengo-desabafa-e-hora-de-se-aposentar\/#article\",\"isPartOf\":{\"@id\":\"https:\/\/www.gaveanews.com\/index.php\/2021\/09\/13\/alvo-de-criticas-titular-do-flamengo-desabafa-e-hora-de-se-aposentar\/\"},\"author\":{\"name\":\"Equipe G\u00e1vea News\",\"@id\":\"https:\/\/www.gaveanews.com\/#\/schema\/person\/2ec14f73fb96be2caf28f91afb14749d\"},\"headline\":\"Alvo de cr\u00edticas, titular do Flamengo desabafa: \u201c\u00c9 hora de se aposentar\u201d\",\"datePublished\":\"2021-09-13T12:30:00+00:00\",\"mainEntityOfPage\":{\"@id\":\"https:\/\/www.gaveanews.com\/index.php\/2021\/09\/13\/alvo-de-criticas-titular-do-flamengo-desabafa-e-hora-de-se-aposentar\/\"},\"wordCount\":209,\"commentCount\":82,\"image\":{\"@id\":\"https:\/\/www.gaveanews.com\/index.php\/2021\/09\/13\/alvo-de-criticas-titular-do-flamengo-desabafa-e-hora-de-se-aposentar\/#primaryimage\"},\"thumbnailUrl\":\"https:\/\/www.gaveanews.com\/wp-content\/uploads\/Isla-em-acao-pelo-Flamengo-no-Campeonato-Brasileiro-2021.webp\",\"articleSection\":[\"Destaques\"],\"inLanguage\":\"pt-BR\",\"potentialAction\":[{\"@type\":\"CommentAction\",\"name\":\"Comment\",\"target\":[\"https:\/\/www.gaveanews.com\/index.php\/2021\/09\/13\/alvo-de-criticas-titular-do-flamengo-desabafa-e-hora-de-se-aposentar\/#respond\"]}],\"copyrightYear\":\"2021\",\"copyrightHolder\":{\"@id\":\"https:\/\/www.gaveanews.com\/#organization\"}},{\"@type\":\"WebPage\",\"@id\":\"https:\/\/www.gaveanews.com\/index.php\/2021\/09\/13\/alvo-de-criticas-titular-do-flamengo-desabafa-e-hora-de-se-aposentar\/\",\"url\":\"https:\/\/www.gaveanews.com\/index.php\/2021\/09\/13\/alvo-de-criticas-titular-do-flamengo-desabafa-e-hora-de-se-aposentar\/\",\"name\":\"Alvo de cr\u00edticas, titular do Flamengo desabafa: \u201c\u00c9 hora de se aposentar\u201d\",\"isPartOf\":{\"@id\":\"https:\/\/www.gaveanews.com\/#website\"},\"primaryImageOfPage\":{\"@id\":\"https:\/\/www.gaveanews.com\/index.php\/2021\/09\/13\/alvo-de-criticas-titular-do-flamengo-desabafa-e-hora-de-se-aposentar\/#primaryimage\"},\"image\":{\"@id\":\"https:\/\/www.gaveanews.com\/index.php\/2021\/09\/13\/alvo-de-criticas-titular-do-flamengo-desabafa-e-hora-de-se-aposentar\/#primaryimage\"},\"thumbnailUrl\":\"https:\/\/www.gaveanews.com\/wp-content\/uploads\/Isla-em-acao-pelo-Flamengo-no-Campeonato-Brasileiro-2021.webp\",\"datePublished\":\"2021-09-13T12:30:00+00:00\",\"author\":{\"@id\":\"https:\/\/www.gaveanews.com\/#\/schema\/person\/2ec14f73fb96be2caf28f91afb14749d\"},\"breadcrumb\":{\"@id\":\"https:\/\/www.gaveanews.com\/index.php\/2021\/09\/13\/alvo-de-criticas-titular-do-flamengo-desabafa-e-hora-de-se-aposentar\/#breadcrumb\"},\"inLanguage\":\"pt-BR\",\"potentialAction\":[{\"@type\":\"ReadAction\",\"target\":[\"https:\/\/www.gaveanews.com\/index.php\/2021\/09\/13\/alvo-de-criticas-titular-do-flamengo-desabafa-e-hora-de-se-aposentar\/\"]}]},{\"@type\":\"ImageObject\",\"inLanguage\":\"pt-BR\",\"@id\":\"https:\/\/www.gaveanews.com\/index.php\/2021\/09\/13\/alvo-de-criticas-titular-do-flamengo-desabafa-e-hora-de-se-aposentar\/#primaryimage\",\"url\":\"https:\/\/www.gaveanews.com\/wp-content\/uploads\/Isla-em-acao-pelo-Flamengo-no-Campeonato-Brasileiro-2021.webp\",\"contentUrl\":\"https:\/\/www.gaveanews.com\/wp-content\/uploads\/Isla-em-acao-pelo-Flamengo-no-Campeonato-Brasileiro-2021.webp\",\"width\":799,\"height\":533,\"caption\":\"Isla em a\u00e7\u00e3o pelo Flamengo no Campeonato Brasileiro 2021 (Foto: Alexandre Vidal\/Flamengo)\"},{\"@type\":\"BreadcrumbList\",\"@id\":\"https:\/\/www.gaveanews.com\/index.php\/2021\/09\/13\/alvo-de-criticas-titular-do-flamengo-desabafa-e-hora-de-se-aposentar\/#breadcrumb\",\"itemListElement\":[{\"@type\":\"ListItem\",\"position\":1,\"name\":\"Home\",\"item\":\"https:\/\/www.gaveanews.com\/\"},{\"@type\":\"ListItem\",\"position\":2,\"name\":\"Alvo de cr\u00edticas, titular do Flamengo desabafa: \u201c\u00c9 hora de se aposentar\u201d\"}]},{\"@type\":\"WebSite\",\"@id\":\"https:\/\/www.gaveanews.com\/#website\",\"url\":\"https:\/\/www.gaveanews.com\/\",\"name\":\"G\u00e1vea News\",\"description\":\"Veja todas as not\u00edcias sobre o Flamengo: Contrata\u00e7\u00f5es, categorias de base, resultados das partidas, tabela de classifica\u00e7\u00e3o, pr\u00f3ximos jogos!\",\"potentialAction\":[{\"@type\":\"SearchAction\",\"target\":{\"@type\":\"EntryPoint\",\"urlTemplate\":\"https:\/\/www.gaveanews.com\/?s={search_term_string}\"},\"query-input\":{\"@type\":\"PropertyValueSpecification\",\"valueRequired\":true,\"valueName\":\"search_term_string\"}}],\"inLanguage\":\"pt-BR\"},{\"@type\":\"Person\",\"@id\":\"https:\/\/www.gaveanews.com\/#\/schema\/person\/2ec14f73fb96be2caf28f91afb14749d\",\"name\":\"Equipe G\u00e1vea News\",\"image\":{\"@type\":\"ImageObject\",\"inLanguage\":\"pt-BR\",\"@id\":\"https:\/\/www.gaveanews.com\/#\/schema\/person\/image\/\",\"url\":\"https:\/\/secure.gravatar.com\/avatar\/1e1956f1facbffd3f8fa53a326721950116b3b9dc9bd44939c01180fd4a745a9?s=96&d=mm&r=g\",\"contentUrl\":\"https:\/\/secure.gravatar.com\/avatar\/1e1956f1facbffd3f8fa53a326721950116b3b9dc9bd44939c01180fd4a745a9?s=96&d=mm&r=g\",\"caption\":\"Equipe G\u00e1vea News\"}}]}<\/script>\n<!-- \/ Yoast SEO Premium plugin. -->","yoast_head_json":{"title":"Alvo de cr\u00edticas, titular do Flamengo desabafa: \u201c\u00c9 hora de se aposentar\u201d","robots":{"index":"index","follow":"follow","max-snippet":"max-snippet:-1","max-image-preview":"max-image-preview:large","max-video-preview":"max-video-preview:-1"},"canonical":"https:\/\/www.gaveanews.com\/index.php\/2021\/09\/13\/alvo-de-criticas-titular-do-flamengo-desabafa-e-hora-de-se-aposentar\/","og_locale":"pt_BR","og_type":"article","og_title":"Alvo de cr\u00edticas, titular do Flamengo desabafa: \u201c\u00c9 hora de se aposentar\u201d","og_description":"Titular do Flamengo, o lateral-direito Isla recebeu v\u00e1rias cr\u00edticas por n\u00e3o ter conseguido parar Wesley no gol solit\u00e1rio do Palmeiras no jogo do \u00faltimo domingo (12), em que o Rubro-negro saiu com a vit\u00f3ria em 3 a 1. O camisa 44 se manifestou sobre o ocorrido nas redes sociais e falou sobre aposentadoria. No Instagram, [&hellip;]","og_url":"https:\/\/www.gaveanews.com\/index.php\/2021\/09\/13\/alvo-de-criticas-titular-do-flamengo-desabafa-e-hora-de-se-aposentar\/","og_site_name":"G\u00e1vea News","article_publisher":"https:\/\/facebook.com\/gaveaNews\/","article_published_time":"2021-09-13T12:30:00+00:00","og_image":[{"width":799,"height":533,"url":"https:\/\/www.gaveanews.com\/wp-content\/uploads\/Isla-em-acao-pelo-Flamengo-no-Campeonato-Brasileiro-2021.webp","type":"image\/jpeg"}],"author":"Equipe G\u00e1vea News","twitter_card":"summary_large_image","twitter_misc":{"Escrito por":"Equipe G\u00e1vea News","Est. tempo de leitura":"1 minuto"},"schema":{"@context":"https:\/\/schema.org","@graph":[{"@type":"NewsArticle","@id":"https:\/\/www.gaveanews.com\/index.php\/2021\/09\/13\/alvo-de-criticas-titular-do-flamengo-desabafa-e-hora-de-se-aposentar\/#article","isPartOf":{"@id":"https:\/\/www.gaveanews.com\/index.php\/2021\/09\/13\/alvo-de-criticas-titular-do-flamengo-desabafa-e-hora-de-se-aposentar\/"},"author":{"name":"Equipe G\u00e1vea News","@id":"https:\/\/www.gaveanews.com\/#\/schema\/person\/2ec14f73fb96be2caf28f91afb14749d"},"headline":"Alvo de cr\u00edticas, titular do Flamengo desabafa: \u201c\u00c9 hora de se aposentar\u201d","datePublished":"2021-09-13T12:30:00+00:00","mainEntityOfPage":{"@id":"https:\/\/www.gaveanews.com\/index.php\/2021\/09\/13\/alvo-de-criticas-titular-do-flamengo-desabafa-e-hora-de-se-aposentar\/"},"wordCount":209,"commentCount":82,"image":{"@id":"https:\/\/www.gaveanews.com\/index.php\/2021\/09\/13\/alvo-de-criticas-titular-do-flamengo-desabafa-e-hora-de-se-aposentar\/#primaryimage"},"thumbnailUrl":"https:\/\/www.gaveanews.com\/wp-content\/uploads\/Isla-em-acao-pelo-Flamengo-no-Campeonato-Brasileiro-2021.webp","articleSection":["Destaques"],"inLanguage":"pt-BR","potentialAction":[{"@type":"CommentAction","name":"Comment","target":["https:\/\/www.gaveanews.com\/index.php\/2021\/09\/13\/alvo-de-criticas-titular-do-flamengo-desabafa-e-hora-de-se-aposentar\/#respond"]}],"copyrightYear":"2021","copyrightHolder":{"@id":"https:\/\/www.gaveanews.com\/#organization"}},{"@type":"WebPage","@id":"https:\/\/www.gaveanews.com\/index.php\/2021\/09\/13\/alvo-de-criticas-titular-do-flamengo-desabafa-e-hora-de-se-aposentar\/","url":"https:\/\/www.gaveanews.com\/index.php\/2021\/09\/13\/alvo-de-criticas-titular-do-flamengo-desabafa-e-hora-de-se-aposentar\/","name":"Alvo de cr\u00edticas, titular do Flamengo desabafa: \u201c\u00c9 hora de se aposentar\u201d","isPartOf":{"@id":"https:\/\/www.gaveanews.com\/#website"},"primaryImageOfPage":{"@id":"https:\/\/www.gaveanews.com\/index.php\/2021\/09\/13\/alvo-de-criticas-titular-do-flamengo-desabafa-e-hora-de-se-aposentar\/#primaryimage"},"image":{"@id":"https:\/\/www.gaveanews.com\/index.php\/2021\/09\/13\/alvo-de-criticas-titular-do-flamengo-desabafa-e-hora-de-se-aposentar\/#primaryimage"},"thumbnailUrl":"https:\/\/www.gaveanews.com\/wp-content\/uploads\/Isla-em-acao-pelo-Flamengo-no-Campeonato-Brasileiro-2021.webp","datePublished":"2021-09-13T12:30:00+00:00","author":{"@id":"https:\/\/www.gaveanews.com\/#\/schema\/person\/2ec14f73fb96be2caf28f91afb14749d"},"breadcrumb":{"@id":"https:\/\/www.gaveanews.com\/index.php\/2021\/09\/13\/alvo-de-criticas-titular-do-flamengo-desabafa-e-hora-de-se-aposentar\/#breadcrumb"},"inLanguage":"pt-BR","potentialAction":[{"@type":"ReadAction","target":["https:\/\/www.gaveanews.com\/index.php\/2021\/09\/13\/alvo-de-criticas-titular-do-flamengo-desabafa-e-hora-de-se-aposentar\/"]}]},{"@type":"ImageObject","inLanguage":"pt-BR","@id":"https:\/\/www.gaveanews.com\/index.php\/2021\/09\/13\/alvo-de-criticas-titular-do-flamengo-desabafa-e-hora-de-se-aposentar\/#primaryimage","url":"https:\/\/www.gaveanews.com\/wp-content\/uploads\/Isla-em-acao-pelo-Flamengo-no-Campeonato-Brasileiro-2021.webp","contentUrl":"https:\/\/www.gaveanews.com\/wp-content\/uploads\/Isla-em-acao-pelo-Flamengo-no-Campeonato-Brasileiro-2021.webp","width":799,"height":533,"caption":"Isla em a\u00e7\u00e3o pelo Flamengo no Campeonato Brasileiro 2021 (Foto: Alexandre Vidal\/Flamengo)"},{"@type":"BreadcrumbList","@id":"https:\/\/www.gaveanews.com\/index.php\/2021\/09\/13\/alvo-de-criticas-titular-do-flamengo-desabafa-e-hora-de-se-aposentar\/#breadcrumb","itemListElement":[{"@type":"ListItem","position":1,"name":"Home","item":"https:\/\/www.gaveanews.com\/"},{"@type":"ListItem","position":2,"name":"Alvo de cr\u00edticas, titular do Flamengo desabafa: \u201c\u00c9 hora de se aposentar\u201d"}]},{"@type":"WebSite","@id":"https:\/\/www.gaveanews.com\/#website","url":"https:\/\/www.gaveanews.com\/","name":"G\u00e1vea News","description":"Veja todas as not\u00edcias sobre o Flamengo: Contrata\u00e7\u00f5es, categorias de base, resultados das partidas, tabela de classifica\u00e7\u00e3o, pr\u00f3ximos jogos!","potentialAction":[{"@type":"SearchAction","target":{"@type":"EntryPoint","urlTemplate":"https:\/\/www.gaveanews.com\/?s={search_term_string}"},"query-input":{"@type":"PropertyValueSpecification","valueRequired":true,"valueName":"search_term_string"}}],"inLanguage":"pt-BR"},{"@type":"Person","@id":"https:\/\/www.gaveanews.com\/#\/schema\/person\/2ec14f73fb96be2caf28f91afb14749d","name":"Equipe G\u00e1vea News","image":{"@type":"ImageObject","inLanguage":"pt-BR","@id":"https:\/\/www.gaveanews.com\/#\/schema\/person\/image\/","url":"https:\/\/secure.gravatar.com\/avatar\/1e1956f1facbffd3f8fa53a326721950116b3b9dc9bd44939c01180fd4a745a9?s=96&d=mm&r=g","contentUrl":"https:\/\/secure.gravatar.com\/avatar\/1e1956f1facbffd3f8fa53a326721950116b3b9dc9bd44939c01180fd4a745a9?s=96&d=mm&r=g","caption":"Equipe G\u00e1vea News"}}]}},"_links":{"self":[{"href":"https:\/\/www.gaveanews.com\/index.php\/wp-json\/wp\/v2\/posts\/67936","targetHints":{"allow":["GET"]}}],"collection":[{"href":"https:\/\/www.gaveanews.com\/index.php\/wp-json\/wp\/v2\/posts"}],"about":[{"href":"https:\/\/www.gaveanews.com\/index.php\/wp-json\/wp\/v2\/types\/post"}],"author":[{"embeddable":true,"href":"https:\/\/www.gaveanews.com\/index.php\/wp-json\/wp\/v2\/users\/1"}],"replies":[{"embeddable":true,"href":"https:\/\/www.gaveanews.com\/index.php\/wp-json\/wp\/v2\/comments?post=67936"}],"version-history":[{"count":0,"href":"https:\/\/www.gaveanews.com\/index.php\/wp-json\/wp\/v2\/posts\/67936\/revisions"}],"wp:featuredmedia":[{"embeddable":true,"href":"https:\/\/www.gaveanews.com\/index.php\/wp-json\/wp\/v2\/media\/67387"}],"wp:attachment":[{"href":"https:\/\/www.gaveanews.com\/index.php\/wp-json\/wp\/v2\/media?parent=67936"}],"wp:term":[{"taxonomy":"category","embeddable":true,"href":"https:\/\/www.gaveanews.com\/index.php\/wp-json\/wp\/v2\/categories?post=67936"},{"taxonomy":"post_tag","embeddable":true,"href":"https:\/\/www.gaveanews.com\/index.php\/wp-json\/wp\/v2\/tags?post=67936"}],"curies":[{"name":"wp","href":"https:\/\/api.w.org\/{rel}","templated":true}]}}