{"id":67940,"date":"2021-09-13T10:30:00","date_gmt":"2021-09-13T13:30:00","guid":{"rendered":"https:\/\/www.gaveanews.com\/?p=67940"},"modified":"2021-09-13T08:41:25","modified_gmt":"2021-09-13T11:41:25","slug":"renato-gaucho-fala-pela-primeira-vez-sobre-david-luiz","status":"publish","type":"post","link":"https:\/\/www.gaveanews.com\/index.php\/2021\/09\/13\/renato-gaucho-fala-pela-primeira-vez-sobre-david-luiz\/","title":{"rendered":"Renato Ga\u00facho fala pela primeira vez sobre David Luiz"},"content":{"rendered":"\n<p>O t\u00e9cnico do Flamengo, Renato Ga\u00facho, exaltou os jogadores do Flamengo ap\u00f3s a vit\u00f3ria sobre o Palmeiras por 3 a 1. O Rubro-Negro teve muitos desfalques na partida deste domingo, mas conseguiu se superar e buscar o resultado positivo. O t\u00e9cnico ressaltou a dificuldade de estar na luta por tr\u00eas t\u00edtulos na temporada.<\/p>\n\n\n\n<p><strong><em>\u2014 Parab\u00e9ns para o grupo. Tivemos alguns dias sem jogos, mas, em compensa\u00e7\u00e3o, muitos jogadores na Sele\u00e7\u00e3o, outros no departamento m\u00e9dico. Isso dificultou muito o trabalho. Sempre falo para o grupo treinar e treinar forte, porque temos tr\u00eas competi\u00e7\u00f5es e tem espa\u00e7o para todo mundo. O grupo deu a resposta hoje contra um grande advers\u00e1rio. Conseguimos uma virada muito boa. Agora, a gente segue fazendo o nosso trabalho. Estamos na cola dos que est\u00e3o na nossa frente, porque o nosso objetivo tamb\u00e9m \u00e9 brigar pelo t\u00edtulo brasileiro<\/em><\/strong>, afirmou.<\/p>\n\n\n\n<p>O treinador tamb\u00e9m aproveitou para comentar a contrata\u00e7\u00e3o de David Luiz. O zagueiro, de 34 anos, foi anunciado pelo Flamengo e assistiu a partida entre o clube carioca e o Palmeiras, neste domingo.<\/p>\n\n\n\n<p><strong><em>\u2014 Acho todo grande jogador time espa\u00e7o no nosso grupo, quanto mais forte, mais possibilidade vai ter de conquistar. L\u00f3gico que ele \u00e9 importante, um jogador internacional, n\u00edvel sele\u00e7\u00e3o brasileira. N\u00e3o preciso jogar confete, \u00e9 acima da m\u00e9dia. Gostaria de destacar nossos zagueiros est\u00e3o jogando muito bem, subiram muito de produ\u00e7\u00e3o. N\u00e3o adianta ter um time, tem que te rum grupo. Com a chegada do David Luiz, \u00e9 mais um pra se juntar, nosso grupo \u00e9 forte<\/em><\/strong>, disse.<\/p>\n\n\n\n<p>Retirado de: O Dia<\/p>\n","protected":false},"excerpt":{"rendered":"<p>O t\u00e9cnico do Flamengo, Renato Ga\u00facho, exaltou os jogadores do Flamengo ap\u00f3s a vit\u00f3ria sobre o Palmeiras por 3 a 1. O Rubro-Negro teve muitos desfalques na partida deste domingo, mas conseguiu se superar e buscar o resultado positivo. O t\u00e9cnico ressaltou a dificuldade de estar na luta por tr\u00eas t\u00edtulos na temporada. \u2014 Parab\u00e9ns [&hellip;]<\/p>\n","protected":false},"author":1,"featured_media":64405,"comment_status":"open","ping_status":"closed","sticky":false,"template":"","format":"standard","meta":{"footnotes":""},"categories":[1],"tags":[],"class_list":["post-67940","post","type-post","status-publish","format-standard","has-post-thumbnail","hentry","category-flamengo"],"yoast_head":"<!-- This site is optimized with the Yoast SEO Premium plugin v24.2 (Yoast SEO v26.9) - https:\/\/yoast.com\/product\/yoast-seo-premium-wordpress\/ -->\n<title>Renato Ga\u00facho fala pela primeira vez sobre David Luiz<\/title>\n<meta name=\"robots\" content=\"index, follow, max-snippet:-1, max-image-preview:large, max-video-preview:-1\" \/>\n<link rel=\"canonical\" href=\"https:\/\/www.gaveanews.com\/index.php\/2021\/09\/13\/renato-gaucho-fala-pela-primeira-vez-sobre-david-luiz\/\" \/>\n<meta property=\"og:locale\" content=\"pt_BR\" \/>\n<meta property=\"og:type\" content=\"article\" \/>\n<meta property=\"og:title\" content=\"Renato Ga\u00facho fala pela primeira vez sobre David Luiz\" \/>\n<meta property=\"og:description\" content=\"O t\u00e9cnico do Flamengo, Renato Ga\u00facho, exaltou os jogadores do Flamengo ap\u00f3s a vit\u00f3ria sobre o Palmeiras por 3 a 1. O Rubro-Negro teve muitos desfalques na partida deste domingo, mas conseguiu se superar e buscar o resultado positivo. O t\u00e9cnico ressaltou a dificuldade de estar na luta por tr\u00eas t\u00edtulos na temporada. \u2014 Parab\u00e9ns [&hellip;]\" \/>\n<meta property=\"og:url\" content=\"https:\/\/www.gaveanews.com\/index.php\/2021\/09\/13\/renato-gaucho-fala-pela-primeira-vez-sobre-david-luiz\/\" \/>\n<meta property=\"og:site_name\" content=\"G\u00e1vea News\" \/>\n<meta property=\"article:publisher\" content=\"https:\/\/facebook.com\/gaveaNews\/\" \/>\n<meta property=\"article:published_time\" content=\"2021-09-13T13:30:00+00:00\" \/>\n<meta property=\"og:image\" content=\"https:\/\/www.gaveanews.com\/wp-content\/uploads\/Renato-Gaucho-em-entrevista-coletiva-no-Ninho-do-Urubu.webp\" \/>\n\t<meta property=\"og:image:width\" content=\"799\" \/>\n\t<meta property=\"og:image:height\" content=\"532\" \/>\n\t<meta property=\"og:image:type\" content=\"image\/jpeg\" \/>\n<meta name=\"author\" content=\"Equipe G\u00e1vea News\" \/>\n<meta name=\"twitter:card\" content=\"summary_large_image\" \/>\n<meta name=\"twitter:label1\" content=\"Escrito por\" \/>\n\t<meta name=\"twitter:data1\" content=\"Equipe G\u00e1vea News\" \/>\n\t<meta name=\"twitter:label2\" content=\"Est. tempo de leitura\" \/>\n\t<meta name=\"twitter:data2\" content=\"2 minutos\" \/>\n<script type=\"application\/ld+json\" class=\"yoast-schema-graph\">{\"@context\":\"https:\/\/schema.org\",\"@graph\":[{\"@type\":\"NewsArticle\",\"@id\":\"https:\/\/www.gaveanews.com\/index.php\/2021\/09\/13\/renato-gaucho-fala-pela-primeira-vez-sobre-david-luiz\/#article\",\"isPartOf\":{\"@id\":\"https:\/\/www.gaveanews.com\/index.php\/2021\/09\/13\/renato-gaucho-fala-pela-primeira-vez-sobre-david-luiz\/\"},\"author\":{\"name\":\"Equipe G\u00e1vea News\",\"@id\":\"https:\/\/www.gaveanews.com\/#\/schema\/person\/2ec14f73fb96be2caf28f91afb14749d\"},\"headline\":\"Renato Ga\u00facho fala pela primeira vez sobre David Luiz\",\"datePublished\":\"2021-09-13T13:30:00+00:00\",\"mainEntityOfPage\":{\"@id\":\"https:\/\/www.gaveanews.com\/index.php\/2021\/09\/13\/renato-gaucho-fala-pela-primeira-vez-sobre-david-luiz\/\"},\"wordCount\":285,\"commentCount\":5,\"image\":{\"@id\":\"https:\/\/www.gaveanews.com\/index.php\/2021\/09\/13\/renato-gaucho-fala-pela-primeira-vez-sobre-david-luiz\/#primaryimage\"},\"thumbnailUrl\":\"https:\/\/www.gaveanews.com\/wp-content\/uploads\/Renato-Gaucho-em-entrevista-coletiva-no-Ninho-do-Urubu.webp\",\"articleSection\":[\"Flamengo\"],\"inLanguage\":\"pt-BR\",\"potentialAction\":[{\"@type\":\"CommentAction\",\"name\":\"Comment\",\"target\":[\"https:\/\/www.gaveanews.com\/index.php\/2021\/09\/13\/renato-gaucho-fala-pela-primeira-vez-sobre-david-luiz\/#respond\"]}],\"copyrightYear\":\"2021\",\"copyrightHolder\":{\"@id\":\"https:\/\/www.gaveanews.com\/#organization\"}},{\"@type\":\"WebPage\",\"@id\":\"https:\/\/www.gaveanews.com\/index.php\/2021\/09\/13\/renato-gaucho-fala-pela-primeira-vez-sobre-david-luiz\/\",\"url\":\"https:\/\/www.gaveanews.com\/index.php\/2021\/09\/13\/renato-gaucho-fala-pela-primeira-vez-sobre-david-luiz\/\",\"name\":\"Renato Ga\u00facho fala pela primeira vez sobre David Luiz\",\"isPartOf\":{\"@id\":\"https:\/\/www.gaveanews.com\/#website\"},\"primaryImageOfPage\":{\"@id\":\"https:\/\/www.gaveanews.com\/index.php\/2021\/09\/13\/renato-gaucho-fala-pela-primeira-vez-sobre-david-luiz\/#primaryimage\"},\"image\":{\"@id\":\"https:\/\/www.gaveanews.com\/index.php\/2021\/09\/13\/renato-gaucho-fala-pela-primeira-vez-sobre-david-luiz\/#primaryimage\"},\"thumbnailUrl\":\"https:\/\/www.gaveanews.com\/wp-content\/uploads\/Renato-Gaucho-em-entrevista-coletiva-no-Ninho-do-Urubu.webp\",\"datePublished\":\"2021-09-13T13:30:00+00:00\",\"author\":{\"@id\":\"https:\/\/www.gaveanews.com\/#\/schema\/person\/2ec14f73fb96be2caf28f91afb14749d\"},\"breadcrumb\":{\"@id\":\"https:\/\/www.gaveanews.com\/index.php\/2021\/09\/13\/renato-gaucho-fala-pela-primeira-vez-sobre-david-luiz\/#breadcrumb\"},\"inLanguage\":\"pt-BR\",\"potentialAction\":[{\"@type\":\"ReadAction\",\"target\":[\"https:\/\/www.gaveanews.com\/index.php\/2021\/09\/13\/renato-gaucho-fala-pela-primeira-vez-sobre-david-luiz\/\"]}]},{\"@type\":\"ImageObject\",\"inLanguage\":\"pt-BR\",\"@id\":\"https:\/\/www.gaveanews.com\/index.php\/2021\/09\/13\/renato-gaucho-fala-pela-primeira-vez-sobre-david-luiz\/#primaryimage\",\"url\":\"https:\/\/www.gaveanews.com\/wp-content\/uploads\/Renato-Gaucho-em-entrevista-coletiva-no-Ninho-do-Urubu.webp\",\"contentUrl\":\"https:\/\/www.gaveanews.com\/wp-content\/uploads\/Renato-Gaucho-em-entrevista-coletiva-no-Ninho-do-Urubu.webp\",\"width\":799,\"height\":532,\"caption\":\"Renato Ga\u00facho em entrevista coletiva no Ninho do Urubu (Foto: Alexandre Vidal\/Flamengo)\"},{\"@type\":\"BreadcrumbList\",\"@id\":\"https:\/\/www.gaveanews.com\/index.php\/2021\/09\/13\/renato-gaucho-fala-pela-primeira-vez-sobre-david-luiz\/#breadcrumb\",\"itemListElement\":[{\"@type\":\"ListItem\",\"position\":1,\"name\":\"Home\",\"item\":\"https:\/\/www.gaveanews.com\/\"},{\"@type\":\"ListItem\",\"position\":2,\"name\":\"Renato Ga\u00facho fala pela primeira vez sobre David Luiz\"}]},{\"@type\":\"WebSite\",\"@id\":\"https:\/\/www.gaveanews.com\/#website\",\"url\":\"https:\/\/www.gaveanews.com\/\",\"name\":\"G\u00e1vea News\",\"description\":\"Veja todas as not\u00edcias sobre o Flamengo: Contrata\u00e7\u00f5es, categorias de base, resultados das partidas, tabela de classifica\u00e7\u00e3o, pr\u00f3ximos jogos!\",\"potentialAction\":[{\"@type\":\"SearchAction\",\"target\":{\"@type\":\"EntryPoint\",\"urlTemplate\":\"https:\/\/www.gaveanews.com\/?s={search_term_string}\"},\"query-input\":{\"@type\":\"PropertyValueSpecification\",\"valueRequired\":true,\"valueName\":\"search_term_string\"}}],\"inLanguage\":\"pt-BR\"},{\"@type\":\"Person\",\"@id\":\"https:\/\/www.gaveanews.com\/#\/schema\/person\/2ec14f73fb96be2caf28f91afb14749d\",\"name\":\"Equipe G\u00e1vea News\",\"image\":{\"@type\":\"ImageObject\",\"inLanguage\":\"pt-BR\",\"@id\":\"https:\/\/www.gaveanews.com\/#\/schema\/person\/image\/\",\"url\":\"https:\/\/secure.gravatar.com\/avatar\/1e1956f1facbffd3f8fa53a326721950116b3b9dc9bd44939c01180fd4a745a9?s=96&d=mm&r=g\",\"contentUrl\":\"https:\/\/secure.gravatar.com\/avatar\/1e1956f1facbffd3f8fa53a326721950116b3b9dc9bd44939c01180fd4a745a9?s=96&d=mm&r=g\",\"caption\":\"Equipe G\u00e1vea News\"}}]}<\/script>\n<!-- \/ Yoast SEO Premium plugin. -->","yoast_head_json":{"title":"Renato Ga\u00facho fala pela primeira vez sobre David Luiz","robots":{"index":"index","follow":"follow","max-snippet":"max-snippet:-1","max-image-preview":"max-image-preview:large","max-video-preview":"max-video-preview:-1"},"canonical":"https:\/\/www.gaveanews.com\/index.php\/2021\/09\/13\/renato-gaucho-fala-pela-primeira-vez-sobre-david-luiz\/","og_locale":"pt_BR","og_type":"article","og_title":"Renato Ga\u00facho fala pela primeira vez sobre David Luiz","og_description":"O t\u00e9cnico do Flamengo, Renato Ga\u00facho, exaltou os jogadores do Flamengo ap\u00f3s a vit\u00f3ria sobre o Palmeiras por 3 a 1. O Rubro-Negro teve muitos desfalques na partida deste domingo, mas conseguiu se superar e buscar o resultado positivo. O t\u00e9cnico ressaltou a dificuldade de estar na luta por tr\u00eas t\u00edtulos na temporada. \u2014 Parab\u00e9ns [&hellip;]","og_url":"https:\/\/www.gaveanews.com\/index.php\/2021\/09\/13\/renato-gaucho-fala-pela-primeira-vez-sobre-david-luiz\/","og_site_name":"G\u00e1vea News","article_publisher":"https:\/\/facebook.com\/gaveaNews\/","article_published_time":"2021-09-13T13:30:00+00:00","og_image":[{"width":799,"height":532,"url":"https:\/\/www.gaveanews.com\/wp-content\/uploads\/Renato-Gaucho-em-entrevista-coletiva-no-Ninho-do-Urubu.webp","type":"image\/jpeg"}],"author":"Equipe G\u00e1vea News","twitter_card":"summary_large_image","twitter_misc":{"Escrito por":"Equipe G\u00e1vea News","Est. tempo de leitura":"2 minutos"},"schema":{"@context":"https:\/\/schema.org","@graph":[{"@type":"NewsArticle","@id":"https:\/\/www.gaveanews.com\/index.php\/2021\/09\/13\/renato-gaucho-fala-pela-primeira-vez-sobre-david-luiz\/#article","isPartOf":{"@id":"https:\/\/www.gaveanews.com\/index.php\/2021\/09\/13\/renato-gaucho-fala-pela-primeira-vez-sobre-david-luiz\/"},"author":{"name":"Equipe G\u00e1vea News","@id":"https:\/\/www.gaveanews.com\/#\/schema\/person\/2ec14f73fb96be2caf28f91afb14749d"},"headline":"Renato Ga\u00facho fala pela primeira vez sobre David Luiz","datePublished":"2021-09-13T13:30:00+00:00","mainEntityOfPage":{"@id":"https:\/\/www.gaveanews.com\/index.php\/2021\/09\/13\/renato-gaucho-fala-pela-primeira-vez-sobre-david-luiz\/"},"wordCount":285,"commentCount":5,"image":{"@id":"https:\/\/www.gaveanews.com\/index.php\/2021\/09\/13\/renato-gaucho-fala-pela-primeira-vez-sobre-david-luiz\/#primaryimage"},"thumbnailUrl":"https:\/\/www.gaveanews.com\/wp-content\/uploads\/Renato-Gaucho-em-entrevista-coletiva-no-Ninho-do-Urubu.webp","articleSection":["Flamengo"],"inLanguage":"pt-BR","potentialAction":[{"@type":"CommentAction","name":"Comment","target":["https:\/\/www.gaveanews.com\/index.php\/2021\/09\/13\/renato-gaucho-fala-pela-primeira-vez-sobre-david-luiz\/#respond"]}],"copyrightYear":"2021","copyrightHolder":{"@id":"https:\/\/www.gaveanews.com\/#organization"}},{"@type":"WebPage","@id":"https:\/\/www.gaveanews.com\/index.php\/2021\/09\/13\/renato-gaucho-fala-pela-primeira-vez-sobre-david-luiz\/","url":"https:\/\/www.gaveanews.com\/index.php\/2021\/09\/13\/renato-gaucho-fala-pela-primeira-vez-sobre-david-luiz\/","name":"Renato Ga\u00facho fala pela primeira vez sobre David Luiz","isPartOf":{"@id":"https:\/\/www.gaveanews.com\/#website"},"primaryImageOfPage":{"@id":"https:\/\/www.gaveanews.com\/index.php\/2021\/09\/13\/renato-gaucho-fala-pela-primeira-vez-sobre-david-luiz\/#primaryimage"},"image":{"@id":"https:\/\/www.gaveanews.com\/index.php\/2021\/09\/13\/renato-gaucho-fala-pela-primeira-vez-sobre-david-luiz\/#primaryimage"},"thumbnailUrl":"https:\/\/www.gaveanews.com\/wp-content\/uploads\/Renato-Gaucho-em-entrevista-coletiva-no-Ninho-do-Urubu.webp","datePublished":"2021-09-13T13:30:00+00:00","author":{"@id":"https:\/\/www.gaveanews.com\/#\/schema\/person\/2ec14f73fb96be2caf28f91afb14749d"},"breadcrumb":{"@id":"https:\/\/www.gaveanews.com\/index.php\/2021\/09\/13\/renato-gaucho-fala-pela-primeira-vez-sobre-david-luiz\/#breadcrumb"},"inLanguage":"pt-BR","potentialAction":[{"@type":"ReadAction","target":["https:\/\/www.gaveanews.com\/index.php\/2021\/09\/13\/renato-gaucho-fala-pela-primeira-vez-sobre-david-luiz\/"]}]},{"@type":"ImageObject","inLanguage":"pt-BR","@id":"https:\/\/www.gaveanews.com\/index.php\/2021\/09\/13\/renato-gaucho-fala-pela-primeira-vez-sobre-david-luiz\/#primaryimage","url":"https:\/\/www.gaveanews.com\/wp-content\/uploads\/Renato-Gaucho-em-entrevista-coletiva-no-Ninho-do-Urubu.webp","contentUrl":"https:\/\/www.gaveanews.com\/wp-content\/uploads\/Renato-Gaucho-em-entrevista-coletiva-no-Ninho-do-Urubu.webp","width":799,"height":532,"caption":"Renato Ga\u00facho em entrevista coletiva no Ninho do Urubu (Foto: Alexandre Vidal\/Flamengo)"},{"@type":"BreadcrumbList","@id":"https:\/\/www.gaveanews.com\/index.php\/2021\/09\/13\/renato-gaucho-fala-pela-primeira-vez-sobre-david-luiz\/#breadcrumb","itemListElement":[{"@type":"ListItem","position":1,"name":"Home","item":"https:\/\/www.gaveanews.com\/"},{"@type":"ListItem","position":2,"name":"Renato Ga\u00facho fala pela primeira vez sobre David Luiz"}]},{"@type":"WebSite","@id":"https:\/\/www.gaveanews.com\/#website","url":"https:\/\/www.gaveanews.com\/","name":"G\u00e1vea News","description":"Veja todas as not\u00edcias sobre o Flamengo: Contrata\u00e7\u00f5es, categorias de base, resultados das partidas, tabela de classifica\u00e7\u00e3o, pr\u00f3ximos jogos!","potentialAction":[{"@type":"SearchAction","target":{"@type":"EntryPoint","urlTemplate":"https:\/\/www.gaveanews.com\/?s={search_term_string}"},"query-input":{"@type":"PropertyValueSpecification","valueRequired":true,"valueName":"search_term_string"}}],"inLanguage":"pt-BR"},{"@type":"Person","@id":"https:\/\/www.gaveanews.com\/#\/schema\/person\/2ec14f73fb96be2caf28f91afb14749d","name":"Equipe G\u00e1vea News","image":{"@type":"ImageObject","inLanguage":"pt-BR","@id":"https:\/\/www.gaveanews.com\/#\/schema\/person\/image\/","url":"https:\/\/secure.gravatar.com\/avatar\/1e1956f1facbffd3f8fa53a326721950116b3b9dc9bd44939c01180fd4a745a9?s=96&d=mm&r=g","contentUrl":"https:\/\/secure.gravatar.com\/avatar\/1e1956f1facbffd3f8fa53a326721950116b3b9dc9bd44939c01180fd4a745a9?s=96&d=mm&r=g","caption":"Equipe G\u00e1vea News"}}]}},"_links":{"self":[{"href":"https:\/\/www.gaveanews.com\/index.php\/wp-json\/wp\/v2\/posts\/67940","targetHints":{"allow":["GET"]}}],"collection":[{"href":"https:\/\/www.gaveanews.com\/index.php\/wp-json\/wp\/v2\/posts"}],"about":[{"href":"https:\/\/www.gaveanews.com\/index.php\/wp-json\/wp\/v2\/types\/post"}],"author":[{"embeddable":true,"href":"https:\/\/www.gaveanews.com\/index.php\/wp-json\/wp\/v2\/users\/1"}],"replies":[{"embeddable":true,"href":"https:\/\/www.gaveanews.com\/index.php\/wp-json\/wp\/v2\/comments?post=67940"}],"version-history":[{"count":0,"href":"https:\/\/www.gaveanews.com\/index.php\/wp-json\/wp\/v2\/posts\/67940\/revisions"}],"wp:featuredmedia":[{"embeddable":true,"href":"https:\/\/www.gaveanews.com\/index.php\/wp-json\/wp\/v2\/media\/64405"}],"wp:attachment":[{"href":"https:\/\/www.gaveanews.com\/index.php\/wp-json\/wp\/v2\/media?parent=67940"}],"wp:term":[{"taxonomy":"category","embeddable":true,"href":"https:\/\/www.gaveanews.com\/index.php\/wp-json\/wp\/v2\/categories?post=67940"},{"taxonomy":"post_tag","embeddable":true,"href":"https:\/\/www.gaveanews.com\/index.php\/wp-json\/wp\/v2\/tags?post=67940"}],"curies":[{"name":"wp","href":"https:\/\/api.w.org\/{rel}","templated":true}]}}