{"id":68145,"date":"2021-09-15T20:39:24","date_gmt":"2021-09-15T23:39:24","guid":{"rendered":"https:\/\/www.gaveanews.com\/?p=68145"},"modified":"2021-09-15T20:39:33","modified_gmt":"2021-09-15T23:39:33","slug":"tatuagem-de-kenedy-viraliza-nas-redes-sociais-veja-foto","status":"publish","type":"post","link":"https:\/\/www.gaveanews.com\/index.php\/2021\/09\/15\/tatuagem-de-kenedy-viraliza-nas-redes-sociais-veja-foto\/","title":{"rendered":"Tatuagem de Kenedy viraliza nas redes sociais; veja foto"},"content":{"rendered":"\n<p>O Flamengo realizou contrata\u00e7\u00f5es importantes nesta temporada. Uma delas foi Kenedy, atacante emprestado pelo Chelsea no \u00faltimo m\u00eas.<\/p>\n\n\n\n<p>Ainda sem data para estrear pelo Mais Querido, o jogador trabalha com o departamento m\u00e9dico do clube para que tenha ritmo suficiente para entrar em campo. Vale lembrar que o atleta n\u00e3o chegou a completar a pr\u00e9-temporada com o time ingl\u00eas e ainda teve Covid antes de vir para o Brasil.<\/p>\n\n\n\n<p>Desta forma, Kenedy treina com seus novos companheiros no Ninho do Urubu. Em um dos treinamentos no CT do Fla, foi registrada uma foto do jogador de costas, onde \u00e9 poss\u00edvel ver uma de suas tatuagens na panturrilha.<\/p>\n\n\n\n<p>A imagem chamou aten\u00e7\u00e3o pois mostra as seguinte frases registradas no atacante: <strong><em>&#8220;N\u00e3o existe trabalho ruim. O ruim \u00e9 ter que trabalhar&#8221;<\/em><\/strong>. A foto com a caracter\u00edstica fala do Seu Madruga, personagem do seriado <em>&#8220;Chaves&#8221;<\/em>, viralizou na internet e j\u00e1 foi compartilhada milhares de vezes.<\/p>\n\n\n\n<h2 class=\"wp-block-heading\" id=\"h-confira-as-imagens\">Confira as imagens:<\/h2>\n\n\n\n<figure class=\"wp-block-embed is-type-rich is-provider-twitter wp-block-embed-twitter\"><div class=\"wp-block-embed__wrapper\">\n<blockquote class=\"twitter-tweet\" data-width=\"550\" data-dnt=\"true\"><p lang=\"pt\" dir=\"ltr\">&quot;N\u00e3o existe trabalho ruim. O ruim \u00e9 ter de trabalhar&quot; &#8211; (Seu Madruga). <a href=\"https:\/\/t.co\/uKBnoIUBmv\">pic.twitter.com\/uKBnoIUBmv<\/a><\/p>&mdash; out of context Flamengo (@outofcontextCRF) <a href=\"https:\/\/twitter.com\/outofcontextCRF\/status\/1437900433444458497?ref_src=twsrc%5Etfw\">September 14, 2021<\/a><\/blockquote><script async src=\"https:\/\/platform.twitter.com\/widgets.js\" charset=\"utf-8\"><\/script>\n<\/div><\/figure>\n\n\n\n<p>Sem Kenedy em seus planos, o Flamengo aguarda par enfrentar o Gr\u00eamio nesta quarta-feira (15), \u00e0s 21h30 (hor\u00e1rio de Bras\u00edlia), no Maracan\u00e3. O evento ser\u00e1 transmitido pela TV Globo.<\/p>\n","protected":false},"excerpt":{"rendered":"<p>O Flamengo realizou contrata\u00e7\u00f5es importantes nesta temporada. Uma delas foi Kenedy, atacante emprestado pelo Chelsea no \u00faltimo m\u00eas. Ainda sem data para estrear pelo Mais Querido, o jogador trabalha com o departamento m\u00e9dico do clube para que tenha ritmo suficiente para entrar em campo. Vale lembrar que o atleta n\u00e3o chegou a completar a pr\u00e9-temporada [&hellip;]<\/p>\n","protected":false},"author":4,"featured_media":67357,"comment_status":"open","ping_status":"closed","sticky":false,"template":"","format":"standard","meta":{"footnotes":""},"categories":[47],"tags":[],"class_list":["post-68145","post","type-post","status-publish","format-standard","has-post-thumbnail","hentry","category-destaques"],"yoast_head":"<!-- This site is optimized with the Yoast SEO Premium plugin v24.2 (Yoast SEO v26.9) - https:\/\/yoast.com\/product\/yoast-seo-premium-wordpress\/ -->\n<title>Tatuagem de Kenedy viraliza nas redes sociais; veja foto<\/title>\n<meta name=\"robots\" content=\"index, follow, max-snippet:-1, max-image-preview:large, max-video-preview:-1\" \/>\n<link rel=\"canonical\" href=\"https:\/\/www.gaveanews.com\/index.php\/2021\/09\/15\/tatuagem-de-kenedy-viraliza-nas-redes-sociais-veja-foto\/\" \/>\n<meta property=\"og:locale\" content=\"pt_BR\" \/>\n<meta property=\"og:type\" content=\"article\" \/>\n<meta property=\"og:title\" content=\"Tatuagem de Kenedy viraliza nas redes sociais; veja foto\" \/>\n<meta property=\"og:description\" content=\"O Flamengo realizou contrata\u00e7\u00f5es importantes nesta temporada. Uma delas foi Kenedy, atacante emprestado pelo Chelsea no \u00faltimo m\u00eas. Ainda sem data para estrear pelo Mais Querido, o jogador trabalha com o departamento m\u00e9dico do clube para que tenha ritmo suficiente para entrar em campo. Vale lembrar que o atleta n\u00e3o chegou a completar a pr\u00e9-temporada [&hellip;]\" \/>\n<meta property=\"og:url\" content=\"https:\/\/www.gaveanews.com\/index.php\/2021\/09\/15\/tatuagem-de-kenedy-viraliza-nas-redes-sociais-veja-foto\/\" \/>\n<meta property=\"og:site_name\" content=\"G\u00e1vea News\" \/>\n<meta property=\"article:publisher\" content=\"https:\/\/facebook.com\/gaveaNews\/\" \/>\n<meta property=\"article:published_time\" content=\"2021-09-15T23:39:24+00:00\" \/>\n<meta property=\"article:modified_time\" content=\"2021-09-15T23:39:33+00:00\" \/>\n<meta property=\"og:image\" content=\"https:\/\/www.gaveanews.com\/wp-content\/uploads\/Kenedy-em-treino-do-Flamengo-no-Ninho-do-Urubu.webp\" \/>\n\t<meta property=\"og:image:width\" content=\"800\" \/>\n\t<meta property=\"og:image:height\" content=\"533\" \/>\n\t<meta property=\"og:image:type\" content=\"image\/jpeg\" \/>\n<meta name=\"author\" content=\"Let\u00edcia Gerheim\" \/>\n<meta name=\"twitter:card\" content=\"summary_large_image\" \/>\n<meta name=\"twitter:label1\" content=\"Escrito por\" \/>\n\t<meta name=\"twitter:data1\" content=\"Let\u00edcia Gerheim\" \/>\n\t<meta name=\"twitter:label2\" content=\"Est. tempo de leitura\" \/>\n\t<meta name=\"twitter:data2\" content=\"1 minuto\" \/>\n<script type=\"application\/ld+json\" class=\"yoast-schema-graph\">{\"@context\":\"https:\/\/schema.org\",\"@graph\":[{\"@type\":\"NewsArticle\",\"@id\":\"https:\/\/www.gaveanews.com\/index.php\/2021\/09\/15\/tatuagem-de-kenedy-viraliza-nas-redes-sociais-veja-foto\/#article\",\"isPartOf\":{\"@id\":\"https:\/\/www.gaveanews.com\/index.php\/2021\/09\/15\/tatuagem-de-kenedy-viraliza-nas-redes-sociais-veja-foto\/\"},\"author\":{\"name\":\"Let\u00edcia Gerheim\",\"@id\":\"https:\/\/www.gaveanews.com\/#\/schema\/person\/714c67050b836198af2450ba1c142a67\"},\"headline\":\"Tatuagem de Kenedy viraliza nas redes sociais; veja foto\",\"datePublished\":\"2021-09-15T23:39:24+00:00\",\"dateModified\":\"2021-09-15T23:39:33+00:00\",\"mainEntityOfPage\":{\"@id\":\"https:\/\/www.gaveanews.com\/index.php\/2021\/09\/15\/tatuagem-de-kenedy-viraliza-nas-redes-sociais-veja-foto\/\"},\"wordCount\":208,\"commentCount\":3,\"image\":{\"@id\":\"https:\/\/www.gaveanews.com\/index.php\/2021\/09\/15\/tatuagem-de-kenedy-viraliza-nas-redes-sociais-veja-foto\/#primaryimage\"},\"thumbnailUrl\":\"https:\/\/www.gaveanews.com\/wp-content\/uploads\/Kenedy-em-treino-do-Flamengo-no-Ninho-do-Urubu.webp\",\"articleSection\":[\"Destaques\"],\"inLanguage\":\"pt-BR\",\"potentialAction\":[{\"@type\":\"CommentAction\",\"name\":\"Comment\",\"target\":[\"https:\/\/www.gaveanews.com\/index.php\/2021\/09\/15\/tatuagem-de-kenedy-viraliza-nas-redes-sociais-veja-foto\/#respond\"]}],\"copyrightYear\":\"2021\",\"copyrightHolder\":{\"@id\":\"https:\/\/www.gaveanews.com\/#organization\"}},{\"@type\":\"WebPage\",\"@id\":\"https:\/\/www.gaveanews.com\/index.php\/2021\/09\/15\/tatuagem-de-kenedy-viraliza-nas-redes-sociais-veja-foto\/\",\"url\":\"https:\/\/www.gaveanews.com\/index.php\/2021\/09\/15\/tatuagem-de-kenedy-viraliza-nas-redes-sociais-veja-foto\/\",\"name\":\"Tatuagem de Kenedy viraliza nas redes sociais; veja foto\",\"isPartOf\":{\"@id\":\"https:\/\/www.gaveanews.com\/#website\"},\"primaryImageOfPage\":{\"@id\":\"https:\/\/www.gaveanews.com\/index.php\/2021\/09\/15\/tatuagem-de-kenedy-viraliza-nas-redes-sociais-veja-foto\/#primaryimage\"},\"image\":{\"@id\":\"https:\/\/www.gaveanews.com\/index.php\/2021\/09\/15\/tatuagem-de-kenedy-viraliza-nas-redes-sociais-veja-foto\/#primaryimage\"},\"thumbnailUrl\":\"https:\/\/www.gaveanews.com\/wp-content\/uploads\/Kenedy-em-treino-do-Flamengo-no-Ninho-do-Urubu.webp\",\"datePublished\":\"2021-09-15T23:39:24+00:00\",\"dateModified\":\"2021-09-15T23:39:33+00:00\",\"author\":{\"@id\":\"https:\/\/www.gaveanews.com\/#\/schema\/person\/714c67050b836198af2450ba1c142a67\"},\"breadcrumb\":{\"@id\":\"https:\/\/www.gaveanews.com\/index.php\/2021\/09\/15\/tatuagem-de-kenedy-viraliza-nas-redes-sociais-veja-foto\/#breadcrumb\"},\"inLanguage\":\"pt-BR\",\"potentialAction\":[{\"@type\":\"ReadAction\",\"target\":[\"https:\/\/www.gaveanews.com\/index.php\/2021\/09\/15\/tatuagem-de-kenedy-viraliza-nas-redes-sociais-veja-foto\/\"]}]},{\"@type\":\"ImageObject\",\"inLanguage\":\"pt-BR\",\"@id\":\"https:\/\/www.gaveanews.com\/index.php\/2021\/09\/15\/tatuagem-de-kenedy-viraliza-nas-redes-sociais-veja-foto\/#primaryimage\",\"url\":\"https:\/\/www.gaveanews.com\/wp-content\/uploads\/Kenedy-em-treino-do-Flamengo-no-Ninho-do-Urubu.webp\",\"contentUrl\":\"https:\/\/www.gaveanews.com\/wp-content\/uploads\/Kenedy-em-treino-do-Flamengo-no-Ninho-do-Urubu.webp\",\"width\":800,\"height\":533,\"caption\":\"Kenedy em treino do Flamengo no Ninho do Urubu (Foto: Alexandre Vidal\/Flamengo)\"},{\"@type\":\"BreadcrumbList\",\"@id\":\"https:\/\/www.gaveanews.com\/index.php\/2021\/09\/15\/tatuagem-de-kenedy-viraliza-nas-redes-sociais-veja-foto\/#breadcrumb\",\"itemListElement\":[{\"@type\":\"ListItem\",\"position\":1,\"name\":\"Home\",\"item\":\"https:\/\/www.gaveanews.com\/\"},{\"@type\":\"ListItem\",\"position\":2,\"name\":\"Tatuagem de Kenedy viraliza nas redes sociais; veja foto\"}]},{\"@type\":\"WebSite\",\"@id\":\"https:\/\/www.gaveanews.com\/#website\",\"url\":\"https:\/\/www.gaveanews.com\/\",\"name\":\"G\u00e1vea News\",\"description\":\"Veja todas as not\u00edcias sobre o Flamengo: Contrata\u00e7\u00f5es, categorias de base, resultados das partidas, tabela de classifica\u00e7\u00e3o, pr\u00f3ximos jogos!\",\"potentialAction\":[{\"@type\":\"SearchAction\",\"target\":{\"@type\":\"EntryPoint\",\"urlTemplate\":\"https:\/\/www.gaveanews.com\/?s={search_term_string}\"},\"query-input\":{\"@type\":\"PropertyValueSpecification\",\"valueRequired\":true,\"valueName\":\"search_term_string\"}}],\"inLanguage\":\"pt-BR\"},{\"@type\":\"Person\",\"@id\":\"https:\/\/www.gaveanews.com\/#\/schema\/person\/714c67050b836198af2450ba1c142a67\",\"name\":\"Let\u00edcia Gerheim\",\"image\":{\"@type\":\"ImageObject\",\"inLanguage\":\"pt-BR\",\"@id\":\"https:\/\/www.gaveanews.com\/#\/schema\/person\/image\/\",\"url\":\"https:\/\/secure.gravatar.com\/avatar\/60734739c50fcebfbac509e2a826ccd0ff405c019bc73aab9354f19ecad1dcb4?s=96&d=mm&r=g\",\"contentUrl\":\"https:\/\/secure.gravatar.com\/avatar\/60734739c50fcebfbac509e2a826ccd0ff405c019bc73aab9354f19ecad1dcb4?s=96&d=mm&r=g\",\"caption\":\"Let\u00edcia Gerheim\"}}]}<\/script>\n<!-- \/ Yoast SEO Premium plugin. -->","yoast_head_json":{"title":"Tatuagem de Kenedy viraliza nas redes sociais; veja foto","robots":{"index":"index","follow":"follow","max-snippet":"max-snippet:-1","max-image-preview":"max-image-preview:large","max-video-preview":"max-video-preview:-1"},"canonical":"https:\/\/www.gaveanews.com\/index.php\/2021\/09\/15\/tatuagem-de-kenedy-viraliza-nas-redes-sociais-veja-foto\/","og_locale":"pt_BR","og_type":"article","og_title":"Tatuagem de Kenedy viraliza nas redes sociais; veja foto","og_description":"O Flamengo realizou contrata\u00e7\u00f5es importantes nesta temporada. Uma delas foi Kenedy, atacante emprestado pelo Chelsea no \u00faltimo m\u00eas. Ainda sem data para estrear pelo Mais Querido, o jogador trabalha com o departamento m\u00e9dico do clube para que tenha ritmo suficiente para entrar em campo. Vale lembrar que o atleta n\u00e3o chegou a completar a pr\u00e9-temporada [&hellip;]","og_url":"https:\/\/www.gaveanews.com\/index.php\/2021\/09\/15\/tatuagem-de-kenedy-viraliza-nas-redes-sociais-veja-foto\/","og_site_name":"G\u00e1vea News","article_publisher":"https:\/\/facebook.com\/gaveaNews\/","article_published_time":"2021-09-15T23:39:24+00:00","article_modified_time":"2021-09-15T23:39:33+00:00","og_image":[{"width":800,"height":533,"url":"https:\/\/www.gaveanews.com\/wp-content\/uploads\/Kenedy-em-treino-do-Flamengo-no-Ninho-do-Urubu.webp","type":"image\/jpeg"}],"author":"Let\u00edcia Gerheim","twitter_card":"summary_large_image","twitter_misc":{"Escrito por":"Let\u00edcia Gerheim","Est. tempo de leitura":"1 minuto"},"schema":{"@context":"https:\/\/schema.org","@graph":[{"@type":"NewsArticle","@id":"https:\/\/www.gaveanews.com\/index.php\/2021\/09\/15\/tatuagem-de-kenedy-viraliza-nas-redes-sociais-veja-foto\/#article","isPartOf":{"@id":"https:\/\/www.gaveanews.com\/index.php\/2021\/09\/15\/tatuagem-de-kenedy-viraliza-nas-redes-sociais-veja-foto\/"},"author":{"name":"Let\u00edcia Gerheim","@id":"https:\/\/www.gaveanews.com\/#\/schema\/person\/714c67050b836198af2450ba1c142a67"},"headline":"Tatuagem de Kenedy viraliza nas redes sociais; veja foto","datePublished":"2021-09-15T23:39:24+00:00","dateModified":"2021-09-15T23:39:33+00:00","mainEntityOfPage":{"@id":"https:\/\/www.gaveanews.com\/index.php\/2021\/09\/15\/tatuagem-de-kenedy-viraliza-nas-redes-sociais-veja-foto\/"},"wordCount":208,"commentCount":3,"image":{"@id":"https:\/\/www.gaveanews.com\/index.php\/2021\/09\/15\/tatuagem-de-kenedy-viraliza-nas-redes-sociais-veja-foto\/#primaryimage"},"thumbnailUrl":"https:\/\/www.gaveanews.com\/wp-content\/uploads\/Kenedy-em-treino-do-Flamengo-no-Ninho-do-Urubu.webp","articleSection":["Destaques"],"inLanguage":"pt-BR","potentialAction":[{"@type":"CommentAction","name":"Comment","target":["https:\/\/www.gaveanews.com\/index.php\/2021\/09\/15\/tatuagem-de-kenedy-viraliza-nas-redes-sociais-veja-foto\/#respond"]}],"copyrightYear":"2021","copyrightHolder":{"@id":"https:\/\/www.gaveanews.com\/#organization"}},{"@type":"WebPage","@id":"https:\/\/www.gaveanews.com\/index.php\/2021\/09\/15\/tatuagem-de-kenedy-viraliza-nas-redes-sociais-veja-foto\/","url":"https:\/\/www.gaveanews.com\/index.php\/2021\/09\/15\/tatuagem-de-kenedy-viraliza-nas-redes-sociais-veja-foto\/","name":"Tatuagem de Kenedy viraliza nas redes sociais; veja foto","isPartOf":{"@id":"https:\/\/www.gaveanews.com\/#website"},"primaryImageOfPage":{"@id":"https:\/\/www.gaveanews.com\/index.php\/2021\/09\/15\/tatuagem-de-kenedy-viraliza-nas-redes-sociais-veja-foto\/#primaryimage"},"image":{"@id":"https:\/\/www.gaveanews.com\/index.php\/2021\/09\/15\/tatuagem-de-kenedy-viraliza-nas-redes-sociais-veja-foto\/#primaryimage"},"thumbnailUrl":"https:\/\/www.gaveanews.com\/wp-content\/uploads\/Kenedy-em-treino-do-Flamengo-no-Ninho-do-Urubu.webp","datePublished":"2021-09-15T23:39:24+00:00","dateModified":"2021-09-15T23:39:33+00:00","author":{"@id":"https:\/\/www.gaveanews.com\/#\/schema\/person\/714c67050b836198af2450ba1c142a67"},"breadcrumb":{"@id":"https:\/\/www.gaveanews.com\/index.php\/2021\/09\/15\/tatuagem-de-kenedy-viraliza-nas-redes-sociais-veja-foto\/#breadcrumb"},"inLanguage":"pt-BR","potentialAction":[{"@type":"ReadAction","target":["https:\/\/www.gaveanews.com\/index.php\/2021\/09\/15\/tatuagem-de-kenedy-viraliza-nas-redes-sociais-veja-foto\/"]}]},{"@type":"ImageObject","inLanguage":"pt-BR","@id":"https:\/\/www.gaveanews.com\/index.php\/2021\/09\/15\/tatuagem-de-kenedy-viraliza-nas-redes-sociais-veja-foto\/#primaryimage","url":"https:\/\/www.gaveanews.com\/wp-content\/uploads\/Kenedy-em-treino-do-Flamengo-no-Ninho-do-Urubu.webp","contentUrl":"https:\/\/www.gaveanews.com\/wp-content\/uploads\/Kenedy-em-treino-do-Flamengo-no-Ninho-do-Urubu.webp","width":800,"height":533,"caption":"Kenedy em treino do Flamengo no Ninho do Urubu (Foto: Alexandre Vidal\/Flamengo)"},{"@type":"BreadcrumbList","@id":"https:\/\/www.gaveanews.com\/index.php\/2021\/09\/15\/tatuagem-de-kenedy-viraliza-nas-redes-sociais-veja-foto\/#breadcrumb","itemListElement":[{"@type":"ListItem","position":1,"name":"Home","item":"https:\/\/www.gaveanews.com\/"},{"@type":"ListItem","position":2,"name":"Tatuagem de Kenedy viraliza nas redes sociais; veja foto"}]},{"@type":"WebSite","@id":"https:\/\/www.gaveanews.com\/#website","url":"https:\/\/www.gaveanews.com\/","name":"G\u00e1vea News","description":"Veja todas as not\u00edcias sobre o Flamengo: Contrata\u00e7\u00f5es, categorias de base, resultados das partidas, tabela de classifica\u00e7\u00e3o, pr\u00f3ximos jogos!","potentialAction":[{"@type":"SearchAction","target":{"@type":"EntryPoint","urlTemplate":"https:\/\/www.gaveanews.com\/?s={search_term_string}"},"query-input":{"@type":"PropertyValueSpecification","valueRequired":true,"valueName":"search_term_string"}}],"inLanguage":"pt-BR"},{"@type":"Person","@id":"https:\/\/www.gaveanews.com\/#\/schema\/person\/714c67050b836198af2450ba1c142a67","name":"Let\u00edcia Gerheim","image":{"@type":"ImageObject","inLanguage":"pt-BR","@id":"https:\/\/www.gaveanews.com\/#\/schema\/person\/image\/","url":"https:\/\/secure.gravatar.com\/avatar\/60734739c50fcebfbac509e2a826ccd0ff405c019bc73aab9354f19ecad1dcb4?s=96&d=mm&r=g","contentUrl":"https:\/\/secure.gravatar.com\/avatar\/60734739c50fcebfbac509e2a826ccd0ff405c019bc73aab9354f19ecad1dcb4?s=96&d=mm&r=g","caption":"Let\u00edcia Gerheim"}}]}},"_links":{"self":[{"href":"https:\/\/www.gaveanews.com\/index.php\/wp-json\/wp\/v2\/posts\/68145","targetHints":{"allow":["GET"]}}],"collection":[{"href":"https:\/\/www.gaveanews.com\/index.php\/wp-json\/wp\/v2\/posts"}],"about":[{"href":"https:\/\/www.gaveanews.com\/index.php\/wp-json\/wp\/v2\/types\/post"}],"author":[{"embeddable":true,"href":"https:\/\/www.gaveanews.com\/index.php\/wp-json\/wp\/v2\/users\/4"}],"replies":[{"embeddable":true,"href":"https:\/\/www.gaveanews.com\/index.php\/wp-json\/wp\/v2\/comments?post=68145"}],"version-history":[{"count":0,"href":"https:\/\/www.gaveanews.com\/index.php\/wp-json\/wp\/v2\/posts\/68145\/revisions"}],"wp:featuredmedia":[{"embeddable":true,"href":"https:\/\/www.gaveanews.com\/index.php\/wp-json\/wp\/v2\/media\/67357"}],"wp:attachment":[{"href":"https:\/\/www.gaveanews.com\/index.php\/wp-json\/wp\/v2\/media?parent=68145"}],"wp:term":[{"taxonomy":"category","embeddable":true,"href":"https:\/\/www.gaveanews.com\/index.php\/wp-json\/wp\/v2\/categories?post=68145"},{"taxonomy":"post_tag","embeddable":true,"href":"https:\/\/www.gaveanews.com\/index.php\/wp-json\/wp\/v2\/tags?post=68145"}],"curies":[{"name":"wp","href":"https:\/\/api.w.org\/{rel}","templated":true}]}}