{"id":68446,"date":"2021-09-20T21:14:23","date_gmt":"2021-09-21T00:14:23","guid":{"rendered":"https:\/\/www.gaveanews.com\/?p=68446"},"modified":"2021-09-20T21:19:21","modified_gmt":"2021-09-21T00:19:21","slug":"de-saida-isla-exclui-do-instagram-fotos-com-o-flamengo","status":"publish","type":"post","link":"https:\/\/www.gaveanews.com\/index.php\/2021\/09\/20\/de-saida-isla-exclui-do-instagram-fotos-com-o-flamengo\/","title":{"rendered":"De sa\u00edda? Isla exclu\u00ed do Instagram fotos com o Flamengo"},"content":{"rendered":"\n<p>Alvo de muitas cr\u00edticas da torcida pelas \u00faltimas atua\u00e7\u00f5es, o lateral chileno Maur\u00edcio Isla restringiu publica\u00e7\u00f5es no Instagram, al\u00e9m de apagar ou arquivar as imagens de partidas e treinos pelo Flamengo.<\/p>\n\n\n\n<p>Desde a Copa Am\u00e9rica, a torcida vem pedindo a titularidade de Matheuzinho e na maioria dos jogos, Isla sempre \u00e9 alvo de cr\u00edticas principalmente nas redes sociais. Vale lembrar que nos \u00faltimos dias o notici\u00e1rio que agitou os bastidores do Flamengo era de uma poss\u00edvel chegada de Daniel Alves.<\/p>\n\n\n\n<p>Isla ainda fez uma postagem com a seguinte frase que traduzida para o portugu\u00eas fica da seguinte maneira \u201cLutar at\u00e9 o final sempre. Os maus momentos passar\u00e3o\u201d. O lateral chileno quase foi negociado com o Villarreal da Espanha, mas a negocia\u00e7\u00e3o n\u00e3o acabou n\u00e3o se concretizando.<\/p>\n\n\n\n<p>Retirado de: Di\u00e1rio do Fla<\/p>\n","protected":false},"excerpt":{"rendered":"<p>Alvo de muitas cr\u00edticas da torcida pelas \u00faltimas atua\u00e7\u00f5es, o lateral chileno Maur\u00edcio Isla restringiu publica\u00e7\u00f5es no Instagram, al\u00e9m de apagar ou arquivar as imagens de partidas e treinos pelo Flamengo. Desde a Copa Am\u00e9rica, a torcida vem pedindo a titularidade de Matheuzinho e na maioria dos jogos, Isla sempre \u00e9 alvo de cr\u00edticas principalmente [&hellip;]<\/p>\n","protected":false},"author":1,"featured_media":59690,"comment_status":"open","ping_status":"closed","sticky":false,"template":"","format":"standard","meta":{"footnotes":""},"categories":[48],"tags":[],"class_list":["post-68446","post","type-post","status-publish","format-standard","has-post-thumbnail","hentry","category-negociacoes"],"yoast_head":"<!-- This site is optimized with the Yoast SEO Premium plugin v24.2 (Yoast SEO v26.9) - https:\/\/yoast.com\/product\/yoast-seo-premium-wordpress\/ -->\n<title>De sa\u00edda? Isla exclu\u00ed do Instagram fotos com o Flamengo<\/title>\n<meta name=\"robots\" content=\"index, follow, max-snippet:-1, max-image-preview:large, max-video-preview:-1\" \/>\n<link rel=\"canonical\" href=\"https:\/\/www.gaveanews.com\/index.php\/2021\/09\/20\/de-saida-isla-exclui-do-instagram-fotos-com-o-flamengo\/\" \/>\n<meta property=\"og:locale\" content=\"pt_BR\" \/>\n<meta property=\"og:type\" content=\"article\" \/>\n<meta property=\"og:title\" content=\"De sa\u00edda? Isla exclu\u00ed do Instagram fotos com o Flamengo\" \/>\n<meta property=\"og:description\" content=\"Alvo de muitas cr\u00edticas da torcida pelas \u00faltimas atua\u00e7\u00f5es, o lateral chileno Maur\u00edcio Isla restringiu publica\u00e7\u00f5es no Instagram, al\u00e9m de apagar ou arquivar as imagens de partidas e treinos pelo Flamengo. Desde a Copa Am\u00e9rica, a torcida vem pedindo a titularidade de Matheuzinho e na maioria dos jogos, Isla sempre \u00e9 alvo de cr\u00edticas principalmente [&hellip;]\" \/>\n<meta property=\"og:url\" content=\"https:\/\/www.gaveanews.com\/index.php\/2021\/09\/20\/de-saida-isla-exclui-do-instagram-fotos-com-o-flamengo\/\" \/>\n<meta property=\"og:site_name\" content=\"G\u00e1vea News\" \/>\n<meta property=\"article:publisher\" content=\"https:\/\/facebook.com\/gaveaNews\/\" \/>\n<meta property=\"article:published_time\" content=\"2021-09-21T00:14:23+00:00\" \/>\n<meta property=\"article:modified_time\" content=\"2021-09-21T00:19:21+00:00\" \/>\n<meta property=\"og:image\" content=\"https:\/\/www.gaveanews.com\/wp-content\/uploads\/Isla-em-acao-pelo-Flamengo-durante-a-partida-contra-o-Velez-na-Copa-Libertadores-da-America-de-2021.webp\" \/>\n\t<meta property=\"og:image:width\" content=\"800\" \/>\n\t<meta property=\"og:image:height\" content=\"533\" \/>\n\t<meta property=\"og:image:type\" content=\"image\/jpeg\" \/>\n<meta name=\"author\" content=\"Equipe G\u00e1vea News\" \/>\n<meta name=\"twitter:card\" content=\"summary_large_image\" \/>\n<meta name=\"twitter:label1\" content=\"Escrito por\" \/>\n\t<meta name=\"twitter:data1\" content=\"Equipe G\u00e1vea News\" \/>\n\t<meta name=\"twitter:label2\" content=\"Est. tempo de leitura\" \/>\n\t<meta name=\"twitter:data2\" content=\"1 minuto\" \/>\n<script type=\"application\/ld+json\" class=\"yoast-schema-graph\">{\"@context\":\"https:\/\/schema.org\",\"@graph\":[{\"@type\":\"NewsArticle\",\"@id\":\"https:\/\/www.gaveanews.com\/index.php\/2021\/09\/20\/de-saida-isla-exclui-do-instagram-fotos-com-o-flamengo\/#article\",\"isPartOf\":{\"@id\":\"https:\/\/www.gaveanews.com\/index.php\/2021\/09\/20\/de-saida-isla-exclui-do-instagram-fotos-com-o-flamengo\/\"},\"author\":{\"name\":\"Equipe G\u00e1vea News\",\"@id\":\"https:\/\/www.gaveanews.com\/#\/schema\/person\/2ec14f73fb96be2caf28f91afb14749d\"},\"headline\":\"De sa\u00edda? Isla exclu\u00ed do Instagram fotos com o Flamengo\",\"datePublished\":\"2021-09-21T00:14:23+00:00\",\"dateModified\":\"2021-09-21T00:19:21+00:00\",\"mainEntityOfPage\":{\"@id\":\"https:\/\/www.gaveanews.com\/index.php\/2021\/09\/20\/de-saida-isla-exclui-do-instagram-fotos-com-o-flamengo\/\"},\"wordCount\":156,\"commentCount\":44,\"image\":{\"@id\":\"https:\/\/www.gaveanews.com\/index.php\/2021\/09\/20\/de-saida-isla-exclui-do-instagram-fotos-com-o-flamengo\/#primaryimage\"},\"thumbnailUrl\":\"https:\/\/www.gaveanews.com\/wp-content\/uploads\/Isla-em-acao-pelo-Flamengo-durante-a-partida-contra-o-Velez-na-Copa-Libertadores-da-America-de-2021.webp\",\"articleSection\":[\"Negocia\u00e7\u00f5es\"],\"inLanguage\":\"pt-BR\",\"potentialAction\":[{\"@type\":\"CommentAction\",\"name\":\"Comment\",\"target\":[\"https:\/\/www.gaveanews.com\/index.php\/2021\/09\/20\/de-saida-isla-exclui-do-instagram-fotos-com-o-flamengo\/#respond\"]}],\"copyrightYear\":\"2021\",\"copyrightHolder\":{\"@id\":\"https:\/\/www.gaveanews.com\/#organization\"}},{\"@type\":\"WebPage\",\"@id\":\"https:\/\/www.gaveanews.com\/index.php\/2021\/09\/20\/de-saida-isla-exclui-do-instagram-fotos-com-o-flamengo\/\",\"url\":\"https:\/\/www.gaveanews.com\/index.php\/2021\/09\/20\/de-saida-isla-exclui-do-instagram-fotos-com-o-flamengo\/\",\"name\":\"De sa\u00edda? Isla exclu\u00ed do Instagram fotos com o Flamengo\",\"isPartOf\":{\"@id\":\"https:\/\/www.gaveanews.com\/#website\"},\"primaryImageOfPage\":{\"@id\":\"https:\/\/www.gaveanews.com\/index.php\/2021\/09\/20\/de-saida-isla-exclui-do-instagram-fotos-com-o-flamengo\/#primaryimage\"},\"image\":{\"@id\":\"https:\/\/www.gaveanews.com\/index.php\/2021\/09\/20\/de-saida-isla-exclui-do-instagram-fotos-com-o-flamengo\/#primaryimage\"},\"thumbnailUrl\":\"https:\/\/www.gaveanews.com\/wp-content\/uploads\/Isla-em-acao-pelo-Flamengo-durante-a-partida-contra-o-Velez-na-Copa-Libertadores-da-America-de-2021.webp\",\"datePublished\":\"2021-09-21T00:14:23+00:00\",\"dateModified\":\"2021-09-21T00:19:21+00:00\",\"author\":{\"@id\":\"https:\/\/www.gaveanews.com\/#\/schema\/person\/2ec14f73fb96be2caf28f91afb14749d\"},\"breadcrumb\":{\"@id\":\"https:\/\/www.gaveanews.com\/index.php\/2021\/09\/20\/de-saida-isla-exclui-do-instagram-fotos-com-o-flamengo\/#breadcrumb\"},\"inLanguage\":\"pt-BR\",\"potentialAction\":[{\"@type\":\"ReadAction\",\"target\":[\"https:\/\/www.gaveanews.com\/index.php\/2021\/09\/20\/de-saida-isla-exclui-do-instagram-fotos-com-o-flamengo\/\"]}]},{\"@type\":\"ImageObject\",\"inLanguage\":\"pt-BR\",\"@id\":\"https:\/\/www.gaveanews.com\/index.php\/2021\/09\/20\/de-saida-isla-exclui-do-instagram-fotos-com-o-flamengo\/#primaryimage\",\"url\":\"https:\/\/www.gaveanews.com\/wp-content\/uploads\/Isla-em-acao-pelo-Flamengo-durante-a-partida-contra-o-Velez-na-Copa-Libertadores-da-America-de-2021.webp\",\"contentUrl\":\"https:\/\/www.gaveanews.com\/wp-content\/uploads\/Isla-em-acao-pelo-Flamengo-durante-a-partida-contra-o-Velez-na-Copa-Libertadores-da-America-de-2021.webp\",\"width\":800,\"height\":533,\"caption\":\"Isla em a\u00e7\u00e3o pelo Flamengo durante a partida contra o Velez na Copa Libertadores da Am\u00e9rica de 2021 (Foto: Marcelo Cortes\/Flamengo)\"},{\"@type\":\"BreadcrumbList\",\"@id\":\"https:\/\/www.gaveanews.com\/index.php\/2021\/09\/20\/de-saida-isla-exclui-do-instagram-fotos-com-o-flamengo\/#breadcrumb\",\"itemListElement\":[{\"@type\":\"ListItem\",\"position\":1,\"name\":\"Home\",\"item\":\"https:\/\/www.gaveanews.com\/\"},{\"@type\":\"ListItem\",\"position\":2,\"name\":\"De sa\u00edda? Isla exclu\u00ed do Instagram fotos com o Flamengo\"}]},{\"@type\":\"WebSite\",\"@id\":\"https:\/\/www.gaveanews.com\/#website\",\"url\":\"https:\/\/www.gaveanews.com\/\",\"name\":\"G\u00e1vea News\",\"description\":\"Veja todas as not\u00edcias sobre o Flamengo: Contrata\u00e7\u00f5es, categorias de base, resultados das partidas, tabela de classifica\u00e7\u00e3o, pr\u00f3ximos jogos!\",\"potentialAction\":[{\"@type\":\"SearchAction\",\"target\":{\"@type\":\"EntryPoint\",\"urlTemplate\":\"https:\/\/www.gaveanews.com\/?s={search_term_string}\"},\"query-input\":{\"@type\":\"PropertyValueSpecification\",\"valueRequired\":true,\"valueName\":\"search_term_string\"}}],\"inLanguage\":\"pt-BR\"},{\"@type\":\"Person\",\"@id\":\"https:\/\/www.gaveanews.com\/#\/schema\/person\/2ec14f73fb96be2caf28f91afb14749d\",\"name\":\"Equipe G\u00e1vea News\",\"image\":{\"@type\":\"ImageObject\",\"inLanguage\":\"pt-BR\",\"@id\":\"https:\/\/www.gaveanews.com\/#\/schema\/person\/image\/\",\"url\":\"https:\/\/secure.gravatar.com\/avatar\/1e1956f1facbffd3f8fa53a326721950116b3b9dc9bd44939c01180fd4a745a9?s=96&d=mm&r=g\",\"contentUrl\":\"https:\/\/secure.gravatar.com\/avatar\/1e1956f1facbffd3f8fa53a326721950116b3b9dc9bd44939c01180fd4a745a9?s=96&d=mm&r=g\",\"caption\":\"Equipe G\u00e1vea News\"}}]}<\/script>\n<!-- \/ Yoast SEO Premium plugin. -->","yoast_head_json":{"title":"De sa\u00edda? Isla exclu\u00ed do Instagram fotos com o Flamengo","robots":{"index":"index","follow":"follow","max-snippet":"max-snippet:-1","max-image-preview":"max-image-preview:large","max-video-preview":"max-video-preview:-1"},"canonical":"https:\/\/www.gaveanews.com\/index.php\/2021\/09\/20\/de-saida-isla-exclui-do-instagram-fotos-com-o-flamengo\/","og_locale":"pt_BR","og_type":"article","og_title":"De sa\u00edda? Isla exclu\u00ed do Instagram fotos com o Flamengo","og_description":"Alvo de muitas cr\u00edticas da torcida pelas \u00faltimas atua\u00e7\u00f5es, o lateral chileno Maur\u00edcio Isla restringiu publica\u00e7\u00f5es no Instagram, al\u00e9m de apagar ou arquivar as imagens de partidas e treinos pelo Flamengo. Desde a Copa Am\u00e9rica, a torcida vem pedindo a titularidade de Matheuzinho e na maioria dos jogos, Isla sempre \u00e9 alvo de cr\u00edticas principalmente [&hellip;]","og_url":"https:\/\/www.gaveanews.com\/index.php\/2021\/09\/20\/de-saida-isla-exclui-do-instagram-fotos-com-o-flamengo\/","og_site_name":"G\u00e1vea News","article_publisher":"https:\/\/facebook.com\/gaveaNews\/","article_published_time":"2021-09-21T00:14:23+00:00","article_modified_time":"2021-09-21T00:19:21+00:00","og_image":[{"width":800,"height":533,"url":"https:\/\/www.gaveanews.com\/wp-content\/uploads\/Isla-em-acao-pelo-Flamengo-durante-a-partida-contra-o-Velez-na-Copa-Libertadores-da-America-de-2021.webp","type":"image\/jpeg"}],"author":"Equipe G\u00e1vea News","twitter_card":"summary_large_image","twitter_misc":{"Escrito por":"Equipe G\u00e1vea News","Est. tempo de leitura":"1 minuto"},"schema":{"@context":"https:\/\/schema.org","@graph":[{"@type":"NewsArticle","@id":"https:\/\/www.gaveanews.com\/index.php\/2021\/09\/20\/de-saida-isla-exclui-do-instagram-fotos-com-o-flamengo\/#article","isPartOf":{"@id":"https:\/\/www.gaveanews.com\/index.php\/2021\/09\/20\/de-saida-isla-exclui-do-instagram-fotos-com-o-flamengo\/"},"author":{"name":"Equipe G\u00e1vea News","@id":"https:\/\/www.gaveanews.com\/#\/schema\/person\/2ec14f73fb96be2caf28f91afb14749d"},"headline":"De sa\u00edda? Isla exclu\u00ed do Instagram fotos com o Flamengo","datePublished":"2021-09-21T00:14:23+00:00","dateModified":"2021-09-21T00:19:21+00:00","mainEntityOfPage":{"@id":"https:\/\/www.gaveanews.com\/index.php\/2021\/09\/20\/de-saida-isla-exclui-do-instagram-fotos-com-o-flamengo\/"},"wordCount":156,"commentCount":44,"image":{"@id":"https:\/\/www.gaveanews.com\/index.php\/2021\/09\/20\/de-saida-isla-exclui-do-instagram-fotos-com-o-flamengo\/#primaryimage"},"thumbnailUrl":"https:\/\/www.gaveanews.com\/wp-content\/uploads\/Isla-em-acao-pelo-Flamengo-durante-a-partida-contra-o-Velez-na-Copa-Libertadores-da-America-de-2021.webp","articleSection":["Negocia\u00e7\u00f5es"],"inLanguage":"pt-BR","potentialAction":[{"@type":"CommentAction","name":"Comment","target":["https:\/\/www.gaveanews.com\/index.php\/2021\/09\/20\/de-saida-isla-exclui-do-instagram-fotos-com-o-flamengo\/#respond"]}],"copyrightYear":"2021","copyrightHolder":{"@id":"https:\/\/www.gaveanews.com\/#organization"}},{"@type":"WebPage","@id":"https:\/\/www.gaveanews.com\/index.php\/2021\/09\/20\/de-saida-isla-exclui-do-instagram-fotos-com-o-flamengo\/","url":"https:\/\/www.gaveanews.com\/index.php\/2021\/09\/20\/de-saida-isla-exclui-do-instagram-fotos-com-o-flamengo\/","name":"De sa\u00edda? Isla exclu\u00ed do Instagram fotos com o Flamengo","isPartOf":{"@id":"https:\/\/www.gaveanews.com\/#website"},"primaryImageOfPage":{"@id":"https:\/\/www.gaveanews.com\/index.php\/2021\/09\/20\/de-saida-isla-exclui-do-instagram-fotos-com-o-flamengo\/#primaryimage"},"image":{"@id":"https:\/\/www.gaveanews.com\/index.php\/2021\/09\/20\/de-saida-isla-exclui-do-instagram-fotos-com-o-flamengo\/#primaryimage"},"thumbnailUrl":"https:\/\/www.gaveanews.com\/wp-content\/uploads\/Isla-em-acao-pelo-Flamengo-durante-a-partida-contra-o-Velez-na-Copa-Libertadores-da-America-de-2021.webp","datePublished":"2021-09-21T00:14:23+00:00","dateModified":"2021-09-21T00:19:21+00:00","author":{"@id":"https:\/\/www.gaveanews.com\/#\/schema\/person\/2ec14f73fb96be2caf28f91afb14749d"},"breadcrumb":{"@id":"https:\/\/www.gaveanews.com\/index.php\/2021\/09\/20\/de-saida-isla-exclui-do-instagram-fotos-com-o-flamengo\/#breadcrumb"},"inLanguage":"pt-BR","potentialAction":[{"@type":"ReadAction","target":["https:\/\/www.gaveanews.com\/index.php\/2021\/09\/20\/de-saida-isla-exclui-do-instagram-fotos-com-o-flamengo\/"]}]},{"@type":"ImageObject","inLanguage":"pt-BR","@id":"https:\/\/www.gaveanews.com\/index.php\/2021\/09\/20\/de-saida-isla-exclui-do-instagram-fotos-com-o-flamengo\/#primaryimage","url":"https:\/\/www.gaveanews.com\/wp-content\/uploads\/Isla-em-acao-pelo-Flamengo-durante-a-partida-contra-o-Velez-na-Copa-Libertadores-da-America-de-2021.webp","contentUrl":"https:\/\/www.gaveanews.com\/wp-content\/uploads\/Isla-em-acao-pelo-Flamengo-durante-a-partida-contra-o-Velez-na-Copa-Libertadores-da-America-de-2021.webp","width":800,"height":533,"caption":"Isla em a\u00e7\u00e3o pelo Flamengo durante a partida contra o Velez na Copa Libertadores da Am\u00e9rica de 2021 (Foto: Marcelo Cortes\/Flamengo)"},{"@type":"BreadcrumbList","@id":"https:\/\/www.gaveanews.com\/index.php\/2021\/09\/20\/de-saida-isla-exclui-do-instagram-fotos-com-o-flamengo\/#breadcrumb","itemListElement":[{"@type":"ListItem","position":1,"name":"Home","item":"https:\/\/www.gaveanews.com\/"},{"@type":"ListItem","position":2,"name":"De sa\u00edda? Isla exclu\u00ed do Instagram fotos com o Flamengo"}]},{"@type":"WebSite","@id":"https:\/\/www.gaveanews.com\/#website","url":"https:\/\/www.gaveanews.com\/","name":"G\u00e1vea News","description":"Veja todas as not\u00edcias sobre o Flamengo: Contrata\u00e7\u00f5es, categorias de base, resultados das partidas, tabela de classifica\u00e7\u00e3o, pr\u00f3ximos jogos!","potentialAction":[{"@type":"SearchAction","target":{"@type":"EntryPoint","urlTemplate":"https:\/\/www.gaveanews.com\/?s={search_term_string}"},"query-input":{"@type":"PropertyValueSpecification","valueRequired":true,"valueName":"search_term_string"}}],"inLanguage":"pt-BR"},{"@type":"Person","@id":"https:\/\/www.gaveanews.com\/#\/schema\/person\/2ec14f73fb96be2caf28f91afb14749d","name":"Equipe G\u00e1vea News","image":{"@type":"ImageObject","inLanguage":"pt-BR","@id":"https:\/\/www.gaveanews.com\/#\/schema\/person\/image\/","url":"https:\/\/secure.gravatar.com\/avatar\/1e1956f1facbffd3f8fa53a326721950116b3b9dc9bd44939c01180fd4a745a9?s=96&d=mm&r=g","contentUrl":"https:\/\/secure.gravatar.com\/avatar\/1e1956f1facbffd3f8fa53a326721950116b3b9dc9bd44939c01180fd4a745a9?s=96&d=mm&r=g","caption":"Equipe G\u00e1vea News"}}]}},"_links":{"self":[{"href":"https:\/\/www.gaveanews.com\/index.php\/wp-json\/wp\/v2\/posts\/68446","targetHints":{"allow":["GET"]}}],"collection":[{"href":"https:\/\/www.gaveanews.com\/index.php\/wp-json\/wp\/v2\/posts"}],"about":[{"href":"https:\/\/www.gaveanews.com\/index.php\/wp-json\/wp\/v2\/types\/post"}],"author":[{"embeddable":true,"href":"https:\/\/www.gaveanews.com\/index.php\/wp-json\/wp\/v2\/users\/1"}],"replies":[{"embeddable":true,"href":"https:\/\/www.gaveanews.com\/index.php\/wp-json\/wp\/v2\/comments?post=68446"}],"version-history":[{"count":0,"href":"https:\/\/www.gaveanews.com\/index.php\/wp-json\/wp\/v2\/posts\/68446\/revisions"}],"wp:featuredmedia":[{"embeddable":true,"href":"https:\/\/www.gaveanews.com\/index.php\/wp-json\/wp\/v2\/media\/59690"}],"wp:attachment":[{"href":"https:\/\/www.gaveanews.com\/index.php\/wp-json\/wp\/v2\/media?parent=68446"}],"wp:term":[{"taxonomy":"category","embeddable":true,"href":"https:\/\/www.gaveanews.com\/index.php\/wp-json\/wp\/v2\/categories?post=68446"},{"taxonomy":"post_tag","embeddable":true,"href":"https:\/\/www.gaveanews.com\/index.php\/wp-json\/wp\/v2\/tags?post=68446"}],"curies":[{"name":"wp","href":"https:\/\/api.w.org\/{rel}","templated":true}]}}