{"id":68476,"date":"2021-09-21T10:30:00","date_gmt":"2021-09-21T13:30:00","guid":{"rendered":"https:\/\/www.gaveanews.com\/?p=68476"},"modified":"2021-09-21T08:57:59","modified_gmt":"2021-09-21T11:57:59","slug":"palmeiras-sera-o-unico-time-sem-torcida-na-semifinal-da-libertadores","status":"publish","type":"post","link":"https:\/\/www.gaveanews.com\/index.php\/2021\/09\/21\/palmeiras-sera-o-unico-time-sem-torcida-na-semifinal-da-libertadores\/","title":{"rendered":"Palmeiras ser\u00e1 o \u00fanico time sem torcida na semifinal da Libertadores"},"content":{"rendered":"\n<p>O Barcelona de Guayaquil ter\u00e1 torcida para o duelo de volta da semifinal da Conmebol Libertadores contra o Flamengo, no dia 29 de setembro.<\/p>\n\n\n\n<p>Segundo anunciou Juan Zapata, presidente do Comit\u00ea de Opera\u00e7\u00f5es de Emerg\u00eancia do Equador, o Barcelona poder\u00e1 ter 30% de p\u00fablico para o duelo contra o Fla, cerca de 18 mil torcedores no Est\u00e1dio Monumental Isidro Romero Carbo.<\/p>\n\n\n\n<p>Dessa forma, apenas o Palmeiras dos quatro semifinalistas da Libertadores n\u00e3o ter\u00e1 p\u00fablico em seu est\u00e1dio para o seu jogo como mandante.<\/p>\n\n\n\n<p>Isso porque a Conmebol deixa a crit\u00e9rio das autoridades locais a presen\u00e7a ou n\u00e3o de p\u00fablico. Como o Governo do Estado de S\u00e3o Paulo, comandando por Jo\u00e3o Doria, n\u00e3o liberou torcida em jogos de futebol, o Allianz Parque estar\u00e1 vazio no jogo desta ter\u00e7a-feira contra o Atl\u00e9tico-MG.<\/p>\n\n\n\n<p>O Flamengo j\u00e1 vendeu cerca de 20 mil ingressos dos 29 mil dispon\u00edveis para o duelo de ida contra o Barcelona-EQU.<\/p>\n\n\n\n<p>J\u00e1 o Galo poder\u00e1 ter at\u00e9 30% da capacidade do Mineir\u00e3o no duelo de volta contra o Palmeiras, na pr\u00f3xima ter\u00e7a-feira.<\/p>\n\n\n\n<p>Retirado de: ESPN<\/p>\n","protected":false},"excerpt":{"rendered":"<p>O Barcelona de Guayaquil ter\u00e1 torcida para o duelo de volta da semifinal da Conmebol Libertadores contra o Flamengo, no dia 29 de setembro. Segundo anunciou Juan Zapata, presidente do Comit\u00ea de Opera\u00e7\u00f5es de Emerg\u00eancia do Equador, o Barcelona poder\u00e1 ter 30% de p\u00fablico para o duelo contra o Fla, cerca de 18 mil torcedores [&hellip;]<\/p>\n","protected":false},"author":1,"featured_media":58305,"comment_status":"open","ping_status":"closed","sticky":false,"template":"","format":"standard","meta":{"footnotes":""},"categories":[1],"tags":[],"class_list":["post-68476","post","type-post","status-publish","format-standard","has-post-thumbnail","hentry","category-flamengo"],"yoast_head":"<!-- This site is optimized with the Yoast SEO Premium plugin v24.2 (Yoast SEO v26.9) - https:\/\/yoast.com\/product\/yoast-seo-premium-wordpress\/ -->\n<title>Palmeiras ser\u00e1 o \u00fanico time sem torcida na semifinal da Libertadores<\/title>\n<meta name=\"robots\" content=\"index, follow, max-snippet:-1, max-image-preview:large, max-video-preview:-1\" \/>\n<link rel=\"canonical\" href=\"https:\/\/www.gaveanews.com\/index.php\/2021\/09\/21\/palmeiras-sera-o-unico-time-sem-torcida-na-semifinal-da-libertadores\/\" \/>\n<meta property=\"og:locale\" content=\"pt_BR\" \/>\n<meta property=\"og:type\" content=\"article\" \/>\n<meta property=\"og:title\" content=\"Palmeiras ser\u00e1 o \u00fanico time sem torcida na semifinal da Libertadores\" \/>\n<meta property=\"og:description\" content=\"O Barcelona de Guayaquil ter\u00e1 torcida para o duelo de volta da semifinal da Conmebol Libertadores contra o Flamengo, no dia 29 de setembro. Segundo anunciou Juan Zapata, presidente do Comit\u00ea de Opera\u00e7\u00f5es de Emerg\u00eancia do Equador, o Barcelona poder\u00e1 ter 30% de p\u00fablico para o duelo contra o Fla, cerca de 18 mil torcedores [&hellip;]\" \/>\n<meta property=\"og:url\" content=\"https:\/\/www.gaveanews.com\/index.php\/2021\/09\/21\/palmeiras-sera-o-unico-time-sem-torcida-na-semifinal-da-libertadores\/\" \/>\n<meta property=\"og:site_name\" content=\"G\u00e1vea News\" \/>\n<meta property=\"article:publisher\" content=\"https:\/\/facebook.com\/gaveaNews\/\" \/>\n<meta property=\"article:published_time\" content=\"2021-09-21T13:30:00+00:00\" \/>\n<meta property=\"og:image\" content=\"https:\/\/www.gaveanews.com\/wp-content\/uploads\/Taca-da-Copa-Libertadores-da-America-no-gramado-do-estadio-do-Maracana.webp\" \/>\n\t<meta property=\"og:image:width\" content=\"1080\" \/>\n\t<meta property=\"og:image:height\" content=\"1079\" \/>\n\t<meta property=\"og:image:type\" content=\"image\/jpeg\" \/>\n<meta name=\"author\" content=\"Equipe G\u00e1vea News\" \/>\n<meta name=\"twitter:card\" content=\"summary_large_image\" \/>\n<meta name=\"twitter:label1\" content=\"Escrito por\" \/>\n\t<meta name=\"twitter:data1\" content=\"Equipe G\u00e1vea News\" \/>\n\t<meta name=\"twitter:label2\" content=\"Est. tempo de leitura\" \/>\n\t<meta name=\"twitter:data2\" content=\"1 minuto\" \/>\n<script type=\"application\/ld+json\" class=\"yoast-schema-graph\">{\"@context\":\"https:\/\/schema.org\",\"@graph\":[{\"@type\":\"NewsArticle\",\"@id\":\"https:\/\/www.gaveanews.com\/index.php\/2021\/09\/21\/palmeiras-sera-o-unico-time-sem-torcida-na-semifinal-da-libertadores\/#article\",\"isPartOf\":{\"@id\":\"https:\/\/www.gaveanews.com\/index.php\/2021\/09\/21\/palmeiras-sera-o-unico-time-sem-torcida-na-semifinal-da-libertadores\/\"},\"author\":{\"name\":\"Equipe G\u00e1vea News\",\"@id\":\"https:\/\/www.gaveanews.com\/#\/schema\/person\/2ec14f73fb96be2caf28f91afb14749d\"},\"headline\":\"Palmeiras ser\u00e1 o \u00fanico time sem torcida na semifinal da Libertadores\",\"datePublished\":\"2021-09-21T13:30:00+00:00\",\"mainEntityOfPage\":{\"@id\":\"https:\/\/www.gaveanews.com\/index.php\/2021\/09\/21\/palmeiras-sera-o-unico-time-sem-torcida-na-semifinal-da-libertadores\/\"},\"wordCount\":200,\"commentCount\":5,\"image\":{\"@id\":\"https:\/\/www.gaveanews.com\/index.php\/2021\/09\/21\/palmeiras-sera-o-unico-time-sem-torcida-na-semifinal-da-libertadores\/#primaryimage\"},\"thumbnailUrl\":\"https:\/\/www.gaveanews.com\/wp-content\/uploads\/Taca-da-Copa-Libertadores-da-America-no-gramado-do-estadio-do-Maracana.webp\",\"articleSection\":[\"Flamengo\"],\"inLanguage\":\"pt-BR\",\"potentialAction\":[{\"@type\":\"CommentAction\",\"name\":\"Comment\",\"target\":[\"https:\/\/www.gaveanews.com\/index.php\/2021\/09\/21\/palmeiras-sera-o-unico-time-sem-torcida-na-semifinal-da-libertadores\/#respond\"]}],\"copyrightYear\":\"2021\",\"copyrightHolder\":{\"@id\":\"https:\/\/www.gaveanews.com\/#organization\"}},{\"@type\":\"WebPage\",\"@id\":\"https:\/\/www.gaveanews.com\/index.php\/2021\/09\/21\/palmeiras-sera-o-unico-time-sem-torcida-na-semifinal-da-libertadores\/\",\"url\":\"https:\/\/www.gaveanews.com\/index.php\/2021\/09\/21\/palmeiras-sera-o-unico-time-sem-torcida-na-semifinal-da-libertadores\/\",\"name\":\"Palmeiras ser\u00e1 o \u00fanico time sem torcida na semifinal da Libertadores\",\"isPartOf\":{\"@id\":\"https:\/\/www.gaveanews.com\/#website\"},\"primaryImageOfPage\":{\"@id\":\"https:\/\/www.gaveanews.com\/index.php\/2021\/09\/21\/palmeiras-sera-o-unico-time-sem-torcida-na-semifinal-da-libertadores\/#primaryimage\"},\"image\":{\"@id\":\"https:\/\/www.gaveanews.com\/index.php\/2021\/09\/21\/palmeiras-sera-o-unico-time-sem-torcida-na-semifinal-da-libertadores\/#primaryimage\"},\"thumbnailUrl\":\"https:\/\/www.gaveanews.com\/wp-content\/uploads\/Taca-da-Copa-Libertadores-da-America-no-gramado-do-estadio-do-Maracana.webp\",\"datePublished\":\"2021-09-21T13:30:00+00:00\",\"author\":{\"@id\":\"https:\/\/www.gaveanews.com\/#\/schema\/person\/2ec14f73fb96be2caf28f91afb14749d\"},\"breadcrumb\":{\"@id\":\"https:\/\/www.gaveanews.com\/index.php\/2021\/09\/21\/palmeiras-sera-o-unico-time-sem-torcida-na-semifinal-da-libertadores\/#breadcrumb\"},\"inLanguage\":\"pt-BR\",\"potentialAction\":[{\"@type\":\"ReadAction\",\"target\":[\"https:\/\/www.gaveanews.com\/index.php\/2021\/09\/21\/palmeiras-sera-o-unico-time-sem-torcida-na-semifinal-da-libertadores\/\"]}]},{\"@type\":\"ImageObject\",\"inLanguage\":\"pt-BR\",\"@id\":\"https:\/\/www.gaveanews.com\/index.php\/2021\/09\/21\/palmeiras-sera-o-unico-time-sem-torcida-na-semifinal-da-libertadores\/#primaryimage\",\"url\":\"https:\/\/www.gaveanews.com\/wp-content\/uploads\/Taca-da-Copa-Libertadores-da-America-no-gramado-do-estadio-do-Maracana.webp\",\"contentUrl\":\"https:\/\/www.gaveanews.com\/wp-content\/uploads\/Taca-da-Copa-Libertadores-da-America-no-gramado-do-estadio-do-Maracana.webp\",\"width\":1080,\"height\":1079,\"caption\":\"Ta\u00e7a da Copa Libertadores da Am\u00e9rica no gramado do est\u00e1dio do Maracan\u00e3 (Foto: Conmebol)\"},{\"@type\":\"BreadcrumbList\",\"@id\":\"https:\/\/www.gaveanews.com\/index.php\/2021\/09\/21\/palmeiras-sera-o-unico-time-sem-torcida-na-semifinal-da-libertadores\/#breadcrumb\",\"itemListElement\":[{\"@type\":\"ListItem\",\"position\":1,\"name\":\"Home\",\"item\":\"https:\/\/www.gaveanews.com\/\"},{\"@type\":\"ListItem\",\"position\":2,\"name\":\"Palmeiras ser\u00e1 o \u00fanico time sem torcida na semifinal da Libertadores\"}]},{\"@type\":\"WebSite\",\"@id\":\"https:\/\/www.gaveanews.com\/#website\",\"url\":\"https:\/\/www.gaveanews.com\/\",\"name\":\"G\u00e1vea News\",\"description\":\"Veja todas as not\u00edcias sobre o Flamengo: Contrata\u00e7\u00f5es, categorias de base, resultados das partidas, tabela de classifica\u00e7\u00e3o, pr\u00f3ximos jogos!\",\"potentialAction\":[{\"@type\":\"SearchAction\",\"target\":{\"@type\":\"EntryPoint\",\"urlTemplate\":\"https:\/\/www.gaveanews.com\/?s={search_term_string}\"},\"query-input\":{\"@type\":\"PropertyValueSpecification\",\"valueRequired\":true,\"valueName\":\"search_term_string\"}}],\"inLanguage\":\"pt-BR\"},{\"@type\":\"Person\",\"@id\":\"https:\/\/www.gaveanews.com\/#\/schema\/person\/2ec14f73fb96be2caf28f91afb14749d\",\"name\":\"Equipe G\u00e1vea News\",\"image\":{\"@type\":\"ImageObject\",\"inLanguage\":\"pt-BR\",\"@id\":\"https:\/\/www.gaveanews.com\/#\/schema\/person\/image\/\",\"url\":\"https:\/\/secure.gravatar.com\/avatar\/1e1956f1facbffd3f8fa53a326721950116b3b9dc9bd44939c01180fd4a745a9?s=96&d=mm&r=g\",\"contentUrl\":\"https:\/\/secure.gravatar.com\/avatar\/1e1956f1facbffd3f8fa53a326721950116b3b9dc9bd44939c01180fd4a745a9?s=96&d=mm&r=g\",\"caption\":\"Equipe G\u00e1vea News\"}}]}<\/script>\n<!-- \/ Yoast SEO Premium plugin. -->","yoast_head_json":{"title":"Palmeiras ser\u00e1 o \u00fanico time sem torcida na semifinal da Libertadores","robots":{"index":"index","follow":"follow","max-snippet":"max-snippet:-1","max-image-preview":"max-image-preview:large","max-video-preview":"max-video-preview:-1"},"canonical":"https:\/\/www.gaveanews.com\/index.php\/2021\/09\/21\/palmeiras-sera-o-unico-time-sem-torcida-na-semifinal-da-libertadores\/","og_locale":"pt_BR","og_type":"article","og_title":"Palmeiras ser\u00e1 o \u00fanico time sem torcida na semifinal da Libertadores","og_description":"O Barcelona de Guayaquil ter\u00e1 torcida para o duelo de volta da semifinal da Conmebol Libertadores contra o Flamengo, no dia 29 de setembro. Segundo anunciou Juan Zapata, presidente do Comit\u00ea de Opera\u00e7\u00f5es de Emerg\u00eancia do Equador, o Barcelona poder\u00e1 ter 30% de p\u00fablico para o duelo contra o Fla, cerca de 18 mil torcedores [&hellip;]","og_url":"https:\/\/www.gaveanews.com\/index.php\/2021\/09\/21\/palmeiras-sera-o-unico-time-sem-torcida-na-semifinal-da-libertadores\/","og_site_name":"G\u00e1vea News","article_publisher":"https:\/\/facebook.com\/gaveaNews\/","article_published_time":"2021-09-21T13:30:00+00:00","og_image":[{"width":1080,"height":1079,"url":"https:\/\/www.gaveanews.com\/wp-content\/uploads\/Taca-da-Copa-Libertadores-da-America-no-gramado-do-estadio-do-Maracana.webp","type":"image\/jpeg"}],"author":"Equipe G\u00e1vea News","twitter_card":"summary_large_image","twitter_misc":{"Escrito por":"Equipe G\u00e1vea News","Est. tempo de leitura":"1 minuto"},"schema":{"@context":"https:\/\/schema.org","@graph":[{"@type":"NewsArticle","@id":"https:\/\/www.gaveanews.com\/index.php\/2021\/09\/21\/palmeiras-sera-o-unico-time-sem-torcida-na-semifinal-da-libertadores\/#article","isPartOf":{"@id":"https:\/\/www.gaveanews.com\/index.php\/2021\/09\/21\/palmeiras-sera-o-unico-time-sem-torcida-na-semifinal-da-libertadores\/"},"author":{"name":"Equipe G\u00e1vea News","@id":"https:\/\/www.gaveanews.com\/#\/schema\/person\/2ec14f73fb96be2caf28f91afb14749d"},"headline":"Palmeiras ser\u00e1 o \u00fanico time sem torcida na semifinal da Libertadores","datePublished":"2021-09-21T13:30:00+00:00","mainEntityOfPage":{"@id":"https:\/\/www.gaveanews.com\/index.php\/2021\/09\/21\/palmeiras-sera-o-unico-time-sem-torcida-na-semifinal-da-libertadores\/"},"wordCount":200,"commentCount":5,"image":{"@id":"https:\/\/www.gaveanews.com\/index.php\/2021\/09\/21\/palmeiras-sera-o-unico-time-sem-torcida-na-semifinal-da-libertadores\/#primaryimage"},"thumbnailUrl":"https:\/\/www.gaveanews.com\/wp-content\/uploads\/Taca-da-Copa-Libertadores-da-America-no-gramado-do-estadio-do-Maracana.webp","articleSection":["Flamengo"],"inLanguage":"pt-BR","potentialAction":[{"@type":"CommentAction","name":"Comment","target":["https:\/\/www.gaveanews.com\/index.php\/2021\/09\/21\/palmeiras-sera-o-unico-time-sem-torcida-na-semifinal-da-libertadores\/#respond"]}],"copyrightYear":"2021","copyrightHolder":{"@id":"https:\/\/www.gaveanews.com\/#organization"}},{"@type":"WebPage","@id":"https:\/\/www.gaveanews.com\/index.php\/2021\/09\/21\/palmeiras-sera-o-unico-time-sem-torcida-na-semifinal-da-libertadores\/","url":"https:\/\/www.gaveanews.com\/index.php\/2021\/09\/21\/palmeiras-sera-o-unico-time-sem-torcida-na-semifinal-da-libertadores\/","name":"Palmeiras ser\u00e1 o \u00fanico time sem torcida na semifinal da Libertadores","isPartOf":{"@id":"https:\/\/www.gaveanews.com\/#website"},"primaryImageOfPage":{"@id":"https:\/\/www.gaveanews.com\/index.php\/2021\/09\/21\/palmeiras-sera-o-unico-time-sem-torcida-na-semifinal-da-libertadores\/#primaryimage"},"image":{"@id":"https:\/\/www.gaveanews.com\/index.php\/2021\/09\/21\/palmeiras-sera-o-unico-time-sem-torcida-na-semifinal-da-libertadores\/#primaryimage"},"thumbnailUrl":"https:\/\/www.gaveanews.com\/wp-content\/uploads\/Taca-da-Copa-Libertadores-da-America-no-gramado-do-estadio-do-Maracana.webp","datePublished":"2021-09-21T13:30:00+00:00","author":{"@id":"https:\/\/www.gaveanews.com\/#\/schema\/person\/2ec14f73fb96be2caf28f91afb14749d"},"breadcrumb":{"@id":"https:\/\/www.gaveanews.com\/index.php\/2021\/09\/21\/palmeiras-sera-o-unico-time-sem-torcida-na-semifinal-da-libertadores\/#breadcrumb"},"inLanguage":"pt-BR","potentialAction":[{"@type":"ReadAction","target":["https:\/\/www.gaveanews.com\/index.php\/2021\/09\/21\/palmeiras-sera-o-unico-time-sem-torcida-na-semifinal-da-libertadores\/"]}]},{"@type":"ImageObject","inLanguage":"pt-BR","@id":"https:\/\/www.gaveanews.com\/index.php\/2021\/09\/21\/palmeiras-sera-o-unico-time-sem-torcida-na-semifinal-da-libertadores\/#primaryimage","url":"https:\/\/www.gaveanews.com\/wp-content\/uploads\/Taca-da-Copa-Libertadores-da-America-no-gramado-do-estadio-do-Maracana.webp","contentUrl":"https:\/\/www.gaveanews.com\/wp-content\/uploads\/Taca-da-Copa-Libertadores-da-America-no-gramado-do-estadio-do-Maracana.webp","width":1080,"height":1079,"caption":"Ta\u00e7a da Copa Libertadores da Am\u00e9rica no gramado do est\u00e1dio do Maracan\u00e3 (Foto: Conmebol)"},{"@type":"BreadcrumbList","@id":"https:\/\/www.gaveanews.com\/index.php\/2021\/09\/21\/palmeiras-sera-o-unico-time-sem-torcida-na-semifinal-da-libertadores\/#breadcrumb","itemListElement":[{"@type":"ListItem","position":1,"name":"Home","item":"https:\/\/www.gaveanews.com\/"},{"@type":"ListItem","position":2,"name":"Palmeiras ser\u00e1 o \u00fanico time sem torcida na semifinal da Libertadores"}]},{"@type":"WebSite","@id":"https:\/\/www.gaveanews.com\/#website","url":"https:\/\/www.gaveanews.com\/","name":"G\u00e1vea News","description":"Veja todas as not\u00edcias sobre o Flamengo: Contrata\u00e7\u00f5es, categorias de base, resultados das partidas, tabela de classifica\u00e7\u00e3o, pr\u00f3ximos jogos!","potentialAction":[{"@type":"SearchAction","target":{"@type":"EntryPoint","urlTemplate":"https:\/\/www.gaveanews.com\/?s={search_term_string}"},"query-input":{"@type":"PropertyValueSpecification","valueRequired":true,"valueName":"search_term_string"}}],"inLanguage":"pt-BR"},{"@type":"Person","@id":"https:\/\/www.gaveanews.com\/#\/schema\/person\/2ec14f73fb96be2caf28f91afb14749d","name":"Equipe G\u00e1vea News","image":{"@type":"ImageObject","inLanguage":"pt-BR","@id":"https:\/\/www.gaveanews.com\/#\/schema\/person\/image\/","url":"https:\/\/secure.gravatar.com\/avatar\/1e1956f1facbffd3f8fa53a326721950116b3b9dc9bd44939c01180fd4a745a9?s=96&d=mm&r=g","contentUrl":"https:\/\/secure.gravatar.com\/avatar\/1e1956f1facbffd3f8fa53a326721950116b3b9dc9bd44939c01180fd4a745a9?s=96&d=mm&r=g","caption":"Equipe G\u00e1vea News"}}]}},"_links":{"self":[{"href":"https:\/\/www.gaveanews.com\/index.php\/wp-json\/wp\/v2\/posts\/68476","targetHints":{"allow":["GET"]}}],"collection":[{"href":"https:\/\/www.gaveanews.com\/index.php\/wp-json\/wp\/v2\/posts"}],"about":[{"href":"https:\/\/www.gaveanews.com\/index.php\/wp-json\/wp\/v2\/types\/post"}],"author":[{"embeddable":true,"href":"https:\/\/www.gaveanews.com\/index.php\/wp-json\/wp\/v2\/users\/1"}],"replies":[{"embeddable":true,"href":"https:\/\/www.gaveanews.com\/index.php\/wp-json\/wp\/v2\/comments?post=68476"}],"version-history":[{"count":0,"href":"https:\/\/www.gaveanews.com\/index.php\/wp-json\/wp\/v2\/posts\/68476\/revisions"}],"wp:featuredmedia":[{"embeddable":true,"href":"https:\/\/www.gaveanews.com\/index.php\/wp-json\/wp\/v2\/media\/58305"}],"wp:attachment":[{"href":"https:\/\/www.gaveanews.com\/index.php\/wp-json\/wp\/v2\/media?parent=68476"}],"wp:term":[{"taxonomy":"category","embeddable":true,"href":"https:\/\/www.gaveanews.com\/index.php\/wp-json\/wp\/v2\/categories?post=68476"},{"taxonomy":"post_tag","embeddable":true,"href":"https:\/\/www.gaveanews.com\/index.php\/wp-json\/wp\/v2\/tags?post=68476"}],"curies":[{"name":"wp","href":"https:\/\/api.w.org\/{rel}","templated":true}]}}