{"id":68481,"date":"2021-09-21T11:00:00","date_gmt":"2021-09-21T14:00:00","guid":{"rendered":"https:\/\/www.gaveanews.com\/?p=68481"},"modified":"2021-09-21T08:59:31","modified_gmt":"2021-09-21T11:59:31","slug":"flamengo-reforca-equipe-para-cobrar-distanciamento-no-maracana","status":"publish","type":"post","link":"https:\/\/www.gaveanews.com\/index.php\/2021\/09\/21\/flamengo-reforca-equipe-para-cobrar-distanciamento-no-maracana\/","title":{"rendered":"Flamengo refor\u00e7a equipe para cobrar distanciamento no Maracan\u00e3"},"content":{"rendered":"\n<p>O Flamengo redobrou os esfor\u00e7os para preservar o protocolo no Maracan\u00e3 com a capacidade aumentada para o jogo desta quarta-feira, pela Libertadores.<\/p>\n\n\n\n<p>Com mais de 20 mil ingressos vendidos para o jogo com o Barcelona (EQU), o clube vai aumentar o efetivo de seguran\u00e7as no setor norte, onde n\u00e3o h\u00e1 mais entradas dispon\u00edveis e haver\u00e1 mais aglomera\u00e7\u00e3o.<\/p>\n\n\n\n<p>Na partida contra o Gr\u00eamio, pela Copa do Brasil, o controle j\u00e1 foi dif\u00edcil, mesmo com 6 mil pagantes. Agora, a capacidade liberada em 50% permitir\u00e1 um total de 35 mil torcedores.<\/p>\n\n\n\n<p>O Flamengo j\u00e1 prev\u00ea que haja mais problemas de aglomera\u00e7\u00e3o n\u00e3o apenas no setor norte, mas recebeu da Prefeitura o selo de qualidade no trabalho de preven\u00e7\u00e3o, com testes e vacina\u00e7\u00e3o em massa.<\/p>\n\n\n\n<p>Para atenuar o problema, a orienta\u00e7\u00e3o \u00e9 que o p\u00fablico permane\u00e7a com m\u00e1scara e se sente com um intervalo de duas cadeira para cada espectador nos setores.<\/p>\n\n\n\n<p><strong><em>\u2014 Flamengo no Maracan\u00e3 mostrando que com organiza\u00e7\u00e3o \u00e9 poss\u00edvel fazer um evento seguro, na opera\u00e7\u00e3o s\u00e3o mais de 1.700 trabalhadores para orientar sobre as medidas de prote\u00e7\u00e3o \u00e0 vida. Vale lembrar que acompanharemos por 14 dias todos os torcedores e funcion\u00e1rios <\/em><\/strong>\u2013 postou o secret\u00e1rio de sa\u00fade Daniel Soranz depois do jogo com o Gr\u00eamio.<\/p>\n\n\n\n<p>Retirado de: O Globo<\/p>\n","protected":false},"excerpt":{"rendered":"<p>O Flamengo redobrou os esfor\u00e7os para preservar o protocolo no Maracan\u00e3 com a capacidade aumentada para o jogo desta quarta-feira, pela Libertadores. Com mais de 20 mil ingressos vendidos para o jogo com o Barcelona (EQU), o clube vai aumentar o efetivo de seguran\u00e7as no setor norte, onde n\u00e3o h\u00e1 mais entradas dispon\u00edveis e haver\u00e1 [&hellip;]<\/p>\n","protected":false},"author":1,"featured_media":15081,"comment_status":"open","ping_status":"closed","sticky":false,"template":"","format":"standard","meta":{"footnotes":""},"categories":[47],"tags":[],"class_list":["post-68481","post","type-post","status-publish","format-standard","has-post-thumbnail","hentry","category-destaques"],"yoast_head":"<!-- This site is optimized with the Yoast SEO Premium plugin v24.2 (Yoast SEO v26.9) - https:\/\/yoast.com\/product\/yoast-seo-premium-wordpress\/ -->\n<title>Flamengo refor\u00e7a equipe para cobrar distanciamento no Maracan\u00e3<\/title>\n<meta name=\"robots\" content=\"index, follow, max-snippet:-1, max-image-preview:large, max-video-preview:-1\" \/>\n<link rel=\"canonical\" href=\"https:\/\/www.gaveanews.com\/index.php\/2021\/09\/21\/flamengo-reforca-equipe-para-cobrar-distanciamento-no-maracana\/\" \/>\n<meta property=\"og:locale\" content=\"pt_BR\" \/>\n<meta property=\"og:type\" content=\"article\" \/>\n<meta property=\"og:title\" content=\"Flamengo refor\u00e7a equipe para cobrar distanciamento no Maracan\u00e3\" \/>\n<meta property=\"og:description\" content=\"O Flamengo redobrou os esfor\u00e7os para preservar o protocolo no Maracan\u00e3 com a capacidade aumentada para o jogo desta quarta-feira, pela Libertadores. Com mais de 20 mil ingressos vendidos para o jogo com o Barcelona (EQU), o clube vai aumentar o efetivo de seguran\u00e7as no setor norte, onde n\u00e3o h\u00e1 mais entradas dispon\u00edveis e haver\u00e1 [&hellip;]\" \/>\n<meta property=\"og:url\" content=\"https:\/\/www.gaveanews.com\/index.php\/2021\/09\/21\/flamengo-reforca-equipe-para-cobrar-distanciamento-no-maracana\/\" \/>\n<meta property=\"og:site_name\" content=\"G\u00e1vea News\" \/>\n<meta property=\"article:publisher\" content=\"https:\/\/facebook.com\/gaveaNews\/\" \/>\n<meta property=\"article:published_time\" content=\"2021-09-21T14:00:00+00:00\" \/>\n<meta property=\"og:image\" content=\"https:\/\/www.gaveanews.com\/wp-content\/uploads\/2019\/03\/Escudo-do-Flamengo-e-exposto-proximo-a-um-dos-gols-no-gramado-do-Maracana.webp\" \/>\n\t<meta property=\"og:image:width\" content=\"1\" \/>\n\t<meta property=\"og:image:height\" content=\"1\" \/>\n\t<meta property=\"og:image:type\" content=\"image\/jpeg\" \/>\n<meta name=\"author\" content=\"Equipe G\u00e1vea News\" \/>\n<meta name=\"twitter:card\" content=\"summary_large_image\" \/>\n<meta name=\"twitter:label1\" content=\"Escrito por\" \/>\n\t<meta name=\"twitter:data1\" content=\"Equipe G\u00e1vea News\" \/>\n\t<meta name=\"twitter:label2\" content=\"Est. tempo de leitura\" \/>\n\t<meta name=\"twitter:data2\" content=\"1 minuto\" \/>\n<script type=\"application\/ld+json\" class=\"yoast-schema-graph\">{\"@context\":\"https:\/\/schema.org\",\"@graph\":[{\"@type\":\"NewsArticle\",\"@id\":\"https:\/\/www.gaveanews.com\/index.php\/2021\/09\/21\/flamengo-reforca-equipe-para-cobrar-distanciamento-no-maracana\/#article\",\"isPartOf\":{\"@id\":\"https:\/\/www.gaveanews.com\/index.php\/2021\/09\/21\/flamengo-reforca-equipe-para-cobrar-distanciamento-no-maracana\/\"},\"author\":{\"name\":\"Equipe G\u00e1vea News\",\"@id\":\"https:\/\/www.gaveanews.com\/#\/schema\/person\/2ec14f73fb96be2caf28f91afb14749d\"},\"headline\":\"Flamengo refor\u00e7a equipe para cobrar distanciamento no Maracan\u00e3\",\"datePublished\":\"2021-09-21T14:00:00+00:00\",\"mainEntityOfPage\":{\"@id\":\"https:\/\/www.gaveanews.com\/index.php\/2021\/09\/21\/flamengo-reforca-equipe-para-cobrar-distanciamento-no-maracana\/\"},\"wordCount\":231,\"commentCount\":3,\"image\":{\"@id\":\"https:\/\/www.gaveanews.com\/index.php\/2021\/09\/21\/flamengo-reforca-equipe-para-cobrar-distanciamento-no-maracana\/#primaryimage\"},\"thumbnailUrl\":\"https:\/\/www.gaveanews.com\/wp-content\/uploads\/2019\/03\/Escudo-do-Flamengo-e-exposto-proximo-a-um-dos-gols-no-gramado-do-Maracana.webp\",\"articleSection\":[\"Destaques\"],\"inLanguage\":\"pt-BR\",\"potentialAction\":[{\"@type\":\"CommentAction\",\"name\":\"Comment\",\"target\":[\"https:\/\/www.gaveanews.com\/index.php\/2021\/09\/21\/flamengo-reforca-equipe-para-cobrar-distanciamento-no-maracana\/#respond\"]}],\"copyrightYear\":\"2021\",\"copyrightHolder\":{\"@id\":\"https:\/\/www.gaveanews.com\/#organization\"}},{\"@type\":\"WebPage\",\"@id\":\"https:\/\/www.gaveanews.com\/index.php\/2021\/09\/21\/flamengo-reforca-equipe-para-cobrar-distanciamento-no-maracana\/\",\"url\":\"https:\/\/www.gaveanews.com\/index.php\/2021\/09\/21\/flamengo-reforca-equipe-para-cobrar-distanciamento-no-maracana\/\",\"name\":\"Flamengo refor\u00e7a equipe para cobrar distanciamento no Maracan\u00e3\",\"isPartOf\":{\"@id\":\"https:\/\/www.gaveanews.com\/#website\"},\"primaryImageOfPage\":{\"@id\":\"https:\/\/www.gaveanews.com\/index.php\/2021\/09\/21\/flamengo-reforca-equipe-para-cobrar-distanciamento-no-maracana\/#primaryimage\"},\"image\":{\"@id\":\"https:\/\/www.gaveanews.com\/index.php\/2021\/09\/21\/flamengo-reforca-equipe-para-cobrar-distanciamento-no-maracana\/#primaryimage\"},\"thumbnailUrl\":\"https:\/\/www.gaveanews.com\/wp-content\/uploads\/2019\/03\/Escudo-do-Flamengo-e-exposto-proximo-a-um-dos-gols-no-gramado-do-Maracana.webp\",\"datePublished\":\"2021-09-21T14:00:00+00:00\",\"author\":{\"@id\":\"https:\/\/www.gaveanews.com\/#\/schema\/person\/2ec14f73fb96be2caf28f91afb14749d\"},\"breadcrumb\":{\"@id\":\"https:\/\/www.gaveanews.com\/index.php\/2021\/09\/21\/flamengo-reforca-equipe-para-cobrar-distanciamento-no-maracana\/#breadcrumb\"},\"inLanguage\":\"pt-BR\",\"potentialAction\":[{\"@type\":\"ReadAction\",\"target\":[\"https:\/\/www.gaveanews.com\/index.php\/2021\/09\/21\/flamengo-reforca-equipe-para-cobrar-distanciamento-no-maracana\/\"]}]},{\"@type\":\"ImageObject\",\"inLanguage\":\"pt-BR\",\"@id\":\"https:\/\/www.gaveanews.com\/index.php\/2021\/09\/21\/flamengo-reforca-equipe-para-cobrar-distanciamento-no-maracana\/#primaryimage\",\"url\":\"https:\/\/www.gaveanews.com\/wp-content\/uploads\/2019\/03\/Escudo-do-Flamengo-e-exposto-proximo-a-um-dos-gols-no-gramado-do-Maracana.webp\",\"contentUrl\":\"https:\/\/www.gaveanews.com\/wp-content\/uploads\/2019\/03\/Escudo-do-Flamengo-e-exposto-proximo-a-um-dos-gols-no-gramado-do-Maracana.webp\",\"caption\":\"Escudo do Flamengo \u00e9 exposto pr\u00f3ximo a um dos gols, no gramado do Maracan\u00e3 (Foto: Daniel Castelo Branco)\"},{\"@type\":\"BreadcrumbList\",\"@id\":\"https:\/\/www.gaveanews.com\/index.php\/2021\/09\/21\/flamengo-reforca-equipe-para-cobrar-distanciamento-no-maracana\/#breadcrumb\",\"itemListElement\":[{\"@type\":\"ListItem\",\"position\":1,\"name\":\"Home\",\"item\":\"https:\/\/www.gaveanews.com\/\"},{\"@type\":\"ListItem\",\"position\":2,\"name\":\"Flamengo refor\u00e7a equipe para cobrar distanciamento no Maracan\u00e3\"}]},{\"@type\":\"WebSite\",\"@id\":\"https:\/\/www.gaveanews.com\/#website\",\"url\":\"https:\/\/www.gaveanews.com\/\",\"name\":\"G\u00e1vea News\",\"description\":\"Veja todas as not\u00edcias sobre o Flamengo: Contrata\u00e7\u00f5es, categorias de base, resultados das partidas, tabela de classifica\u00e7\u00e3o, pr\u00f3ximos jogos!\",\"potentialAction\":[{\"@type\":\"SearchAction\",\"target\":{\"@type\":\"EntryPoint\",\"urlTemplate\":\"https:\/\/www.gaveanews.com\/?s={search_term_string}\"},\"query-input\":{\"@type\":\"PropertyValueSpecification\",\"valueRequired\":true,\"valueName\":\"search_term_string\"}}],\"inLanguage\":\"pt-BR\"},{\"@type\":\"Person\",\"@id\":\"https:\/\/www.gaveanews.com\/#\/schema\/person\/2ec14f73fb96be2caf28f91afb14749d\",\"name\":\"Equipe G\u00e1vea News\",\"image\":{\"@type\":\"ImageObject\",\"inLanguage\":\"pt-BR\",\"@id\":\"https:\/\/www.gaveanews.com\/#\/schema\/person\/image\/\",\"url\":\"https:\/\/secure.gravatar.com\/avatar\/1e1956f1facbffd3f8fa53a326721950116b3b9dc9bd44939c01180fd4a745a9?s=96&d=mm&r=g\",\"contentUrl\":\"https:\/\/secure.gravatar.com\/avatar\/1e1956f1facbffd3f8fa53a326721950116b3b9dc9bd44939c01180fd4a745a9?s=96&d=mm&r=g\",\"caption\":\"Equipe G\u00e1vea News\"}}]}<\/script>\n<!-- \/ Yoast SEO Premium plugin. -->","yoast_head_json":{"title":"Flamengo refor\u00e7a equipe para cobrar distanciamento no Maracan\u00e3","robots":{"index":"index","follow":"follow","max-snippet":"max-snippet:-1","max-image-preview":"max-image-preview:large","max-video-preview":"max-video-preview:-1"},"canonical":"https:\/\/www.gaveanews.com\/index.php\/2021\/09\/21\/flamengo-reforca-equipe-para-cobrar-distanciamento-no-maracana\/","og_locale":"pt_BR","og_type":"article","og_title":"Flamengo refor\u00e7a equipe para cobrar distanciamento no Maracan\u00e3","og_description":"O Flamengo redobrou os esfor\u00e7os para preservar o protocolo no Maracan\u00e3 com a capacidade aumentada para o jogo desta quarta-feira, pela Libertadores. Com mais de 20 mil ingressos vendidos para o jogo com o Barcelona (EQU), o clube vai aumentar o efetivo de seguran\u00e7as no setor norte, onde n\u00e3o h\u00e1 mais entradas dispon\u00edveis e haver\u00e1 [&hellip;]","og_url":"https:\/\/www.gaveanews.com\/index.php\/2021\/09\/21\/flamengo-reforca-equipe-para-cobrar-distanciamento-no-maracana\/","og_site_name":"G\u00e1vea News","article_publisher":"https:\/\/facebook.com\/gaveaNews\/","article_published_time":"2021-09-21T14:00:00+00:00","og_image":[{"url":"https:\/\/www.gaveanews.com\/wp-content\/uploads\/2019\/03\/Escudo-do-Flamengo-e-exposto-proximo-a-um-dos-gols-no-gramado-do-Maracana.webp","width":1,"height":1,"type":"image\/jpeg"}],"author":"Equipe G\u00e1vea News","twitter_card":"summary_large_image","twitter_misc":{"Escrito por":"Equipe G\u00e1vea News","Est. tempo de leitura":"1 minuto"},"schema":{"@context":"https:\/\/schema.org","@graph":[{"@type":"NewsArticle","@id":"https:\/\/www.gaveanews.com\/index.php\/2021\/09\/21\/flamengo-reforca-equipe-para-cobrar-distanciamento-no-maracana\/#article","isPartOf":{"@id":"https:\/\/www.gaveanews.com\/index.php\/2021\/09\/21\/flamengo-reforca-equipe-para-cobrar-distanciamento-no-maracana\/"},"author":{"name":"Equipe G\u00e1vea News","@id":"https:\/\/www.gaveanews.com\/#\/schema\/person\/2ec14f73fb96be2caf28f91afb14749d"},"headline":"Flamengo refor\u00e7a equipe para cobrar distanciamento no Maracan\u00e3","datePublished":"2021-09-21T14:00:00+00:00","mainEntityOfPage":{"@id":"https:\/\/www.gaveanews.com\/index.php\/2021\/09\/21\/flamengo-reforca-equipe-para-cobrar-distanciamento-no-maracana\/"},"wordCount":231,"commentCount":3,"image":{"@id":"https:\/\/www.gaveanews.com\/index.php\/2021\/09\/21\/flamengo-reforca-equipe-para-cobrar-distanciamento-no-maracana\/#primaryimage"},"thumbnailUrl":"https:\/\/www.gaveanews.com\/wp-content\/uploads\/2019\/03\/Escudo-do-Flamengo-e-exposto-proximo-a-um-dos-gols-no-gramado-do-Maracana.webp","articleSection":["Destaques"],"inLanguage":"pt-BR","potentialAction":[{"@type":"CommentAction","name":"Comment","target":["https:\/\/www.gaveanews.com\/index.php\/2021\/09\/21\/flamengo-reforca-equipe-para-cobrar-distanciamento-no-maracana\/#respond"]}],"copyrightYear":"2021","copyrightHolder":{"@id":"https:\/\/www.gaveanews.com\/#organization"}},{"@type":"WebPage","@id":"https:\/\/www.gaveanews.com\/index.php\/2021\/09\/21\/flamengo-reforca-equipe-para-cobrar-distanciamento-no-maracana\/","url":"https:\/\/www.gaveanews.com\/index.php\/2021\/09\/21\/flamengo-reforca-equipe-para-cobrar-distanciamento-no-maracana\/","name":"Flamengo refor\u00e7a equipe para cobrar distanciamento no Maracan\u00e3","isPartOf":{"@id":"https:\/\/www.gaveanews.com\/#website"},"primaryImageOfPage":{"@id":"https:\/\/www.gaveanews.com\/index.php\/2021\/09\/21\/flamengo-reforca-equipe-para-cobrar-distanciamento-no-maracana\/#primaryimage"},"image":{"@id":"https:\/\/www.gaveanews.com\/index.php\/2021\/09\/21\/flamengo-reforca-equipe-para-cobrar-distanciamento-no-maracana\/#primaryimage"},"thumbnailUrl":"https:\/\/www.gaveanews.com\/wp-content\/uploads\/2019\/03\/Escudo-do-Flamengo-e-exposto-proximo-a-um-dos-gols-no-gramado-do-Maracana.webp","datePublished":"2021-09-21T14:00:00+00:00","author":{"@id":"https:\/\/www.gaveanews.com\/#\/schema\/person\/2ec14f73fb96be2caf28f91afb14749d"},"breadcrumb":{"@id":"https:\/\/www.gaveanews.com\/index.php\/2021\/09\/21\/flamengo-reforca-equipe-para-cobrar-distanciamento-no-maracana\/#breadcrumb"},"inLanguage":"pt-BR","potentialAction":[{"@type":"ReadAction","target":["https:\/\/www.gaveanews.com\/index.php\/2021\/09\/21\/flamengo-reforca-equipe-para-cobrar-distanciamento-no-maracana\/"]}]},{"@type":"ImageObject","inLanguage":"pt-BR","@id":"https:\/\/www.gaveanews.com\/index.php\/2021\/09\/21\/flamengo-reforca-equipe-para-cobrar-distanciamento-no-maracana\/#primaryimage","url":"https:\/\/www.gaveanews.com\/wp-content\/uploads\/2019\/03\/Escudo-do-Flamengo-e-exposto-proximo-a-um-dos-gols-no-gramado-do-Maracana.webp","contentUrl":"https:\/\/www.gaveanews.com\/wp-content\/uploads\/2019\/03\/Escudo-do-Flamengo-e-exposto-proximo-a-um-dos-gols-no-gramado-do-Maracana.webp","caption":"Escudo do Flamengo \u00e9 exposto pr\u00f3ximo a um dos gols, no gramado do Maracan\u00e3 (Foto: Daniel Castelo Branco)"},{"@type":"BreadcrumbList","@id":"https:\/\/www.gaveanews.com\/index.php\/2021\/09\/21\/flamengo-reforca-equipe-para-cobrar-distanciamento-no-maracana\/#breadcrumb","itemListElement":[{"@type":"ListItem","position":1,"name":"Home","item":"https:\/\/www.gaveanews.com\/"},{"@type":"ListItem","position":2,"name":"Flamengo refor\u00e7a equipe para cobrar distanciamento no Maracan\u00e3"}]},{"@type":"WebSite","@id":"https:\/\/www.gaveanews.com\/#website","url":"https:\/\/www.gaveanews.com\/","name":"G\u00e1vea News","description":"Veja todas as not\u00edcias sobre o Flamengo: Contrata\u00e7\u00f5es, categorias de base, resultados das partidas, tabela de classifica\u00e7\u00e3o, pr\u00f3ximos jogos!","potentialAction":[{"@type":"SearchAction","target":{"@type":"EntryPoint","urlTemplate":"https:\/\/www.gaveanews.com\/?s={search_term_string}"},"query-input":{"@type":"PropertyValueSpecification","valueRequired":true,"valueName":"search_term_string"}}],"inLanguage":"pt-BR"},{"@type":"Person","@id":"https:\/\/www.gaveanews.com\/#\/schema\/person\/2ec14f73fb96be2caf28f91afb14749d","name":"Equipe G\u00e1vea News","image":{"@type":"ImageObject","inLanguage":"pt-BR","@id":"https:\/\/www.gaveanews.com\/#\/schema\/person\/image\/","url":"https:\/\/secure.gravatar.com\/avatar\/1e1956f1facbffd3f8fa53a326721950116b3b9dc9bd44939c01180fd4a745a9?s=96&d=mm&r=g","contentUrl":"https:\/\/secure.gravatar.com\/avatar\/1e1956f1facbffd3f8fa53a326721950116b3b9dc9bd44939c01180fd4a745a9?s=96&d=mm&r=g","caption":"Equipe G\u00e1vea News"}}]}},"_links":{"self":[{"href":"https:\/\/www.gaveanews.com\/index.php\/wp-json\/wp\/v2\/posts\/68481","targetHints":{"allow":["GET"]}}],"collection":[{"href":"https:\/\/www.gaveanews.com\/index.php\/wp-json\/wp\/v2\/posts"}],"about":[{"href":"https:\/\/www.gaveanews.com\/index.php\/wp-json\/wp\/v2\/types\/post"}],"author":[{"embeddable":true,"href":"https:\/\/www.gaveanews.com\/index.php\/wp-json\/wp\/v2\/users\/1"}],"replies":[{"embeddable":true,"href":"https:\/\/www.gaveanews.com\/index.php\/wp-json\/wp\/v2\/comments?post=68481"}],"version-history":[{"count":0,"href":"https:\/\/www.gaveanews.com\/index.php\/wp-json\/wp\/v2\/posts\/68481\/revisions"}],"wp:featuredmedia":[{"embeddable":true,"href":"https:\/\/www.gaveanews.com\/index.php\/wp-json\/wp\/v2\/media\/15081"}],"wp:attachment":[{"href":"https:\/\/www.gaveanews.com\/index.php\/wp-json\/wp\/v2\/media?parent=68481"}],"wp:term":[{"taxonomy":"category","embeddable":true,"href":"https:\/\/www.gaveanews.com\/index.php\/wp-json\/wp\/v2\/categories?post=68481"},{"taxonomy":"post_tag","embeddable":true,"href":"https:\/\/www.gaveanews.com\/index.php\/wp-json\/wp\/v2\/tags?post=68481"}],"curies":[{"name":"wp","href":"https:\/\/api.w.org\/{rel}","templated":true}]}}