{"id":68485,"date":"2021-09-21T11:24:46","date_gmt":"2021-09-21T14:24:46","guid":{"rendered":"https:\/\/www.gaveanews.com\/?p=68485"},"modified":"2021-09-21T11:24:48","modified_gmt":"2021-09-21T14:24:48","slug":"vaga-na-final-da-libertadores-dara-premiacao-milionaria-aos-clubes-veja-valores","status":"publish","type":"post","link":"https:\/\/www.gaveanews.com\/index.php\/2021\/09\/21\/vaga-na-final-da-libertadores-dara-premiacao-milionaria-aos-clubes-veja-valores\/","title":{"rendered":"Vaga na final da Libertadores dar\u00e1 premia\u00e7\u00e3o milion\u00e1ria aos clubes; veja valores"},"content":{"rendered":"\n<p>Na \u00faltima semana, o Flamengo garantiu sua classifica\u00e7\u00e3o para as semifinais da Copa do Brasil. Com isso, o clube colocou as m\u00e3os em <a href=\"https:\/\/www.gaveanews.com\/index.php\/2021\/09\/15\/muita-grana-veja-quanto-o-flamengo-lucrou-com-a-classificacao-na-copa-do-brasil\/\">um novo montante referente \u00e0 sua conquista<\/a>. Desta forma, o time agora mira mais uma vit\u00f3ria e sua vaga na final da Libertadores.<\/p>\n\n\n\n<p>At\u00e9 o momento, o Rubro-negro j\u00e1 faturou R$ 42,3 milh\u00f5es por ter chegado \u00e0s semifinais do torneio continental. Contudo, caso ven\u00e7a o Barcelona de Guayaquil nos pr\u00f3ximos confrontos, o clube da G\u00e1vea garantir\u00e1 mais R$ 33,6 em premia\u00e7\u00f5es, pelo menos.<\/p>\n\n\n\n<p>Isso porque ele j\u00e1 ter\u00e1 a certeza de ao menos o vice-campeonato. Neste cen\u00e1rio, a premia\u00e7\u00e3o total da competi\u00e7\u00e3o seria de R$ 75,9 milh\u00f5es. No entanto, se seguir para a final e se consagrar tricampe\u00e3o do torneio, o time receber\u00e1 o pr\u00eamio de R$ 84,1 milh\u00f5es pela conquista, com lucro final de R$ 126,4 milh\u00f5es.<\/p>\n\n\n\n<h2 class=\"wp-block-heading\" id=\"h-premia-es-poss-veis-ao-flamengo-pela-libertadores\">Premia\u00e7\u00f5es poss\u00edveis ao Flamengo pela Libertadores:<\/h2>\n\n\n\n<ul class=\"wp-block-list\"><li>Fase de grupos \u2013 US$ 1 milh\u00e3o por partida como mandante, 3 no total (R$ 5,6 milh\u00f5es, R$ 16,8 milh\u00f5es no total)<\/li><li>Oitavas de final \u2013 US$ 1,05 milh\u00e3o (R$ 5,9 milh\u00f5es)<\/li><li>Quartas de final \u2013 US$ 1,5 milh\u00e3o (R$ 8,4 milh\u00f5es)<\/li><li>Semifinais \u2013 US$ 2 milh\u00f5es (R$ 11,2 milh\u00f5es)<\/li><li>Vice-campe\u00e3o \u2013 US$ 6 milh\u00f5es (R$ 33,6 milh\u00f5es)<\/li><li>Campe\u00e3o \u2013 US$ 15 milh\u00f5es (R$ 84,1 milh\u00f5es)<\/li><\/ul>\n\n\n\n<p>A primeira partida do Flamengo pelas semifinais ocorrer\u00e1 nesta quarta-feira (22), quando o Mais Querido receber\u00e1 o Barcelona de Guayaquil \u00e0s 21h30 (hor\u00e1rio de Bras\u00edlia), no jogo de ida. O duelo contar\u00e1 com <a href=\"https:\/\/www.gaveanews.com\/index.php\/2021\/09\/20\/saiba-quantos-ingressos-ja-foram-vendidos-para-flamengo-x-barcelona\/\">a presen\u00e7a de torcedores no Maracan\u00e3<\/a>. O evento ser\u00e1 transmitido exclusivamente pela Fox Sports.<\/p>\n","protected":false},"excerpt":{"rendered":"<p>Na \u00faltima semana, o Flamengo garantiu sua classifica\u00e7\u00e3o para as semifinais da Copa do Brasil. Com isso, o clube colocou as m\u00e3os em um novo montante referente \u00e0 sua conquista. Desta forma, o time agora mira mais uma vit\u00f3ria e sua vaga na final da Libertadores. At\u00e9 o momento, o Rubro-negro j\u00e1 faturou R$ 42,3 [&hellip;]<\/p>\n","protected":false},"author":4,"featured_media":58305,"comment_status":"open","ping_status":"closed","sticky":false,"template":"","format":"standard","meta":{"footnotes":""},"categories":[1],"tags":[],"class_list":["post-68485","post","type-post","status-publish","format-standard","has-post-thumbnail","hentry","category-flamengo"],"yoast_head":"<!-- This site is optimized with the Yoast SEO Premium plugin v24.2 (Yoast SEO v26.9) - https:\/\/yoast.com\/product\/yoast-seo-premium-wordpress\/ -->\n<title>Vaga na final da Libertadores dar\u00e1 premia\u00e7\u00e3o milion\u00e1ria aos clubes; veja<\/title>\n<meta name=\"robots\" content=\"index, follow, max-snippet:-1, max-image-preview:large, max-video-preview:-1\" \/>\n<link rel=\"canonical\" href=\"https:\/\/www.gaveanews.com\/index.php\/2021\/09\/21\/vaga-na-final-da-libertadores-dara-premiacao-milionaria-aos-clubes-veja-valores\/\" \/>\n<meta property=\"og:locale\" content=\"pt_BR\" \/>\n<meta property=\"og:type\" content=\"article\" \/>\n<meta property=\"og:title\" content=\"Vaga na final da Libertadores dar\u00e1 premia\u00e7\u00e3o milion\u00e1ria aos clubes; veja valores\" \/>\n<meta property=\"og:description\" content=\"Na \u00faltima semana, o Flamengo garantiu sua classifica\u00e7\u00e3o para as semifinais da Copa do Brasil. Com isso, o clube colocou as m\u00e3os em um novo montante referente \u00e0 sua conquista. Desta forma, o time agora mira mais uma vit\u00f3ria e sua vaga na final da Libertadores. At\u00e9 o momento, o Rubro-negro j\u00e1 faturou R$ 42,3 [&hellip;]\" \/>\n<meta property=\"og:url\" content=\"https:\/\/www.gaveanews.com\/index.php\/2021\/09\/21\/vaga-na-final-da-libertadores-dara-premiacao-milionaria-aos-clubes-veja-valores\/\" \/>\n<meta property=\"og:site_name\" content=\"G\u00e1vea News\" \/>\n<meta property=\"article:publisher\" content=\"https:\/\/facebook.com\/gaveaNews\/\" \/>\n<meta property=\"article:published_time\" content=\"2021-09-21T14:24:46+00:00\" \/>\n<meta property=\"article:modified_time\" content=\"2021-09-21T14:24:48+00:00\" \/>\n<meta property=\"og:image\" content=\"https:\/\/www.gaveanews.com\/wp-content\/uploads\/Taca-da-Copa-Libertadores-da-America-no-gramado-do-estadio-do-Maracana.webp\" \/>\n\t<meta property=\"og:image:width\" content=\"1080\" \/>\n\t<meta property=\"og:image:height\" content=\"1079\" \/>\n\t<meta property=\"og:image:type\" content=\"image\/jpeg\" \/>\n<meta name=\"author\" content=\"Let\u00edcia Gerheim\" \/>\n<meta name=\"twitter:card\" content=\"summary_large_image\" \/>\n<meta name=\"twitter:label1\" content=\"Escrito por\" \/>\n\t<meta name=\"twitter:data1\" content=\"Let\u00edcia Gerheim\" \/>\n\t<meta name=\"twitter:label2\" content=\"Est. tempo de leitura\" \/>\n\t<meta name=\"twitter:data2\" content=\"2 minutos\" \/>\n<script type=\"application\/ld+json\" class=\"yoast-schema-graph\">{\"@context\":\"https:\/\/schema.org\",\"@graph\":[{\"@type\":\"NewsArticle\",\"@id\":\"https:\/\/www.gaveanews.com\/index.php\/2021\/09\/21\/vaga-na-final-da-libertadores-dara-premiacao-milionaria-aos-clubes-veja-valores\/#article\",\"isPartOf\":{\"@id\":\"https:\/\/www.gaveanews.com\/index.php\/2021\/09\/21\/vaga-na-final-da-libertadores-dara-premiacao-milionaria-aos-clubes-veja-valores\/\"},\"author\":{\"name\":\"Let\u00edcia Gerheim\",\"@id\":\"https:\/\/www.gaveanews.com\/#\/schema\/person\/714c67050b836198af2450ba1c142a67\"},\"headline\":\"Vaga na final da Libertadores dar\u00e1 premia\u00e7\u00e3o milion\u00e1ria aos clubes; veja valores\",\"datePublished\":\"2021-09-21T14:24:46+00:00\",\"dateModified\":\"2021-09-21T14:24:48+00:00\",\"mainEntityOfPage\":{\"@id\":\"https:\/\/www.gaveanews.com\/index.php\/2021\/09\/21\/vaga-na-final-da-libertadores-dara-premiacao-milionaria-aos-clubes-veja-valores\/\"},\"wordCount\":283,\"commentCount\":5,\"image\":{\"@id\":\"https:\/\/www.gaveanews.com\/index.php\/2021\/09\/21\/vaga-na-final-da-libertadores-dara-premiacao-milionaria-aos-clubes-veja-valores\/#primaryimage\"},\"thumbnailUrl\":\"https:\/\/www.gaveanews.com\/wp-content\/uploads\/Taca-da-Copa-Libertadores-da-America-no-gramado-do-estadio-do-Maracana.webp\",\"articleSection\":[\"Flamengo\"],\"inLanguage\":\"pt-BR\",\"potentialAction\":[{\"@type\":\"CommentAction\",\"name\":\"Comment\",\"target\":[\"https:\/\/www.gaveanews.com\/index.php\/2021\/09\/21\/vaga-na-final-da-libertadores-dara-premiacao-milionaria-aos-clubes-veja-valores\/#respond\"]}],\"copyrightYear\":\"2021\",\"copyrightHolder\":{\"@id\":\"https:\/\/www.gaveanews.com\/#organization\"}},{\"@type\":\"WebPage\",\"@id\":\"https:\/\/www.gaveanews.com\/index.php\/2021\/09\/21\/vaga-na-final-da-libertadores-dara-premiacao-milionaria-aos-clubes-veja-valores\/\",\"url\":\"https:\/\/www.gaveanews.com\/index.php\/2021\/09\/21\/vaga-na-final-da-libertadores-dara-premiacao-milionaria-aos-clubes-veja-valores\/\",\"name\":\"Vaga na final da Libertadores dar\u00e1 premia\u00e7\u00e3o milion\u00e1ria aos clubes; veja\",\"isPartOf\":{\"@id\":\"https:\/\/www.gaveanews.com\/#website\"},\"primaryImageOfPage\":{\"@id\":\"https:\/\/www.gaveanews.com\/index.php\/2021\/09\/21\/vaga-na-final-da-libertadores-dara-premiacao-milionaria-aos-clubes-veja-valores\/#primaryimage\"},\"image\":{\"@id\":\"https:\/\/www.gaveanews.com\/index.php\/2021\/09\/21\/vaga-na-final-da-libertadores-dara-premiacao-milionaria-aos-clubes-veja-valores\/#primaryimage\"},\"thumbnailUrl\":\"https:\/\/www.gaveanews.com\/wp-content\/uploads\/Taca-da-Copa-Libertadores-da-America-no-gramado-do-estadio-do-Maracana.webp\",\"datePublished\":\"2021-09-21T14:24:46+00:00\",\"dateModified\":\"2021-09-21T14:24:48+00:00\",\"author\":{\"@id\":\"https:\/\/www.gaveanews.com\/#\/schema\/person\/714c67050b836198af2450ba1c142a67\"},\"breadcrumb\":{\"@id\":\"https:\/\/www.gaveanews.com\/index.php\/2021\/09\/21\/vaga-na-final-da-libertadores-dara-premiacao-milionaria-aos-clubes-veja-valores\/#breadcrumb\"},\"inLanguage\":\"pt-BR\",\"potentialAction\":[{\"@type\":\"ReadAction\",\"target\":[\"https:\/\/www.gaveanews.com\/index.php\/2021\/09\/21\/vaga-na-final-da-libertadores-dara-premiacao-milionaria-aos-clubes-veja-valores\/\"]}]},{\"@type\":\"ImageObject\",\"inLanguage\":\"pt-BR\",\"@id\":\"https:\/\/www.gaveanews.com\/index.php\/2021\/09\/21\/vaga-na-final-da-libertadores-dara-premiacao-milionaria-aos-clubes-veja-valores\/#primaryimage\",\"url\":\"https:\/\/www.gaveanews.com\/wp-content\/uploads\/Taca-da-Copa-Libertadores-da-America-no-gramado-do-estadio-do-Maracana.webp\",\"contentUrl\":\"https:\/\/www.gaveanews.com\/wp-content\/uploads\/Taca-da-Copa-Libertadores-da-America-no-gramado-do-estadio-do-Maracana.webp\",\"width\":1080,\"height\":1079,\"caption\":\"Ta\u00e7a da Copa Libertadores da Am\u00e9rica no gramado do est\u00e1dio do Maracan\u00e3 (Foto: Conmebol)\"},{\"@type\":\"BreadcrumbList\",\"@id\":\"https:\/\/www.gaveanews.com\/index.php\/2021\/09\/21\/vaga-na-final-da-libertadores-dara-premiacao-milionaria-aos-clubes-veja-valores\/#breadcrumb\",\"itemListElement\":[{\"@type\":\"ListItem\",\"position\":1,\"name\":\"Home\",\"item\":\"https:\/\/www.gaveanews.com\/\"},{\"@type\":\"ListItem\",\"position\":2,\"name\":\"Vaga na final da Libertadores dar\u00e1 premia\u00e7\u00e3o milion\u00e1ria aos clubes; veja valores\"}]},{\"@type\":\"WebSite\",\"@id\":\"https:\/\/www.gaveanews.com\/#website\",\"url\":\"https:\/\/www.gaveanews.com\/\",\"name\":\"G\u00e1vea News\",\"description\":\"Veja todas as not\u00edcias sobre o Flamengo: Contrata\u00e7\u00f5es, categorias de base, resultados das partidas, tabela de classifica\u00e7\u00e3o, pr\u00f3ximos jogos!\",\"potentialAction\":[{\"@type\":\"SearchAction\",\"target\":{\"@type\":\"EntryPoint\",\"urlTemplate\":\"https:\/\/www.gaveanews.com\/?s={search_term_string}\"},\"query-input\":{\"@type\":\"PropertyValueSpecification\",\"valueRequired\":true,\"valueName\":\"search_term_string\"}}],\"inLanguage\":\"pt-BR\"},{\"@type\":\"Person\",\"@id\":\"https:\/\/www.gaveanews.com\/#\/schema\/person\/714c67050b836198af2450ba1c142a67\",\"name\":\"Let\u00edcia Gerheim\",\"image\":{\"@type\":\"ImageObject\",\"inLanguage\":\"pt-BR\",\"@id\":\"https:\/\/www.gaveanews.com\/#\/schema\/person\/image\/\",\"url\":\"https:\/\/secure.gravatar.com\/avatar\/60734739c50fcebfbac509e2a826ccd0ff405c019bc73aab9354f19ecad1dcb4?s=96&d=mm&r=g\",\"contentUrl\":\"https:\/\/secure.gravatar.com\/avatar\/60734739c50fcebfbac509e2a826ccd0ff405c019bc73aab9354f19ecad1dcb4?s=96&d=mm&r=g\",\"caption\":\"Let\u00edcia Gerheim\"}}]}<\/script>\n<!-- \/ Yoast SEO Premium plugin. -->","yoast_head_json":{"title":"Vaga na final da Libertadores dar\u00e1 premia\u00e7\u00e3o milion\u00e1ria aos clubes; veja","robots":{"index":"index","follow":"follow","max-snippet":"max-snippet:-1","max-image-preview":"max-image-preview:large","max-video-preview":"max-video-preview:-1"},"canonical":"https:\/\/www.gaveanews.com\/index.php\/2021\/09\/21\/vaga-na-final-da-libertadores-dara-premiacao-milionaria-aos-clubes-veja-valores\/","og_locale":"pt_BR","og_type":"article","og_title":"Vaga na final da Libertadores dar\u00e1 premia\u00e7\u00e3o milion\u00e1ria aos clubes; veja valores","og_description":"Na \u00faltima semana, o Flamengo garantiu sua classifica\u00e7\u00e3o para as semifinais da Copa do Brasil. Com isso, o clube colocou as m\u00e3os em um novo montante referente \u00e0 sua conquista. Desta forma, o time agora mira mais uma vit\u00f3ria e sua vaga na final da Libertadores. At\u00e9 o momento, o Rubro-negro j\u00e1 faturou R$ 42,3 [&hellip;]","og_url":"https:\/\/www.gaveanews.com\/index.php\/2021\/09\/21\/vaga-na-final-da-libertadores-dara-premiacao-milionaria-aos-clubes-veja-valores\/","og_site_name":"G\u00e1vea News","article_publisher":"https:\/\/facebook.com\/gaveaNews\/","article_published_time":"2021-09-21T14:24:46+00:00","article_modified_time":"2021-09-21T14:24:48+00:00","og_image":[{"width":1080,"height":1079,"url":"https:\/\/www.gaveanews.com\/wp-content\/uploads\/Taca-da-Copa-Libertadores-da-America-no-gramado-do-estadio-do-Maracana.webp","type":"image\/jpeg"}],"author":"Let\u00edcia Gerheim","twitter_card":"summary_large_image","twitter_misc":{"Escrito por":"Let\u00edcia Gerheim","Est. tempo de leitura":"2 minutos"},"schema":{"@context":"https:\/\/schema.org","@graph":[{"@type":"NewsArticle","@id":"https:\/\/www.gaveanews.com\/index.php\/2021\/09\/21\/vaga-na-final-da-libertadores-dara-premiacao-milionaria-aos-clubes-veja-valores\/#article","isPartOf":{"@id":"https:\/\/www.gaveanews.com\/index.php\/2021\/09\/21\/vaga-na-final-da-libertadores-dara-premiacao-milionaria-aos-clubes-veja-valores\/"},"author":{"name":"Let\u00edcia Gerheim","@id":"https:\/\/www.gaveanews.com\/#\/schema\/person\/714c67050b836198af2450ba1c142a67"},"headline":"Vaga na final da Libertadores dar\u00e1 premia\u00e7\u00e3o milion\u00e1ria aos clubes; veja valores","datePublished":"2021-09-21T14:24:46+00:00","dateModified":"2021-09-21T14:24:48+00:00","mainEntityOfPage":{"@id":"https:\/\/www.gaveanews.com\/index.php\/2021\/09\/21\/vaga-na-final-da-libertadores-dara-premiacao-milionaria-aos-clubes-veja-valores\/"},"wordCount":283,"commentCount":5,"image":{"@id":"https:\/\/www.gaveanews.com\/index.php\/2021\/09\/21\/vaga-na-final-da-libertadores-dara-premiacao-milionaria-aos-clubes-veja-valores\/#primaryimage"},"thumbnailUrl":"https:\/\/www.gaveanews.com\/wp-content\/uploads\/Taca-da-Copa-Libertadores-da-America-no-gramado-do-estadio-do-Maracana.webp","articleSection":["Flamengo"],"inLanguage":"pt-BR","potentialAction":[{"@type":"CommentAction","name":"Comment","target":["https:\/\/www.gaveanews.com\/index.php\/2021\/09\/21\/vaga-na-final-da-libertadores-dara-premiacao-milionaria-aos-clubes-veja-valores\/#respond"]}],"copyrightYear":"2021","copyrightHolder":{"@id":"https:\/\/www.gaveanews.com\/#organization"}},{"@type":"WebPage","@id":"https:\/\/www.gaveanews.com\/index.php\/2021\/09\/21\/vaga-na-final-da-libertadores-dara-premiacao-milionaria-aos-clubes-veja-valores\/","url":"https:\/\/www.gaveanews.com\/index.php\/2021\/09\/21\/vaga-na-final-da-libertadores-dara-premiacao-milionaria-aos-clubes-veja-valores\/","name":"Vaga na final da Libertadores dar\u00e1 premia\u00e7\u00e3o milion\u00e1ria aos clubes; veja","isPartOf":{"@id":"https:\/\/www.gaveanews.com\/#website"},"primaryImageOfPage":{"@id":"https:\/\/www.gaveanews.com\/index.php\/2021\/09\/21\/vaga-na-final-da-libertadores-dara-premiacao-milionaria-aos-clubes-veja-valores\/#primaryimage"},"image":{"@id":"https:\/\/www.gaveanews.com\/index.php\/2021\/09\/21\/vaga-na-final-da-libertadores-dara-premiacao-milionaria-aos-clubes-veja-valores\/#primaryimage"},"thumbnailUrl":"https:\/\/www.gaveanews.com\/wp-content\/uploads\/Taca-da-Copa-Libertadores-da-America-no-gramado-do-estadio-do-Maracana.webp","datePublished":"2021-09-21T14:24:46+00:00","dateModified":"2021-09-21T14:24:48+00:00","author":{"@id":"https:\/\/www.gaveanews.com\/#\/schema\/person\/714c67050b836198af2450ba1c142a67"},"breadcrumb":{"@id":"https:\/\/www.gaveanews.com\/index.php\/2021\/09\/21\/vaga-na-final-da-libertadores-dara-premiacao-milionaria-aos-clubes-veja-valores\/#breadcrumb"},"inLanguage":"pt-BR","potentialAction":[{"@type":"ReadAction","target":["https:\/\/www.gaveanews.com\/index.php\/2021\/09\/21\/vaga-na-final-da-libertadores-dara-premiacao-milionaria-aos-clubes-veja-valores\/"]}]},{"@type":"ImageObject","inLanguage":"pt-BR","@id":"https:\/\/www.gaveanews.com\/index.php\/2021\/09\/21\/vaga-na-final-da-libertadores-dara-premiacao-milionaria-aos-clubes-veja-valores\/#primaryimage","url":"https:\/\/www.gaveanews.com\/wp-content\/uploads\/Taca-da-Copa-Libertadores-da-America-no-gramado-do-estadio-do-Maracana.webp","contentUrl":"https:\/\/www.gaveanews.com\/wp-content\/uploads\/Taca-da-Copa-Libertadores-da-America-no-gramado-do-estadio-do-Maracana.webp","width":1080,"height":1079,"caption":"Ta\u00e7a da Copa Libertadores da Am\u00e9rica no gramado do est\u00e1dio do Maracan\u00e3 (Foto: Conmebol)"},{"@type":"BreadcrumbList","@id":"https:\/\/www.gaveanews.com\/index.php\/2021\/09\/21\/vaga-na-final-da-libertadores-dara-premiacao-milionaria-aos-clubes-veja-valores\/#breadcrumb","itemListElement":[{"@type":"ListItem","position":1,"name":"Home","item":"https:\/\/www.gaveanews.com\/"},{"@type":"ListItem","position":2,"name":"Vaga na final da Libertadores dar\u00e1 premia\u00e7\u00e3o milion\u00e1ria aos clubes; veja valores"}]},{"@type":"WebSite","@id":"https:\/\/www.gaveanews.com\/#website","url":"https:\/\/www.gaveanews.com\/","name":"G\u00e1vea News","description":"Veja todas as not\u00edcias sobre o Flamengo: Contrata\u00e7\u00f5es, categorias de base, resultados das partidas, tabela de classifica\u00e7\u00e3o, pr\u00f3ximos jogos!","potentialAction":[{"@type":"SearchAction","target":{"@type":"EntryPoint","urlTemplate":"https:\/\/www.gaveanews.com\/?s={search_term_string}"},"query-input":{"@type":"PropertyValueSpecification","valueRequired":true,"valueName":"search_term_string"}}],"inLanguage":"pt-BR"},{"@type":"Person","@id":"https:\/\/www.gaveanews.com\/#\/schema\/person\/714c67050b836198af2450ba1c142a67","name":"Let\u00edcia Gerheim","image":{"@type":"ImageObject","inLanguage":"pt-BR","@id":"https:\/\/www.gaveanews.com\/#\/schema\/person\/image\/","url":"https:\/\/secure.gravatar.com\/avatar\/60734739c50fcebfbac509e2a826ccd0ff405c019bc73aab9354f19ecad1dcb4?s=96&d=mm&r=g","contentUrl":"https:\/\/secure.gravatar.com\/avatar\/60734739c50fcebfbac509e2a826ccd0ff405c019bc73aab9354f19ecad1dcb4?s=96&d=mm&r=g","caption":"Let\u00edcia Gerheim"}}]}},"_links":{"self":[{"href":"https:\/\/www.gaveanews.com\/index.php\/wp-json\/wp\/v2\/posts\/68485","targetHints":{"allow":["GET"]}}],"collection":[{"href":"https:\/\/www.gaveanews.com\/index.php\/wp-json\/wp\/v2\/posts"}],"about":[{"href":"https:\/\/www.gaveanews.com\/index.php\/wp-json\/wp\/v2\/types\/post"}],"author":[{"embeddable":true,"href":"https:\/\/www.gaveanews.com\/index.php\/wp-json\/wp\/v2\/users\/4"}],"replies":[{"embeddable":true,"href":"https:\/\/www.gaveanews.com\/index.php\/wp-json\/wp\/v2\/comments?post=68485"}],"version-history":[{"count":0,"href":"https:\/\/www.gaveanews.com\/index.php\/wp-json\/wp\/v2\/posts\/68485\/revisions"}],"wp:featuredmedia":[{"embeddable":true,"href":"https:\/\/www.gaveanews.com\/index.php\/wp-json\/wp\/v2\/media\/58305"}],"wp:attachment":[{"href":"https:\/\/www.gaveanews.com\/index.php\/wp-json\/wp\/v2\/media?parent=68485"}],"wp:term":[{"taxonomy":"category","embeddable":true,"href":"https:\/\/www.gaveanews.com\/index.php\/wp-json\/wp\/v2\/categories?post=68485"},{"taxonomy":"post_tag","embeddable":true,"href":"https:\/\/www.gaveanews.com\/index.php\/wp-json\/wp\/v2\/tags?post=68485"}],"curies":[{"name":"wp","href":"https:\/\/api.w.org\/{rel}","templated":true}]}}